{"id":72814,"date":"2025-01-02T14:11:50","date_gmt":"2025-01-02T11:11:50","guid":{"rendered":"https:\/\/kibrisdakik.com\/index.php\/2025\/01\/02\/kuzey-kibris-seramikciler-derneginin-16nci-dernek-uyeleri-sergisi-6-ocakta-akmde-acilacak\/"},"modified":"2025-01-02T14:11:50","modified_gmt":"2025-01-02T11:11:50","slug":"kuzey-kibris-seramikciler-derneginin-16nci-dernek-uyeleri-sergisi-6-ocakta-akmde-acilacak","status":"publish","type":"post","link":"https:\/\/kibrisdakik.com\/?p=72814","title":{"rendered":"Kuzey K\u0131br\u0131s Seramik\u00e7iler Derne\u011fi\u2019nin 16\u2019nc\u0131 Dernek \u00dcyeleri Sergisi 6 Ocak\u2019ta AKM\u2019de a\u00e7\u0131lacak"},"content":{"rendered":"<p> <br \/>\n<\/p>\n<div>\n<div class=\"mariselle-image-container center\">\n                <img loading=\"lazy\" decoding=\"async\" width=\"1600\" height=\"550\" class=\"lazy-image\" alt=\"\" sizes=\"auto, (max-width: 1600px) 100vw, 1600px\" src=\"https:\/\/brtk.net\/wp-content\/uploads\/2025\/01\/02\/1735814238598.jpeg?ver=856da226484915144fe47c28e9079ae1\" srcset=\"https:\/\/brtk.net\/wp-content\/uploads\/2025\/01\/02\/1735814238598.jpeg?ver=856da226484915144fe47c28e9079ae1 1600w, https:\/\/brtk.net\/wp-content\/uploads\/2025\/01\/02\/1735814238598-300x103.jpeg?ver=856da226484915144fe47c28e9079ae1 300w, https:\/\/brtk.net\/wp-content\/uploads\/2025\/01\/02\/1735814238598-1024x352.jpeg?ver=856da226484915144fe47c28e9079ae1 1024w, https:\/\/brtk.net\/wp-content\/uploads\/2025\/01\/02\/1735814238598-768x264.jpeg?ver=856da226484915144fe47c28e9079ae1 768w, https:\/\/brtk.net\/wp-content\/uploads\/2025\/01\/02\/1735814238598-1536x528.jpeg?ver=856da226484915144fe47c28e9079ae1 1536w\"\/>                            <\/div>\n<p>Kuzey K\u0131br\u0131s Seramik\u00e7iler Derne\u011fi\u2019nin 16\u2019nc\u0131 Dernek \u00dcyeleri Sergisi, 6 Ocak Pazartesi g\u00fcn\u00fc saat 18.30\u2019da Atat\u00fcrk K\u00fclt\u00fcr Merkezi (AKM) B\u00fcy\u00fck Salon\u2019da a\u00e7\u0131lacak.<\/p>\n<p>Dernek Ba\u015fkan\u0131 \u00d6zge Refik Kutsay yapt\u0131\u011f\u0131 yaz\u0131l\u0131 a\u00e7\u0131klamada, 1999 y\u0131l\u0131nda kurulan derne\u011fin her y\u0131l farkl\u0131 etkinlikler yapt\u0131\u011f\u0131n\u0131 belirterek, dernek \u00fcyeleriyle birlikte sergi, workshop, sunum, tan\u0131t\u0131m ve farkl\u0131 \u00fclkelerde yurt d\u0131\u015f\u0131 ve yurt i\u00e7i ortak bir\u00e7ok \u00e7al\u0131\u015ftaya kat\u0131ld\u0131klar\u0131n\u0131 kaydetti.<\/p>\n<p>Derne\u011fin, seramik sanat\u0131n\u0131n \u00fclkede geli\u015ftirilmesini ve yayg\u0131nla\u015ft\u0131r\u0131lmas\u0131n\u0131 bir misyon bildi\u011fini ifade eden Kutsay, her y\u0131l farkl\u0131 bir konuyla sergi d\u00fczenleyen Dernek \u00fcyelerinin karma sergilerle yarat\u0131c\u0131l\u0131klar\u0131n\u0131 sergiledi\u011fini belirtti.<\/p>\n<p>Bu y\u0131l dernek \u00fcyeleri sergisinde yer alan sanat\u00e7\u0131lar\u0131n eserlerini \u201cNeden, ne zaman, nereye?\u201d sorular\u0131 ile yorumlayaca\u011f\u0131n\u0131 kaydeden Kutsay, \u201cBu \u00fc\u00e7 soru, bir olay\u0131 derinlemesine incelemek ve anlamak i\u00e7in birlikte kullan\u0131l\u0131r. Hangi ba\u011flamda kullan\u0131ld\u0131klar\u0131na ba\u011fl\u0131 olarak, hem bilgi edinmek hem de tart\u0131\u015fmay\u0131 y\u00f6nlendirmek i\u00e7in g\u00fc\u00e7l\u00fc ara\u00e7lard\u0131r\u201d dedi.<\/p>\n<p>\u00d6zge Refik Kutsay, sergiye katk\u0131lar\u0131ndan dolay\u0131 ba\u015fta K\u00fclt\u00fcr Dairesi\u2019ne ve destek veren t\u00fcm \u00fcyelere te\u015fekk\u00fcr ederek t\u00fcm sanatseverleri sergide g\u00f6rmekten b\u00fcy\u00fck onur duyacaklar\u0131n\u0131 belirtti.<\/p>\n<\/p><\/div>\n<p><script async\n                    defer\n                    crossorigin=\"anonymous\"\n                    src=\"https:\/\/connect.facebook.net\/tr_TR\/sdk.js#xfbml=1&#038;version=v3.3\"\n            ><\/script><br \/>\n<br \/><br \/>\n<br \/><a href=\"https:\/\/brtk.net\/kuzey-kibris-seramikciler-derneginin-16nci-dernek-uyeleri-sergisi-6-ocakta-akmde-acilacak\/\">kpostasi <\/a><\/p>\n","protected":false},"excerpt":{"rendered":"<p>Kuzey K\u0131br\u0131s Seramik\u00e7iler Derne\u011fi\u2019nin 16\u2019nc\u0131 Dernek \u00dcyeleri Sergisi, 6 Ocak Pazartesi g\u00fcn\u00fc saat 18.30\u2019da Atat\u00fcrk K\u00fclt\u00fcr Merkezi (AKM) B\u00fcy\u00fck Salon\u2019da a\u00e7\u0131lacak. Dernek Ba\u015fkan\u0131 \u00d6zge Refik Kutsay yapt\u0131\u011f\u0131 yaz\u0131l\u0131 a\u00e7\u0131klamada, 1999 y\u0131l\u0131nda kurulan derne\u011fin her y\u0131l farkl\u0131 etkinlikler yapt\u0131\u011f\u0131n\u0131 belirterek, dernek \u00fcyeleriyle birlikte sergi, workshop, sunum, tan\u0131t\u0131m ve farkl\u0131 \u00fclkelerde yurt d\u0131\u015f\u0131 ve yurt i\u00e7i ortak<\/p>\n","protected":false},"author":1,"featured_media":72815,"comment_status":"open","ping_status":"open","sticky":false,"template":"","format":"standard","meta":{"footnotes":""},"categories":[1,81],"tags":[],"class_list":["post-72814","post","type-post","status-publish","format-standard","has-post-thumbnail","hentry","category-gundem","category-kibris"],"yoast_head":"<!-- This site is optimized with the Yoast SEO plugin v27.4 - https:\/\/yoast.com\/product\/yoast-seo-wordpress\/ -->\n<title>Kuzey K\u0131br\u0131s Seramik\u00e7iler Derne\u011fi\u2019nin 16\u2019nc\u0131 Dernek \u00dcyeleri Sergisi 6 Ocak\u2019ta AKM\u2019de a\u00e7\u0131lacak -<\/title>\n<meta name=\"robots\" content=\"index, follow, max-snippet:-1, max-image-preview:large, max-video-preview:-1\" \/>\n<link rel=\"canonical\" href=\"https:\/\/kibrisdakik.com\/?p=72814\" \/>\n<meta property=\"og:locale\" content=\"tr_TR\" \/>\n<meta property=\"og:type\" content=\"article\" \/>\n<meta property=\"og:title\" content=\"Kuzey K\u0131br\u0131s Seramik\u00e7iler Derne\u011fi\u2019nin 16\u2019nc\u0131 Dernek \u00dcyeleri Sergisi 6 Ocak\u2019ta AKM\u2019de a\u00e7\u0131lacak -\" \/>\n<meta property=\"og:description\" content=\"Kuzey K\u0131br\u0131s Seramik\u00e7iler Derne\u011fi\u2019nin 16\u2019nc\u0131 Dernek \u00dcyeleri Sergisi, 6 Ocak Pazartesi g\u00fcn\u00fc saat 18.30\u2019da Atat\u00fcrk K\u00fclt\u00fcr Merkezi (AKM) B\u00fcy\u00fck Salon\u2019da a\u00e7\u0131lacak. Dernek Ba\u015fkan\u0131 \u00d6zge Refik Kutsay yapt\u0131\u011f\u0131 yaz\u0131l\u0131 a\u00e7\u0131klamada, 1999 y\u0131l\u0131nda kurulan derne\u011fin her y\u0131l farkl\u0131 etkinlikler yapt\u0131\u011f\u0131n\u0131 belirterek, dernek \u00fcyeleriyle birlikte sergi, workshop, sunum, tan\u0131t\u0131m ve farkl\u0131 \u00fclkelerde yurt d\u0131\u015f\u0131 ve yurt i\u00e7i ortak\" \/>\n<meta property=\"og:url\" content=\"https:\/\/kibrisdakik.com\/?p=72814\" \/>\n<meta property=\"article:published_time\" content=\"2025-01-02T11:11:50+00:00\" \/>\n<meta property=\"og:image\" content=\"https:\/\/kibrisdakik.com\/wp-content\/uploads\/2025\/01\/1735814238598-740x420.jpeg\" \/>\n\t<meta property=\"og:image:width\" content=\"1600\" \/>\n\t<meta property=\"og:image:height\" content=\"550\" \/>\n\t<meta property=\"og:image:type\" content=\"image\/jpeg\" \/>\n<meta name=\"author\" content=\"admin\" \/>\n<meta name=\"twitter:card\" content=\"summary_large_image\" \/>\n<meta name=\"twitter:label1\" content=\"Yazan:\" \/>\n\t<meta name=\"twitter:data1\" content=\"admin\" \/>\n\t<meta name=\"twitter:label2\" content=\"Tahmini okuma s\u00fcresi\" \/>\n\t<meta name=\"twitter:data2\" content=\"1 dakika\" \/>\n<script type=\"application\/ld+json\" class=\"yoast-schema-graph\">{\"@context\":\"https:\\\/\\\/schema.org\",\"@graph\":[{\"@type\":\"Article\",\"@id\":\"https:\\\/\\\/kibrisdakik.com\\\/?p=72814#article\",\"isPartOf\":{\"@id\":\"https:\\\/\\\/kibrisdakik.com\\\/?p=72814\"},\"author\":{\"name\":\"admin\",\"@id\":\"https:\\\/\\\/kibrisdakik.com\\\/#\\\/schema\\\/person\\\/9cd9d437bbb44f72b73ba127e06d8e79\"},\"headline\":\"Kuzey K\u0131br\u0131s Seramik\u00e7iler Derne\u011fi\u2019nin 16\u2019nc\u0131 Dernek \u00dcyeleri Sergisi 6 Ocak\u2019ta AKM\u2019de a\u00e7\u0131lacak\",\"datePublished\":\"2025-01-02T11:11:50+00:00\",\"mainEntityOfPage\":{\"@id\":\"https:\\\/\\\/kibrisdakik.com\\\/?p=72814\"},\"wordCount\":253,\"commentCount\":0,\"image\":{\"@id\":\"https:\\\/\\\/kibrisdakik.com\\\/?p=72814#primaryimage\"},\"thumbnailUrl\":\"https:\\\/\\\/kibrisdakik.com\\\/wp-content\\\/uploads\\\/2025\\\/01\\\/1735814238598-740x420.jpeg\",\"articleSection\":[\"G\u00fcndem\",\"K\u0131br\u0131s\"],\"inLanguage\":\"tr\",\"potentialAction\":[{\"@type\":\"CommentAction\",\"name\":\"Comment\",\"target\":[\"https:\\\/\\\/kibrisdakik.com\\\/?p=72814#respond\"]}]},{\"@type\":\"WebPage\",\"@id\":\"https:\\\/\\\/kibrisdakik.com\\\/?p=72814\",\"url\":\"https:\\\/\\\/kibrisdakik.com\\\/?p=72814\",\"name\":\"Kuzey K\u0131br\u0131s Seramik\u00e7iler Derne\u011fi\u2019nin 16\u2019nc\u0131 Dernek \u00dcyeleri Sergisi 6 Ocak\u2019ta AKM\u2019de a\u00e7\u0131lacak -\",\"isPartOf\":{\"@id\":\"https:\\\/\\\/kibrisdakik.com\\\/#website\"},\"primaryImageOfPage\":{\"@id\":\"https:\\\/\\\/kibrisdakik.com\\\/?p=72814#primaryimage\"},\"image\":{\"@id\":\"https:\\\/\\\/kibrisdakik.com\\\/?p=72814#primaryimage\"},\"thumbnailUrl\":\"https:\\\/\\\/kibrisdakik.com\\\/wp-content\\\/uploads\\\/2025\\\/01\\\/1735814238598-740x420.jpeg\",\"datePublished\":\"2025-01-02T11:11:50+00:00\",\"author\":{\"@id\":\"https:\\\/\\\/kibrisdakik.com\\\/#\\\/schema\\\/person\\\/9cd9d437bbb44f72b73ba127e06d8e79\"},\"breadcrumb\":{\"@id\":\"https:\\\/\\\/kibrisdakik.com\\\/?p=72814#breadcrumb\"},\"inLanguage\":\"tr\",\"potentialAction\":[{\"@type\":\"ReadAction\",\"target\":[\"https:\\\/\\\/kibrisdakik.com\\\/?p=72814\"]}]},{\"@type\":\"ImageObject\",\"inLanguage\":\"tr\",\"@id\":\"https:\\\/\\\/kibrisdakik.com\\\/?p=72814#primaryimage\",\"url\":\"https:\\\/\\\/kibrisdakik.com\\\/wp-content\\\/uploads\\\/2025\\\/01\\\/1735814238598-740x420.jpeg\",\"contentUrl\":\"https:\\\/\\\/kibrisdakik.com\\\/wp-content\\\/uploads\\\/2025\\\/01\\\/1735814238598-740x420.jpeg\",\"width\":1600,\"height\":550},{\"@type\":\"BreadcrumbList\",\"@id\":\"https:\\\/\\\/kibrisdakik.com\\\/?p=72814#breadcrumb\",\"itemListElement\":[{\"@type\":\"ListItem\",\"position\":1,\"name\":\"Home\",\"item\":\"https:\\\/\\\/kibrisdakik.com\\\/\"},{\"@type\":\"ListItem\",\"position\":2,\"name\":\"Kuzey K\u0131br\u0131s Seramik\u00e7iler Derne\u011fi\u2019nin 16\u2019nc\u0131 Dernek \u00dcyeleri Sergisi 6 Ocak\u2019ta AKM\u2019de a\u00e7\u0131lacak\"}]},{\"@type\":\"WebSite\",\"@id\":\"https:\\\/\\\/kibrisdakik.com\\\/#website\",\"url\":\"https:\\\/\\\/kibrisdakik.com\\\/\",\"name\":\"\",\"description\":\"Tam vaktinde haber\",\"potentialAction\":[{\"@type\":\"SearchAction\",\"target\":{\"@type\":\"EntryPoint\",\"urlTemplate\":\"https:\\\/\\\/kibrisdakik.com\\\/?s={search_term_string}\"},\"query-input\":{\"@type\":\"PropertyValueSpecification\",\"valueRequired\":true,\"valueName\":\"search_term_string\"}}],\"inLanguage\":\"tr\"},{\"@type\":\"Person\",\"@id\":\"https:\\\/\\\/kibrisdakik.com\\\/#\\\/schema\\\/person\\\/9cd9d437bbb44f72b73ba127e06d8e79\",\"name\":\"admin\",\"image\":{\"@type\":\"ImageObject\",\"inLanguage\":\"tr\",\"@id\":\"https:\\\/\\\/secure.gravatar.com\\\/avatar\\\/ccc17943b9d660506c869530f897617f7cb1c21a4bf30023f252596d83e1f007?s=96&d=mm&r=g\",\"url\":\"https:\\\/\\\/secure.gravatar.com\\\/avatar\\\/ccc17943b9d660506c869530f897617f7cb1c21a4bf30023f252596d83e1f007?s=96&d=mm&r=g\",\"contentUrl\":\"https:\\\/\\\/secure.gravatar.com\\\/avatar\\\/ccc17943b9d660506c869530f897617f7cb1c21a4bf30023f252596d83e1f007?s=96&d=mm&r=g\",\"caption\":\"admin\"},\"sameAs\":[\"https:\\\/\\\/kibrisdakik.com\"],\"url\":\"https:\\\/\\\/kibrisdakik.com\\\/?author=1\"}]}<\/script>\n<!-- \/ Yoast SEO plugin. -->","yoast_head_json":{"title":"Kuzey K\u0131br\u0131s Seramik\u00e7iler Derne\u011fi\u2019nin 16\u2019nc\u0131 Dernek \u00dcyeleri Sergisi 6 Ocak\u2019ta AKM\u2019de a\u00e7\u0131lacak -","robots":{"index":"index","follow":"follow","max-snippet":"max-snippet:-1","max-image-preview":"max-image-preview:large","max-video-preview":"max-video-preview:-1"},"canonical":"https:\/\/kibrisdakik.com\/?p=72814","og_locale":"tr_TR","og_type":"article","og_title":"Kuzey K\u0131br\u0131s Seramik\u00e7iler Derne\u011fi\u2019nin 16\u2019nc\u0131 Dernek \u00dcyeleri Sergisi 6 Ocak\u2019ta AKM\u2019de a\u00e7\u0131lacak -","og_description":"Kuzey K\u0131br\u0131s Seramik\u00e7iler Derne\u011fi\u2019nin 16\u2019nc\u0131 Dernek \u00dcyeleri Sergisi, 6 Ocak Pazartesi g\u00fcn\u00fc saat 18.30\u2019da Atat\u00fcrk K\u00fclt\u00fcr Merkezi (AKM) B\u00fcy\u00fck Salon\u2019da a\u00e7\u0131lacak. Dernek Ba\u015fkan\u0131 \u00d6zge Refik Kutsay yapt\u0131\u011f\u0131 yaz\u0131l\u0131 a\u00e7\u0131klamada, 1999 y\u0131l\u0131nda kurulan derne\u011fin her y\u0131l farkl\u0131 etkinlikler yapt\u0131\u011f\u0131n\u0131 belirterek, dernek \u00fcyeleriyle birlikte sergi, workshop, sunum, tan\u0131t\u0131m ve farkl\u0131 \u00fclkelerde yurt d\u0131\u015f\u0131 ve yurt i\u00e7i ortak","og_url":"https:\/\/kibrisdakik.com\/?p=72814","article_published_time":"2025-01-02T11:11:50+00:00","og_image":[{"width":1600,"height":550,"url":"https:\/\/kibrisdakik.com\/wp-content\/uploads\/2025\/01\/1735814238598-740x420.jpeg","type":"image\/jpeg"}],"author":"admin","twitter_card":"summary_large_image","twitter_misc":{"Yazan:":"admin","Tahmini okuma s\u00fcresi":"1 dakika"},"schema":{"@context":"https:\/\/schema.org","@graph":[{"@type":"Article","@id":"https:\/\/kibrisdakik.com\/?p=72814#article","isPartOf":{"@id":"https:\/\/kibrisdakik.com\/?p=72814"},"author":{"name":"admin","@id":"https:\/\/kibrisdakik.com\/#\/schema\/person\/9cd9d437bbb44f72b73ba127e06d8e79"},"headline":"Kuzey K\u0131br\u0131s Seramik\u00e7iler Derne\u011fi\u2019nin 16\u2019nc\u0131 Dernek \u00dcyeleri Sergisi 6 Ocak\u2019ta AKM\u2019de a\u00e7\u0131lacak","datePublished":"2025-01-02T11:11:50+00:00","mainEntityOfPage":{"@id":"https:\/\/kibrisdakik.com\/?p=72814"},"wordCount":253,"commentCount":0,"image":{"@id":"https:\/\/kibrisdakik.com\/?p=72814#primaryimage"},"thumbnailUrl":"https:\/\/kibrisdakik.com\/wp-content\/uploads\/2025\/01\/1735814238598-740x420.jpeg","articleSection":["G\u00fcndem","K\u0131br\u0131s"],"inLanguage":"tr","potentialAction":[{"@type":"CommentAction","name":"Comment","target":["https:\/\/kibrisdakik.com\/?p=72814#respond"]}]},{"@type":"WebPage","@id":"https:\/\/kibrisdakik.com\/?p=72814","url":"https:\/\/kibrisdakik.com\/?p=72814","name":"Kuzey K\u0131br\u0131s Seramik\u00e7iler Derne\u011fi\u2019nin 16\u2019nc\u0131 Dernek \u00dcyeleri Sergisi 6 Ocak\u2019ta AKM\u2019de a\u00e7\u0131lacak -","isPartOf":{"@id":"https:\/\/kibrisdakik.com\/#website"},"primaryImageOfPage":{"@id":"https:\/\/kibrisdakik.com\/?p=72814#primaryimage"},"image":{"@id":"https:\/\/kibrisdakik.com\/?p=72814#primaryimage"},"thumbnailUrl":"https:\/\/kibrisdakik.com\/wp-content\/uploads\/2025\/01\/1735814238598-740x420.jpeg","datePublished":"2025-01-02T11:11:50+00:00","author":{"@id":"https:\/\/kibrisdakik.com\/#\/schema\/person\/9cd9d437bbb44f72b73ba127e06d8e79"},"breadcrumb":{"@id":"https:\/\/kibrisdakik.com\/?p=72814#breadcrumb"},"inLanguage":"tr","potentialAction":[{"@type":"ReadAction","target":["https:\/\/kibrisdakik.com\/?p=72814"]}]},{"@type":"ImageObject","inLanguage":"tr","@id":"https:\/\/kibrisdakik.com\/?p=72814#primaryimage","url":"https:\/\/kibrisdakik.com\/wp-content\/uploads\/2025\/01\/1735814238598-740x420.jpeg","contentUrl":"https:\/\/kibrisdakik.com\/wp-content\/uploads\/2025\/01\/1735814238598-740x420.jpeg","width":1600,"height":550},{"@type":"BreadcrumbList","@id":"https:\/\/kibrisdakik.com\/?p=72814#breadcrumb","itemListElement":[{"@type":"ListItem","position":1,"name":"Home","item":"https:\/\/kibrisdakik.com\/"},{"@type":"ListItem","position":2,"name":"Kuzey K\u0131br\u0131s Seramik\u00e7iler Derne\u011fi\u2019nin 16\u2019nc\u0131 Dernek \u00dcyeleri Sergisi 6 Ocak\u2019ta AKM\u2019de a\u00e7\u0131lacak"}]},{"@type":"WebSite","@id":"https:\/\/kibrisdakik.com\/#website","url":"https:\/\/kibrisdakik.com\/","name":"","description":"Tam vaktinde haber","potentialAction":[{"@type":"SearchAction","target":{"@type":"EntryPoint","urlTemplate":"https:\/\/kibrisdakik.com\/?s={search_term_string}"},"query-input":{"@type":"PropertyValueSpecification","valueRequired":true,"valueName":"search_term_string"}}],"inLanguage":"tr"},{"@type":"Person","@id":"https:\/\/kibrisdakik.com\/#\/schema\/person\/9cd9d437bbb44f72b73ba127e06d8e79","name":"admin","image":{"@type":"ImageObject","inLanguage":"tr","@id":"https:\/\/secure.gravatar.com\/avatar\/ccc17943b9d660506c869530f897617f7cb1c21a4bf30023f252596d83e1f007?s=96&d=mm&r=g","url":"https:\/\/secure.gravatar.com\/avatar\/ccc17943b9d660506c869530f897617f7cb1c21a4bf30023f252596d83e1f007?s=96&d=mm&r=g","contentUrl":"https:\/\/secure.gravatar.com\/avatar\/ccc17943b9d660506c869530f897617f7cb1c21a4bf30023f252596d83e1f007?s=96&d=mm&r=g","caption":"admin"},"sameAs":["https:\/\/kibrisdakik.com"],"url":"https:\/\/kibrisdakik.com\/?author=1"}]}},"_links":{"self":[{"href":"https:\/\/kibrisdakik.com\/index.php?rest_route=\/wp\/v2\/posts\/72814","targetHints":{"allow":["GET"]}}],"collection":[{"href":"https:\/\/kibrisdakik.com\/index.php?rest_route=\/wp\/v2\/posts"}],"about":[{"href":"https:\/\/kibrisdakik.com\/index.php?rest_route=\/wp\/v2\/types\/post"}],"author":[{"embeddable":true,"href":"https:\/\/kibrisdakik.com\/index.php?rest_route=\/wp\/v2\/users\/1"}],"replies":[{"embeddable":true,"href":"https:\/\/kibrisdakik.com\/index.php?rest_route=%2Fwp%2Fv2%2Fcomments&post=72814"}],"version-history":[{"count":0,"href":"https:\/\/kibrisdakik.com\/index.php?rest_route=\/wp\/v2\/posts\/72814\/revisions"}],"wp:featuredmedia":[{"embeddable":true,"href":"https:\/\/kibrisdakik.com\/index.php?rest_route=\/wp\/v2\/media\/72815"}],"wp:attachment":[{"href":"https:\/\/kibrisdakik.com\/index.php?rest_route=%2Fwp%2Fv2%2Fmedia&parent=72814"}],"wp:term":[{"taxonomy":"category","embeddable":true,"href":"https:\/\/kibrisdakik.com\/index.php?rest_route=%2Fwp%2Fv2%2Fcategories&post=72814"},{"taxonomy":"post_tag","embeddable":true,"href":"https:\/\/kibrisdakik.com\/index.php?rest_route=%2Fwp%2Fv2%2Ftags&post=72814"}],"curies":[{"name":"wp","href":"https:\/\/api.w.org\/{rel}","templated":true}]}}