{"id":7292,"date":"2023-05-20T11:11:21","date_gmt":"2023-05-20T11:11:21","guid":{"rendered":"https:\/\/kibrisdakik.com\/index.php\/2023\/05\/20\/ercanda-sahte-pasaport2-kisi-tutuklandi\/"},"modified":"2023-05-20T11:11:21","modified_gmt":"2023-05-20T11:11:21","slug":"ercanda-sahte-pasaport2-kisi-tutuklandi","status":"publish","type":"post","link":"https:\/\/kibrisdakik.com\/?p=7292","title":{"rendered":"Ercan\u2019da sahte pasaport:2 ki\u015fi tutukland\u0131"},"content":{"rendered":"<p><\/p>\n<div>\n<div class=\"mariselle-image-container center\">\n                <img width=\"225\" height=\"225\" class=\"lazy-image\" alt=\"\" decoding=\"async\" loading=\"lazy\" sizes=\"auto, (max-width: 225px) 100vw, 225px\" src=\"https:\/\/brtk.net\/wp-content\/uploads\/2023\/05\/15\/polis74.png?ver=f45a2e4db420cb8f4b3389a4f0d234e6\" srcset=\"https:\/\/brtk.net\/wp-content\/uploads\/2023\/05\/15\/polis74.png?ver=f45a2e4db420cb8f4b3389a4f0d234e6 225w, https:\/\/brtk.net\/wp-content\/uploads\/2023\/05\/15\/polis74-150x150.png?ver=f45a2e4db420cb8f4b3389a4f0d234e6 150w\"\/>                            <\/div>\n<p>Sahte Pakistan pasaportuyla \u00fclkeye girmeye \u00e7al\u0131\u015fan ki\u015fi Ercan Havaliman\u0131\u2019nda tutukland\u0131.<\/p>\n<p>Polis Bas\u0131n Subayl\u0131\u011f\u0131, d\u00fcn \u00f6\u011fle saatlerinde yurt d\u0131\u015f\u0131nda sahtelenmi\u015f ba\u015fka bir \u015fah\u0131s ad\u0131nda d\u00fczenlenen Pakistan pasaportunu g\u00f6revli memura veren R.A.\u2019n\u0131n (E-20) yan\u0131 s\u0131ra meselede, ba\u011flant\u0131s\u0131 oldu\u011funa inan\u0131lan Z.M.B.\u2019nin de (E-45) tutukland\u0131\u011f\u0131n\u0131 a\u00e7\u0131klad\u0131.<\/p>\n<\/p><\/div>\n<p><script async\n                    defer\n                    crossorigin=\"anonymous\"\n                    src=\"https:\/\/connect.facebook.net\/tr_TR\/sdk.js#xfbml=1&#038;version=v3.3\"\n            ><\/script><\/p>\n","protected":false},"excerpt":{"rendered":"<p>Sahte Pakistan pasaportuyla \u00fclkeye girmeye \u00e7al\u0131\u015fan ki\u015fi Ercan Havaliman\u0131\u2019nda tutukland\u0131. Polis Bas\u0131n Subayl\u0131\u011f\u0131, d\u00fcn \u00f6\u011fle saatlerinde yurt d\u0131\u015f\u0131nda sahtelenmi\u015f ba\u015fka bir \u015fah\u0131s ad\u0131nda d\u00fczenlenen Pakistan pasaportunu g\u00f6revli memura veren R.A.\u2019n\u0131n (E-20) yan\u0131 s\u0131ra meselede, ba\u011flant\u0131s\u0131 oldu\u011funa inan\u0131lan Z.M.B.\u2019nin de (E-45) tutukland\u0131\u011f\u0131n\u0131 a\u00e7\u0131klad\u0131.<\/p>\n","protected":false},"author":1,"featured_media":5128,"comment_status":"open","ping_status":"open","sticky":false,"template":"","format":"standard","meta":{"footnotes":""},"categories":[1],"tags":[],"class_list":["post-7292","post","type-post","status-publish","format-standard","has-post-thumbnail","hentry","category-gundem"],"yoast_head":"<!-- This site is optimized with the Yoast SEO plugin v27.5 - https:\/\/yoast.com\/product\/yoast-seo-wordpress\/ -->\n<title>Ercan\u2019da sahte pasaport:2 ki\u015fi tutukland\u0131 -<\/title>\n<meta name=\"robots\" content=\"index, follow, max-snippet:-1, max-image-preview:large, max-video-preview:-1\" \/>\n<link rel=\"canonical\" href=\"https:\/\/kibrisdakik.com\/?p=7292\" \/>\n<meta property=\"og:locale\" content=\"tr_TR\" \/>\n<meta property=\"og:type\" content=\"article\" \/>\n<meta property=\"og:title\" content=\"Ercan\u2019da sahte pasaport:2 ki\u015fi tutukland\u0131 -\" \/>\n<meta property=\"og:description\" content=\"Sahte Pakistan pasaportuyla \u00fclkeye girmeye \u00e7al\u0131\u015fan ki\u015fi Ercan Havaliman\u0131\u2019nda tutukland\u0131. Polis Bas\u0131n Subayl\u0131\u011f\u0131, d\u00fcn \u00f6\u011fle saatlerinde yurt d\u0131\u015f\u0131nda sahtelenmi\u015f ba\u015fka bir \u015fah\u0131s ad\u0131nda d\u00fczenlenen Pakistan pasaportunu g\u00f6revli memura veren R.A.\u2019n\u0131n (E-20) yan\u0131 s\u0131ra meselede, ba\u011flant\u0131s\u0131 oldu\u011funa inan\u0131lan Z.M.B.\u2019nin de (E-45) tutukland\u0131\u011f\u0131n\u0131 a\u00e7\u0131klad\u0131.\" \/>\n<meta property=\"og:url\" content=\"https:\/\/kibrisdakik.com\/?p=7292\" \/>\n<meta property=\"article:published_time\" content=\"2023-05-20T11:11:21+00:00\" \/>\n<meta property=\"og:image\" content=\"https:\/\/kibrisdakik.com\/wp-content\/uploads\/2023\/04\/tutuklu-76767-696x420.jpg\" \/>\n\t<meta property=\"og:image:width\" content=\"696\" \/>\n\t<meta property=\"og:image:height\" content=\"443\" \/>\n\t<meta property=\"og:image:type\" content=\"image\/jpeg\" \/>\n<meta name=\"author\" content=\"admin\" \/>\n<meta name=\"twitter:card\" content=\"summary_large_image\" \/>\n<meta name=\"twitter:label1\" content=\"Yazan:\" \/>\n\t<meta name=\"twitter:data1\" content=\"admin\" \/>\n<script type=\"application\/ld+json\" class=\"yoast-schema-graph\">{\"@context\":\"https:\\\/\\\/schema.org\",\"@graph\":[{\"@type\":\"Article\",\"@id\":\"https:\\\/\\\/kibrisdakik.com\\\/?p=7292#article\",\"isPartOf\":{\"@id\":\"https:\\\/\\\/kibrisdakik.com\\\/?p=7292\"},\"author\":{\"name\":\"admin\",\"@id\":\"https:\\\/\\\/kibrisdakik.com\\\/#\\\/schema\\\/person\\\/9cd9d437bbb44f72b73ba127e06d8e79\"},\"headline\":\"Ercan\u2019da sahte pasaport:2 ki\u015fi tutukland\u0131\",\"datePublished\":\"2023-05-20T11:11:21+00:00\",\"mainEntityOfPage\":{\"@id\":\"https:\\\/\\\/kibrisdakik.com\\\/?p=7292\"},\"wordCount\":73,\"commentCount\":0,\"image\":{\"@id\":\"https:\\\/\\\/kibrisdakik.com\\\/?p=7292#primaryimage\"},\"thumbnailUrl\":\"https:\\\/\\\/kibrisdakik.com\\\/wp-content\\\/uploads\\\/2023\\\/04\\\/tutuklu-76767-696x420.jpg\",\"articleSection\":[\"G\u00fcndem\"],\"inLanguage\":\"tr\",\"potentialAction\":[{\"@type\":\"CommentAction\",\"name\":\"Comment\",\"target\":[\"https:\\\/\\\/kibrisdakik.com\\\/?p=7292#respond\"]}]},{\"@type\":\"WebPage\",\"@id\":\"https:\\\/\\\/kibrisdakik.com\\\/?p=7292\",\"url\":\"https:\\\/\\\/kibrisdakik.com\\\/?p=7292\",\"name\":\"Ercan\u2019da sahte pasaport:2 ki\u015fi tutukland\u0131 -\",\"isPartOf\":{\"@id\":\"https:\\\/\\\/kibrisdakik.com\\\/#website\"},\"primaryImageOfPage\":{\"@id\":\"https:\\\/\\\/kibrisdakik.com\\\/?p=7292#primaryimage\"},\"image\":{\"@id\":\"https:\\\/\\\/kibrisdakik.com\\\/?p=7292#primaryimage\"},\"thumbnailUrl\":\"https:\\\/\\\/kibrisdakik.com\\\/wp-content\\\/uploads\\\/2023\\\/04\\\/tutuklu-76767-696x420.jpg\",\"datePublished\":\"2023-05-20T11:11:21+00:00\",\"author\":{\"@id\":\"https:\\\/\\\/kibrisdakik.com\\\/#\\\/schema\\\/person\\\/9cd9d437bbb44f72b73ba127e06d8e79\"},\"breadcrumb\":{\"@id\":\"https:\\\/\\\/kibrisdakik.com\\\/?p=7292#breadcrumb\"},\"inLanguage\":\"tr\",\"potentialAction\":[{\"@type\":\"ReadAction\",\"target\":[\"https:\\\/\\\/kibrisdakik.com\\\/?p=7292\"]}]},{\"@type\":\"ImageObject\",\"inLanguage\":\"tr\",\"@id\":\"https:\\\/\\\/kibrisdakik.com\\\/?p=7292#primaryimage\",\"url\":\"https:\\\/\\\/kibrisdakik.com\\\/wp-content\\\/uploads\\\/2023\\\/04\\\/tutuklu-76767-696x420.jpg\",\"contentUrl\":\"https:\\\/\\\/kibrisdakik.com\\\/wp-content\\\/uploads\\\/2023\\\/04\\\/tutuklu-76767-696x420.jpg\",\"width\":696,\"height\":443},{\"@type\":\"BreadcrumbList\",\"@id\":\"https:\\\/\\\/kibrisdakik.com\\\/?p=7292#breadcrumb\",\"itemListElement\":[{\"@type\":\"ListItem\",\"position\":1,\"name\":\"Home\",\"item\":\"https:\\\/\\\/kibrisdakik.com\\\/\"},{\"@type\":\"ListItem\",\"position\":2,\"name\":\"Ercan\u2019da sahte pasaport:2 ki\u015fi tutukland\u0131\"}]},{\"@type\":\"WebSite\",\"@id\":\"https:\\\/\\\/kibrisdakik.com\\\/#website\",\"url\":\"https:\\\/\\\/kibrisdakik.com\\\/\",\"name\":\"\",\"description\":\"Tam vaktinde haber\",\"potentialAction\":[{\"@type\":\"SearchAction\",\"target\":{\"@type\":\"EntryPoint\",\"urlTemplate\":\"https:\\\/\\\/kibrisdakik.com\\\/?s={search_term_string}\"},\"query-input\":{\"@type\":\"PropertyValueSpecification\",\"valueRequired\":true,\"valueName\":\"search_term_string\"}}],\"inLanguage\":\"tr\"},{\"@type\":\"Person\",\"@id\":\"https:\\\/\\\/kibrisdakik.com\\\/#\\\/schema\\\/person\\\/9cd9d437bbb44f72b73ba127e06d8e79\",\"name\":\"admin\",\"image\":{\"@type\":\"ImageObject\",\"inLanguage\":\"tr\",\"@id\":\"https:\\\/\\\/secure.gravatar.com\\\/avatar\\\/ccc17943b9d660506c869530f897617f7cb1c21a4bf30023f252596d83e1f007?s=96&d=mm&r=g\",\"url\":\"https:\\\/\\\/secure.gravatar.com\\\/avatar\\\/ccc17943b9d660506c869530f897617f7cb1c21a4bf30023f252596d83e1f007?s=96&d=mm&r=g\",\"contentUrl\":\"https:\\\/\\\/secure.gravatar.com\\\/avatar\\\/ccc17943b9d660506c869530f897617f7cb1c21a4bf30023f252596d83e1f007?s=96&d=mm&r=g\",\"caption\":\"admin\"},\"sameAs\":[\"https:\\\/\\\/kibrisdakik.com\"],\"url\":\"https:\\\/\\\/kibrisdakik.com\\\/?author=1\"}]}<\/script>\n<!-- \/ Yoast SEO plugin. -->","yoast_head_json":{"title":"Ercan\u2019da sahte pasaport:2 ki\u015fi tutukland\u0131 -","robots":{"index":"index","follow":"follow","max-snippet":"max-snippet:-1","max-image-preview":"max-image-preview:large","max-video-preview":"max-video-preview:-1"},"canonical":"https:\/\/kibrisdakik.com\/?p=7292","og_locale":"tr_TR","og_type":"article","og_title":"Ercan\u2019da sahte pasaport:2 ki\u015fi tutukland\u0131 -","og_description":"Sahte Pakistan pasaportuyla \u00fclkeye girmeye \u00e7al\u0131\u015fan ki\u015fi Ercan Havaliman\u0131\u2019nda tutukland\u0131. Polis Bas\u0131n Subayl\u0131\u011f\u0131, d\u00fcn \u00f6\u011fle saatlerinde yurt d\u0131\u015f\u0131nda sahtelenmi\u015f ba\u015fka bir \u015fah\u0131s ad\u0131nda d\u00fczenlenen Pakistan pasaportunu g\u00f6revli memura veren R.A.\u2019n\u0131n (E-20) yan\u0131 s\u0131ra meselede, ba\u011flant\u0131s\u0131 oldu\u011funa inan\u0131lan Z.M.B.\u2019nin de (E-45) tutukland\u0131\u011f\u0131n\u0131 a\u00e7\u0131klad\u0131.","og_url":"https:\/\/kibrisdakik.com\/?p=7292","article_published_time":"2023-05-20T11:11:21+00:00","og_image":[{"width":696,"height":443,"url":"https:\/\/kibrisdakik.com\/wp-content\/uploads\/2023\/04\/tutuklu-76767-696x420.jpg","type":"image\/jpeg"}],"author":"admin","twitter_card":"summary_large_image","twitter_misc":{"Yazan:":"admin"},"schema":{"@context":"https:\/\/schema.org","@graph":[{"@type":"Article","@id":"https:\/\/kibrisdakik.com\/?p=7292#article","isPartOf":{"@id":"https:\/\/kibrisdakik.com\/?p=7292"},"author":{"name":"admin","@id":"https:\/\/kibrisdakik.com\/#\/schema\/person\/9cd9d437bbb44f72b73ba127e06d8e79"},"headline":"Ercan\u2019da sahte pasaport:2 ki\u015fi tutukland\u0131","datePublished":"2023-05-20T11:11:21+00:00","mainEntityOfPage":{"@id":"https:\/\/kibrisdakik.com\/?p=7292"},"wordCount":73,"commentCount":0,"image":{"@id":"https:\/\/kibrisdakik.com\/?p=7292#primaryimage"},"thumbnailUrl":"https:\/\/kibrisdakik.com\/wp-content\/uploads\/2023\/04\/tutuklu-76767-696x420.jpg","articleSection":["G\u00fcndem"],"inLanguage":"tr","potentialAction":[{"@type":"CommentAction","name":"Comment","target":["https:\/\/kibrisdakik.com\/?p=7292#respond"]}]},{"@type":"WebPage","@id":"https:\/\/kibrisdakik.com\/?p=7292","url":"https:\/\/kibrisdakik.com\/?p=7292","name":"Ercan\u2019da sahte pasaport:2 ki\u015fi tutukland\u0131 -","isPartOf":{"@id":"https:\/\/kibrisdakik.com\/#website"},"primaryImageOfPage":{"@id":"https:\/\/kibrisdakik.com\/?p=7292#primaryimage"},"image":{"@id":"https:\/\/kibrisdakik.com\/?p=7292#primaryimage"},"thumbnailUrl":"https:\/\/kibrisdakik.com\/wp-content\/uploads\/2023\/04\/tutuklu-76767-696x420.jpg","datePublished":"2023-05-20T11:11:21+00:00","author":{"@id":"https:\/\/kibrisdakik.com\/#\/schema\/person\/9cd9d437bbb44f72b73ba127e06d8e79"},"breadcrumb":{"@id":"https:\/\/kibrisdakik.com\/?p=7292#breadcrumb"},"inLanguage":"tr","potentialAction":[{"@type":"ReadAction","target":["https:\/\/kibrisdakik.com\/?p=7292"]}]},{"@type":"ImageObject","inLanguage":"tr","@id":"https:\/\/kibrisdakik.com\/?p=7292#primaryimage","url":"https:\/\/kibrisdakik.com\/wp-content\/uploads\/2023\/04\/tutuklu-76767-696x420.jpg","contentUrl":"https:\/\/kibrisdakik.com\/wp-content\/uploads\/2023\/04\/tutuklu-76767-696x420.jpg","width":696,"height":443},{"@type":"BreadcrumbList","@id":"https:\/\/kibrisdakik.com\/?p=7292#breadcrumb","itemListElement":[{"@type":"ListItem","position":1,"name":"Home","item":"https:\/\/kibrisdakik.com\/"},{"@type":"ListItem","position":2,"name":"Ercan\u2019da sahte pasaport:2 ki\u015fi tutukland\u0131"}]},{"@type":"WebSite","@id":"https:\/\/kibrisdakik.com\/#website","url":"https:\/\/kibrisdakik.com\/","name":"","description":"Tam vaktinde haber","potentialAction":[{"@type":"SearchAction","target":{"@type":"EntryPoint","urlTemplate":"https:\/\/kibrisdakik.com\/?s={search_term_string}"},"query-input":{"@type":"PropertyValueSpecification","valueRequired":true,"valueName":"search_term_string"}}],"inLanguage":"tr"},{"@type":"Person","@id":"https:\/\/kibrisdakik.com\/#\/schema\/person\/9cd9d437bbb44f72b73ba127e06d8e79","name":"admin","image":{"@type":"ImageObject","inLanguage":"tr","@id":"https:\/\/secure.gravatar.com\/avatar\/ccc17943b9d660506c869530f897617f7cb1c21a4bf30023f252596d83e1f007?s=96&d=mm&r=g","url":"https:\/\/secure.gravatar.com\/avatar\/ccc17943b9d660506c869530f897617f7cb1c21a4bf30023f252596d83e1f007?s=96&d=mm&r=g","contentUrl":"https:\/\/secure.gravatar.com\/avatar\/ccc17943b9d660506c869530f897617f7cb1c21a4bf30023f252596d83e1f007?s=96&d=mm&r=g","caption":"admin"},"sameAs":["https:\/\/kibrisdakik.com"],"url":"https:\/\/kibrisdakik.com\/?author=1"}]}},"_links":{"self":[{"href":"https:\/\/kibrisdakik.com\/index.php?rest_route=\/wp\/v2\/posts\/7292","targetHints":{"allow":["GET"]}}],"collection":[{"href":"https:\/\/kibrisdakik.com\/index.php?rest_route=\/wp\/v2\/posts"}],"about":[{"href":"https:\/\/kibrisdakik.com\/index.php?rest_route=\/wp\/v2\/types\/post"}],"author":[{"embeddable":true,"href":"https:\/\/kibrisdakik.com\/index.php?rest_route=\/wp\/v2\/users\/1"}],"replies":[{"embeddable":true,"href":"https:\/\/kibrisdakik.com\/index.php?rest_route=%2Fwp%2Fv2%2Fcomments&post=7292"}],"version-history":[{"count":0,"href":"https:\/\/kibrisdakik.com\/index.php?rest_route=\/wp\/v2\/posts\/7292\/revisions"}],"wp:featuredmedia":[{"embeddable":true,"href":"https:\/\/kibrisdakik.com\/index.php?rest_route=\/wp\/v2\/media\/5128"}],"wp:attachment":[{"href":"https:\/\/kibrisdakik.com\/index.php?rest_route=%2Fwp%2Fv2%2Fmedia&parent=7292"}],"wp:term":[{"taxonomy":"category","embeddable":true,"href":"https:\/\/kibrisdakik.com\/index.php?rest_route=%2Fwp%2Fv2%2Fcategories&post=7292"},{"taxonomy":"post_tag","embeddable":true,"href":"https:\/\/kibrisdakik.com\/index.php?rest_route=%2Fwp%2Fv2%2Ftags&post=7292"}],"curies":[{"name":"wp","href":"https:\/\/api.w.org\/{rel}","templated":true}]}}