{"id":72957,"date":"2025-01-04T10:54:34","date_gmt":"2025-01-04T07:54:34","guid":{"rendered":"https:\/\/kibrisdakik.com\/index.php\/2025\/01\/04\/abdli-yargic-sus-payi-davasinda-trumpa-cezanin-10-ocakta-verilecegini-acikladi\/"},"modified":"2025-01-04T10:54:34","modified_gmt":"2025-01-04T07:54:34","slug":"abdli-yargic-sus-payi-davasinda-trumpa-cezanin-10-ocakta-verilecegini-acikladi","status":"publish","type":"post","link":"https:\/\/kibrisdakik.com\/?p=72957","title":{"rendered":"ABD\u2019li Yarg\u0131\u00e7, \u201csus pay\u0131\u201d davas\u0131nda Trump\u2019a cezan\u0131n 10 Ocak\u2019ta verilece\u011fini a\u00e7\u0131klad\u0131"},"content":{"rendered":"<p><\/p>\n<div>\n<div class=\"mariselle-image-container center\">\n                <img loading=\"lazy\" decoding=\"async\" width=\"864\" height=\"486\" class=\"lazy-image\" alt=\"\" sizes=\"auto, (max-width: 864px) 100vw, 864px\" src=\"https:\/\/brtk.net\/wp-content\/uploads\/2025\/01\/04\/1735975970334TR.jpg?ver=c970ba8ff93e9e3694329a190127a369\" srcset=\"https:\/\/brtk.net\/wp-content\/uploads\/2025\/01\/04\/1735975970334TR.jpg?ver=c970ba8ff93e9e3694329a190127a369 864w, https:\/\/brtk.net\/wp-content\/uploads\/2025\/01\/04\/1735975970334TR-300x169.jpg?ver=25c05e4e700ce00fc43b681aa79f00e3 300w, https:\/\/brtk.net\/wp-content\/uploads\/2025\/01\/04\/1735975970334TR-768x432.jpg?ver=25c05e4e700ce00fc43b681aa79f00e3 768w\"\/>                            <\/div>\n<p>\nNew York Mahkemesi Yarg\u0131c\u0131 Juan Merchan, ABD\u2019nin se\u00e7ilmi\u015f ba\u015fkan\u0131 Donald Trump\u2019\u0131n su\u00e7lu bulundu\u011fu \u201csus pay\u0131\u201d davas\u0131nda cezan\u0131n 10 Ocak\u2019ta yap\u0131lacak duru\u015fmada verilece\u011fini duyurdu.<\/p>\n<p>Merchan, Trump\u2019\u0131n duru\u015fmaya sanal ortamda veya bizzat kat\u0131labilece\u011fini belirtti.<\/p>\n<p>Yarg\u0131\u00e7 Merchan, yay\u0131mlad\u0131\u011f\u0131 yaz\u0131l\u0131 karar\u0131nda \u201cSadece bu meseleye kesin bir \u00e7\u00f6z\u00fcm getirilerek adaletin \u00e7\u0131karlar\u0131 g\u00f6zetilece\u011fini\u201d kaydederek, Trump\u2019\u0131n 10 Ocak\u2019ta yap\u0131lacak duru\u015fmada cezas\u0131n\u0131n belirlenece\u011fini bildirdi.<\/p>\n<p>Merchan, kararda, hapis cezas\u0131 yerine Trump\u2019a bir daha tutuklanmamas\u0131 durumunda davan\u0131n d\u00fc\u015f\u00fcr\u00fclmesini \u00f6ng\u00f6ren ko\u015fullu tahliye cezas\u0131 verece\u011fini ima etti.<\/p>\n<p>Yarg\u0131\u00e7 Merchan\u2019\u0131n bu karar\u0131, 20 Ocak\u2019ta devir teslim t\u00f6reni ile Beyaz Saray\u2019a \u00e7\u0131kacak olan Trump\u2019\u0131n a\u011f\u0131r su\u00e7lardan h\u00fck\u00fcm giyerek g\u00f6reve ba\u015flayan ilk ba\u015fkan olma yolunda oldu\u011fu \u015feklinde de\u011ferlendirildi.<\/p>\n<p>Trump\u2019\u0131n avukatlar\u0131, 4 Aral\u0131k 2024\u2019te Yarg\u0131\u00e7 Merchan\u2019a resmi ba\u015fvuruda bulunarak m\u00fcvekkilleri aleyhindeki davan\u0131n d\u00fc\u015f\u00fcr\u00fclmesi gerekti\u011fini belirtmi\u015fti.<\/p>\n<p>Ancak Merchan, se\u00e7ilmi\u015f ba\u015fkan\u0131n davas\u0131n\u0131n d\u00fc\u015f\u00fcr\u00fclmesi ba\u015fvurusunu reddederek Trump\u2019\u0131n sus pay\u0131 mahkumiyetinin ge\u00e7erli oldu\u011funa h\u00fckmetmi\u015fti.<\/p>\n<p>\u2013 Trump\u2019\u0131n \u201csus pay\u0131\u201d davas\u0131<\/p>\n<p>Donald Trump, Manhattan B\u00f6lge Savc\u0131l\u0131\u011f\u0131nca 18 Mart 2023\u2019te yeti\u015fkin filmlerinde oyunculuk yapan Stormy Daniels\u2019e 2016\u2019daki se\u00e7imler s\u0131ras\u0131nda yasa d\u0131\u015f\u0131 \u201csus pay\u0131\u201d \u00f6denmesiyle ilgili soru\u015fturma kapsam\u0131nda b\u00fcy\u00fck j\u00fcri taraf\u0131ndan yarg\u0131lanmas\u0131 i\u00e7in su\u00e7lanm\u0131\u015ft\u0131.<\/p>\n<p>Hakk\u0131ndaki su\u00e7lamalar\u0131 reddeden Trump, 15 Nisan 2024\u2019te New York\u2019ta yarg\u0131lanmaya ba\u015flanm\u0131\u015f, 6 hafta s\u00fcren duru\u015fmalar sonucunda 31 May\u0131s\u2019ta mahkeme j\u00fcrisi taraf\u0131ndan hakk\u0131ndaki 34 su\u00e7laman\u0131n tamam\u0131ndan su\u00e7lu bulunmu\u015ftu.<\/p>\n<p>ABD Y\u00fcksek Mahkemesi, 6 Ocak Kongre bask\u0131n\u0131ndaki rol\u00fc ve 2020 ba\u015fkanl\u0131k se\u00e7imlerine m\u00fcdahale iddialar\u0131 i\u00e7in Trump\u2019\u0131n \u201cbaz\u0131 konularda dokunulmazl\u0131\u011f\u0131\u201dn\u0131n bulundu\u011funa h\u00fckmetmi\u015fti.<\/p>\n<p>Mahkeme, 3\u2019e kar\u015f\u0131 6 oyla Trump\u2019\u0131n resmi eylemleri nedeniyle kovu\u015fturmaya kar\u015f\u0131 dokunulmazl\u0131k hakk\u0131na sahip oldu\u011funa ancak bu dokunulmazl\u0131\u011f\u0131n, \u00f6zel davran\u0131\u015flar\u0131 i\u00e7in ge\u00e7erli olmad\u0131\u011f\u0131na karar vermi\u015fti.<\/p>\n<p>Bunun \u00fczerine New York Mahkemesi Yarg\u0131c\u0131 Juan Merchan, yapt\u0131\u011f\u0131 yaz\u0131l\u0131 a\u00e7\u0131klamada, 18 Eyl\u00fcl\u2019de cezas\u0131n\u0131n a\u00e7\u0131klanmas\u0131 beklenen Trump\u2019\u0131n \u201csus pay\u0131\u201d davas\u0131n\u0131n 5 Kas\u0131m ABD Ba\u015fkanl\u0131k Se\u00e7imleri sonras\u0131na, 26 Kas\u0131m\u2019a ertelendi\u011fini duyurmu\u015ftu.<\/p>\n<p>Trump hakk\u0131ndaki, 2020 se\u00e7imlerine m\u00fcdahale ve devlete ait gizli belgeleri saklama su\u00e7lamalar\u0131ndan a\u00e7\u0131lan di\u011fer iki federal dava da, 5 Kas\u0131m se\u00e7imlerinden zaferle \u00e7\u0131kmas\u0131ndan sonra \u00d6zel Yetkili Savc\u0131 Jack Smith taraf\u0131ndan sonland\u0131r\u0131lm\u0131\u015ft\u0131.<\/p>\n<p>Georgia\u2019da a\u00e7\u0131lan eyalet d\u00fczeyindeki di\u011fer bir se\u00e7imlere m\u00fcdahale davas\u0131 da dondurulmu\u015ftu.<\/p>\n<p>Trump\u2019\u0131n su\u00e7lu bulundu\u011fu sus pay\u0131 davas\u0131ndan para cezas\u0131 ile 4 y\u0131la kadar hapis \u00f6ng\u00f6r\u00fcl\u00fcyordu.<\/p>\n<\/p><\/div>\n<p><script async\n                    defer\n                    crossorigin=\"anonymous\"\n                    src=\"https:\/\/connect.facebook.net\/tr_TR\/sdk.js#xfbml=1&#038;version=v3.3\"\n            ><\/script><\/p>\n","protected":false},"excerpt":{"rendered":"<p>New York Mahkemesi Yarg\u0131c\u0131 Juan Merchan, ABD\u2019nin se\u00e7ilmi\u015f ba\u015fkan\u0131 Donald Trump\u2019\u0131n su\u00e7lu bulundu\u011fu \u201csus pay\u0131\u201d davas\u0131nda cezan\u0131n 10 Ocak\u2019ta yap\u0131lacak duru\u015fmada verilece\u011fini duyurdu. Merchan, Trump\u2019\u0131n duru\u015fmaya sanal ortamda veya bizzat kat\u0131labilece\u011fini belirtti. Yarg\u0131\u00e7 Merchan, yay\u0131mlad\u0131\u011f\u0131 yaz\u0131l\u0131 karar\u0131nda \u201cSadece bu meseleye kesin bir \u00e7\u00f6z\u00fcm getirilerek adaletin \u00e7\u0131karlar\u0131 g\u00f6zetilece\u011fini\u201d kaydederek, Trump\u2019\u0131n 10 Ocak\u2019ta yap\u0131lacak duru\u015fmada cezas\u0131n\u0131n belirlenece\u011fini<\/p>\n","protected":false},"author":1,"featured_media":72958,"comment_status":"open","ping_status":"open","sticky":false,"template":"","format":"standard","meta":{"footnotes":""},"categories":[1],"tags":[],"class_list":["post-72957","post","type-post","status-publish","format-standard","has-post-thumbnail","hentry","category-gundem"],"yoast_head":"<!-- This site is optimized with the Yoast SEO plugin v27.5 - https:\/\/yoast.com\/product\/yoast-seo-wordpress\/ -->\n<title>ABD\u2019li Yarg\u0131\u00e7, \u201csus pay\u0131\u201d davas\u0131nda Trump\u2019a cezan\u0131n 10 Ocak\u2019ta verilece\u011fini a\u00e7\u0131klad\u0131 -<\/title>\n<meta name=\"robots\" content=\"index, follow, max-snippet:-1, max-image-preview:large, max-video-preview:-1\" \/>\n<link rel=\"canonical\" href=\"https:\/\/kibrisdakik.com\/?p=72957\" \/>\n<meta property=\"og:locale\" content=\"tr_TR\" \/>\n<meta property=\"og:type\" content=\"article\" \/>\n<meta property=\"og:title\" content=\"ABD\u2019li Yarg\u0131\u00e7, \u201csus pay\u0131\u201d davas\u0131nda Trump\u2019a cezan\u0131n 10 Ocak\u2019ta verilece\u011fini a\u00e7\u0131klad\u0131 -\" \/>\n<meta property=\"og:description\" content=\"New York Mahkemesi Yarg\u0131c\u0131 Juan Merchan, ABD\u2019nin se\u00e7ilmi\u015f ba\u015fkan\u0131 Donald Trump\u2019\u0131n su\u00e7lu bulundu\u011fu \u201csus pay\u0131\u201d davas\u0131nda cezan\u0131n 10 Ocak\u2019ta yap\u0131lacak duru\u015fmada verilece\u011fini duyurdu. Merchan, Trump\u2019\u0131n duru\u015fmaya sanal ortamda veya bizzat kat\u0131labilece\u011fini belirtti. Yarg\u0131\u00e7 Merchan, yay\u0131mlad\u0131\u011f\u0131 yaz\u0131l\u0131 karar\u0131nda \u201cSadece bu meseleye kesin bir \u00e7\u00f6z\u00fcm getirilerek adaletin \u00e7\u0131karlar\u0131 g\u00f6zetilece\u011fini\u201d kaydederek, Trump\u2019\u0131n 10 Ocak\u2019ta yap\u0131lacak duru\u015fmada cezas\u0131n\u0131n belirlenece\u011fini\" \/>\n<meta property=\"og:url\" content=\"https:\/\/kibrisdakik.com\/?p=72957\" \/>\n<meta property=\"article:published_time\" content=\"2025-01-04T07:54:34+00:00\" \/>\n<meta property=\"og:image\" content=\"https:\/\/kibrisdakik.com\/wp-content\/uploads\/2025\/01\/1735975970334TR-740x420.jpg\" \/>\n\t<meta property=\"og:image:width\" content=\"864\" \/>\n\t<meta property=\"og:image:height\" content=\"486\" \/>\n\t<meta property=\"og:image:type\" content=\"image\/jpeg\" \/>\n<meta name=\"author\" content=\"admin\" \/>\n<meta name=\"twitter:card\" content=\"summary_large_image\" \/>\n<meta name=\"twitter:label1\" content=\"Yazan:\" \/>\n\t<meta name=\"twitter:data1\" content=\"admin\" \/>\n\t<meta name=\"twitter:label2\" content=\"Tahmini okuma s\u00fcresi\" \/>\n\t<meta name=\"twitter:data2\" content=\"2 dakika\" \/>\n<script type=\"application\/ld+json\" class=\"yoast-schema-graph\">{\"@context\":\"https:\\\/\\\/schema.org\",\"@graph\":[{\"@type\":\"Article\",\"@id\":\"https:\\\/\\\/kibrisdakik.com\\\/?p=72957#article\",\"isPartOf\":{\"@id\":\"https:\\\/\\\/kibrisdakik.com\\\/?p=72957\"},\"author\":{\"name\":\"admin\",\"@id\":\"https:\\\/\\\/kibrisdakik.com\\\/#\\\/schema\\\/person\\\/9cd9d437bbb44f72b73ba127e06d8e79\"},\"headline\":\"ABD\u2019li Yarg\u0131\u00e7, \u201csus pay\u0131\u201d davas\u0131nda Trump\u2019a cezan\u0131n 10 Ocak\u2019ta verilece\u011fini a\u00e7\u0131klad\u0131\",\"datePublished\":\"2025-01-04T07:54:34+00:00\",\"mainEntityOfPage\":{\"@id\":\"https:\\\/\\\/kibrisdakik.com\\\/?p=72957\"},\"wordCount\":511,\"commentCount\":0,\"image\":{\"@id\":\"https:\\\/\\\/kibrisdakik.com\\\/?p=72957#primaryimage\"},\"thumbnailUrl\":\"https:\\\/\\\/kibrisdakik.com\\\/wp-content\\\/uploads\\\/2025\\\/01\\\/1735975970334TR-740x420.jpg\",\"articleSection\":[\"G\u00fcndem\"],\"inLanguage\":\"tr\",\"potentialAction\":[{\"@type\":\"CommentAction\",\"name\":\"Comment\",\"target\":[\"https:\\\/\\\/kibrisdakik.com\\\/?p=72957#respond\"]}]},{\"@type\":\"WebPage\",\"@id\":\"https:\\\/\\\/kibrisdakik.com\\\/?p=72957\",\"url\":\"https:\\\/\\\/kibrisdakik.com\\\/?p=72957\",\"name\":\"ABD\u2019li Yarg\u0131\u00e7, \u201csus pay\u0131\u201d davas\u0131nda Trump\u2019a cezan\u0131n 10 Ocak\u2019ta verilece\u011fini a\u00e7\u0131klad\u0131 -\",\"isPartOf\":{\"@id\":\"https:\\\/\\\/kibrisdakik.com\\\/#website\"},\"primaryImageOfPage\":{\"@id\":\"https:\\\/\\\/kibrisdakik.com\\\/?p=72957#primaryimage\"},\"image\":{\"@id\":\"https:\\\/\\\/kibrisdakik.com\\\/?p=72957#primaryimage\"},\"thumbnailUrl\":\"https:\\\/\\\/kibrisdakik.com\\\/wp-content\\\/uploads\\\/2025\\\/01\\\/1735975970334TR-740x420.jpg\",\"datePublished\":\"2025-01-04T07:54:34+00:00\",\"author\":{\"@id\":\"https:\\\/\\\/kibrisdakik.com\\\/#\\\/schema\\\/person\\\/9cd9d437bbb44f72b73ba127e06d8e79\"},\"breadcrumb\":{\"@id\":\"https:\\\/\\\/kibrisdakik.com\\\/?p=72957#breadcrumb\"},\"inLanguage\":\"tr\",\"potentialAction\":[{\"@type\":\"ReadAction\",\"target\":[\"https:\\\/\\\/kibrisdakik.com\\\/?p=72957\"]}]},{\"@type\":\"ImageObject\",\"inLanguage\":\"tr\",\"@id\":\"https:\\\/\\\/kibrisdakik.com\\\/?p=72957#primaryimage\",\"url\":\"https:\\\/\\\/kibrisdakik.com\\\/wp-content\\\/uploads\\\/2025\\\/01\\\/1735975970334TR-740x420.jpg\",\"contentUrl\":\"https:\\\/\\\/kibrisdakik.com\\\/wp-content\\\/uploads\\\/2025\\\/01\\\/1735975970334TR-740x420.jpg\",\"width\":864,\"height\":486},{\"@type\":\"BreadcrumbList\",\"@id\":\"https:\\\/\\\/kibrisdakik.com\\\/?p=72957#breadcrumb\",\"itemListElement\":[{\"@type\":\"ListItem\",\"position\":1,\"name\":\"Home\",\"item\":\"https:\\\/\\\/kibrisdakik.com\\\/\"},{\"@type\":\"ListItem\",\"position\":2,\"name\":\"ABD\u2019li Yarg\u0131\u00e7, \u201csus pay\u0131\u201d davas\u0131nda Trump\u2019a cezan\u0131n 10 Ocak\u2019ta verilece\u011fini a\u00e7\u0131klad\u0131\"}]},{\"@type\":\"WebSite\",\"@id\":\"https:\\\/\\\/kibrisdakik.com\\\/#website\",\"url\":\"https:\\\/\\\/kibrisdakik.com\\\/\",\"name\":\"\",\"description\":\"Tam vaktinde haber\",\"potentialAction\":[{\"@type\":\"SearchAction\",\"target\":{\"@type\":\"EntryPoint\",\"urlTemplate\":\"https:\\\/\\\/kibrisdakik.com\\\/?s={search_term_string}\"},\"query-input\":{\"@type\":\"PropertyValueSpecification\",\"valueRequired\":true,\"valueName\":\"search_term_string\"}}],\"inLanguage\":\"tr\"},{\"@type\":\"Person\",\"@id\":\"https:\\\/\\\/kibrisdakik.com\\\/#\\\/schema\\\/person\\\/9cd9d437bbb44f72b73ba127e06d8e79\",\"name\":\"admin\",\"image\":{\"@type\":\"ImageObject\",\"inLanguage\":\"tr\",\"@id\":\"https:\\\/\\\/secure.gravatar.com\\\/avatar\\\/ccc17943b9d660506c869530f897617f7cb1c21a4bf30023f252596d83e1f007?s=96&d=mm&r=g\",\"url\":\"https:\\\/\\\/secure.gravatar.com\\\/avatar\\\/ccc17943b9d660506c869530f897617f7cb1c21a4bf30023f252596d83e1f007?s=96&d=mm&r=g\",\"contentUrl\":\"https:\\\/\\\/secure.gravatar.com\\\/avatar\\\/ccc17943b9d660506c869530f897617f7cb1c21a4bf30023f252596d83e1f007?s=96&d=mm&r=g\",\"caption\":\"admin\"},\"sameAs\":[\"https:\\\/\\\/kibrisdakik.com\"],\"url\":\"https:\\\/\\\/kibrisdakik.com\\\/?author=1\"}]}<\/script>\n<!-- \/ Yoast SEO plugin. -->","yoast_head_json":{"title":"ABD\u2019li Yarg\u0131\u00e7, \u201csus pay\u0131\u201d davas\u0131nda Trump\u2019a cezan\u0131n 10 Ocak\u2019ta verilece\u011fini a\u00e7\u0131klad\u0131 -","robots":{"index":"index","follow":"follow","max-snippet":"max-snippet:-1","max-image-preview":"max-image-preview:large","max-video-preview":"max-video-preview:-1"},"canonical":"https:\/\/kibrisdakik.com\/?p=72957","og_locale":"tr_TR","og_type":"article","og_title":"ABD\u2019li Yarg\u0131\u00e7, \u201csus pay\u0131\u201d davas\u0131nda Trump\u2019a cezan\u0131n 10 Ocak\u2019ta verilece\u011fini a\u00e7\u0131klad\u0131 -","og_description":"New York Mahkemesi Yarg\u0131c\u0131 Juan Merchan, ABD\u2019nin se\u00e7ilmi\u015f ba\u015fkan\u0131 Donald Trump\u2019\u0131n su\u00e7lu bulundu\u011fu \u201csus pay\u0131\u201d davas\u0131nda cezan\u0131n 10 Ocak\u2019ta yap\u0131lacak duru\u015fmada verilece\u011fini duyurdu. Merchan, Trump\u2019\u0131n duru\u015fmaya sanal ortamda veya bizzat kat\u0131labilece\u011fini belirtti. Yarg\u0131\u00e7 Merchan, yay\u0131mlad\u0131\u011f\u0131 yaz\u0131l\u0131 karar\u0131nda \u201cSadece bu meseleye kesin bir \u00e7\u00f6z\u00fcm getirilerek adaletin \u00e7\u0131karlar\u0131 g\u00f6zetilece\u011fini\u201d kaydederek, Trump\u2019\u0131n 10 Ocak\u2019ta yap\u0131lacak duru\u015fmada cezas\u0131n\u0131n belirlenece\u011fini","og_url":"https:\/\/kibrisdakik.com\/?p=72957","article_published_time":"2025-01-04T07:54:34+00:00","og_image":[{"width":864,"height":486,"url":"https:\/\/kibrisdakik.com\/wp-content\/uploads\/2025\/01\/1735975970334TR-740x420.jpg","type":"image\/jpeg"}],"author":"admin","twitter_card":"summary_large_image","twitter_misc":{"Yazan:":"admin","Tahmini okuma s\u00fcresi":"2 dakika"},"schema":{"@context":"https:\/\/schema.org","@graph":[{"@type":"Article","@id":"https:\/\/kibrisdakik.com\/?p=72957#article","isPartOf":{"@id":"https:\/\/kibrisdakik.com\/?p=72957"},"author":{"name":"admin","@id":"https:\/\/kibrisdakik.com\/#\/schema\/person\/9cd9d437bbb44f72b73ba127e06d8e79"},"headline":"ABD\u2019li Yarg\u0131\u00e7, \u201csus pay\u0131\u201d davas\u0131nda Trump\u2019a cezan\u0131n 10 Ocak\u2019ta verilece\u011fini a\u00e7\u0131klad\u0131","datePublished":"2025-01-04T07:54:34+00:00","mainEntityOfPage":{"@id":"https:\/\/kibrisdakik.com\/?p=72957"},"wordCount":511,"commentCount":0,"image":{"@id":"https:\/\/kibrisdakik.com\/?p=72957#primaryimage"},"thumbnailUrl":"https:\/\/kibrisdakik.com\/wp-content\/uploads\/2025\/01\/1735975970334TR-740x420.jpg","articleSection":["G\u00fcndem"],"inLanguage":"tr","potentialAction":[{"@type":"CommentAction","name":"Comment","target":["https:\/\/kibrisdakik.com\/?p=72957#respond"]}]},{"@type":"WebPage","@id":"https:\/\/kibrisdakik.com\/?p=72957","url":"https:\/\/kibrisdakik.com\/?p=72957","name":"ABD\u2019li Yarg\u0131\u00e7, \u201csus pay\u0131\u201d davas\u0131nda Trump\u2019a cezan\u0131n 10 Ocak\u2019ta verilece\u011fini a\u00e7\u0131klad\u0131 -","isPartOf":{"@id":"https:\/\/kibrisdakik.com\/#website"},"primaryImageOfPage":{"@id":"https:\/\/kibrisdakik.com\/?p=72957#primaryimage"},"image":{"@id":"https:\/\/kibrisdakik.com\/?p=72957#primaryimage"},"thumbnailUrl":"https:\/\/kibrisdakik.com\/wp-content\/uploads\/2025\/01\/1735975970334TR-740x420.jpg","datePublished":"2025-01-04T07:54:34+00:00","author":{"@id":"https:\/\/kibrisdakik.com\/#\/schema\/person\/9cd9d437bbb44f72b73ba127e06d8e79"},"breadcrumb":{"@id":"https:\/\/kibrisdakik.com\/?p=72957#breadcrumb"},"inLanguage":"tr","potentialAction":[{"@type":"ReadAction","target":["https:\/\/kibrisdakik.com\/?p=72957"]}]},{"@type":"ImageObject","inLanguage":"tr","@id":"https:\/\/kibrisdakik.com\/?p=72957#primaryimage","url":"https:\/\/kibrisdakik.com\/wp-content\/uploads\/2025\/01\/1735975970334TR-740x420.jpg","contentUrl":"https:\/\/kibrisdakik.com\/wp-content\/uploads\/2025\/01\/1735975970334TR-740x420.jpg","width":864,"height":486},{"@type":"BreadcrumbList","@id":"https:\/\/kibrisdakik.com\/?p=72957#breadcrumb","itemListElement":[{"@type":"ListItem","position":1,"name":"Home","item":"https:\/\/kibrisdakik.com\/"},{"@type":"ListItem","position":2,"name":"ABD\u2019li Yarg\u0131\u00e7, \u201csus pay\u0131\u201d davas\u0131nda Trump\u2019a cezan\u0131n 10 Ocak\u2019ta verilece\u011fini a\u00e7\u0131klad\u0131"}]},{"@type":"WebSite","@id":"https:\/\/kibrisdakik.com\/#website","url":"https:\/\/kibrisdakik.com\/","name":"","description":"Tam vaktinde haber","potentialAction":[{"@type":"SearchAction","target":{"@type":"EntryPoint","urlTemplate":"https:\/\/kibrisdakik.com\/?s={search_term_string}"},"query-input":{"@type":"PropertyValueSpecification","valueRequired":true,"valueName":"search_term_string"}}],"inLanguage":"tr"},{"@type":"Person","@id":"https:\/\/kibrisdakik.com\/#\/schema\/person\/9cd9d437bbb44f72b73ba127e06d8e79","name":"admin","image":{"@type":"ImageObject","inLanguage":"tr","@id":"https:\/\/secure.gravatar.com\/avatar\/ccc17943b9d660506c869530f897617f7cb1c21a4bf30023f252596d83e1f007?s=96&d=mm&r=g","url":"https:\/\/secure.gravatar.com\/avatar\/ccc17943b9d660506c869530f897617f7cb1c21a4bf30023f252596d83e1f007?s=96&d=mm&r=g","contentUrl":"https:\/\/secure.gravatar.com\/avatar\/ccc17943b9d660506c869530f897617f7cb1c21a4bf30023f252596d83e1f007?s=96&d=mm&r=g","caption":"admin"},"sameAs":["https:\/\/kibrisdakik.com"],"url":"https:\/\/kibrisdakik.com\/?author=1"}]}},"_links":{"self":[{"href":"https:\/\/kibrisdakik.com\/index.php?rest_route=\/wp\/v2\/posts\/72957","targetHints":{"allow":["GET"]}}],"collection":[{"href":"https:\/\/kibrisdakik.com\/index.php?rest_route=\/wp\/v2\/posts"}],"about":[{"href":"https:\/\/kibrisdakik.com\/index.php?rest_route=\/wp\/v2\/types\/post"}],"author":[{"embeddable":true,"href":"https:\/\/kibrisdakik.com\/index.php?rest_route=\/wp\/v2\/users\/1"}],"replies":[{"embeddable":true,"href":"https:\/\/kibrisdakik.com\/index.php?rest_route=%2Fwp%2Fv2%2Fcomments&post=72957"}],"version-history":[{"count":0,"href":"https:\/\/kibrisdakik.com\/index.php?rest_route=\/wp\/v2\/posts\/72957\/revisions"}],"wp:featuredmedia":[{"embeddable":true,"href":"https:\/\/kibrisdakik.com\/index.php?rest_route=\/wp\/v2\/media\/72958"}],"wp:attachment":[{"href":"https:\/\/kibrisdakik.com\/index.php?rest_route=%2Fwp%2Fv2%2Fmedia&parent=72957"}],"wp:term":[{"taxonomy":"category","embeddable":true,"href":"https:\/\/kibrisdakik.com\/index.php?rest_route=%2Fwp%2Fv2%2Fcategories&post=72957"},{"taxonomy":"post_tag","embeddable":true,"href":"https:\/\/kibrisdakik.com\/index.php?rest_route=%2Fwp%2Fv2%2Ftags&post=72957"}],"curies":[{"name":"wp","href":"https:\/\/api.w.org\/{rel}","templated":true}]}}