{"id":72986,"date":"2025-01-06T11:54:20","date_gmt":"2025-01-06T08:54:20","guid":{"rendered":"https:\/\/kibrisdakik.com\/index.php\/2025\/01\/06\/beyaz-baston-gorme-engelliler-haftasi-gormezler-dernegi-duyarlilik-cagrisi-yapti\/"},"modified":"2025-01-06T11:54:20","modified_gmt":"2025-01-06T08:54:20","slug":"beyaz-baston-gorme-engelliler-haftasi-gormezler-dernegi-duyarlilik-cagrisi-yapti","status":"publish","type":"post","link":"https:\/\/kibrisdakik.com\/?p=72986","title":{"rendered":"Beyaz Baston G\u00f6rme Engelliler Haftas\u0131\u2026 G\u00f6rmezler Derne\u011fi duyarl\u0131l\u0131k \u00e7a\u011fr\u0131s\u0131 yapt\u0131"},"content":{"rendered":"<div>\n<div class=\"mariselle-image-container center\">\n                                            <\/div>\n<p> K\u0131br\u0131s T\u00fcrk G\u00f6rmezler Derne\u011fi Ba\u015fkan\u0131 Dervi\u015f Y\u00fccet\u00fcrk, 7-14 Ocak Beyaz Baston G\u00f6rme Engelliler Haftas\u0131 dolay\u0131s\u0131yla a\u00e7\u0131klama yaparak, beyaz baston kullanan g\u00f6rme engellilere yaya ge\u00e7i\u015flerinde ve yollarda engelsiz bir ortam sa\u011flanmas\u0131 i\u00e7in duyarl\u0131l\u0131k g\u00f6sterilmesini istedi.<\/p>\n<p>A\u00e7\u0131klamada, haftan\u0131n amac\u0131n\u0131n g\u00f6rme engellilerin ba\u011f\u0131ms\u0131z hareket edebilmesi i\u00e7in gerekli altyap\u0131 ve sinyalizasyonlar\u0131n olu\u015fturulmas\u0131na dikkat \u00e7ekmek oldu\u011fu belirtildi. Bu kapsamda belediyeler, Bay\u0131nd\u0131rl\u0131k ve Ula\u015ft\u0131rma Bakanl\u0131\u011f\u0131 ile di\u011fer ilgili birimlerin i\u015f birli\u011fi yaparak \u015fehir i\u00e7i ve \u015fehirler aras\u0131 trafik d\u00fczenlemelerinin g\u00f6rme engellilere uygun hale getirilmesinin \u00f6nemine vurgu yap\u0131ld\u0131.<\/p>\n<p>Ayr\u0131ca hafta boyunca, g\u00f6rme engellilerin e\u011fitim, istihdam ve sosyal hayattaki di\u011fer sorunlar\u0131n\u0131n da g\u00fcndeme getirilece\u011fi ifade edildi.<\/p>\n<\/p><\/div>\n<p><script async\n                    defer\n                    crossorigin=\"anonymous\"\n                    src=\"https:\/\/connect.facebook.net\/tr_TR\/sdk.js#xfbml=1&#038;version=v3.3\"\n            ><\/script><\/p>\n","protected":false},"excerpt":{"rendered":"<p>K\u0131br\u0131s T\u00fcrk G\u00f6rmezler Derne\u011fi Ba\u015fkan\u0131 Dervi\u015f Y\u00fccet\u00fcrk, 7-14 Ocak Beyaz Baston G\u00f6rme Engelliler Haftas\u0131 dolay\u0131s\u0131yla a\u00e7\u0131klama yaparak, beyaz baston kullanan g\u00f6rme engellilere yaya ge\u00e7i\u015flerinde ve yollarda engelsiz bir ortam sa\u011flanmas\u0131 i\u00e7in duyarl\u0131l\u0131k g\u00f6sterilmesini istedi. A\u00e7\u0131klamada, haftan\u0131n amac\u0131n\u0131n g\u00f6rme engellilerin ba\u011f\u0131ms\u0131z hareket edebilmesi i\u00e7in gerekli altyap\u0131 ve sinyalizasyonlar\u0131n olu\u015fturulmas\u0131na dikkat \u00e7ekmek oldu\u011fu belirtildi. Bu kapsamda belediyeler,<\/p>\n","protected":false},"author":1,"featured_media":72987,"comment_status":"open","ping_status":"open","sticky":false,"template":"","format":"standard","meta":{"footnotes":""},"categories":[81],"tags":[],"class_list":["post-72986","post","type-post","status-publish","format-standard","has-post-thumbnail","hentry","category-kibris"],"yoast_head":"<!-- This site is optimized with the Yoast SEO plugin v27.5 - https:\/\/yoast.com\/product\/yoast-seo-wordpress\/ -->\n<title>Beyaz Baston G\u00f6rme Engelliler Haftas\u0131\u2026 G\u00f6rmezler Derne\u011fi duyarl\u0131l\u0131k \u00e7a\u011fr\u0131s\u0131 yapt\u0131 -<\/title>\n<meta name=\"robots\" content=\"index, follow, max-snippet:-1, max-image-preview:large, max-video-preview:-1\" \/>\n<link rel=\"canonical\" href=\"https:\/\/kibrisdakik.com\/?p=72986\" \/>\n<meta property=\"og:locale\" content=\"tr_TR\" \/>\n<meta property=\"og:type\" content=\"article\" \/>\n<meta property=\"og:title\" content=\"Beyaz Baston G\u00f6rme Engelliler Haftas\u0131\u2026 G\u00f6rmezler Derne\u011fi duyarl\u0131l\u0131k \u00e7a\u011fr\u0131s\u0131 yapt\u0131 -\" \/>\n<meta property=\"og:description\" content=\"K\u0131br\u0131s T\u00fcrk G\u00f6rmezler Derne\u011fi Ba\u015fkan\u0131 Dervi\u015f Y\u00fccet\u00fcrk, 7-14 Ocak Beyaz Baston G\u00f6rme Engelliler Haftas\u0131 dolay\u0131s\u0131yla a\u00e7\u0131klama yaparak, beyaz baston kullanan g\u00f6rme engellilere yaya ge\u00e7i\u015flerinde ve yollarda engelsiz bir ortam sa\u011flanmas\u0131 i\u00e7in duyarl\u0131l\u0131k g\u00f6sterilmesini istedi. A\u00e7\u0131klamada, haftan\u0131n amac\u0131n\u0131n g\u00f6rme engellilerin ba\u011f\u0131ms\u0131z hareket edebilmesi i\u00e7in gerekli altyap\u0131 ve sinyalizasyonlar\u0131n olu\u015fturulmas\u0131na dikkat \u00e7ekmek oldu\u011fu belirtildi. Bu kapsamda belediyeler,\" \/>\n<meta property=\"og:url\" content=\"https:\/\/kibrisdakik.com\/?p=72986\" \/>\n<meta property=\"article:published_time\" content=\"2025-01-06T08:54:20+00:00\" \/>\n<meta property=\"og:image\" content=\"https:\/\/kibrisdakik.com\/wp-content\/uploads\/2025\/01\/Beyaz-Baston-Gorme-Engelliler-Haftasi.webp-740x420.webp\" \/>\n\t<meta property=\"og:image:width\" content=\"1280\" \/>\n\t<meta property=\"og:image:height\" content=\"720\" \/>\n\t<meta property=\"og:image:type\" content=\"image\/webp\" \/>\n<meta name=\"author\" content=\"admin\" \/>\n<meta name=\"twitter:card\" content=\"summary_large_image\" \/>\n<meta name=\"twitter:label1\" content=\"Yazan:\" \/>\n\t<meta name=\"twitter:data1\" content=\"admin\" \/>\n\t<meta name=\"twitter:label2\" content=\"Tahmini okuma s\u00fcresi\" \/>\n\t<meta name=\"twitter:data2\" content=\"1 dakika\" \/>\n<script type=\"application\/ld+json\" class=\"yoast-schema-graph\">{\"@context\":\"https:\\\/\\\/schema.org\",\"@graph\":[{\"@type\":\"Article\",\"@id\":\"https:\\\/\\\/kibrisdakik.com\\\/?p=72986#article\",\"isPartOf\":{\"@id\":\"https:\\\/\\\/kibrisdakik.com\\\/?p=72986\"},\"author\":{\"name\":\"admin\",\"@id\":\"https:\\\/\\\/kibrisdakik.com\\\/#\\\/schema\\\/person\\\/9cd9d437bbb44f72b73ba127e06d8e79\"},\"headline\":\"Beyaz Baston G\u00f6rme Engelliler Haftas\u0131\u2026 G\u00f6rmezler Derne\u011fi duyarl\u0131l\u0131k \u00e7a\u011fr\u0131s\u0131 yapt\u0131\",\"datePublished\":\"2025-01-06T08:54:20+00:00\",\"mainEntityOfPage\":{\"@id\":\"https:\\\/\\\/kibrisdakik.com\\\/?p=72986\"},\"wordCount\":166,\"commentCount\":0,\"image\":{\"@id\":\"https:\\\/\\\/kibrisdakik.com\\\/?p=72986#primaryimage\"},\"thumbnailUrl\":\"https:\\\/\\\/kibrisdakik.com\\\/wp-content\\\/uploads\\\/2025\\\/01\\\/Beyaz-Baston-Gorme-Engelliler-Haftasi.webp-740x420.webp\",\"articleSection\":[\"K\u0131br\u0131s\"],\"inLanguage\":\"tr\",\"potentialAction\":[{\"@type\":\"CommentAction\",\"name\":\"Comment\",\"target\":[\"https:\\\/\\\/kibrisdakik.com\\\/?p=72986#respond\"]}]},{\"@type\":\"WebPage\",\"@id\":\"https:\\\/\\\/kibrisdakik.com\\\/?p=72986\",\"url\":\"https:\\\/\\\/kibrisdakik.com\\\/?p=72986\",\"name\":\"Beyaz Baston G\u00f6rme Engelliler Haftas\u0131\u2026 G\u00f6rmezler Derne\u011fi duyarl\u0131l\u0131k \u00e7a\u011fr\u0131s\u0131 yapt\u0131 -\",\"isPartOf\":{\"@id\":\"https:\\\/\\\/kibrisdakik.com\\\/#website\"},\"primaryImageOfPage\":{\"@id\":\"https:\\\/\\\/kibrisdakik.com\\\/?p=72986#primaryimage\"},\"image\":{\"@id\":\"https:\\\/\\\/kibrisdakik.com\\\/?p=72986#primaryimage\"},\"thumbnailUrl\":\"https:\\\/\\\/kibrisdakik.com\\\/wp-content\\\/uploads\\\/2025\\\/01\\\/Beyaz-Baston-Gorme-Engelliler-Haftasi.webp-740x420.webp\",\"datePublished\":\"2025-01-06T08:54:20+00:00\",\"author\":{\"@id\":\"https:\\\/\\\/kibrisdakik.com\\\/#\\\/schema\\\/person\\\/9cd9d437bbb44f72b73ba127e06d8e79\"},\"breadcrumb\":{\"@id\":\"https:\\\/\\\/kibrisdakik.com\\\/?p=72986#breadcrumb\"},\"inLanguage\":\"tr\",\"potentialAction\":[{\"@type\":\"ReadAction\",\"target\":[\"https:\\\/\\\/kibrisdakik.com\\\/?p=72986\"]}]},{\"@type\":\"ImageObject\",\"inLanguage\":\"tr\",\"@id\":\"https:\\\/\\\/kibrisdakik.com\\\/?p=72986#primaryimage\",\"url\":\"https:\\\/\\\/kibrisdakik.com\\\/wp-content\\\/uploads\\\/2025\\\/01\\\/Beyaz-Baston-Gorme-Engelliler-Haftasi.webp-740x420.webp\",\"contentUrl\":\"https:\\\/\\\/kibrisdakik.com\\\/wp-content\\\/uploads\\\/2025\\\/01\\\/Beyaz-Baston-Gorme-Engelliler-Haftasi.webp-740x420.webp\",\"width\":1280,\"height\":720},{\"@type\":\"BreadcrumbList\",\"@id\":\"https:\\\/\\\/kibrisdakik.com\\\/?p=72986#breadcrumb\",\"itemListElement\":[{\"@type\":\"ListItem\",\"position\":1,\"name\":\"Home\",\"item\":\"https:\\\/\\\/kibrisdakik.com\\\/\"},{\"@type\":\"ListItem\",\"position\":2,\"name\":\"Beyaz Baston G\u00f6rme Engelliler Haftas\u0131\u2026 G\u00f6rmezler Derne\u011fi duyarl\u0131l\u0131k \u00e7a\u011fr\u0131s\u0131 yapt\u0131\"}]},{\"@type\":\"WebSite\",\"@id\":\"https:\\\/\\\/kibrisdakik.com\\\/#website\",\"url\":\"https:\\\/\\\/kibrisdakik.com\\\/\",\"name\":\"\",\"description\":\"Tam vaktinde haber\",\"potentialAction\":[{\"@type\":\"SearchAction\",\"target\":{\"@type\":\"EntryPoint\",\"urlTemplate\":\"https:\\\/\\\/kibrisdakik.com\\\/?s={search_term_string}\"},\"query-input\":{\"@type\":\"PropertyValueSpecification\",\"valueRequired\":true,\"valueName\":\"search_term_string\"}}],\"inLanguage\":\"tr\"},{\"@type\":\"Person\",\"@id\":\"https:\\\/\\\/kibrisdakik.com\\\/#\\\/schema\\\/person\\\/9cd9d437bbb44f72b73ba127e06d8e79\",\"name\":\"admin\",\"image\":{\"@type\":\"ImageObject\",\"inLanguage\":\"tr\",\"@id\":\"https:\\\/\\\/secure.gravatar.com\\\/avatar\\\/ccc17943b9d660506c869530f897617f7cb1c21a4bf30023f252596d83e1f007?s=96&d=mm&r=g\",\"url\":\"https:\\\/\\\/secure.gravatar.com\\\/avatar\\\/ccc17943b9d660506c869530f897617f7cb1c21a4bf30023f252596d83e1f007?s=96&d=mm&r=g\",\"contentUrl\":\"https:\\\/\\\/secure.gravatar.com\\\/avatar\\\/ccc17943b9d660506c869530f897617f7cb1c21a4bf30023f252596d83e1f007?s=96&d=mm&r=g\",\"caption\":\"admin\"},\"sameAs\":[\"https:\\\/\\\/kibrisdakik.com\"],\"url\":\"https:\\\/\\\/kibrisdakik.com\\\/?author=1\"}]}<\/script>\n<!-- \/ Yoast SEO plugin. -->","yoast_head_json":{"title":"Beyaz Baston G\u00f6rme Engelliler Haftas\u0131\u2026 G\u00f6rmezler Derne\u011fi duyarl\u0131l\u0131k \u00e7a\u011fr\u0131s\u0131 yapt\u0131 -","robots":{"index":"index","follow":"follow","max-snippet":"max-snippet:-1","max-image-preview":"max-image-preview:large","max-video-preview":"max-video-preview:-1"},"canonical":"https:\/\/kibrisdakik.com\/?p=72986","og_locale":"tr_TR","og_type":"article","og_title":"Beyaz Baston G\u00f6rme Engelliler Haftas\u0131\u2026 G\u00f6rmezler Derne\u011fi duyarl\u0131l\u0131k \u00e7a\u011fr\u0131s\u0131 yapt\u0131 -","og_description":"K\u0131br\u0131s T\u00fcrk G\u00f6rmezler Derne\u011fi Ba\u015fkan\u0131 Dervi\u015f Y\u00fccet\u00fcrk, 7-14 Ocak Beyaz Baston G\u00f6rme Engelliler Haftas\u0131 dolay\u0131s\u0131yla a\u00e7\u0131klama yaparak, beyaz baston kullanan g\u00f6rme engellilere yaya ge\u00e7i\u015flerinde ve yollarda engelsiz bir ortam sa\u011flanmas\u0131 i\u00e7in duyarl\u0131l\u0131k g\u00f6sterilmesini istedi. A\u00e7\u0131klamada, haftan\u0131n amac\u0131n\u0131n g\u00f6rme engellilerin ba\u011f\u0131ms\u0131z hareket edebilmesi i\u00e7in gerekli altyap\u0131 ve sinyalizasyonlar\u0131n olu\u015fturulmas\u0131na dikkat \u00e7ekmek oldu\u011fu belirtildi. Bu kapsamda belediyeler,","og_url":"https:\/\/kibrisdakik.com\/?p=72986","article_published_time":"2025-01-06T08:54:20+00:00","og_image":[{"width":1280,"height":720,"url":"https:\/\/kibrisdakik.com\/wp-content\/uploads\/2025\/01\/Beyaz-Baston-Gorme-Engelliler-Haftasi.webp-740x420.webp","type":"image\/webp"}],"author":"admin","twitter_card":"summary_large_image","twitter_misc":{"Yazan:":"admin","Tahmini okuma s\u00fcresi":"1 dakika"},"schema":{"@context":"https:\/\/schema.org","@graph":[{"@type":"Article","@id":"https:\/\/kibrisdakik.com\/?p=72986#article","isPartOf":{"@id":"https:\/\/kibrisdakik.com\/?p=72986"},"author":{"name":"admin","@id":"https:\/\/kibrisdakik.com\/#\/schema\/person\/9cd9d437bbb44f72b73ba127e06d8e79"},"headline":"Beyaz Baston G\u00f6rme Engelliler Haftas\u0131\u2026 G\u00f6rmezler Derne\u011fi duyarl\u0131l\u0131k \u00e7a\u011fr\u0131s\u0131 yapt\u0131","datePublished":"2025-01-06T08:54:20+00:00","mainEntityOfPage":{"@id":"https:\/\/kibrisdakik.com\/?p=72986"},"wordCount":166,"commentCount":0,"image":{"@id":"https:\/\/kibrisdakik.com\/?p=72986#primaryimage"},"thumbnailUrl":"https:\/\/kibrisdakik.com\/wp-content\/uploads\/2025\/01\/Beyaz-Baston-Gorme-Engelliler-Haftasi.webp-740x420.webp","articleSection":["K\u0131br\u0131s"],"inLanguage":"tr","potentialAction":[{"@type":"CommentAction","name":"Comment","target":["https:\/\/kibrisdakik.com\/?p=72986#respond"]}]},{"@type":"WebPage","@id":"https:\/\/kibrisdakik.com\/?p=72986","url":"https:\/\/kibrisdakik.com\/?p=72986","name":"Beyaz Baston G\u00f6rme Engelliler Haftas\u0131\u2026 G\u00f6rmezler Derne\u011fi duyarl\u0131l\u0131k \u00e7a\u011fr\u0131s\u0131 yapt\u0131 -","isPartOf":{"@id":"https:\/\/kibrisdakik.com\/#website"},"primaryImageOfPage":{"@id":"https:\/\/kibrisdakik.com\/?p=72986#primaryimage"},"image":{"@id":"https:\/\/kibrisdakik.com\/?p=72986#primaryimage"},"thumbnailUrl":"https:\/\/kibrisdakik.com\/wp-content\/uploads\/2025\/01\/Beyaz-Baston-Gorme-Engelliler-Haftasi.webp-740x420.webp","datePublished":"2025-01-06T08:54:20+00:00","author":{"@id":"https:\/\/kibrisdakik.com\/#\/schema\/person\/9cd9d437bbb44f72b73ba127e06d8e79"},"breadcrumb":{"@id":"https:\/\/kibrisdakik.com\/?p=72986#breadcrumb"},"inLanguage":"tr","potentialAction":[{"@type":"ReadAction","target":["https:\/\/kibrisdakik.com\/?p=72986"]}]},{"@type":"ImageObject","inLanguage":"tr","@id":"https:\/\/kibrisdakik.com\/?p=72986#primaryimage","url":"https:\/\/kibrisdakik.com\/wp-content\/uploads\/2025\/01\/Beyaz-Baston-Gorme-Engelliler-Haftasi.webp-740x420.webp","contentUrl":"https:\/\/kibrisdakik.com\/wp-content\/uploads\/2025\/01\/Beyaz-Baston-Gorme-Engelliler-Haftasi.webp-740x420.webp","width":1280,"height":720},{"@type":"BreadcrumbList","@id":"https:\/\/kibrisdakik.com\/?p=72986#breadcrumb","itemListElement":[{"@type":"ListItem","position":1,"name":"Home","item":"https:\/\/kibrisdakik.com\/"},{"@type":"ListItem","position":2,"name":"Beyaz Baston G\u00f6rme Engelliler Haftas\u0131\u2026 G\u00f6rmezler Derne\u011fi duyarl\u0131l\u0131k \u00e7a\u011fr\u0131s\u0131 yapt\u0131"}]},{"@type":"WebSite","@id":"https:\/\/kibrisdakik.com\/#website","url":"https:\/\/kibrisdakik.com\/","name":"","description":"Tam vaktinde haber","potentialAction":[{"@type":"SearchAction","target":{"@type":"EntryPoint","urlTemplate":"https:\/\/kibrisdakik.com\/?s={search_term_string}"},"query-input":{"@type":"PropertyValueSpecification","valueRequired":true,"valueName":"search_term_string"}}],"inLanguage":"tr"},{"@type":"Person","@id":"https:\/\/kibrisdakik.com\/#\/schema\/person\/9cd9d437bbb44f72b73ba127e06d8e79","name":"admin","image":{"@type":"ImageObject","inLanguage":"tr","@id":"https:\/\/secure.gravatar.com\/avatar\/ccc17943b9d660506c869530f897617f7cb1c21a4bf30023f252596d83e1f007?s=96&d=mm&r=g","url":"https:\/\/secure.gravatar.com\/avatar\/ccc17943b9d660506c869530f897617f7cb1c21a4bf30023f252596d83e1f007?s=96&d=mm&r=g","contentUrl":"https:\/\/secure.gravatar.com\/avatar\/ccc17943b9d660506c869530f897617f7cb1c21a4bf30023f252596d83e1f007?s=96&d=mm&r=g","caption":"admin"},"sameAs":["https:\/\/kibrisdakik.com"],"url":"https:\/\/kibrisdakik.com\/?author=1"}]}},"_links":{"self":[{"href":"https:\/\/kibrisdakik.com\/index.php?rest_route=\/wp\/v2\/posts\/72986","targetHints":{"allow":["GET"]}}],"collection":[{"href":"https:\/\/kibrisdakik.com\/index.php?rest_route=\/wp\/v2\/posts"}],"about":[{"href":"https:\/\/kibrisdakik.com\/index.php?rest_route=\/wp\/v2\/types\/post"}],"author":[{"embeddable":true,"href":"https:\/\/kibrisdakik.com\/index.php?rest_route=\/wp\/v2\/users\/1"}],"replies":[{"embeddable":true,"href":"https:\/\/kibrisdakik.com\/index.php?rest_route=%2Fwp%2Fv2%2Fcomments&post=72986"}],"version-history":[{"count":0,"href":"https:\/\/kibrisdakik.com\/index.php?rest_route=\/wp\/v2\/posts\/72986\/revisions"}],"wp:featuredmedia":[{"embeddable":true,"href":"https:\/\/kibrisdakik.com\/index.php?rest_route=\/wp\/v2\/media\/72987"}],"wp:attachment":[{"href":"https:\/\/kibrisdakik.com\/index.php?rest_route=%2Fwp%2Fv2%2Fmedia&parent=72986"}],"wp:term":[{"taxonomy":"category","embeddable":true,"href":"https:\/\/kibrisdakik.com\/index.php?rest_route=%2Fwp%2Fv2%2Fcategories&post=72986"},{"taxonomy":"post_tag","embeddable":true,"href":"https:\/\/kibrisdakik.com\/index.php?rest_route=%2Fwp%2Fv2%2Ftags&post=72986"}],"curies":[{"name":"wp","href":"https:\/\/api.w.org\/{rel}","templated":true}]}}