{"id":72999,"date":"2025-01-06T12:56:43","date_gmt":"2025-01-06T09:56:43","guid":{"rendered":"https:\/\/kibrisdakik.com\/index.php\/2025\/01\/06\/ermenistan-ordusu-sinirda-azerbaycan-mevzilerine-ates-acti\/"},"modified":"2025-01-06T12:56:43","modified_gmt":"2025-01-06T09:56:43","slug":"ermenistan-ordusu-sinirda-azerbaycan-mevzilerine-ates-acti","status":"publish","type":"post","link":"https:\/\/kibrisdakik.com\/?p=72999","title":{"rendered":"Ermenistan ordusu, s\u0131n\u0131rda Azerbaycan mevzilerine ate\u015f a\u00e7t\u0131"},"content":{"rendered":"<p><\/p>\n<div>\n<div class=\"mariselle-image-container center\">\n                <img loading=\"lazy\" decoding=\"async\" width=\"864\" height=\"486\" class=\"lazy-image\" alt=\"\" sizes=\"auto, (max-width: 864px) 100vw, 864px\" src=\"https:\/\/brtk.net\/wp-content\/uploads\/2025\/01\/06\/1736154698689thumbs_b_c_86280c50fd77c6b2ced75fcc1ae5d117.jpg?ver=e6ed8b5be8a398dbd1527f43412317aa\" srcset=\"https:\/\/brtk.net\/wp-content\/uploads\/2025\/01\/06\/1736154698689thumbs_b_c_86280c50fd77c6b2ced75fcc1ae5d117.jpg?ver=e6ed8b5be8a398dbd1527f43412317aa 864w, https:\/\/brtk.net\/wp-content\/uploads\/2025\/01\/06\/1736154698689thumbs_b_c_86280c50fd77c6b2ced75fcc1ae5d117-300x169.jpg?ver=135dbd0b54679bb34d9a7cb623f20ab9 300w, https:\/\/brtk.net\/wp-content\/uploads\/2025\/01\/06\/1736154698689thumbs_b_c_86280c50fd77c6b2ced75fcc1ae5d117-768x432.jpg?ver=135dbd0b54679bb34d9a7cb623f20ab9 768w\"\/>                            <\/div>\n<p>Azerbaycan Savunma Bakanl\u0131\u011f\u0131, Ermenistan birliklerinin, La\u00e7\u0131n\u2019daki Azerbaycan mevzilerine ate\u015f a\u00e7t\u0131\u011f\u0131n\u0131 duyurdu.<\/p>\n<p>Savunma Bakanl\u0131\u011f\u0131ndan yap\u0131lan a\u00e7\u0131klamada, Gorus ilinin D\u0131\u011f ve Hanazah k\u00f6y\u00fcndeki Ermenistan mevzilerinden d\u00fcn yerel saatle 22.00 sular\u0131nda La\u00e7\u0131n ilinin Zabuh ve Ca\u011fazur k\u00f6yleri istikametindeki Azerbaycan mevzilerine ate\u015f a\u00e7\u0131ld\u0131\u011f\u0131 bildirildi.<\/p>\n<p>A\u00e7\u0131klamada, son g\u00fcnlerde Ermenistan ordusunun, Azerbaycan mevzilerine birka\u00e7 kez ate\u015f a\u00e7t\u0131\u011f\u0131 kaydedildi.<\/p>\n<\/p><\/div>\n<p><script async\n                    defer\n                    crossorigin=\"anonymous\"\n                    src=\"https:\/\/connect.facebook.net\/tr_TR\/sdk.js#xfbml=1&#038;version=v3.3\"\n            ><\/script><\/p>\n","protected":false},"excerpt":{"rendered":"<p>Azerbaycan Savunma Bakanl\u0131\u011f\u0131, Ermenistan birliklerinin, La\u00e7\u0131n\u2019daki Azerbaycan mevzilerine ate\u015f a\u00e7t\u0131\u011f\u0131n\u0131 duyurdu. Savunma Bakanl\u0131\u011f\u0131ndan yap\u0131lan a\u00e7\u0131klamada, Gorus ilinin D\u0131\u011f ve Hanazah k\u00f6y\u00fcndeki Ermenistan mevzilerinden d\u00fcn yerel saatle 22.00 sular\u0131nda La\u00e7\u0131n ilinin Zabuh ve Ca\u011fazur k\u00f6yleri istikametindeki Azerbaycan mevzilerine ate\u015f a\u00e7\u0131ld\u0131\u011f\u0131 bildirildi. A\u00e7\u0131klamada, son g\u00fcnlerde Ermenistan ordusunun, Azerbaycan mevzilerine birka\u00e7 kez ate\u015f a\u00e7t\u0131\u011f\u0131 kaydedildi.<\/p>\n","protected":false},"author":1,"featured_media":73000,"comment_status":"open","ping_status":"open","sticky":false,"template":"","format":"standard","meta":{"footnotes":""},"categories":[1],"tags":[],"class_list":["post-72999","post","type-post","status-publish","format-standard","has-post-thumbnail","hentry","category-gundem"],"yoast_head":"<!-- This site is optimized with the Yoast SEO plugin v27.4 - https:\/\/yoast.com\/product\/yoast-seo-wordpress\/ -->\n<title>Ermenistan ordusu, s\u0131n\u0131rda Azerbaycan mevzilerine ate\u015f a\u00e7t\u0131 -<\/title>\n<meta name=\"robots\" content=\"index, follow, max-snippet:-1, max-image-preview:large, max-video-preview:-1\" \/>\n<link rel=\"canonical\" href=\"https:\/\/kibrisdakik.com\/?p=72999\" \/>\n<meta property=\"og:locale\" content=\"tr_TR\" \/>\n<meta property=\"og:type\" content=\"article\" \/>\n<meta property=\"og:title\" content=\"Ermenistan ordusu, s\u0131n\u0131rda Azerbaycan mevzilerine ate\u015f a\u00e7t\u0131 -\" \/>\n<meta property=\"og:description\" content=\"Azerbaycan Savunma Bakanl\u0131\u011f\u0131, Ermenistan birliklerinin, La\u00e7\u0131n\u2019daki Azerbaycan mevzilerine ate\u015f a\u00e7t\u0131\u011f\u0131n\u0131 duyurdu. Savunma Bakanl\u0131\u011f\u0131ndan yap\u0131lan a\u00e7\u0131klamada, Gorus ilinin D\u0131\u011f ve Hanazah k\u00f6y\u00fcndeki Ermenistan mevzilerinden d\u00fcn yerel saatle 22.00 sular\u0131nda La\u00e7\u0131n ilinin Zabuh ve Ca\u011fazur k\u00f6yleri istikametindeki Azerbaycan mevzilerine ate\u015f a\u00e7\u0131ld\u0131\u011f\u0131 bildirildi. A\u00e7\u0131klamada, son g\u00fcnlerde Ermenistan ordusunun, Azerbaycan mevzilerine birka\u00e7 kez ate\u015f a\u00e7t\u0131\u011f\u0131 kaydedildi.\" \/>\n<meta property=\"og:url\" content=\"https:\/\/kibrisdakik.com\/?p=72999\" \/>\n<meta property=\"article:published_time\" content=\"2025-01-06T09:56:43+00:00\" \/>\n<meta property=\"og:image\" content=\"https:\/\/kibrisdakik.com\/wp-content\/uploads\/2025\/01\/1736154698689thumbs_b_c_86280c50fd77c6b2ced75fcc1ae5d117-740x420.jpg\" \/>\n\t<meta property=\"og:image:width\" content=\"864\" \/>\n\t<meta property=\"og:image:height\" content=\"486\" \/>\n\t<meta property=\"og:image:type\" content=\"image\/jpeg\" \/>\n<meta name=\"author\" content=\"admin\" \/>\n<meta name=\"twitter:card\" content=\"summary_large_image\" \/>\n<meta name=\"twitter:label1\" content=\"Yazan:\" \/>\n\t<meta name=\"twitter:data1\" content=\"admin\" \/>\n<script type=\"application\/ld+json\" class=\"yoast-schema-graph\">{\"@context\":\"https:\\\/\\\/schema.org\",\"@graph\":[{\"@type\":\"Article\",\"@id\":\"https:\\\/\\\/kibrisdakik.com\\\/?p=72999#article\",\"isPartOf\":{\"@id\":\"https:\\\/\\\/kibrisdakik.com\\\/?p=72999\"},\"author\":{\"name\":\"admin\",\"@id\":\"https:\\\/\\\/kibrisdakik.com\\\/#\\\/schema\\\/person\\\/9cd9d437bbb44f72b73ba127e06d8e79\"},\"headline\":\"Ermenistan ordusu, s\u0131n\u0131rda Azerbaycan mevzilerine ate\u015f a\u00e7t\u0131\",\"datePublished\":\"2025-01-06T09:56:43+00:00\",\"mainEntityOfPage\":{\"@id\":\"https:\\\/\\\/kibrisdakik.com\\\/?p=72999\"},\"wordCount\":79,\"commentCount\":0,\"image\":{\"@id\":\"https:\\\/\\\/kibrisdakik.com\\\/?p=72999#primaryimage\"},\"thumbnailUrl\":\"https:\\\/\\\/kibrisdakik.com\\\/wp-content\\\/uploads\\\/2025\\\/01\\\/1736154698689thumbs_b_c_86280c50fd77c6b2ced75fcc1ae5d117-740x420.jpg\",\"articleSection\":[\"G\u00fcndem\"],\"inLanguage\":\"tr\",\"potentialAction\":[{\"@type\":\"CommentAction\",\"name\":\"Comment\",\"target\":[\"https:\\\/\\\/kibrisdakik.com\\\/?p=72999#respond\"]}]},{\"@type\":\"WebPage\",\"@id\":\"https:\\\/\\\/kibrisdakik.com\\\/?p=72999\",\"url\":\"https:\\\/\\\/kibrisdakik.com\\\/?p=72999\",\"name\":\"Ermenistan ordusu, s\u0131n\u0131rda Azerbaycan mevzilerine ate\u015f a\u00e7t\u0131 -\",\"isPartOf\":{\"@id\":\"https:\\\/\\\/kibrisdakik.com\\\/#website\"},\"primaryImageOfPage\":{\"@id\":\"https:\\\/\\\/kibrisdakik.com\\\/?p=72999#primaryimage\"},\"image\":{\"@id\":\"https:\\\/\\\/kibrisdakik.com\\\/?p=72999#primaryimage\"},\"thumbnailUrl\":\"https:\\\/\\\/kibrisdakik.com\\\/wp-content\\\/uploads\\\/2025\\\/01\\\/1736154698689thumbs_b_c_86280c50fd77c6b2ced75fcc1ae5d117-740x420.jpg\",\"datePublished\":\"2025-01-06T09:56:43+00:00\",\"author\":{\"@id\":\"https:\\\/\\\/kibrisdakik.com\\\/#\\\/schema\\\/person\\\/9cd9d437bbb44f72b73ba127e06d8e79\"},\"breadcrumb\":{\"@id\":\"https:\\\/\\\/kibrisdakik.com\\\/?p=72999#breadcrumb\"},\"inLanguage\":\"tr\",\"potentialAction\":[{\"@type\":\"ReadAction\",\"target\":[\"https:\\\/\\\/kibrisdakik.com\\\/?p=72999\"]}]},{\"@type\":\"ImageObject\",\"inLanguage\":\"tr\",\"@id\":\"https:\\\/\\\/kibrisdakik.com\\\/?p=72999#primaryimage\",\"url\":\"https:\\\/\\\/kibrisdakik.com\\\/wp-content\\\/uploads\\\/2025\\\/01\\\/1736154698689thumbs_b_c_86280c50fd77c6b2ced75fcc1ae5d117-740x420.jpg\",\"contentUrl\":\"https:\\\/\\\/kibrisdakik.com\\\/wp-content\\\/uploads\\\/2025\\\/01\\\/1736154698689thumbs_b_c_86280c50fd77c6b2ced75fcc1ae5d117-740x420.jpg\",\"width\":864,\"height\":486},{\"@type\":\"BreadcrumbList\",\"@id\":\"https:\\\/\\\/kibrisdakik.com\\\/?p=72999#breadcrumb\",\"itemListElement\":[{\"@type\":\"ListItem\",\"position\":1,\"name\":\"Home\",\"item\":\"https:\\\/\\\/kibrisdakik.com\\\/\"},{\"@type\":\"ListItem\",\"position\":2,\"name\":\"Ermenistan ordusu, s\u0131n\u0131rda Azerbaycan mevzilerine ate\u015f a\u00e7t\u0131\"}]},{\"@type\":\"WebSite\",\"@id\":\"https:\\\/\\\/kibrisdakik.com\\\/#website\",\"url\":\"https:\\\/\\\/kibrisdakik.com\\\/\",\"name\":\"\",\"description\":\"Tam vaktinde haber\",\"potentialAction\":[{\"@type\":\"SearchAction\",\"target\":{\"@type\":\"EntryPoint\",\"urlTemplate\":\"https:\\\/\\\/kibrisdakik.com\\\/?s={search_term_string}\"},\"query-input\":{\"@type\":\"PropertyValueSpecification\",\"valueRequired\":true,\"valueName\":\"search_term_string\"}}],\"inLanguage\":\"tr\"},{\"@type\":\"Person\",\"@id\":\"https:\\\/\\\/kibrisdakik.com\\\/#\\\/schema\\\/person\\\/9cd9d437bbb44f72b73ba127e06d8e79\",\"name\":\"admin\",\"image\":{\"@type\":\"ImageObject\",\"inLanguage\":\"tr\",\"@id\":\"https:\\\/\\\/secure.gravatar.com\\\/avatar\\\/ccc17943b9d660506c869530f897617f7cb1c21a4bf30023f252596d83e1f007?s=96&d=mm&r=g\",\"url\":\"https:\\\/\\\/secure.gravatar.com\\\/avatar\\\/ccc17943b9d660506c869530f897617f7cb1c21a4bf30023f252596d83e1f007?s=96&d=mm&r=g\",\"contentUrl\":\"https:\\\/\\\/secure.gravatar.com\\\/avatar\\\/ccc17943b9d660506c869530f897617f7cb1c21a4bf30023f252596d83e1f007?s=96&d=mm&r=g\",\"caption\":\"admin\"},\"sameAs\":[\"https:\\\/\\\/kibrisdakik.com\"],\"url\":\"https:\\\/\\\/kibrisdakik.com\\\/?author=1\"}]}<\/script>\n<!-- \/ Yoast SEO plugin. -->","yoast_head_json":{"title":"Ermenistan ordusu, s\u0131n\u0131rda Azerbaycan mevzilerine ate\u015f a\u00e7t\u0131 -","robots":{"index":"index","follow":"follow","max-snippet":"max-snippet:-1","max-image-preview":"max-image-preview:large","max-video-preview":"max-video-preview:-1"},"canonical":"https:\/\/kibrisdakik.com\/?p=72999","og_locale":"tr_TR","og_type":"article","og_title":"Ermenistan ordusu, s\u0131n\u0131rda Azerbaycan mevzilerine ate\u015f a\u00e7t\u0131 -","og_description":"Azerbaycan Savunma Bakanl\u0131\u011f\u0131, Ermenistan birliklerinin, La\u00e7\u0131n\u2019daki Azerbaycan mevzilerine ate\u015f a\u00e7t\u0131\u011f\u0131n\u0131 duyurdu. Savunma Bakanl\u0131\u011f\u0131ndan yap\u0131lan a\u00e7\u0131klamada, Gorus ilinin D\u0131\u011f ve Hanazah k\u00f6y\u00fcndeki Ermenistan mevzilerinden d\u00fcn yerel saatle 22.00 sular\u0131nda La\u00e7\u0131n ilinin Zabuh ve Ca\u011fazur k\u00f6yleri istikametindeki Azerbaycan mevzilerine ate\u015f a\u00e7\u0131ld\u0131\u011f\u0131 bildirildi. A\u00e7\u0131klamada, son g\u00fcnlerde Ermenistan ordusunun, Azerbaycan mevzilerine birka\u00e7 kez ate\u015f a\u00e7t\u0131\u011f\u0131 kaydedildi.","og_url":"https:\/\/kibrisdakik.com\/?p=72999","article_published_time":"2025-01-06T09:56:43+00:00","og_image":[{"width":864,"height":486,"url":"https:\/\/kibrisdakik.com\/wp-content\/uploads\/2025\/01\/1736154698689thumbs_b_c_86280c50fd77c6b2ced75fcc1ae5d117-740x420.jpg","type":"image\/jpeg"}],"author":"admin","twitter_card":"summary_large_image","twitter_misc":{"Yazan:":"admin"},"schema":{"@context":"https:\/\/schema.org","@graph":[{"@type":"Article","@id":"https:\/\/kibrisdakik.com\/?p=72999#article","isPartOf":{"@id":"https:\/\/kibrisdakik.com\/?p=72999"},"author":{"name":"admin","@id":"https:\/\/kibrisdakik.com\/#\/schema\/person\/9cd9d437bbb44f72b73ba127e06d8e79"},"headline":"Ermenistan ordusu, s\u0131n\u0131rda Azerbaycan mevzilerine ate\u015f a\u00e7t\u0131","datePublished":"2025-01-06T09:56:43+00:00","mainEntityOfPage":{"@id":"https:\/\/kibrisdakik.com\/?p=72999"},"wordCount":79,"commentCount":0,"image":{"@id":"https:\/\/kibrisdakik.com\/?p=72999#primaryimage"},"thumbnailUrl":"https:\/\/kibrisdakik.com\/wp-content\/uploads\/2025\/01\/1736154698689thumbs_b_c_86280c50fd77c6b2ced75fcc1ae5d117-740x420.jpg","articleSection":["G\u00fcndem"],"inLanguage":"tr","potentialAction":[{"@type":"CommentAction","name":"Comment","target":["https:\/\/kibrisdakik.com\/?p=72999#respond"]}]},{"@type":"WebPage","@id":"https:\/\/kibrisdakik.com\/?p=72999","url":"https:\/\/kibrisdakik.com\/?p=72999","name":"Ermenistan ordusu, s\u0131n\u0131rda Azerbaycan mevzilerine ate\u015f a\u00e7t\u0131 -","isPartOf":{"@id":"https:\/\/kibrisdakik.com\/#website"},"primaryImageOfPage":{"@id":"https:\/\/kibrisdakik.com\/?p=72999#primaryimage"},"image":{"@id":"https:\/\/kibrisdakik.com\/?p=72999#primaryimage"},"thumbnailUrl":"https:\/\/kibrisdakik.com\/wp-content\/uploads\/2025\/01\/1736154698689thumbs_b_c_86280c50fd77c6b2ced75fcc1ae5d117-740x420.jpg","datePublished":"2025-01-06T09:56:43+00:00","author":{"@id":"https:\/\/kibrisdakik.com\/#\/schema\/person\/9cd9d437bbb44f72b73ba127e06d8e79"},"breadcrumb":{"@id":"https:\/\/kibrisdakik.com\/?p=72999#breadcrumb"},"inLanguage":"tr","potentialAction":[{"@type":"ReadAction","target":["https:\/\/kibrisdakik.com\/?p=72999"]}]},{"@type":"ImageObject","inLanguage":"tr","@id":"https:\/\/kibrisdakik.com\/?p=72999#primaryimage","url":"https:\/\/kibrisdakik.com\/wp-content\/uploads\/2025\/01\/1736154698689thumbs_b_c_86280c50fd77c6b2ced75fcc1ae5d117-740x420.jpg","contentUrl":"https:\/\/kibrisdakik.com\/wp-content\/uploads\/2025\/01\/1736154698689thumbs_b_c_86280c50fd77c6b2ced75fcc1ae5d117-740x420.jpg","width":864,"height":486},{"@type":"BreadcrumbList","@id":"https:\/\/kibrisdakik.com\/?p=72999#breadcrumb","itemListElement":[{"@type":"ListItem","position":1,"name":"Home","item":"https:\/\/kibrisdakik.com\/"},{"@type":"ListItem","position":2,"name":"Ermenistan ordusu, s\u0131n\u0131rda Azerbaycan mevzilerine ate\u015f a\u00e7t\u0131"}]},{"@type":"WebSite","@id":"https:\/\/kibrisdakik.com\/#website","url":"https:\/\/kibrisdakik.com\/","name":"","description":"Tam vaktinde haber","potentialAction":[{"@type":"SearchAction","target":{"@type":"EntryPoint","urlTemplate":"https:\/\/kibrisdakik.com\/?s={search_term_string}"},"query-input":{"@type":"PropertyValueSpecification","valueRequired":true,"valueName":"search_term_string"}}],"inLanguage":"tr"},{"@type":"Person","@id":"https:\/\/kibrisdakik.com\/#\/schema\/person\/9cd9d437bbb44f72b73ba127e06d8e79","name":"admin","image":{"@type":"ImageObject","inLanguage":"tr","@id":"https:\/\/secure.gravatar.com\/avatar\/ccc17943b9d660506c869530f897617f7cb1c21a4bf30023f252596d83e1f007?s=96&d=mm&r=g","url":"https:\/\/secure.gravatar.com\/avatar\/ccc17943b9d660506c869530f897617f7cb1c21a4bf30023f252596d83e1f007?s=96&d=mm&r=g","contentUrl":"https:\/\/secure.gravatar.com\/avatar\/ccc17943b9d660506c869530f897617f7cb1c21a4bf30023f252596d83e1f007?s=96&d=mm&r=g","caption":"admin"},"sameAs":["https:\/\/kibrisdakik.com"],"url":"https:\/\/kibrisdakik.com\/?author=1"}]}},"_links":{"self":[{"href":"https:\/\/kibrisdakik.com\/index.php?rest_route=\/wp\/v2\/posts\/72999","targetHints":{"allow":["GET"]}}],"collection":[{"href":"https:\/\/kibrisdakik.com\/index.php?rest_route=\/wp\/v2\/posts"}],"about":[{"href":"https:\/\/kibrisdakik.com\/index.php?rest_route=\/wp\/v2\/types\/post"}],"author":[{"embeddable":true,"href":"https:\/\/kibrisdakik.com\/index.php?rest_route=\/wp\/v2\/users\/1"}],"replies":[{"embeddable":true,"href":"https:\/\/kibrisdakik.com\/index.php?rest_route=%2Fwp%2Fv2%2Fcomments&post=72999"}],"version-history":[{"count":0,"href":"https:\/\/kibrisdakik.com\/index.php?rest_route=\/wp\/v2\/posts\/72999\/revisions"}],"wp:featuredmedia":[{"embeddable":true,"href":"https:\/\/kibrisdakik.com\/index.php?rest_route=\/wp\/v2\/media\/73000"}],"wp:attachment":[{"href":"https:\/\/kibrisdakik.com\/index.php?rest_route=%2Fwp%2Fv2%2Fmedia&parent=72999"}],"wp:term":[{"taxonomy":"category","embeddable":true,"href":"https:\/\/kibrisdakik.com\/index.php?rest_route=%2Fwp%2Fv2%2Fcategories&post=72999"},{"taxonomy":"post_tag","embeddable":true,"href":"https:\/\/kibrisdakik.com\/index.php?rest_route=%2Fwp%2Fv2%2Ftags&post=72999"}],"curies":[{"name":"wp","href":"https:\/\/api.w.org\/{rel}","templated":true}]}}