{"id":73027,"date":"2025-01-06T16:52:44","date_gmt":"2025-01-06T13:52:44","guid":{"rendered":"https:\/\/kibrisdakik.com\/index.php\/2025\/01\/06\/tatar-motorlu-arac-saticilar-ve-ithalatcilar-birligi-baskan-ve-yonetim-kurulunu-kabul-etti\/"},"modified":"2025-01-06T16:52:44","modified_gmt":"2025-01-06T13:52:44","slug":"tatar-motorlu-arac-saticilar-ve-ithalatcilar-birligi-baskan-ve-yonetim-kurulunu-kabul-etti","status":"publish","type":"post","link":"https:\/\/kibrisdakik.com\/?p=73027","title":{"rendered":"Tatar, Motorlu Ara\u00e7 Sat\u0131c\u0131lar ve \u0130thalat\u00e7\u0131lar Birli\u011fi Ba\u015fkan ve y\u00f6netim kurulunu kabul etti"},"content":{"rendered":"<div>\n<div class=\"mariselle-image-container center\">\n                                            <\/div>\n<p>Cumhurba\u015fkan\u0131 Ersin Tatar, Bar\u0131\u015f Yuca ba\u015fkanl\u0131\u011f\u0131ndaki Motorlu Ara\u00e7 Sat\u0131c\u0131lar ve \u0130thalat\u00e7\u0131lar Birli\u011fi (MAS\u0130B) heyetini kabul etti.<\/p>\n<p>Cumhurba\u015fkanl\u0131\u011f\u0131\u2019ndan verilen bilgiye g\u00f6re, Tatar kabulde yapt\u0131\u011f\u0131 konu\u015fmada, KKTC\u2019de motorlu ara\u00e7 al\u0131m-sat\u0131m sekt\u00f6r\u00fcn\u00fcn geli\u015fti\u011fini ve halka hizmet verdi\u011fini s\u00f6yledi. <\/p>\n<p>Motorlu ara\u00e7 al\u0131m-sat\u0131m sekt\u00f6r\u00fcn\u00fcn bir d\u00fczen i\u00e7erisinde \u00e7al\u0131\u015fmas\u0131 ve haks\u0131z rekabetin ortadan kald\u0131r\u0131lmas\u0131 gerekti\u011fini belirten Tatar, \u00fclkede ta\u015f\u0131t say\u0131s\u0131n\u0131n n\u00fcfusa ve ihtiyaca g\u00f6re artarken yollar\u0131n ve \u00f6zellikle \u00e7evre yollar\u0131n\u0131n d\u00fczenlenmesi i\u00e7in de \u00e7al\u0131\u015fmalar\u0131n yap\u0131lmakta oldu\u011funu kaydetti.<\/p>\n<p>Tatar, sekt\u00f6r\u00fcn geli\u015fmesi ve s\u0131k\u0131nt\u0131lar\u0131n a\u015f\u0131lmas\u0131 i\u00e7in gerekli d\u00fczenlemelerin yap\u0131ld\u0131\u011f\u0131n\u0131 ve yap\u0131lmaya devam edece\u011fini de ekledi.<\/p>\n<p>MAS\u0130B Ba\u015fkan\u0131 Bar\u0131\u015f Yuca ise, sekt\u00f6rde ya\u015fanan s\u0131k\u0131nt\u0131lar\u0131 dile getirdi. Devletle i\u015f birli\u011fine her zaman haz\u0131r olduklar\u0131n\u0131 vurgulayan Yuca, s\u00f6z konusu sorunlar\u0131n \u00e7\u00f6z\u00fclmesi temennisinde bulundu.<\/p>\n<\/p><\/div>\n<p><script async\n                    defer\n                    crossorigin=\"anonymous\"\n                    src=\"https:\/\/connect.facebook.net\/tr_TR\/sdk.js#xfbml=1&#038;version=v3.3\"\n            ><\/script><\/p>\n","protected":false},"excerpt":{"rendered":"<p>Cumhurba\u015fkan\u0131 Ersin Tatar, Bar\u0131\u015f Yuca ba\u015fkanl\u0131\u011f\u0131ndaki Motorlu Ara\u00e7 Sat\u0131c\u0131lar ve \u0130thalat\u00e7\u0131lar Birli\u011fi (MAS\u0130B) heyetini kabul etti. Cumhurba\u015fkanl\u0131\u011f\u0131\u2019ndan verilen bilgiye g\u00f6re, Tatar kabulde yapt\u0131\u011f\u0131 konu\u015fmada, KKTC\u2019de motorlu ara\u00e7 al\u0131m-sat\u0131m sekt\u00f6r\u00fcn\u00fcn geli\u015fti\u011fini ve halka hizmet verdi\u011fini s\u00f6yledi. Motorlu ara\u00e7 al\u0131m-sat\u0131m sekt\u00f6r\u00fcn\u00fcn bir d\u00fczen i\u00e7erisinde \u00e7al\u0131\u015fmas\u0131 ve haks\u0131z rekabetin ortadan kald\u0131r\u0131lmas\u0131 gerekti\u011fini belirten Tatar, \u00fclkede ta\u015f\u0131t say\u0131s\u0131n\u0131n n\u00fcfusa<\/p>\n","protected":false},"author":1,"featured_media":73028,"comment_status":"open","ping_status":"open","sticky":false,"template":"","format":"standard","meta":{"footnotes":""},"categories":[81],"tags":[],"class_list":["post-73027","post","type-post","status-publish","format-standard","has-post-thumbnail","hentry","category-kibris"],"yoast_head":"<!-- This site is optimized with the Yoast SEO plugin v27.5 - https:\/\/yoast.com\/product\/yoast-seo-wordpress\/ -->\n<title>Tatar, Motorlu Ara\u00e7 Sat\u0131c\u0131lar ve \u0130thalat\u00e7\u0131lar Birli\u011fi Ba\u015fkan ve y\u00f6netim kurulunu kabul etti -<\/title>\n<meta name=\"robots\" content=\"index, follow, max-snippet:-1, max-image-preview:large, max-video-preview:-1\" \/>\n<link rel=\"canonical\" href=\"https:\/\/kibrisdakik.com\/?p=73027\" \/>\n<meta property=\"og:locale\" content=\"tr_TR\" \/>\n<meta property=\"og:type\" content=\"article\" \/>\n<meta property=\"og:title\" content=\"Tatar, Motorlu Ara\u00e7 Sat\u0131c\u0131lar ve \u0130thalat\u00e7\u0131lar Birli\u011fi Ba\u015fkan ve y\u00f6netim kurulunu kabul etti -\" \/>\n<meta property=\"og:description\" content=\"Cumhurba\u015fkan\u0131 Ersin Tatar, Bar\u0131\u015f Yuca ba\u015fkanl\u0131\u011f\u0131ndaki Motorlu Ara\u00e7 Sat\u0131c\u0131lar ve \u0130thalat\u00e7\u0131lar Birli\u011fi (MAS\u0130B) heyetini kabul etti. Cumhurba\u015fkanl\u0131\u011f\u0131\u2019ndan verilen bilgiye g\u00f6re, Tatar kabulde yapt\u0131\u011f\u0131 konu\u015fmada, KKTC\u2019de motorlu ara\u00e7 al\u0131m-sat\u0131m sekt\u00f6r\u00fcn\u00fcn geli\u015fti\u011fini ve halka hizmet verdi\u011fini s\u00f6yledi. Motorlu ara\u00e7 al\u0131m-sat\u0131m sekt\u00f6r\u00fcn\u00fcn bir d\u00fczen i\u00e7erisinde \u00e7al\u0131\u015fmas\u0131 ve haks\u0131z rekabetin ortadan kald\u0131r\u0131lmas\u0131 gerekti\u011fini belirten Tatar, \u00fclkede ta\u015f\u0131t say\u0131s\u0131n\u0131n n\u00fcfusa\" \/>\n<meta property=\"og:url\" content=\"https:\/\/kibrisdakik.com\/?p=73027\" \/>\n<meta property=\"article:published_time\" content=\"2025-01-06T13:52:44+00:00\" \/>\n<meta property=\"og:image\" content=\"https:\/\/kibrisdakik.com\/wp-content\/uploads\/2025\/01\/1736165985291tatar-motorlu-arac-saticilari-1-740x420.jpg\" \/>\n\t<meta property=\"og:image:width\" content=\"1600\" \/>\n\t<meta property=\"og:image:height\" content=\"1066\" \/>\n\t<meta property=\"og:image:type\" content=\"image\/jpeg\" \/>\n<meta name=\"author\" content=\"admin\" \/>\n<meta name=\"twitter:card\" content=\"summary_large_image\" \/>\n<meta name=\"twitter:label1\" content=\"Yazan:\" \/>\n\t<meta name=\"twitter:data1\" content=\"admin\" \/>\n\t<meta name=\"twitter:label2\" content=\"Tahmini okuma s\u00fcresi\" \/>\n\t<meta name=\"twitter:data2\" content=\"1 dakika\" \/>\n<script type=\"application\/ld+json\" class=\"yoast-schema-graph\">{\"@context\":\"https:\\\/\\\/schema.org\",\"@graph\":[{\"@type\":\"Article\",\"@id\":\"https:\\\/\\\/kibrisdakik.com\\\/?p=73027#article\",\"isPartOf\":{\"@id\":\"https:\\\/\\\/kibrisdakik.com\\\/?p=73027\"},\"author\":{\"name\":\"admin\",\"@id\":\"https:\\\/\\\/kibrisdakik.com\\\/#\\\/schema\\\/person\\\/9cd9d437bbb44f72b73ba127e06d8e79\"},\"headline\":\"Tatar, Motorlu Ara\u00e7 Sat\u0131c\u0131lar ve \u0130thalat\u00e7\u0131lar Birli\u011fi Ba\u015fkan ve y\u00f6netim kurulunu kabul etti\",\"datePublished\":\"2025-01-06T13:52:44+00:00\",\"mainEntityOfPage\":{\"@id\":\"https:\\\/\\\/kibrisdakik.com\\\/?p=73027\"},\"wordCount\":207,\"commentCount\":0,\"image\":{\"@id\":\"https:\\\/\\\/kibrisdakik.com\\\/?p=73027#primaryimage\"},\"thumbnailUrl\":\"https:\\\/\\\/kibrisdakik.com\\\/wp-content\\\/uploads\\\/2025\\\/01\\\/1736165985291tatar-motorlu-arac-saticilari-1-740x420.jpg\",\"articleSection\":[\"K\u0131br\u0131s\"],\"inLanguage\":\"tr\",\"potentialAction\":[{\"@type\":\"CommentAction\",\"name\":\"Comment\",\"target\":[\"https:\\\/\\\/kibrisdakik.com\\\/?p=73027#respond\"]}]},{\"@type\":\"WebPage\",\"@id\":\"https:\\\/\\\/kibrisdakik.com\\\/?p=73027\",\"url\":\"https:\\\/\\\/kibrisdakik.com\\\/?p=73027\",\"name\":\"Tatar, Motorlu Ara\u00e7 Sat\u0131c\u0131lar ve \u0130thalat\u00e7\u0131lar Birli\u011fi Ba\u015fkan ve y\u00f6netim kurulunu kabul etti -\",\"isPartOf\":{\"@id\":\"https:\\\/\\\/kibrisdakik.com\\\/#website\"},\"primaryImageOfPage\":{\"@id\":\"https:\\\/\\\/kibrisdakik.com\\\/?p=73027#primaryimage\"},\"image\":{\"@id\":\"https:\\\/\\\/kibrisdakik.com\\\/?p=73027#primaryimage\"},\"thumbnailUrl\":\"https:\\\/\\\/kibrisdakik.com\\\/wp-content\\\/uploads\\\/2025\\\/01\\\/1736165985291tatar-motorlu-arac-saticilari-1-740x420.jpg\",\"datePublished\":\"2025-01-06T13:52:44+00:00\",\"author\":{\"@id\":\"https:\\\/\\\/kibrisdakik.com\\\/#\\\/schema\\\/person\\\/9cd9d437bbb44f72b73ba127e06d8e79\"},\"breadcrumb\":{\"@id\":\"https:\\\/\\\/kibrisdakik.com\\\/?p=73027#breadcrumb\"},\"inLanguage\":\"tr\",\"potentialAction\":[{\"@type\":\"ReadAction\",\"target\":[\"https:\\\/\\\/kibrisdakik.com\\\/?p=73027\"]}]},{\"@type\":\"ImageObject\",\"inLanguage\":\"tr\",\"@id\":\"https:\\\/\\\/kibrisdakik.com\\\/?p=73027#primaryimage\",\"url\":\"https:\\\/\\\/kibrisdakik.com\\\/wp-content\\\/uploads\\\/2025\\\/01\\\/1736165985291tatar-motorlu-arac-saticilari-1-740x420.jpg\",\"contentUrl\":\"https:\\\/\\\/kibrisdakik.com\\\/wp-content\\\/uploads\\\/2025\\\/01\\\/1736165985291tatar-motorlu-arac-saticilari-1-740x420.jpg\",\"width\":1600,\"height\":1066},{\"@type\":\"BreadcrumbList\",\"@id\":\"https:\\\/\\\/kibrisdakik.com\\\/?p=73027#breadcrumb\",\"itemListElement\":[{\"@type\":\"ListItem\",\"position\":1,\"name\":\"Home\",\"item\":\"https:\\\/\\\/kibrisdakik.com\\\/\"},{\"@type\":\"ListItem\",\"position\":2,\"name\":\"Tatar, Motorlu Ara\u00e7 Sat\u0131c\u0131lar ve \u0130thalat\u00e7\u0131lar Birli\u011fi Ba\u015fkan ve y\u00f6netim kurulunu kabul etti\"}]},{\"@type\":\"WebSite\",\"@id\":\"https:\\\/\\\/kibrisdakik.com\\\/#website\",\"url\":\"https:\\\/\\\/kibrisdakik.com\\\/\",\"name\":\"\",\"description\":\"Tam vaktinde haber\",\"potentialAction\":[{\"@type\":\"SearchAction\",\"target\":{\"@type\":\"EntryPoint\",\"urlTemplate\":\"https:\\\/\\\/kibrisdakik.com\\\/?s={search_term_string}\"},\"query-input\":{\"@type\":\"PropertyValueSpecification\",\"valueRequired\":true,\"valueName\":\"search_term_string\"}}],\"inLanguage\":\"tr\"},{\"@type\":\"Person\",\"@id\":\"https:\\\/\\\/kibrisdakik.com\\\/#\\\/schema\\\/person\\\/9cd9d437bbb44f72b73ba127e06d8e79\",\"name\":\"admin\",\"image\":{\"@type\":\"ImageObject\",\"inLanguage\":\"tr\",\"@id\":\"https:\\\/\\\/secure.gravatar.com\\\/avatar\\\/ccc17943b9d660506c869530f897617f7cb1c21a4bf30023f252596d83e1f007?s=96&d=mm&r=g\",\"url\":\"https:\\\/\\\/secure.gravatar.com\\\/avatar\\\/ccc17943b9d660506c869530f897617f7cb1c21a4bf30023f252596d83e1f007?s=96&d=mm&r=g\",\"contentUrl\":\"https:\\\/\\\/secure.gravatar.com\\\/avatar\\\/ccc17943b9d660506c869530f897617f7cb1c21a4bf30023f252596d83e1f007?s=96&d=mm&r=g\",\"caption\":\"admin\"},\"sameAs\":[\"https:\\\/\\\/kibrisdakik.com\"],\"url\":\"https:\\\/\\\/kibrisdakik.com\\\/?author=1\"}]}<\/script>\n<!-- \/ Yoast SEO plugin. -->","yoast_head_json":{"title":"Tatar, Motorlu Ara\u00e7 Sat\u0131c\u0131lar ve \u0130thalat\u00e7\u0131lar Birli\u011fi Ba\u015fkan ve y\u00f6netim kurulunu kabul etti -","robots":{"index":"index","follow":"follow","max-snippet":"max-snippet:-1","max-image-preview":"max-image-preview:large","max-video-preview":"max-video-preview:-1"},"canonical":"https:\/\/kibrisdakik.com\/?p=73027","og_locale":"tr_TR","og_type":"article","og_title":"Tatar, Motorlu Ara\u00e7 Sat\u0131c\u0131lar ve \u0130thalat\u00e7\u0131lar Birli\u011fi Ba\u015fkan ve y\u00f6netim kurulunu kabul etti -","og_description":"Cumhurba\u015fkan\u0131 Ersin Tatar, Bar\u0131\u015f Yuca ba\u015fkanl\u0131\u011f\u0131ndaki Motorlu Ara\u00e7 Sat\u0131c\u0131lar ve \u0130thalat\u00e7\u0131lar Birli\u011fi (MAS\u0130B) heyetini kabul etti. Cumhurba\u015fkanl\u0131\u011f\u0131\u2019ndan verilen bilgiye g\u00f6re, Tatar kabulde yapt\u0131\u011f\u0131 konu\u015fmada, KKTC\u2019de motorlu ara\u00e7 al\u0131m-sat\u0131m sekt\u00f6r\u00fcn\u00fcn geli\u015fti\u011fini ve halka hizmet verdi\u011fini s\u00f6yledi. Motorlu ara\u00e7 al\u0131m-sat\u0131m sekt\u00f6r\u00fcn\u00fcn bir d\u00fczen i\u00e7erisinde \u00e7al\u0131\u015fmas\u0131 ve haks\u0131z rekabetin ortadan kald\u0131r\u0131lmas\u0131 gerekti\u011fini belirten Tatar, \u00fclkede ta\u015f\u0131t say\u0131s\u0131n\u0131n n\u00fcfusa","og_url":"https:\/\/kibrisdakik.com\/?p=73027","article_published_time":"2025-01-06T13:52:44+00:00","og_image":[{"width":1600,"height":1066,"url":"https:\/\/kibrisdakik.com\/wp-content\/uploads\/2025\/01\/1736165985291tatar-motorlu-arac-saticilari-1-740x420.jpg","type":"image\/jpeg"}],"author":"admin","twitter_card":"summary_large_image","twitter_misc":{"Yazan:":"admin","Tahmini okuma s\u00fcresi":"1 dakika"},"schema":{"@context":"https:\/\/schema.org","@graph":[{"@type":"Article","@id":"https:\/\/kibrisdakik.com\/?p=73027#article","isPartOf":{"@id":"https:\/\/kibrisdakik.com\/?p=73027"},"author":{"name":"admin","@id":"https:\/\/kibrisdakik.com\/#\/schema\/person\/9cd9d437bbb44f72b73ba127e06d8e79"},"headline":"Tatar, Motorlu Ara\u00e7 Sat\u0131c\u0131lar ve \u0130thalat\u00e7\u0131lar Birli\u011fi Ba\u015fkan ve y\u00f6netim kurulunu kabul etti","datePublished":"2025-01-06T13:52:44+00:00","mainEntityOfPage":{"@id":"https:\/\/kibrisdakik.com\/?p=73027"},"wordCount":207,"commentCount":0,"image":{"@id":"https:\/\/kibrisdakik.com\/?p=73027#primaryimage"},"thumbnailUrl":"https:\/\/kibrisdakik.com\/wp-content\/uploads\/2025\/01\/1736165985291tatar-motorlu-arac-saticilari-1-740x420.jpg","articleSection":["K\u0131br\u0131s"],"inLanguage":"tr","potentialAction":[{"@type":"CommentAction","name":"Comment","target":["https:\/\/kibrisdakik.com\/?p=73027#respond"]}]},{"@type":"WebPage","@id":"https:\/\/kibrisdakik.com\/?p=73027","url":"https:\/\/kibrisdakik.com\/?p=73027","name":"Tatar, Motorlu Ara\u00e7 Sat\u0131c\u0131lar ve \u0130thalat\u00e7\u0131lar Birli\u011fi Ba\u015fkan ve y\u00f6netim kurulunu kabul etti -","isPartOf":{"@id":"https:\/\/kibrisdakik.com\/#website"},"primaryImageOfPage":{"@id":"https:\/\/kibrisdakik.com\/?p=73027#primaryimage"},"image":{"@id":"https:\/\/kibrisdakik.com\/?p=73027#primaryimage"},"thumbnailUrl":"https:\/\/kibrisdakik.com\/wp-content\/uploads\/2025\/01\/1736165985291tatar-motorlu-arac-saticilari-1-740x420.jpg","datePublished":"2025-01-06T13:52:44+00:00","author":{"@id":"https:\/\/kibrisdakik.com\/#\/schema\/person\/9cd9d437bbb44f72b73ba127e06d8e79"},"breadcrumb":{"@id":"https:\/\/kibrisdakik.com\/?p=73027#breadcrumb"},"inLanguage":"tr","potentialAction":[{"@type":"ReadAction","target":["https:\/\/kibrisdakik.com\/?p=73027"]}]},{"@type":"ImageObject","inLanguage":"tr","@id":"https:\/\/kibrisdakik.com\/?p=73027#primaryimage","url":"https:\/\/kibrisdakik.com\/wp-content\/uploads\/2025\/01\/1736165985291tatar-motorlu-arac-saticilari-1-740x420.jpg","contentUrl":"https:\/\/kibrisdakik.com\/wp-content\/uploads\/2025\/01\/1736165985291tatar-motorlu-arac-saticilari-1-740x420.jpg","width":1600,"height":1066},{"@type":"BreadcrumbList","@id":"https:\/\/kibrisdakik.com\/?p=73027#breadcrumb","itemListElement":[{"@type":"ListItem","position":1,"name":"Home","item":"https:\/\/kibrisdakik.com\/"},{"@type":"ListItem","position":2,"name":"Tatar, Motorlu Ara\u00e7 Sat\u0131c\u0131lar ve \u0130thalat\u00e7\u0131lar Birli\u011fi Ba\u015fkan ve y\u00f6netim kurulunu kabul etti"}]},{"@type":"WebSite","@id":"https:\/\/kibrisdakik.com\/#website","url":"https:\/\/kibrisdakik.com\/","name":"","description":"Tam vaktinde haber","potentialAction":[{"@type":"SearchAction","target":{"@type":"EntryPoint","urlTemplate":"https:\/\/kibrisdakik.com\/?s={search_term_string}"},"query-input":{"@type":"PropertyValueSpecification","valueRequired":true,"valueName":"search_term_string"}}],"inLanguage":"tr"},{"@type":"Person","@id":"https:\/\/kibrisdakik.com\/#\/schema\/person\/9cd9d437bbb44f72b73ba127e06d8e79","name":"admin","image":{"@type":"ImageObject","inLanguage":"tr","@id":"https:\/\/secure.gravatar.com\/avatar\/ccc17943b9d660506c869530f897617f7cb1c21a4bf30023f252596d83e1f007?s=96&d=mm&r=g","url":"https:\/\/secure.gravatar.com\/avatar\/ccc17943b9d660506c869530f897617f7cb1c21a4bf30023f252596d83e1f007?s=96&d=mm&r=g","contentUrl":"https:\/\/secure.gravatar.com\/avatar\/ccc17943b9d660506c869530f897617f7cb1c21a4bf30023f252596d83e1f007?s=96&d=mm&r=g","caption":"admin"},"sameAs":["https:\/\/kibrisdakik.com"],"url":"https:\/\/kibrisdakik.com\/?author=1"}]}},"_links":{"self":[{"href":"https:\/\/kibrisdakik.com\/index.php?rest_route=\/wp\/v2\/posts\/73027","targetHints":{"allow":["GET"]}}],"collection":[{"href":"https:\/\/kibrisdakik.com\/index.php?rest_route=\/wp\/v2\/posts"}],"about":[{"href":"https:\/\/kibrisdakik.com\/index.php?rest_route=\/wp\/v2\/types\/post"}],"author":[{"embeddable":true,"href":"https:\/\/kibrisdakik.com\/index.php?rest_route=\/wp\/v2\/users\/1"}],"replies":[{"embeddable":true,"href":"https:\/\/kibrisdakik.com\/index.php?rest_route=%2Fwp%2Fv2%2Fcomments&post=73027"}],"version-history":[{"count":0,"href":"https:\/\/kibrisdakik.com\/index.php?rest_route=\/wp\/v2\/posts\/73027\/revisions"}],"wp:featuredmedia":[{"embeddable":true,"href":"https:\/\/kibrisdakik.com\/index.php?rest_route=\/wp\/v2\/media\/73028"}],"wp:attachment":[{"href":"https:\/\/kibrisdakik.com\/index.php?rest_route=%2Fwp%2Fv2%2Fmedia&parent=73027"}],"wp:term":[{"taxonomy":"category","embeddable":true,"href":"https:\/\/kibrisdakik.com\/index.php?rest_route=%2Fwp%2Fv2%2Fcategories&post=73027"},{"taxonomy":"post_tag","embeddable":true,"href":"https:\/\/kibrisdakik.com\/index.php?rest_route=%2Fwp%2Fv2%2Ftags&post=73027"}],"curies":[{"name":"wp","href":"https:\/\/api.w.org\/{rel}","templated":true}]}}