{"id":73039,"date":"2025-01-06T18:07:50","date_gmt":"2025-01-06T15:07:50","guid":{"rendered":"https:\/\/kibrisdakik.com\/index.php\/2025\/01\/06\/cavus-2025-destekleri-icin-calismalarimiz-hizla-devam-ediyor\/"},"modified":"2025-01-06T18:07:50","modified_gmt":"2025-01-06T15:07:50","slug":"cavus-2025-destekleri-icin-calismalarimiz-hizla-devam-ediyor","status":"publish","type":"post","link":"https:\/\/kibrisdakik.com\/?p=73039","title":{"rendered":"\u00c7avu\u015f: 2025 destekleri i\u00e7in \u00e7al\u0131\u015fmalar\u0131m\u0131z h\u0131zla devam ediyor"},"content":{"rendered":"<div>\n<div class=\"mariselle-image-container center\">\n                                            <\/div>\n<p>Tar\u0131m ve Do\u011fal Kaynaklar Bakan\u0131 H\u00fcseyin \u00c7avu\u015f, 31 Aral\u0131k 2024 tarihi itibar\u0131yla 2024 y\u0131l\u0131na ait t\u00fcm destek \u00f6demelerinin, Bakanl\u0131k taraf\u0131ndan planland\u0131\u011f\u0131 \u015fekilde eksiksiz olarak tamamland\u0131\u011f\u0131n\u0131 duyurdu.<\/p>\n<p>H\u00fcseyin \u00c7avu\u015f yapt\u0131\u011f\u0131 yaz\u0131l\u0131 a\u00e7\u0131klamada, \u00fcreticilere verilen bu desteklerin, tar\u0131m ve hayvanc\u0131l\u0131k sekt\u00f6r\u00fcn\u00fcn g\u00fc\u00e7lenmesi, \u00fcretimin devaml\u0131l\u0131\u011f\u0131n\u0131n sa\u011flanmas\u0131 ve k\u0131rsal kalk\u0131nman\u0131n desteklenmesi a\u00e7\u0131s\u0131ndan \u00f6nem ta\u015f\u0131d\u0131\u011f\u0131na vurgu yapt\u0131. <\/p>\n<p>2025 y\u0131l\u0131na y\u00f6nelik destek programlar\u0131n\u0131n haz\u0131rlanmas\u0131 konusunda yo\u011fun bir \u00e7al\u0131\u015fma y\u00fcr\u00fct\u00fcld\u00fc\u011f\u00fcn\u00fc belirten \u00c7avu\u015f, \u201c\u00dcreticilerimizin ihtiya\u00e7lar\u0131n\u0131, sekt\u00f6r\u00fcn \u00f6nceliklerini ve \u00fclkemizin tar\u0131msal kalk\u0131nma hedeflerini g\u00f6z \u00f6n\u00fcnde bulundurarak en uygun destek mekanizmalar\u0131n\u0131 olu\u015fturmay\u0131 ama\u00e7l\u0131yoruz\u201d dedi\u2026 <\/p>\n<p>Tar\u0131m ve Do\u011fal Kaynaklar Bakanl\u0131\u011f\u0131\u2019n\u0131n \u00fcreticilerin yan\u0131nda olmaya devam edece\u011fini belirten \u00c7avu\u015f, 2025 y\u0131l\u0131n\u0131n tar\u0131m ve hayvanc\u0131l\u0131k alan\u0131nda daha da verimli bir y\u0131l olmas\u0131 temennisinde bulundu\u2026<\/p>\n<\/p><\/div>\n<p><script async\n                    defer\n                    crossorigin=\"anonymous\"\n                    src=\"https:\/\/connect.facebook.net\/tr_TR\/sdk.js#xfbml=1&#038;version=v3.3\"\n            ><\/script><\/p>\n","protected":false},"excerpt":{"rendered":"<p>Tar\u0131m ve Do\u011fal Kaynaklar Bakan\u0131 H\u00fcseyin \u00c7avu\u015f, 31 Aral\u0131k 2024 tarihi itibar\u0131yla 2024 y\u0131l\u0131na ait t\u00fcm destek \u00f6demelerinin, Bakanl\u0131k taraf\u0131ndan planland\u0131\u011f\u0131 \u015fekilde eksiksiz olarak tamamland\u0131\u011f\u0131n\u0131 duyurdu. H\u00fcseyin \u00c7avu\u015f yapt\u0131\u011f\u0131 yaz\u0131l\u0131 a\u00e7\u0131klamada, \u00fcreticilere verilen bu desteklerin, tar\u0131m ve hayvanc\u0131l\u0131k sekt\u00f6r\u00fcn\u00fcn g\u00fc\u00e7lenmesi, \u00fcretimin devaml\u0131l\u0131\u011f\u0131n\u0131n sa\u011flanmas\u0131 ve k\u0131rsal kalk\u0131nman\u0131n desteklenmesi a\u00e7\u0131s\u0131ndan \u00f6nem ta\u015f\u0131d\u0131\u011f\u0131na vurgu yapt\u0131. 2025 y\u0131l\u0131na y\u00f6nelik<\/p>\n","protected":false},"author":1,"featured_media":44716,"comment_status":"open","ping_status":"open","sticky":false,"template":"","format":"standard","meta":{"footnotes":""},"categories":[81],"tags":[],"class_list":["post-73039","post","type-post","status-publish","format-standard","has-post-thumbnail","hentry","category-kibris"],"yoast_head":"<!-- This site is optimized with the Yoast SEO plugin v27.5 - https:\/\/yoast.com\/product\/yoast-seo-wordpress\/ -->\n<title>\u00c7avu\u015f: 2025 destekleri i\u00e7in \u00e7al\u0131\u015fmalar\u0131m\u0131z h\u0131zla devam ediyor -<\/title>\n<meta name=\"robots\" content=\"index, follow, max-snippet:-1, max-image-preview:large, max-video-preview:-1\" \/>\n<link rel=\"canonical\" href=\"https:\/\/kibrisdakik.com\/?p=73039\" \/>\n<meta property=\"og:locale\" content=\"tr_TR\" \/>\n<meta property=\"og:type\" content=\"article\" \/>\n<meta property=\"og:title\" content=\"\u00c7avu\u015f: 2025 destekleri i\u00e7in \u00e7al\u0131\u015fmalar\u0131m\u0131z h\u0131zla devam ediyor -\" \/>\n<meta property=\"og:description\" content=\"Tar\u0131m ve Do\u011fal Kaynaklar Bakan\u0131 H\u00fcseyin \u00c7avu\u015f, 31 Aral\u0131k 2024 tarihi itibar\u0131yla 2024 y\u0131l\u0131na ait t\u00fcm destek \u00f6demelerinin, Bakanl\u0131k taraf\u0131ndan planland\u0131\u011f\u0131 \u015fekilde eksiksiz olarak tamamland\u0131\u011f\u0131n\u0131 duyurdu. H\u00fcseyin \u00c7avu\u015f yapt\u0131\u011f\u0131 yaz\u0131l\u0131 a\u00e7\u0131klamada, \u00fcreticilere verilen bu desteklerin, tar\u0131m ve hayvanc\u0131l\u0131k sekt\u00f6r\u00fcn\u00fcn g\u00fc\u00e7lenmesi, \u00fcretimin devaml\u0131l\u0131\u011f\u0131n\u0131n sa\u011flanmas\u0131 ve k\u0131rsal kalk\u0131nman\u0131n desteklenmesi a\u00e7\u0131s\u0131ndan \u00f6nem ta\u015f\u0131d\u0131\u011f\u0131na vurgu yapt\u0131. 2025 y\u0131l\u0131na y\u00f6nelik\" \/>\n<meta property=\"og:url\" content=\"https:\/\/kibrisdakik.com\/?p=73039\" \/>\n<meta property=\"article:published_time\" content=\"2025-01-06T15:07:50+00:00\" \/>\n<meta property=\"og:image\" content=\"https:\/\/kibrisdakik.com\/wp-content\/uploads\/2024\/06\/kelle-34-scaled-740x420.jpg\" \/>\n\t<meta property=\"og:image:width\" content=\"2560\" \/>\n\t<meta property=\"og:image:height\" content=\"1709\" \/>\n\t<meta property=\"og:image:type\" content=\"image\/jpeg\" \/>\n<meta name=\"author\" content=\"admin\" \/>\n<meta name=\"twitter:card\" content=\"summary_large_image\" \/>\n<meta name=\"twitter:label1\" content=\"Yazan:\" \/>\n\t<meta name=\"twitter:data1\" content=\"admin\" \/>\n\t<meta name=\"twitter:label2\" content=\"Tahmini okuma s\u00fcresi\" \/>\n\t<meta name=\"twitter:data2\" content=\"1 dakika\" \/>\n<script type=\"application\/ld+json\" class=\"yoast-schema-graph\">{\"@context\":\"https:\\\/\\\/schema.org\",\"@graph\":[{\"@type\":\"Article\",\"@id\":\"https:\\\/\\\/kibrisdakik.com\\\/?p=73039#article\",\"isPartOf\":{\"@id\":\"https:\\\/\\\/kibrisdakik.com\\\/?p=73039\"},\"author\":{\"name\":\"admin\",\"@id\":\"https:\\\/\\\/kibrisdakik.com\\\/#\\\/schema\\\/person\\\/9cd9d437bbb44f72b73ba127e06d8e79\"},\"headline\":\"\u00c7avu\u015f: 2025 destekleri i\u00e7in \u00e7al\u0131\u015fmalar\u0131m\u0131z h\u0131zla devam ediyor\",\"datePublished\":\"2025-01-06T15:07:50+00:00\",\"mainEntityOfPage\":{\"@id\":\"https:\\\/\\\/kibrisdakik.com\\\/?p=73039\"},\"wordCount\":187,\"commentCount\":0,\"image\":{\"@id\":\"https:\\\/\\\/kibrisdakik.com\\\/?p=73039#primaryimage\"},\"thumbnailUrl\":\"https:\\\/\\\/kibrisdakik.com\\\/wp-content\\\/uploads\\\/2024\\\/06\\\/kelle-34-scaled-740x420.jpg\",\"articleSection\":[\"K\u0131br\u0131s\"],\"inLanguage\":\"tr\",\"potentialAction\":[{\"@type\":\"CommentAction\",\"name\":\"Comment\",\"target\":[\"https:\\\/\\\/kibrisdakik.com\\\/?p=73039#respond\"]}]},{\"@type\":\"WebPage\",\"@id\":\"https:\\\/\\\/kibrisdakik.com\\\/?p=73039\",\"url\":\"https:\\\/\\\/kibrisdakik.com\\\/?p=73039\",\"name\":\"\u00c7avu\u015f: 2025 destekleri i\u00e7in \u00e7al\u0131\u015fmalar\u0131m\u0131z h\u0131zla devam ediyor -\",\"isPartOf\":{\"@id\":\"https:\\\/\\\/kibrisdakik.com\\\/#website\"},\"primaryImageOfPage\":{\"@id\":\"https:\\\/\\\/kibrisdakik.com\\\/?p=73039#primaryimage\"},\"image\":{\"@id\":\"https:\\\/\\\/kibrisdakik.com\\\/?p=73039#primaryimage\"},\"thumbnailUrl\":\"https:\\\/\\\/kibrisdakik.com\\\/wp-content\\\/uploads\\\/2024\\\/06\\\/kelle-34-scaled-740x420.jpg\",\"datePublished\":\"2025-01-06T15:07:50+00:00\",\"author\":{\"@id\":\"https:\\\/\\\/kibrisdakik.com\\\/#\\\/schema\\\/person\\\/9cd9d437bbb44f72b73ba127e06d8e79\"},\"breadcrumb\":{\"@id\":\"https:\\\/\\\/kibrisdakik.com\\\/?p=73039#breadcrumb\"},\"inLanguage\":\"tr\",\"potentialAction\":[{\"@type\":\"ReadAction\",\"target\":[\"https:\\\/\\\/kibrisdakik.com\\\/?p=73039\"]}]},{\"@type\":\"ImageObject\",\"inLanguage\":\"tr\",\"@id\":\"https:\\\/\\\/kibrisdakik.com\\\/?p=73039#primaryimage\",\"url\":\"https:\\\/\\\/kibrisdakik.com\\\/wp-content\\\/uploads\\\/2024\\\/06\\\/kelle-34-scaled-740x420.jpg\",\"contentUrl\":\"https:\\\/\\\/kibrisdakik.com\\\/wp-content\\\/uploads\\\/2024\\\/06\\\/kelle-34-scaled-740x420.jpg\",\"width\":2560,\"height\":1709},{\"@type\":\"BreadcrumbList\",\"@id\":\"https:\\\/\\\/kibrisdakik.com\\\/?p=73039#breadcrumb\",\"itemListElement\":[{\"@type\":\"ListItem\",\"position\":1,\"name\":\"Home\",\"item\":\"https:\\\/\\\/kibrisdakik.com\\\/\"},{\"@type\":\"ListItem\",\"position\":2,\"name\":\"\u00c7avu\u015f: 2025 destekleri i\u00e7in \u00e7al\u0131\u015fmalar\u0131m\u0131z h\u0131zla devam ediyor\"}]},{\"@type\":\"WebSite\",\"@id\":\"https:\\\/\\\/kibrisdakik.com\\\/#website\",\"url\":\"https:\\\/\\\/kibrisdakik.com\\\/\",\"name\":\"\",\"description\":\"Tam vaktinde haber\",\"potentialAction\":[{\"@type\":\"SearchAction\",\"target\":{\"@type\":\"EntryPoint\",\"urlTemplate\":\"https:\\\/\\\/kibrisdakik.com\\\/?s={search_term_string}\"},\"query-input\":{\"@type\":\"PropertyValueSpecification\",\"valueRequired\":true,\"valueName\":\"search_term_string\"}}],\"inLanguage\":\"tr\"},{\"@type\":\"Person\",\"@id\":\"https:\\\/\\\/kibrisdakik.com\\\/#\\\/schema\\\/person\\\/9cd9d437bbb44f72b73ba127e06d8e79\",\"name\":\"admin\",\"image\":{\"@type\":\"ImageObject\",\"inLanguage\":\"tr\",\"@id\":\"https:\\\/\\\/secure.gravatar.com\\\/avatar\\\/ccc17943b9d660506c869530f897617f7cb1c21a4bf30023f252596d83e1f007?s=96&d=mm&r=g\",\"url\":\"https:\\\/\\\/secure.gravatar.com\\\/avatar\\\/ccc17943b9d660506c869530f897617f7cb1c21a4bf30023f252596d83e1f007?s=96&d=mm&r=g\",\"contentUrl\":\"https:\\\/\\\/secure.gravatar.com\\\/avatar\\\/ccc17943b9d660506c869530f897617f7cb1c21a4bf30023f252596d83e1f007?s=96&d=mm&r=g\",\"caption\":\"admin\"},\"sameAs\":[\"https:\\\/\\\/kibrisdakik.com\"],\"url\":\"https:\\\/\\\/kibrisdakik.com\\\/?author=1\"}]}<\/script>\n<!-- \/ Yoast SEO plugin. -->","yoast_head_json":{"title":"\u00c7avu\u015f: 2025 destekleri i\u00e7in \u00e7al\u0131\u015fmalar\u0131m\u0131z h\u0131zla devam ediyor -","robots":{"index":"index","follow":"follow","max-snippet":"max-snippet:-1","max-image-preview":"max-image-preview:large","max-video-preview":"max-video-preview:-1"},"canonical":"https:\/\/kibrisdakik.com\/?p=73039","og_locale":"tr_TR","og_type":"article","og_title":"\u00c7avu\u015f: 2025 destekleri i\u00e7in \u00e7al\u0131\u015fmalar\u0131m\u0131z h\u0131zla devam ediyor -","og_description":"Tar\u0131m ve Do\u011fal Kaynaklar Bakan\u0131 H\u00fcseyin \u00c7avu\u015f, 31 Aral\u0131k 2024 tarihi itibar\u0131yla 2024 y\u0131l\u0131na ait t\u00fcm destek \u00f6demelerinin, Bakanl\u0131k taraf\u0131ndan planland\u0131\u011f\u0131 \u015fekilde eksiksiz olarak tamamland\u0131\u011f\u0131n\u0131 duyurdu. H\u00fcseyin \u00c7avu\u015f yapt\u0131\u011f\u0131 yaz\u0131l\u0131 a\u00e7\u0131klamada, \u00fcreticilere verilen bu desteklerin, tar\u0131m ve hayvanc\u0131l\u0131k sekt\u00f6r\u00fcn\u00fcn g\u00fc\u00e7lenmesi, \u00fcretimin devaml\u0131l\u0131\u011f\u0131n\u0131n sa\u011flanmas\u0131 ve k\u0131rsal kalk\u0131nman\u0131n desteklenmesi a\u00e7\u0131s\u0131ndan \u00f6nem ta\u015f\u0131d\u0131\u011f\u0131na vurgu yapt\u0131. 2025 y\u0131l\u0131na y\u00f6nelik","og_url":"https:\/\/kibrisdakik.com\/?p=73039","article_published_time":"2025-01-06T15:07:50+00:00","og_image":[{"width":2560,"height":1709,"url":"https:\/\/kibrisdakik.com\/wp-content\/uploads\/2024\/06\/kelle-34-scaled-740x420.jpg","type":"image\/jpeg"}],"author":"admin","twitter_card":"summary_large_image","twitter_misc":{"Yazan:":"admin","Tahmini okuma s\u00fcresi":"1 dakika"},"schema":{"@context":"https:\/\/schema.org","@graph":[{"@type":"Article","@id":"https:\/\/kibrisdakik.com\/?p=73039#article","isPartOf":{"@id":"https:\/\/kibrisdakik.com\/?p=73039"},"author":{"name":"admin","@id":"https:\/\/kibrisdakik.com\/#\/schema\/person\/9cd9d437bbb44f72b73ba127e06d8e79"},"headline":"\u00c7avu\u015f: 2025 destekleri i\u00e7in \u00e7al\u0131\u015fmalar\u0131m\u0131z h\u0131zla devam ediyor","datePublished":"2025-01-06T15:07:50+00:00","mainEntityOfPage":{"@id":"https:\/\/kibrisdakik.com\/?p=73039"},"wordCount":187,"commentCount":0,"image":{"@id":"https:\/\/kibrisdakik.com\/?p=73039#primaryimage"},"thumbnailUrl":"https:\/\/kibrisdakik.com\/wp-content\/uploads\/2024\/06\/kelle-34-scaled-740x420.jpg","articleSection":["K\u0131br\u0131s"],"inLanguage":"tr","potentialAction":[{"@type":"CommentAction","name":"Comment","target":["https:\/\/kibrisdakik.com\/?p=73039#respond"]}]},{"@type":"WebPage","@id":"https:\/\/kibrisdakik.com\/?p=73039","url":"https:\/\/kibrisdakik.com\/?p=73039","name":"\u00c7avu\u015f: 2025 destekleri i\u00e7in \u00e7al\u0131\u015fmalar\u0131m\u0131z h\u0131zla devam ediyor -","isPartOf":{"@id":"https:\/\/kibrisdakik.com\/#website"},"primaryImageOfPage":{"@id":"https:\/\/kibrisdakik.com\/?p=73039#primaryimage"},"image":{"@id":"https:\/\/kibrisdakik.com\/?p=73039#primaryimage"},"thumbnailUrl":"https:\/\/kibrisdakik.com\/wp-content\/uploads\/2024\/06\/kelle-34-scaled-740x420.jpg","datePublished":"2025-01-06T15:07:50+00:00","author":{"@id":"https:\/\/kibrisdakik.com\/#\/schema\/person\/9cd9d437bbb44f72b73ba127e06d8e79"},"breadcrumb":{"@id":"https:\/\/kibrisdakik.com\/?p=73039#breadcrumb"},"inLanguage":"tr","potentialAction":[{"@type":"ReadAction","target":["https:\/\/kibrisdakik.com\/?p=73039"]}]},{"@type":"ImageObject","inLanguage":"tr","@id":"https:\/\/kibrisdakik.com\/?p=73039#primaryimage","url":"https:\/\/kibrisdakik.com\/wp-content\/uploads\/2024\/06\/kelle-34-scaled-740x420.jpg","contentUrl":"https:\/\/kibrisdakik.com\/wp-content\/uploads\/2024\/06\/kelle-34-scaled-740x420.jpg","width":2560,"height":1709},{"@type":"BreadcrumbList","@id":"https:\/\/kibrisdakik.com\/?p=73039#breadcrumb","itemListElement":[{"@type":"ListItem","position":1,"name":"Home","item":"https:\/\/kibrisdakik.com\/"},{"@type":"ListItem","position":2,"name":"\u00c7avu\u015f: 2025 destekleri i\u00e7in \u00e7al\u0131\u015fmalar\u0131m\u0131z h\u0131zla devam ediyor"}]},{"@type":"WebSite","@id":"https:\/\/kibrisdakik.com\/#website","url":"https:\/\/kibrisdakik.com\/","name":"","description":"Tam vaktinde haber","potentialAction":[{"@type":"SearchAction","target":{"@type":"EntryPoint","urlTemplate":"https:\/\/kibrisdakik.com\/?s={search_term_string}"},"query-input":{"@type":"PropertyValueSpecification","valueRequired":true,"valueName":"search_term_string"}}],"inLanguage":"tr"},{"@type":"Person","@id":"https:\/\/kibrisdakik.com\/#\/schema\/person\/9cd9d437bbb44f72b73ba127e06d8e79","name":"admin","image":{"@type":"ImageObject","inLanguage":"tr","@id":"https:\/\/secure.gravatar.com\/avatar\/ccc17943b9d660506c869530f897617f7cb1c21a4bf30023f252596d83e1f007?s=96&d=mm&r=g","url":"https:\/\/secure.gravatar.com\/avatar\/ccc17943b9d660506c869530f897617f7cb1c21a4bf30023f252596d83e1f007?s=96&d=mm&r=g","contentUrl":"https:\/\/secure.gravatar.com\/avatar\/ccc17943b9d660506c869530f897617f7cb1c21a4bf30023f252596d83e1f007?s=96&d=mm&r=g","caption":"admin"},"sameAs":["https:\/\/kibrisdakik.com"],"url":"https:\/\/kibrisdakik.com\/?author=1"}]}},"_links":{"self":[{"href":"https:\/\/kibrisdakik.com\/index.php?rest_route=\/wp\/v2\/posts\/73039","targetHints":{"allow":["GET"]}}],"collection":[{"href":"https:\/\/kibrisdakik.com\/index.php?rest_route=\/wp\/v2\/posts"}],"about":[{"href":"https:\/\/kibrisdakik.com\/index.php?rest_route=\/wp\/v2\/types\/post"}],"author":[{"embeddable":true,"href":"https:\/\/kibrisdakik.com\/index.php?rest_route=\/wp\/v2\/users\/1"}],"replies":[{"embeddable":true,"href":"https:\/\/kibrisdakik.com\/index.php?rest_route=%2Fwp%2Fv2%2Fcomments&post=73039"}],"version-history":[{"count":0,"href":"https:\/\/kibrisdakik.com\/index.php?rest_route=\/wp\/v2\/posts\/73039\/revisions"}],"wp:featuredmedia":[{"embeddable":true,"href":"https:\/\/kibrisdakik.com\/index.php?rest_route=\/wp\/v2\/media\/44716"}],"wp:attachment":[{"href":"https:\/\/kibrisdakik.com\/index.php?rest_route=%2Fwp%2Fv2%2Fmedia&parent=73039"}],"wp:term":[{"taxonomy":"category","embeddable":true,"href":"https:\/\/kibrisdakik.com\/index.php?rest_route=%2Fwp%2Fv2%2Fcategories&post=73039"},{"taxonomy":"post_tag","embeddable":true,"href":"https:\/\/kibrisdakik.com\/index.php?rest_route=%2Fwp%2Fv2%2Ftags&post=73039"}],"curies":[{"name":"wp","href":"https:\/\/api.w.org\/{rel}","templated":true}]}}