{"id":73115,"date":"2025-01-08T00:36:40","date_gmt":"2025-01-07T21:36:40","guid":{"rendered":"https:\/\/kibrisdakik.com\/?p=73115"},"modified":"2025-01-08T00:36:40","modified_gmt":"2025-01-07T21:36:40","slug":"yunanistanda-muhalefetteki-syriza-hukumeti-asiri-sagci-gruplara-goz-yummakla-sucladi","status":"publish","type":"post","link":"https:\/\/kibrisdakik.com\/?p=73115","title":{"rendered":"Yunanistan\u2019da muhalefetteki SYRIZA, h\u00fck\u00fcmeti a\u015f\u0131r\u0131 sa\u011fc\u0131 gruplara g\u00f6z yummakla su\u00e7lad\u0131"},"content":{"rendered":"<p><\/p>\n<div>\n<div class=\"mariselle-image-container center\">\n                <img loading=\"lazy\" decoding=\"async\" width=\"1280\" height=\"854\" class=\"lazy-image\" alt=\"\" sizes=\"auto, (max-width: 1280px) 100vw, 1280px\" src=\"https:\/\/brtk.net\/wp-content\/uploads\/2025\/01\/07\/1736268921011Flag_of_the_SYRIZA.svg.png?ver=6f1df8a2c07fe3e37414746f0ea4a299\" srcset=\"https:\/\/brtk.net\/wp-content\/uploads\/2025\/01\/07\/1736268921011Flag_of_the_SYRIZA.svg.png?ver=6f1df8a2c07fe3e37414746f0ea4a299 1280w, https:\/\/brtk.net\/wp-content\/uploads\/2025\/01\/07\/1736268921011Flag_of_the_SYRIZA.svg-300x200.png?ver=7bbdb39c4c19b12fd00d10a840de92b1 300w, https:\/\/brtk.net\/wp-content\/uploads\/2025\/01\/07\/1736268921011Flag_of_the_SYRIZA.svg-1024x683.png?ver=7bbdb39c4c19b12fd00d10a840de92b1 1024w, https:\/\/brtk.net\/wp-content\/uploads\/2025\/01\/07\/1736268921011Flag_of_the_SYRIZA.svg-768x512.png?ver=7bbdb39c4c19b12fd00d10a840de92b1 768w\"\/>                            <\/div>\n<p>Yunanistan\u2019da muhalefet partilerinden Radikal Sol \u0130ttifak (SYRIZA), h\u00fck\u00fcmetin a\u015f\u0131r\u0131 sa\u011fc\u0131 gruplara kar\u015f\u0131 yeterli \u00f6nlem almad\u0131\u011f\u0131n\u0131 ileri s\u00fcrd\u00fc.<\/p>\n<p>SYRIZA, T\u00fcrklerin yo\u011fun olarak ya\u015fad\u0131\u011f\u0131 Bat\u0131 Trakya\u2019n\u0131n G\u00fcm\u00fclcine kentinde 10 ya\u015f\u0131nda bir \u00e7ocu\u011fun, a\u015f\u0131r\u0131 sa\u011fc\u0131 bir grup taraf\u0131ndan tehdit edilmesine ili\u015fkin yaz\u0131l\u0131 a\u00e7\u0131klama yapt\u0131.<\/p>\n<p>A\u00e7\u0131klamada, h\u00fck\u00fcmetin a\u015f\u0131r\u0131 sa\u011fc\u0131 gruplara kar\u015f\u0131 yeterli \u00f6nlem almad\u0131\u011f\u0131 belirtildi.<\/p>\n<p>Tehdit g\u00f6r\u00fcnt\u00fclerinin \u201c\u015fok edici\u201d oldu\u011fu vurgulanan a\u00e7\u0131klamada, \u201cHitler hayran\u0131 bu gruplar\u0131n h\u00fck\u00fcmetin sessizli\u011fi ve ho\u015fg\u00f6r\u00fcs\u00fc sayesinde cesaret bulduklar\u0131 g\u00f6r\u00fclmektedir. Bu t\u00fcr eylemler toplumumuzun de\u011ferleriyle ba\u011fda\u015fmaz ve kabul edilemez.\u201d ifadeleri kullan\u0131ld\u0131.<\/p>\n<p>G\u00f6r\u00fcnt\u00fclerde, a\u015f\u0131r\u0131 sa\u011fc\u0131lar\u0131n k\u00f6\u015feye s\u0131k\u0131\u015ft\u0131rd\u0131\u011f\u0131 10 ya\u015f\u0131ndaki \u00e7ocu\u011fu \u201cYa\u015fas\u0131n Kasidiaris\u201d diye slogan atmaya zorlad\u0131\u011f\u0131 g\u00f6r\u00fcl\u00fcyor.<\/p>\n<p>Yunan Mahkemesi, Ekim 2020\u2019de \u201csu\u00e7 \u00f6rg\u00fct\u00fc\u201d oldu\u011fu gerek\u00e7esiyle a\u015f\u0131r\u0131 sa\u011fc\u0131 Alt\u0131n \u015eafak Partisinin kapat\u0131lmas\u0131na karar vermi\u015f, partinin milletvekili \u0130lias Kasidiaris de su\u00e7 \u00f6rg\u00fct\u00fc kurmak ve su\u00e7 \u00f6rg\u00fct\u00fc \u00fcyeli\u011finden h\u00fck\u00fcm giymi\u015fti.<\/p>\n<\/p><\/div>\n<p><script async\n                    defer\n                    crossorigin=\"anonymous\"\n                    src=\"https:\/\/connect.facebook.net\/tr_TR\/sdk.js#xfbml=1&#038;version=v3.3\"\n            ><\/script><\/p>\n","protected":false},"excerpt":{"rendered":"<p>Yunanistan\u2019da muhalefet partilerinden Radikal Sol \u0130ttifak (SYRIZA), h\u00fck\u00fcmetin a\u015f\u0131r\u0131 sa\u011fc\u0131 gruplara kar\u015f\u0131 yeterli \u00f6nlem almad\u0131\u011f\u0131n\u0131 ileri s\u00fcrd\u00fc. SYRIZA, T\u00fcrklerin yo\u011fun olarak ya\u015fad\u0131\u011f\u0131 Bat\u0131 Trakya\u2019n\u0131n G\u00fcm\u00fclcine kentinde 10 ya\u015f\u0131nda bir \u00e7ocu\u011fun, a\u015f\u0131r\u0131 sa\u011fc\u0131 bir grup taraf\u0131ndan tehdit edilmesine ili\u015fkin yaz\u0131l\u0131 a\u00e7\u0131klama yapt\u0131. A\u00e7\u0131klamada, h\u00fck\u00fcmetin a\u015f\u0131r\u0131 sa\u011fc\u0131 gruplara kar\u015f\u0131 yeterli \u00f6nlem almad\u0131\u011f\u0131 belirtildi. Tehdit g\u00f6r\u00fcnt\u00fclerinin \u201c\u015fok edici\u201d<\/p>\n","protected":false},"author":1,"featured_media":73116,"comment_status":"open","ping_status":"open","sticky":false,"template":"","format":"standard","meta":{"footnotes":""},"categories":[1],"tags":[],"class_list":["post-73115","post","type-post","status-publish","format-standard","has-post-thumbnail","hentry","category-gundem"],"yoast_head":"<!-- This site is optimized with the Yoast SEO plugin v27.5 - https:\/\/yoast.com\/product\/yoast-seo-wordpress\/ -->\n<title>Yunanistan\u2019da muhalefetteki SYRIZA, h\u00fck\u00fcmeti a\u015f\u0131r\u0131 sa\u011fc\u0131 gruplara g\u00f6z yummakla su\u00e7lad\u0131 -<\/title>\n<meta name=\"robots\" content=\"index, follow, max-snippet:-1, max-image-preview:large, max-video-preview:-1\" \/>\n<link rel=\"canonical\" href=\"https:\/\/kibrisdakik.com\/?p=73115\" \/>\n<meta property=\"og:locale\" content=\"tr_TR\" \/>\n<meta property=\"og:type\" content=\"article\" \/>\n<meta property=\"og:title\" content=\"Yunanistan\u2019da muhalefetteki SYRIZA, h\u00fck\u00fcmeti a\u015f\u0131r\u0131 sa\u011fc\u0131 gruplara g\u00f6z yummakla su\u00e7lad\u0131 -\" \/>\n<meta property=\"og:description\" content=\"Yunanistan\u2019da muhalefet partilerinden Radikal Sol \u0130ttifak (SYRIZA), h\u00fck\u00fcmetin a\u015f\u0131r\u0131 sa\u011fc\u0131 gruplara kar\u015f\u0131 yeterli \u00f6nlem almad\u0131\u011f\u0131n\u0131 ileri s\u00fcrd\u00fc. SYRIZA, T\u00fcrklerin yo\u011fun olarak ya\u015fad\u0131\u011f\u0131 Bat\u0131 Trakya\u2019n\u0131n G\u00fcm\u00fclcine kentinde 10 ya\u015f\u0131nda bir \u00e7ocu\u011fun, a\u015f\u0131r\u0131 sa\u011fc\u0131 bir grup taraf\u0131ndan tehdit edilmesine ili\u015fkin yaz\u0131l\u0131 a\u00e7\u0131klama yapt\u0131. A\u00e7\u0131klamada, h\u00fck\u00fcmetin a\u015f\u0131r\u0131 sa\u011fc\u0131 gruplara kar\u015f\u0131 yeterli \u00f6nlem almad\u0131\u011f\u0131 belirtildi. Tehdit g\u00f6r\u00fcnt\u00fclerinin \u201c\u015fok edici\u201d\" \/>\n<meta property=\"og:url\" content=\"https:\/\/kibrisdakik.com\/?p=73115\" \/>\n<meta property=\"article:published_time\" content=\"2025-01-07T21:36:40+00:00\" \/>\n<meta property=\"og:image\" content=\"https:\/\/kibrisdakik.com\/wp-content\/uploads\/2025\/01\/1736268921011Flag_of_the_SYRIZA.svg_-740x420.png\" \/>\n\t<meta property=\"og:image:width\" content=\"1280\" \/>\n\t<meta property=\"og:image:height\" content=\"854\" \/>\n\t<meta property=\"og:image:type\" content=\"image\/png\" \/>\n<meta name=\"author\" content=\"admin\" \/>\n<meta name=\"twitter:card\" content=\"summary_large_image\" \/>\n<meta name=\"twitter:label1\" content=\"Yazan:\" \/>\n\t<meta name=\"twitter:data1\" content=\"admin\" \/>\n\t<meta name=\"twitter:label2\" content=\"Tahmini okuma s\u00fcresi\" \/>\n\t<meta name=\"twitter:data2\" content=\"1 dakika\" \/>\n<script type=\"application\/ld+json\" class=\"yoast-schema-graph\">{\"@context\":\"https:\\\/\\\/schema.org\",\"@graph\":[{\"@type\":\"Article\",\"@id\":\"https:\\\/\\\/kibrisdakik.com\\\/?p=73115#article\",\"isPartOf\":{\"@id\":\"https:\\\/\\\/kibrisdakik.com\\\/?p=73115\"},\"author\":{\"name\":\"admin\",\"@id\":\"https:\\\/\\\/kibrisdakik.com\\\/#\\\/schema\\\/person\\\/9cd9d437bbb44f72b73ba127e06d8e79\"},\"headline\":\"Yunanistan\u2019da muhalefetteki SYRIZA, h\u00fck\u00fcmeti a\u015f\u0131r\u0131 sa\u011fc\u0131 gruplara g\u00f6z yummakla su\u00e7lad\u0131\",\"datePublished\":\"2025-01-07T21:36:40+00:00\",\"mainEntityOfPage\":{\"@id\":\"https:\\\/\\\/kibrisdakik.com\\\/?p=73115\"},\"wordCount\":219,\"commentCount\":0,\"image\":{\"@id\":\"https:\\\/\\\/kibrisdakik.com\\\/?p=73115#primaryimage\"},\"thumbnailUrl\":\"https:\\\/\\\/kibrisdakik.com\\\/wp-content\\\/uploads\\\/2025\\\/01\\\/1736268921011Flag_of_the_SYRIZA.svg_-740x420.png\",\"articleSection\":[\"G\u00fcndem\"],\"inLanguage\":\"tr\",\"potentialAction\":[{\"@type\":\"CommentAction\",\"name\":\"Comment\",\"target\":[\"https:\\\/\\\/kibrisdakik.com\\\/?p=73115#respond\"]}]},{\"@type\":\"WebPage\",\"@id\":\"https:\\\/\\\/kibrisdakik.com\\\/?p=73115\",\"url\":\"https:\\\/\\\/kibrisdakik.com\\\/?p=73115\",\"name\":\"Yunanistan\u2019da muhalefetteki SYRIZA, h\u00fck\u00fcmeti a\u015f\u0131r\u0131 sa\u011fc\u0131 gruplara g\u00f6z yummakla su\u00e7lad\u0131 -\",\"isPartOf\":{\"@id\":\"https:\\\/\\\/kibrisdakik.com\\\/#website\"},\"primaryImageOfPage\":{\"@id\":\"https:\\\/\\\/kibrisdakik.com\\\/?p=73115#primaryimage\"},\"image\":{\"@id\":\"https:\\\/\\\/kibrisdakik.com\\\/?p=73115#primaryimage\"},\"thumbnailUrl\":\"https:\\\/\\\/kibrisdakik.com\\\/wp-content\\\/uploads\\\/2025\\\/01\\\/1736268921011Flag_of_the_SYRIZA.svg_-740x420.png\",\"datePublished\":\"2025-01-07T21:36:40+00:00\",\"author\":{\"@id\":\"https:\\\/\\\/kibrisdakik.com\\\/#\\\/schema\\\/person\\\/9cd9d437bbb44f72b73ba127e06d8e79\"},\"breadcrumb\":{\"@id\":\"https:\\\/\\\/kibrisdakik.com\\\/?p=73115#breadcrumb\"},\"inLanguage\":\"tr\",\"potentialAction\":[{\"@type\":\"ReadAction\",\"target\":[\"https:\\\/\\\/kibrisdakik.com\\\/?p=73115\"]}]},{\"@type\":\"ImageObject\",\"inLanguage\":\"tr\",\"@id\":\"https:\\\/\\\/kibrisdakik.com\\\/?p=73115#primaryimage\",\"url\":\"https:\\\/\\\/kibrisdakik.com\\\/wp-content\\\/uploads\\\/2025\\\/01\\\/1736268921011Flag_of_the_SYRIZA.svg_-740x420.png\",\"contentUrl\":\"https:\\\/\\\/kibrisdakik.com\\\/wp-content\\\/uploads\\\/2025\\\/01\\\/1736268921011Flag_of_the_SYRIZA.svg_-740x420.png\",\"width\":1280,\"height\":854},{\"@type\":\"BreadcrumbList\",\"@id\":\"https:\\\/\\\/kibrisdakik.com\\\/?p=73115#breadcrumb\",\"itemListElement\":[{\"@type\":\"ListItem\",\"position\":1,\"name\":\"Home\",\"item\":\"https:\\\/\\\/kibrisdakik.com\\\/\"},{\"@type\":\"ListItem\",\"position\":2,\"name\":\"Yunanistan\u2019da muhalefetteki SYRIZA, h\u00fck\u00fcmeti a\u015f\u0131r\u0131 sa\u011fc\u0131 gruplara g\u00f6z yummakla su\u00e7lad\u0131\"}]},{\"@type\":\"WebSite\",\"@id\":\"https:\\\/\\\/kibrisdakik.com\\\/#website\",\"url\":\"https:\\\/\\\/kibrisdakik.com\\\/\",\"name\":\"\",\"description\":\"Tam vaktinde haber\",\"potentialAction\":[{\"@type\":\"SearchAction\",\"target\":{\"@type\":\"EntryPoint\",\"urlTemplate\":\"https:\\\/\\\/kibrisdakik.com\\\/?s={search_term_string}\"},\"query-input\":{\"@type\":\"PropertyValueSpecification\",\"valueRequired\":true,\"valueName\":\"search_term_string\"}}],\"inLanguage\":\"tr\"},{\"@type\":\"Person\",\"@id\":\"https:\\\/\\\/kibrisdakik.com\\\/#\\\/schema\\\/person\\\/9cd9d437bbb44f72b73ba127e06d8e79\",\"name\":\"admin\",\"image\":{\"@type\":\"ImageObject\",\"inLanguage\":\"tr\",\"@id\":\"https:\\\/\\\/secure.gravatar.com\\\/avatar\\\/ccc17943b9d660506c869530f897617f7cb1c21a4bf30023f252596d83e1f007?s=96&d=mm&r=g\",\"url\":\"https:\\\/\\\/secure.gravatar.com\\\/avatar\\\/ccc17943b9d660506c869530f897617f7cb1c21a4bf30023f252596d83e1f007?s=96&d=mm&r=g\",\"contentUrl\":\"https:\\\/\\\/secure.gravatar.com\\\/avatar\\\/ccc17943b9d660506c869530f897617f7cb1c21a4bf30023f252596d83e1f007?s=96&d=mm&r=g\",\"caption\":\"admin\"},\"sameAs\":[\"https:\\\/\\\/kibrisdakik.com\"],\"url\":\"https:\\\/\\\/kibrisdakik.com\\\/?author=1\"}]}<\/script>\n<!-- \/ Yoast SEO plugin. -->","yoast_head_json":{"title":"Yunanistan\u2019da muhalefetteki SYRIZA, h\u00fck\u00fcmeti a\u015f\u0131r\u0131 sa\u011fc\u0131 gruplara g\u00f6z yummakla su\u00e7lad\u0131 -","robots":{"index":"index","follow":"follow","max-snippet":"max-snippet:-1","max-image-preview":"max-image-preview:large","max-video-preview":"max-video-preview:-1"},"canonical":"https:\/\/kibrisdakik.com\/?p=73115","og_locale":"tr_TR","og_type":"article","og_title":"Yunanistan\u2019da muhalefetteki SYRIZA, h\u00fck\u00fcmeti a\u015f\u0131r\u0131 sa\u011fc\u0131 gruplara g\u00f6z yummakla su\u00e7lad\u0131 -","og_description":"Yunanistan\u2019da muhalefet partilerinden Radikal Sol \u0130ttifak (SYRIZA), h\u00fck\u00fcmetin a\u015f\u0131r\u0131 sa\u011fc\u0131 gruplara kar\u015f\u0131 yeterli \u00f6nlem almad\u0131\u011f\u0131n\u0131 ileri s\u00fcrd\u00fc. SYRIZA, T\u00fcrklerin yo\u011fun olarak ya\u015fad\u0131\u011f\u0131 Bat\u0131 Trakya\u2019n\u0131n G\u00fcm\u00fclcine kentinde 10 ya\u015f\u0131nda bir \u00e7ocu\u011fun, a\u015f\u0131r\u0131 sa\u011fc\u0131 bir grup taraf\u0131ndan tehdit edilmesine ili\u015fkin yaz\u0131l\u0131 a\u00e7\u0131klama yapt\u0131. A\u00e7\u0131klamada, h\u00fck\u00fcmetin a\u015f\u0131r\u0131 sa\u011fc\u0131 gruplara kar\u015f\u0131 yeterli \u00f6nlem almad\u0131\u011f\u0131 belirtildi. Tehdit g\u00f6r\u00fcnt\u00fclerinin \u201c\u015fok edici\u201d","og_url":"https:\/\/kibrisdakik.com\/?p=73115","article_published_time":"2025-01-07T21:36:40+00:00","og_image":[{"width":1280,"height":854,"url":"https:\/\/kibrisdakik.com\/wp-content\/uploads\/2025\/01\/1736268921011Flag_of_the_SYRIZA.svg_-740x420.png","type":"image\/png"}],"author":"admin","twitter_card":"summary_large_image","twitter_misc":{"Yazan:":"admin","Tahmini okuma s\u00fcresi":"1 dakika"},"schema":{"@context":"https:\/\/schema.org","@graph":[{"@type":"Article","@id":"https:\/\/kibrisdakik.com\/?p=73115#article","isPartOf":{"@id":"https:\/\/kibrisdakik.com\/?p=73115"},"author":{"name":"admin","@id":"https:\/\/kibrisdakik.com\/#\/schema\/person\/9cd9d437bbb44f72b73ba127e06d8e79"},"headline":"Yunanistan\u2019da muhalefetteki SYRIZA, h\u00fck\u00fcmeti a\u015f\u0131r\u0131 sa\u011fc\u0131 gruplara g\u00f6z yummakla su\u00e7lad\u0131","datePublished":"2025-01-07T21:36:40+00:00","mainEntityOfPage":{"@id":"https:\/\/kibrisdakik.com\/?p=73115"},"wordCount":219,"commentCount":0,"image":{"@id":"https:\/\/kibrisdakik.com\/?p=73115#primaryimage"},"thumbnailUrl":"https:\/\/kibrisdakik.com\/wp-content\/uploads\/2025\/01\/1736268921011Flag_of_the_SYRIZA.svg_-740x420.png","articleSection":["G\u00fcndem"],"inLanguage":"tr","potentialAction":[{"@type":"CommentAction","name":"Comment","target":["https:\/\/kibrisdakik.com\/?p=73115#respond"]}]},{"@type":"WebPage","@id":"https:\/\/kibrisdakik.com\/?p=73115","url":"https:\/\/kibrisdakik.com\/?p=73115","name":"Yunanistan\u2019da muhalefetteki SYRIZA, h\u00fck\u00fcmeti a\u015f\u0131r\u0131 sa\u011fc\u0131 gruplara g\u00f6z yummakla su\u00e7lad\u0131 -","isPartOf":{"@id":"https:\/\/kibrisdakik.com\/#website"},"primaryImageOfPage":{"@id":"https:\/\/kibrisdakik.com\/?p=73115#primaryimage"},"image":{"@id":"https:\/\/kibrisdakik.com\/?p=73115#primaryimage"},"thumbnailUrl":"https:\/\/kibrisdakik.com\/wp-content\/uploads\/2025\/01\/1736268921011Flag_of_the_SYRIZA.svg_-740x420.png","datePublished":"2025-01-07T21:36:40+00:00","author":{"@id":"https:\/\/kibrisdakik.com\/#\/schema\/person\/9cd9d437bbb44f72b73ba127e06d8e79"},"breadcrumb":{"@id":"https:\/\/kibrisdakik.com\/?p=73115#breadcrumb"},"inLanguage":"tr","potentialAction":[{"@type":"ReadAction","target":["https:\/\/kibrisdakik.com\/?p=73115"]}]},{"@type":"ImageObject","inLanguage":"tr","@id":"https:\/\/kibrisdakik.com\/?p=73115#primaryimage","url":"https:\/\/kibrisdakik.com\/wp-content\/uploads\/2025\/01\/1736268921011Flag_of_the_SYRIZA.svg_-740x420.png","contentUrl":"https:\/\/kibrisdakik.com\/wp-content\/uploads\/2025\/01\/1736268921011Flag_of_the_SYRIZA.svg_-740x420.png","width":1280,"height":854},{"@type":"BreadcrumbList","@id":"https:\/\/kibrisdakik.com\/?p=73115#breadcrumb","itemListElement":[{"@type":"ListItem","position":1,"name":"Home","item":"https:\/\/kibrisdakik.com\/"},{"@type":"ListItem","position":2,"name":"Yunanistan\u2019da muhalefetteki SYRIZA, h\u00fck\u00fcmeti a\u015f\u0131r\u0131 sa\u011fc\u0131 gruplara g\u00f6z yummakla su\u00e7lad\u0131"}]},{"@type":"WebSite","@id":"https:\/\/kibrisdakik.com\/#website","url":"https:\/\/kibrisdakik.com\/","name":"","description":"Tam vaktinde haber","potentialAction":[{"@type":"SearchAction","target":{"@type":"EntryPoint","urlTemplate":"https:\/\/kibrisdakik.com\/?s={search_term_string}"},"query-input":{"@type":"PropertyValueSpecification","valueRequired":true,"valueName":"search_term_string"}}],"inLanguage":"tr"},{"@type":"Person","@id":"https:\/\/kibrisdakik.com\/#\/schema\/person\/9cd9d437bbb44f72b73ba127e06d8e79","name":"admin","image":{"@type":"ImageObject","inLanguage":"tr","@id":"https:\/\/secure.gravatar.com\/avatar\/ccc17943b9d660506c869530f897617f7cb1c21a4bf30023f252596d83e1f007?s=96&d=mm&r=g","url":"https:\/\/secure.gravatar.com\/avatar\/ccc17943b9d660506c869530f897617f7cb1c21a4bf30023f252596d83e1f007?s=96&d=mm&r=g","contentUrl":"https:\/\/secure.gravatar.com\/avatar\/ccc17943b9d660506c869530f897617f7cb1c21a4bf30023f252596d83e1f007?s=96&d=mm&r=g","caption":"admin"},"sameAs":["https:\/\/kibrisdakik.com"],"url":"https:\/\/kibrisdakik.com\/?author=1"}]}},"_links":{"self":[{"href":"https:\/\/kibrisdakik.com\/index.php?rest_route=\/wp\/v2\/posts\/73115","targetHints":{"allow":["GET"]}}],"collection":[{"href":"https:\/\/kibrisdakik.com\/index.php?rest_route=\/wp\/v2\/posts"}],"about":[{"href":"https:\/\/kibrisdakik.com\/index.php?rest_route=\/wp\/v2\/types\/post"}],"author":[{"embeddable":true,"href":"https:\/\/kibrisdakik.com\/index.php?rest_route=\/wp\/v2\/users\/1"}],"replies":[{"embeddable":true,"href":"https:\/\/kibrisdakik.com\/index.php?rest_route=%2Fwp%2Fv2%2Fcomments&post=73115"}],"version-history":[{"count":1,"href":"https:\/\/kibrisdakik.com\/index.php?rest_route=\/wp\/v2\/posts\/73115\/revisions"}],"predecessor-version":[{"id":73117,"href":"https:\/\/kibrisdakik.com\/index.php?rest_route=\/wp\/v2\/posts\/73115\/revisions\/73117"}],"wp:featuredmedia":[{"embeddable":true,"href":"https:\/\/kibrisdakik.com\/index.php?rest_route=\/wp\/v2\/media\/73116"}],"wp:attachment":[{"href":"https:\/\/kibrisdakik.com\/index.php?rest_route=%2Fwp%2Fv2%2Fmedia&parent=73115"}],"wp:term":[{"taxonomy":"category","embeddable":true,"href":"https:\/\/kibrisdakik.com\/index.php?rest_route=%2Fwp%2Fv2%2Fcategories&post=73115"},{"taxonomy":"post_tag","embeddable":true,"href":"https:\/\/kibrisdakik.com\/index.php?rest_route=%2Fwp%2Fv2%2Ftags&post=73115"}],"curies":[{"name":"wp","href":"https:\/\/api.w.org\/{rel}","templated":true}]}}