{"id":73131,"date":"2025-01-08T14:30:49","date_gmt":"2025-01-08T11:30:49","guid":{"rendered":"https:\/\/kibrisdakik.com\/index.php\/2025\/01\/08\/kktcye-gelen-fidan-mevkidasi-ertugruloglu-ile-bir-araya-geldi\/"},"modified":"2025-01-08T14:30:49","modified_gmt":"2025-01-08T11:30:49","slug":"kktcye-gelen-fidan-mevkidasi-ertugruloglu-ile-bir-araya-geldi","status":"publish","type":"post","link":"https:\/\/kibrisdakik.com\/?p=73131","title":{"rendered":"KKTC\u2019ye gelen Fidan mevkida\u015f\u0131 Ertu\u011frulo\u011flu ile bir araya geldi"},"content":{"rendered":"<div>\n<div class=\"mariselle-image-container none\">\n                                            <\/div>\n<p>D\u0131\u015fi\u015fleri Bakan\u0131 Tahsin Ertu\u011frulo\u011flu, KKTC\u2019ye gelen T\u00fcrkiye Cumhuriyeti D\u0131\u015fi\u015fleri Bakan\u0131 Hakan Fidan ile bir araya geldi.<\/p>\n<p>D\u0131\u015fi\u015fleri Bakanl\u0131\u011f\u0131\u2019nda yer alan g\u00f6r\u00fc\u015fme saat 12.00\u2019de ba\u015flad\u0131. Ertu\u011frulo\u011flu, Fidan\u2019\u0131 Bakanl\u0131k \u00f6n\u00fcnde kar\u015f\u0131lad\u0131.<\/p>\n<div>\n<div class=\"mariselle-image-container center\">\n                <img loading=\"lazy\" decoding=\"async\" width=\"2560\" height=\"1709\" class=\"lazy-image\" alt=\"\" sizes=\"auto, (max-width: 2560px) 100vw, 2560px\" src=\"https:\/\/brtk.net\/wp-content\/uploads\/2025\/01\/08\/20250108_134152-scaled.jpg?ver=6b096d30c509ad6543e0262c0110102e\" srcset=\"https:\/\/brtk.net\/wp-content\/uploads\/2025\/01\/08\/20250108_134152-scaled.jpg?ver=6b096d30c509ad6543e0262c0110102e 2560w, https:\/\/brtk.net\/wp-content\/uploads\/2025\/01\/08\/20250108_134152-300x200.jpg?ver=6b096d30c509ad6543e0262c0110102e 300w, https:\/\/brtk.net\/wp-content\/uploads\/2025\/01\/08\/20250108_134152-1024x684.jpg?ver=a95bfd72bc6ecb28d6bb341a5f70d4e7 1024w, https:\/\/brtk.net\/wp-content\/uploads\/2025\/01\/08\/20250108_134152-768x513.jpg?ver=4fa9cb39d8991aad7cf35a1ff13dc223 768w, https:\/\/brtk.net\/wp-content\/uploads\/2025\/01\/08\/20250108_134152-1536x1025.jpg?ver=77e609d032c5d519012a0df228283222 1536w, https:\/\/brtk.net\/wp-content\/uploads\/2025\/01\/08\/20250108_134152-2048x1367.jpg?ver=a839d310d2ee837934d05f397901c781 2048w\"\/>                            <\/div>\n<\/div>\n<p>G\u00f6r\u00fc\u015fmede ayr\u0131ca T\u00fcrkiye Cumhuriyeti Lefko\u015fa B\u00fcy\u00fckel\u00e7isi\u00a0\u00a0Yasin\u00a0Ekrem Serim ve KKTC Ankara B\u00fcy\u00fckel\u00e7isi \u0130smet Koruko\u011flu da yer ald\u0131.<\/p>\n<p>\u0130ki g\u00fcnl\u00fck resmi ziyaret i\u00e7in adaya gelen Bakan Fidan, g\u00fcn i\u00e7inde Cumhurba\u015fkan\u0131 Ersin Tatar taraf\u0131ndan kabul edilecek ve g\u00f6r\u00fc\u015fme ard\u0131ndan ortak bas\u0131n toplant\u0131s\u0131 d\u00fczenlenecek.<\/p>\n<p>Hakan Fidan ard\u0131ndan, Cumhuriyet Meclisi Ba\u015fkan\u0131 Ziya \u00d6zt\u00fcrkler ve Ba\u015fbakan \u00dcnal \u00dcstel taraf\u0131ndan da kabul edilecek.<\/p>\n<\/p><\/div>\n<p><script async\n                    defer\n                    crossorigin=\"anonymous\"\n                    src=\"https:\/\/connect.facebook.net\/tr_TR\/sdk.js#xfbml=1&#038;version=v3.3\"\n            ><\/script><\/p>\n","protected":false},"excerpt":{"rendered":"<p>D\u0131\u015fi\u015fleri Bakan\u0131 Tahsin Ertu\u011frulo\u011flu, KKTC\u2019ye gelen T\u00fcrkiye Cumhuriyeti D\u0131\u015fi\u015fleri Bakan\u0131 Hakan Fidan ile bir araya geldi. D\u0131\u015fi\u015fleri Bakanl\u0131\u011f\u0131\u2019nda yer alan g\u00f6r\u00fc\u015fme saat 12.00\u2019de ba\u015flad\u0131. Ertu\u011frulo\u011flu, Fidan\u2019\u0131 Bakanl\u0131k \u00f6n\u00fcnde kar\u015f\u0131lad\u0131. G\u00f6r\u00fc\u015fmede ayr\u0131ca T\u00fcrkiye Cumhuriyeti Lefko\u015fa B\u00fcy\u00fckel\u00e7isi\u00a0\u00a0Yasin\u00a0Ekrem Serim ve KKTC Ankara B\u00fcy\u00fckel\u00e7isi \u0130smet Koruko\u011flu da yer ald\u0131. \u0130ki g\u00fcnl\u00fck resmi ziyaret i\u00e7in adaya gelen Bakan Fidan, g\u00fcn<\/p>\n","protected":false},"author":1,"featured_media":73132,"comment_status":"open","ping_status":"open","sticky":false,"template":"","format":"standard","meta":{"footnotes":""},"categories":[81],"tags":[],"class_list":["post-73131","post","type-post","status-publish","format-standard","has-post-thumbnail","hentry","category-kibris"],"yoast_head":"<!-- This site is optimized with the Yoast SEO plugin v27.5 - https:\/\/yoast.com\/product\/yoast-seo-wordpress\/ -->\n<title>KKTC\u2019ye gelen Fidan mevkida\u015f\u0131 Ertu\u011frulo\u011flu ile bir araya geldi -<\/title>\n<meta name=\"robots\" content=\"index, follow, max-snippet:-1, max-image-preview:large, max-video-preview:-1\" \/>\n<link rel=\"canonical\" href=\"https:\/\/kibrisdakik.com\/?p=73131\" \/>\n<meta property=\"og:locale\" content=\"tr_TR\" \/>\n<meta property=\"og:type\" content=\"article\" \/>\n<meta property=\"og:title\" content=\"KKTC\u2019ye gelen Fidan mevkida\u015f\u0131 Ertu\u011frulo\u011flu ile bir araya geldi -\" \/>\n<meta property=\"og:description\" content=\"D\u0131\u015fi\u015fleri Bakan\u0131 Tahsin Ertu\u011frulo\u011flu, KKTC\u2019ye gelen T\u00fcrkiye Cumhuriyeti D\u0131\u015fi\u015fleri Bakan\u0131 Hakan Fidan ile bir araya geldi. D\u0131\u015fi\u015fleri Bakanl\u0131\u011f\u0131\u2019nda yer alan g\u00f6r\u00fc\u015fme saat 12.00\u2019de ba\u015flad\u0131. Ertu\u011frulo\u011flu, Fidan\u2019\u0131 Bakanl\u0131k \u00f6n\u00fcnde kar\u015f\u0131lad\u0131. G\u00f6r\u00fc\u015fmede ayr\u0131ca T\u00fcrkiye Cumhuriyeti Lefko\u015fa B\u00fcy\u00fckel\u00e7isi\u00a0\u00a0Yasin\u00a0Ekrem Serim ve KKTC Ankara B\u00fcy\u00fckel\u00e7isi \u0130smet Koruko\u011flu da yer ald\u0131. \u0130ki g\u00fcnl\u00fck resmi ziyaret i\u00e7in adaya gelen Bakan Fidan, g\u00fcn\" \/>\n<meta property=\"og:url\" content=\"https:\/\/kibrisdakik.com\/?p=73131\" \/>\n<meta property=\"article:published_time\" content=\"2025-01-08T11:30:49+00:00\" \/>\n<meta property=\"og:image\" content=\"https:\/\/kibrisdakik.com\/wp-content\/uploads\/2025\/01\/ERTUGRULOGLU-FIDAN-TIM-2-scaled-740x420.jpg\" \/>\n\t<meta property=\"og:image:width\" content=\"2560\" \/>\n\t<meta property=\"og:image:height\" content=\"1709\" \/>\n\t<meta property=\"og:image:type\" content=\"image\/jpeg\" \/>\n<meta name=\"author\" content=\"admin\" \/>\n<meta name=\"twitter:card\" content=\"summary_large_image\" \/>\n<meta name=\"twitter:label1\" content=\"Yazan:\" \/>\n\t<meta name=\"twitter:data1\" content=\"admin\" \/>\n\t<meta name=\"twitter:label2\" content=\"Tahmini okuma s\u00fcresi\" \/>\n\t<meta name=\"twitter:data2\" content=\"1 dakika\" \/>\n<script type=\"application\/ld+json\" class=\"yoast-schema-graph\">{\"@context\":\"https:\\\/\\\/schema.org\",\"@graph\":[{\"@type\":\"Article\",\"@id\":\"https:\\\/\\\/kibrisdakik.com\\\/?p=73131#article\",\"isPartOf\":{\"@id\":\"https:\\\/\\\/kibrisdakik.com\\\/?p=73131\"},\"author\":{\"name\":\"admin\",\"@id\":\"https:\\\/\\\/kibrisdakik.com\\\/#\\\/schema\\\/person\\\/9cd9d437bbb44f72b73ba127e06d8e79\"},\"headline\":\"KKTC\u2019ye gelen Fidan mevkida\u015f\u0131 Ertu\u011frulo\u011flu ile bir araya geldi\",\"datePublished\":\"2025-01-08T11:30:49+00:00\",\"mainEntityOfPage\":{\"@id\":\"https:\\\/\\\/kibrisdakik.com\\\/?p=73131\"},\"wordCount\":148,\"commentCount\":0,\"image\":{\"@id\":\"https:\\\/\\\/kibrisdakik.com\\\/?p=73131#primaryimage\"},\"thumbnailUrl\":\"https:\\\/\\\/kibrisdakik.com\\\/wp-content\\\/uploads\\\/2025\\\/01\\\/ERTUGRULOGLU-FIDAN-TIM-2-scaled-740x420.jpg\",\"articleSection\":[\"K\u0131br\u0131s\"],\"inLanguage\":\"tr\",\"potentialAction\":[{\"@type\":\"CommentAction\",\"name\":\"Comment\",\"target\":[\"https:\\\/\\\/kibrisdakik.com\\\/?p=73131#respond\"]}]},{\"@type\":\"WebPage\",\"@id\":\"https:\\\/\\\/kibrisdakik.com\\\/?p=73131\",\"url\":\"https:\\\/\\\/kibrisdakik.com\\\/?p=73131\",\"name\":\"KKTC\u2019ye gelen Fidan mevkida\u015f\u0131 Ertu\u011frulo\u011flu ile bir araya geldi -\",\"isPartOf\":{\"@id\":\"https:\\\/\\\/kibrisdakik.com\\\/#website\"},\"primaryImageOfPage\":{\"@id\":\"https:\\\/\\\/kibrisdakik.com\\\/?p=73131#primaryimage\"},\"image\":{\"@id\":\"https:\\\/\\\/kibrisdakik.com\\\/?p=73131#primaryimage\"},\"thumbnailUrl\":\"https:\\\/\\\/kibrisdakik.com\\\/wp-content\\\/uploads\\\/2025\\\/01\\\/ERTUGRULOGLU-FIDAN-TIM-2-scaled-740x420.jpg\",\"datePublished\":\"2025-01-08T11:30:49+00:00\",\"author\":{\"@id\":\"https:\\\/\\\/kibrisdakik.com\\\/#\\\/schema\\\/person\\\/9cd9d437bbb44f72b73ba127e06d8e79\"},\"breadcrumb\":{\"@id\":\"https:\\\/\\\/kibrisdakik.com\\\/?p=73131#breadcrumb\"},\"inLanguage\":\"tr\",\"potentialAction\":[{\"@type\":\"ReadAction\",\"target\":[\"https:\\\/\\\/kibrisdakik.com\\\/?p=73131\"]}]},{\"@type\":\"ImageObject\",\"inLanguage\":\"tr\",\"@id\":\"https:\\\/\\\/kibrisdakik.com\\\/?p=73131#primaryimage\",\"url\":\"https:\\\/\\\/kibrisdakik.com\\\/wp-content\\\/uploads\\\/2025\\\/01\\\/ERTUGRULOGLU-FIDAN-TIM-2-scaled-740x420.jpg\",\"contentUrl\":\"https:\\\/\\\/kibrisdakik.com\\\/wp-content\\\/uploads\\\/2025\\\/01\\\/ERTUGRULOGLU-FIDAN-TIM-2-scaled-740x420.jpg\",\"width\":2560,\"height\":1709},{\"@type\":\"BreadcrumbList\",\"@id\":\"https:\\\/\\\/kibrisdakik.com\\\/?p=73131#breadcrumb\",\"itemListElement\":[{\"@type\":\"ListItem\",\"position\":1,\"name\":\"Home\",\"item\":\"https:\\\/\\\/kibrisdakik.com\\\/\"},{\"@type\":\"ListItem\",\"position\":2,\"name\":\"KKTC\u2019ye gelen Fidan mevkida\u015f\u0131 Ertu\u011frulo\u011flu ile bir araya geldi\"}]},{\"@type\":\"WebSite\",\"@id\":\"https:\\\/\\\/kibrisdakik.com\\\/#website\",\"url\":\"https:\\\/\\\/kibrisdakik.com\\\/\",\"name\":\"\",\"description\":\"Tam vaktinde haber\",\"potentialAction\":[{\"@type\":\"SearchAction\",\"target\":{\"@type\":\"EntryPoint\",\"urlTemplate\":\"https:\\\/\\\/kibrisdakik.com\\\/?s={search_term_string}\"},\"query-input\":{\"@type\":\"PropertyValueSpecification\",\"valueRequired\":true,\"valueName\":\"search_term_string\"}}],\"inLanguage\":\"tr\"},{\"@type\":\"Person\",\"@id\":\"https:\\\/\\\/kibrisdakik.com\\\/#\\\/schema\\\/person\\\/9cd9d437bbb44f72b73ba127e06d8e79\",\"name\":\"admin\",\"image\":{\"@type\":\"ImageObject\",\"inLanguage\":\"tr\",\"@id\":\"https:\\\/\\\/secure.gravatar.com\\\/avatar\\\/ccc17943b9d660506c869530f897617f7cb1c21a4bf30023f252596d83e1f007?s=96&d=mm&r=g\",\"url\":\"https:\\\/\\\/secure.gravatar.com\\\/avatar\\\/ccc17943b9d660506c869530f897617f7cb1c21a4bf30023f252596d83e1f007?s=96&d=mm&r=g\",\"contentUrl\":\"https:\\\/\\\/secure.gravatar.com\\\/avatar\\\/ccc17943b9d660506c869530f897617f7cb1c21a4bf30023f252596d83e1f007?s=96&d=mm&r=g\",\"caption\":\"admin\"},\"sameAs\":[\"https:\\\/\\\/kibrisdakik.com\"],\"url\":\"https:\\\/\\\/kibrisdakik.com\\\/?author=1\"}]}<\/script>\n<!-- \/ Yoast SEO plugin. -->","yoast_head_json":{"title":"KKTC\u2019ye gelen Fidan mevkida\u015f\u0131 Ertu\u011frulo\u011flu ile bir araya geldi -","robots":{"index":"index","follow":"follow","max-snippet":"max-snippet:-1","max-image-preview":"max-image-preview:large","max-video-preview":"max-video-preview:-1"},"canonical":"https:\/\/kibrisdakik.com\/?p=73131","og_locale":"tr_TR","og_type":"article","og_title":"KKTC\u2019ye gelen Fidan mevkida\u015f\u0131 Ertu\u011frulo\u011flu ile bir araya geldi -","og_description":"D\u0131\u015fi\u015fleri Bakan\u0131 Tahsin Ertu\u011frulo\u011flu, KKTC\u2019ye gelen T\u00fcrkiye Cumhuriyeti D\u0131\u015fi\u015fleri Bakan\u0131 Hakan Fidan ile bir araya geldi. D\u0131\u015fi\u015fleri Bakanl\u0131\u011f\u0131\u2019nda yer alan g\u00f6r\u00fc\u015fme saat 12.00\u2019de ba\u015flad\u0131. Ertu\u011frulo\u011flu, Fidan\u2019\u0131 Bakanl\u0131k \u00f6n\u00fcnde kar\u015f\u0131lad\u0131. G\u00f6r\u00fc\u015fmede ayr\u0131ca T\u00fcrkiye Cumhuriyeti Lefko\u015fa B\u00fcy\u00fckel\u00e7isi\u00a0\u00a0Yasin\u00a0Ekrem Serim ve KKTC Ankara B\u00fcy\u00fckel\u00e7isi \u0130smet Koruko\u011flu da yer ald\u0131. \u0130ki g\u00fcnl\u00fck resmi ziyaret i\u00e7in adaya gelen Bakan Fidan, g\u00fcn","og_url":"https:\/\/kibrisdakik.com\/?p=73131","article_published_time":"2025-01-08T11:30:49+00:00","og_image":[{"width":2560,"height":1709,"url":"https:\/\/kibrisdakik.com\/wp-content\/uploads\/2025\/01\/ERTUGRULOGLU-FIDAN-TIM-2-scaled-740x420.jpg","type":"image\/jpeg"}],"author":"admin","twitter_card":"summary_large_image","twitter_misc":{"Yazan:":"admin","Tahmini okuma s\u00fcresi":"1 dakika"},"schema":{"@context":"https:\/\/schema.org","@graph":[{"@type":"Article","@id":"https:\/\/kibrisdakik.com\/?p=73131#article","isPartOf":{"@id":"https:\/\/kibrisdakik.com\/?p=73131"},"author":{"name":"admin","@id":"https:\/\/kibrisdakik.com\/#\/schema\/person\/9cd9d437bbb44f72b73ba127e06d8e79"},"headline":"KKTC\u2019ye gelen Fidan mevkida\u015f\u0131 Ertu\u011frulo\u011flu ile bir araya geldi","datePublished":"2025-01-08T11:30:49+00:00","mainEntityOfPage":{"@id":"https:\/\/kibrisdakik.com\/?p=73131"},"wordCount":148,"commentCount":0,"image":{"@id":"https:\/\/kibrisdakik.com\/?p=73131#primaryimage"},"thumbnailUrl":"https:\/\/kibrisdakik.com\/wp-content\/uploads\/2025\/01\/ERTUGRULOGLU-FIDAN-TIM-2-scaled-740x420.jpg","articleSection":["K\u0131br\u0131s"],"inLanguage":"tr","potentialAction":[{"@type":"CommentAction","name":"Comment","target":["https:\/\/kibrisdakik.com\/?p=73131#respond"]}]},{"@type":"WebPage","@id":"https:\/\/kibrisdakik.com\/?p=73131","url":"https:\/\/kibrisdakik.com\/?p=73131","name":"KKTC\u2019ye gelen Fidan mevkida\u015f\u0131 Ertu\u011frulo\u011flu ile bir araya geldi -","isPartOf":{"@id":"https:\/\/kibrisdakik.com\/#website"},"primaryImageOfPage":{"@id":"https:\/\/kibrisdakik.com\/?p=73131#primaryimage"},"image":{"@id":"https:\/\/kibrisdakik.com\/?p=73131#primaryimage"},"thumbnailUrl":"https:\/\/kibrisdakik.com\/wp-content\/uploads\/2025\/01\/ERTUGRULOGLU-FIDAN-TIM-2-scaled-740x420.jpg","datePublished":"2025-01-08T11:30:49+00:00","author":{"@id":"https:\/\/kibrisdakik.com\/#\/schema\/person\/9cd9d437bbb44f72b73ba127e06d8e79"},"breadcrumb":{"@id":"https:\/\/kibrisdakik.com\/?p=73131#breadcrumb"},"inLanguage":"tr","potentialAction":[{"@type":"ReadAction","target":["https:\/\/kibrisdakik.com\/?p=73131"]}]},{"@type":"ImageObject","inLanguage":"tr","@id":"https:\/\/kibrisdakik.com\/?p=73131#primaryimage","url":"https:\/\/kibrisdakik.com\/wp-content\/uploads\/2025\/01\/ERTUGRULOGLU-FIDAN-TIM-2-scaled-740x420.jpg","contentUrl":"https:\/\/kibrisdakik.com\/wp-content\/uploads\/2025\/01\/ERTUGRULOGLU-FIDAN-TIM-2-scaled-740x420.jpg","width":2560,"height":1709},{"@type":"BreadcrumbList","@id":"https:\/\/kibrisdakik.com\/?p=73131#breadcrumb","itemListElement":[{"@type":"ListItem","position":1,"name":"Home","item":"https:\/\/kibrisdakik.com\/"},{"@type":"ListItem","position":2,"name":"KKTC\u2019ye gelen Fidan mevkida\u015f\u0131 Ertu\u011frulo\u011flu ile bir araya geldi"}]},{"@type":"WebSite","@id":"https:\/\/kibrisdakik.com\/#website","url":"https:\/\/kibrisdakik.com\/","name":"","description":"Tam vaktinde haber","potentialAction":[{"@type":"SearchAction","target":{"@type":"EntryPoint","urlTemplate":"https:\/\/kibrisdakik.com\/?s={search_term_string}"},"query-input":{"@type":"PropertyValueSpecification","valueRequired":true,"valueName":"search_term_string"}}],"inLanguage":"tr"},{"@type":"Person","@id":"https:\/\/kibrisdakik.com\/#\/schema\/person\/9cd9d437bbb44f72b73ba127e06d8e79","name":"admin","image":{"@type":"ImageObject","inLanguage":"tr","@id":"https:\/\/secure.gravatar.com\/avatar\/ccc17943b9d660506c869530f897617f7cb1c21a4bf30023f252596d83e1f007?s=96&d=mm&r=g","url":"https:\/\/secure.gravatar.com\/avatar\/ccc17943b9d660506c869530f897617f7cb1c21a4bf30023f252596d83e1f007?s=96&d=mm&r=g","contentUrl":"https:\/\/secure.gravatar.com\/avatar\/ccc17943b9d660506c869530f897617f7cb1c21a4bf30023f252596d83e1f007?s=96&d=mm&r=g","caption":"admin"},"sameAs":["https:\/\/kibrisdakik.com"],"url":"https:\/\/kibrisdakik.com\/?author=1"}]}},"_links":{"self":[{"href":"https:\/\/kibrisdakik.com\/index.php?rest_route=\/wp\/v2\/posts\/73131","targetHints":{"allow":["GET"]}}],"collection":[{"href":"https:\/\/kibrisdakik.com\/index.php?rest_route=\/wp\/v2\/posts"}],"about":[{"href":"https:\/\/kibrisdakik.com\/index.php?rest_route=\/wp\/v2\/types\/post"}],"author":[{"embeddable":true,"href":"https:\/\/kibrisdakik.com\/index.php?rest_route=\/wp\/v2\/users\/1"}],"replies":[{"embeddable":true,"href":"https:\/\/kibrisdakik.com\/index.php?rest_route=%2Fwp%2Fv2%2Fcomments&post=73131"}],"version-history":[{"count":0,"href":"https:\/\/kibrisdakik.com\/index.php?rest_route=\/wp\/v2\/posts\/73131\/revisions"}],"wp:featuredmedia":[{"embeddable":true,"href":"https:\/\/kibrisdakik.com\/index.php?rest_route=\/wp\/v2\/media\/73132"}],"wp:attachment":[{"href":"https:\/\/kibrisdakik.com\/index.php?rest_route=%2Fwp%2Fv2%2Fmedia&parent=73131"}],"wp:term":[{"taxonomy":"category","embeddable":true,"href":"https:\/\/kibrisdakik.com\/index.php?rest_route=%2Fwp%2Fv2%2Fcategories&post=73131"},{"taxonomy":"post_tag","embeddable":true,"href":"https:\/\/kibrisdakik.com\/index.php?rest_route=%2Fwp%2Fv2%2Ftags&post=73131"}],"curies":[{"name":"wp","href":"https:\/\/api.w.org\/{rel}","templated":true}]}}