{"id":73137,"date":"2025-01-08T15:03:33","date_gmt":"2025-01-08T12:03:33","guid":{"rendered":"https:\/\/kibrisdakik.com\/index.php\/2025\/01\/08\/ktos-gereken-adimlarin-atilmamasi-halinde-grev-ve-eylem-karari-almaya-haziriz\/"},"modified":"2025-01-08T15:03:33","modified_gmt":"2025-01-08T12:03:33","slug":"ktos-gereken-adimlarin-atilmamasi-halinde-grev-ve-eylem-karari-almaya-haziriz","status":"publish","type":"post","link":"https:\/\/kibrisdakik.com\/?p=73137","title":{"rendered":"KT\u00d6S: Gereken ad\u0131mlar\u0131n at\u0131lmamas\u0131 halinde grev ve eylem karar\u0131 almaya haz\u0131r\u0131z"},"content":{"rendered":"<div>\n<div class=\"mariselle-image-container center\">\n                                            <\/div>\n<p>K\u0131br\u0131s T\u00fcrk \u00d6\u011fretmenler Sendikas\u0131(KT\u00d6S) , g\u00fc\u00e7lendirme \u00e7al\u0131\u015fmalar\u0131 devam eden \u015eehit Zeki Salih \u0130lkokulu\u2019na ait foto\u011fraflar\u0131 payla\u015f\u0131p \u201cg\u00fcvenlik\u201d sorununa i\u015faret etti.<\/p>\n<p>K\u0131br\u0131s T\u00fcrk \u00d6\u011fretmenler Sendikas\u0131 taraf\u0131ndan E\u011fitim Sekreteri S\u00fcleyman Gelener imzas\u0131yla yay\u0131mlanan bildiride, \u015eehit Zeki Salih \u0130lkokulu\u2019nun durumu ile ilgili de\u011ferlendirmede bulunuldu.<\/p>\n<p>Bildiride, okulda ba\u015flat\u0131lan g\u00fc\u00e7lendirme \u00e7al\u0131\u015fmalar\u0131n\u0131n tamamlanmad\u0131\u011f\u0131 ve okulun kaderine terk edildi\u011fi ileri s\u00fcr\u00fcld\u00fc.<\/p>\n<p>Sendikan\u0131n bildirisinde, KT\u00d6S olarak uyar\u0131yoruz, gereken ad\u0131mlar\u0131n at\u0131lmamas\u0131 halinde Okul Aile Birli\u011fi ile birlikte hareket ederek, bu \u015fartlarda okulu kapatma dahil her t\u00fcrl\u00fc grev ve eylem karar\u0131 almaya haz\u0131r\u0131z\u201d denildi.<\/p>\n<p>Bildiride, okullardaki g\u00fc\u00e7lendirme \u00e7al\u0131\u015fmalar\u0131n\u0131n takvimlendirilmesi ve tamamlanmas\u0131; e\u011fitim ve g\u00fcvenlik standartlar\u0131n\u0131n eksiksiz yerine getirilmesi; g\u00fcvenlik sa\u011flanmadan bu okullarda e\u011fitime devam edilmemesi; okul y\u00f6netimi, \u00f6\u011fretmenler ve velilerin s\u00fcre\u00e7 hakk\u0131nda d\u00fczenli bilgilendirilmesi de istendi.<\/p>\n<\/p><\/div>\n<p><script async\n                    defer\n                    crossorigin=\"anonymous\"\n                    src=\"https:\/\/connect.facebook.net\/tr_TR\/sdk.js#xfbml=1&#038;version=v3.3\"\n            ><\/script><\/p>\n","protected":false},"excerpt":{"rendered":"<p>K\u0131br\u0131s T\u00fcrk \u00d6\u011fretmenler Sendikas\u0131(KT\u00d6S) , g\u00fc\u00e7lendirme \u00e7al\u0131\u015fmalar\u0131 devam eden \u015eehit Zeki Salih \u0130lkokulu\u2019na ait foto\u011fraflar\u0131 payla\u015f\u0131p \u201cg\u00fcvenlik\u201d sorununa i\u015faret etti. K\u0131br\u0131s T\u00fcrk \u00d6\u011fretmenler Sendikas\u0131 taraf\u0131ndan E\u011fitim Sekreteri S\u00fcleyman Gelener imzas\u0131yla yay\u0131mlanan bildiride, \u015eehit Zeki Salih \u0130lkokulu\u2019nun durumu ile ilgili de\u011ferlendirmede bulunuldu. Bildiride, okulda ba\u015flat\u0131lan g\u00fc\u00e7lendirme \u00e7al\u0131\u015fmalar\u0131n\u0131n tamamlanmad\u0131\u011f\u0131 ve okulun kaderine terk edildi\u011fi ileri s\u00fcr\u00fcld\u00fc. Sendikan\u0131n<\/p>\n","protected":false},"author":1,"featured_media":73138,"comment_status":"open","ping_status":"open","sticky":false,"template":"","format":"standard","meta":{"footnotes":""},"categories":[81],"tags":[],"class_list":["post-73137","post","type-post","status-publish","format-standard","has-post-thumbnail","hentry","category-kibris"],"yoast_head":"<!-- This site is optimized with the Yoast SEO plugin v27.5 - https:\/\/yoast.com\/product\/yoast-seo-wordpress\/ -->\n<title>KT\u00d6S: Gereken ad\u0131mlar\u0131n at\u0131lmamas\u0131 halinde grev ve eylem karar\u0131 almaya haz\u0131r\u0131z -<\/title>\n<meta name=\"robots\" content=\"index, follow, max-snippet:-1, max-image-preview:large, max-video-preview:-1\" \/>\n<link rel=\"canonical\" href=\"https:\/\/kibrisdakik.com\/?p=73137\" \/>\n<meta property=\"og:locale\" content=\"tr_TR\" \/>\n<meta property=\"og:type\" content=\"article\" \/>\n<meta property=\"og:title\" content=\"KT\u00d6S: Gereken ad\u0131mlar\u0131n at\u0131lmamas\u0131 halinde grev ve eylem karar\u0131 almaya haz\u0131r\u0131z -\" \/>\n<meta property=\"og:description\" content=\"K\u0131br\u0131s T\u00fcrk \u00d6\u011fretmenler Sendikas\u0131(KT\u00d6S) , g\u00fc\u00e7lendirme \u00e7al\u0131\u015fmalar\u0131 devam eden \u015eehit Zeki Salih \u0130lkokulu\u2019na ait foto\u011fraflar\u0131 payla\u015f\u0131p \u201cg\u00fcvenlik\u201d sorununa i\u015faret etti. K\u0131br\u0131s T\u00fcrk \u00d6\u011fretmenler Sendikas\u0131 taraf\u0131ndan E\u011fitim Sekreteri S\u00fcleyman Gelener imzas\u0131yla yay\u0131mlanan bildiride, \u015eehit Zeki Salih \u0130lkokulu\u2019nun durumu ile ilgili de\u011ferlendirmede bulunuldu. Bildiride, okulda ba\u015flat\u0131lan g\u00fc\u00e7lendirme \u00e7al\u0131\u015fmalar\u0131n\u0131n tamamlanmad\u0131\u011f\u0131 ve okulun kaderine terk edildi\u011fi ileri s\u00fcr\u00fcld\u00fc. Sendikan\u0131n\" \/>\n<meta property=\"og:url\" content=\"https:\/\/kibrisdakik.com\/?p=73137\" \/>\n<meta property=\"article:published_time\" content=\"2025-01-08T12:03:33+00:00\" \/>\n<meta property=\"og:image\" content=\"https:\/\/kibrisdakik.com\/wp-content\/uploads\/2025\/01\/471486326_930567139178748_2589551434369891612_n-740x420.jpg\" \/>\n\t<meta property=\"og:image:width\" content=\"2048\" \/>\n\t<meta property=\"og:image:height\" content=\"819\" \/>\n\t<meta property=\"og:image:type\" content=\"image\/jpeg\" \/>\n<meta name=\"author\" content=\"admin\" \/>\n<meta name=\"twitter:card\" content=\"summary_large_image\" \/>\n<meta name=\"twitter:label1\" content=\"Yazan:\" \/>\n\t<meta name=\"twitter:data1\" content=\"admin\" \/>\n\t<meta name=\"twitter:label2\" content=\"Tahmini okuma s\u00fcresi\" \/>\n\t<meta name=\"twitter:data2\" content=\"1 dakika\" \/>\n<script type=\"application\/ld+json\" class=\"yoast-schema-graph\">{\"@context\":\"https:\\\/\\\/schema.org\",\"@graph\":[{\"@type\":\"Article\",\"@id\":\"https:\\\/\\\/kibrisdakik.com\\\/?p=73137#article\",\"isPartOf\":{\"@id\":\"https:\\\/\\\/kibrisdakik.com\\\/?p=73137\"},\"author\":{\"name\":\"admin\",\"@id\":\"https:\\\/\\\/kibrisdakik.com\\\/#\\\/schema\\\/person\\\/9cd9d437bbb44f72b73ba127e06d8e79\"},\"headline\":\"KT\u00d6S: Gereken ad\u0131mlar\u0131n at\u0131lmamas\u0131 halinde grev ve eylem karar\u0131 almaya haz\u0131r\u0131z\",\"datePublished\":\"2025-01-08T12:03:33+00:00\",\"mainEntityOfPage\":{\"@id\":\"https:\\\/\\\/kibrisdakik.com\\\/?p=73137\"},\"wordCount\":188,\"commentCount\":0,\"image\":{\"@id\":\"https:\\\/\\\/kibrisdakik.com\\\/?p=73137#primaryimage\"},\"thumbnailUrl\":\"https:\\\/\\\/kibrisdakik.com\\\/wp-content\\\/uploads\\\/2025\\\/01\\\/471486326_930567139178748_2589551434369891612_n-740x420.jpg\",\"articleSection\":[\"K\u0131br\u0131s\"],\"inLanguage\":\"tr\",\"potentialAction\":[{\"@type\":\"CommentAction\",\"name\":\"Comment\",\"target\":[\"https:\\\/\\\/kibrisdakik.com\\\/?p=73137#respond\"]}]},{\"@type\":\"WebPage\",\"@id\":\"https:\\\/\\\/kibrisdakik.com\\\/?p=73137\",\"url\":\"https:\\\/\\\/kibrisdakik.com\\\/?p=73137\",\"name\":\"KT\u00d6S: Gereken ad\u0131mlar\u0131n at\u0131lmamas\u0131 halinde grev ve eylem karar\u0131 almaya haz\u0131r\u0131z -\",\"isPartOf\":{\"@id\":\"https:\\\/\\\/kibrisdakik.com\\\/#website\"},\"primaryImageOfPage\":{\"@id\":\"https:\\\/\\\/kibrisdakik.com\\\/?p=73137#primaryimage\"},\"image\":{\"@id\":\"https:\\\/\\\/kibrisdakik.com\\\/?p=73137#primaryimage\"},\"thumbnailUrl\":\"https:\\\/\\\/kibrisdakik.com\\\/wp-content\\\/uploads\\\/2025\\\/01\\\/471486326_930567139178748_2589551434369891612_n-740x420.jpg\",\"datePublished\":\"2025-01-08T12:03:33+00:00\",\"author\":{\"@id\":\"https:\\\/\\\/kibrisdakik.com\\\/#\\\/schema\\\/person\\\/9cd9d437bbb44f72b73ba127e06d8e79\"},\"breadcrumb\":{\"@id\":\"https:\\\/\\\/kibrisdakik.com\\\/?p=73137#breadcrumb\"},\"inLanguage\":\"tr\",\"potentialAction\":[{\"@type\":\"ReadAction\",\"target\":[\"https:\\\/\\\/kibrisdakik.com\\\/?p=73137\"]}]},{\"@type\":\"ImageObject\",\"inLanguage\":\"tr\",\"@id\":\"https:\\\/\\\/kibrisdakik.com\\\/?p=73137#primaryimage\",\"url\":\"https:\\\/\\\/kibrisdakik.com\\\/wp-content\\\/uploads\\\/2025\\\/01\\\/471486326_930567139178748_2589551434369891612_n-740x420.jpg\",\"contentUrl\":\"https:\\\/\\\/kibrisdakik.com\\\/wp-content\\\/uploads\\\/2025\\\/01\\\/471486326_930567139178748_2589551434369891612_n-740x420.jpg\",\"width\":2048,\"height\":819},{\"@type\":\"BreadcrumbList\",\"@id\":\"https:\\\/\\\/kibrisdakik.com\\\/?p=73137#breadcrumb\",\"itemListElement\":[{\"@type\":\"ListItem\",\"position\":1,\"name\":\"Home\",\"item\":\"https:\\\/\\\/kibrisdakik.com\\\/\"},{\"@type\":\"ListItem\",\"position\":2,\"name\":\"KT\u00d6S: Gereken ad\u0131mlar\u0131n at\u0131lmamas\u0131 halinde grev ve eylem karar\u0131 almaya haz\u0131r\u0131z\"}]},{\"@type\":\"WebSite\",\"@id\":\"https:\\\/\\\/kibrisdakik.com\\\/#website\",\"url\":\"https:\\\/\\\/kibrisdakik.com\\\/\",\"name\":\"\",\"description\":\"Tam vaktinde haber\",\"potentialAction\":[{\"@type\":\"SearchAction\",\"target\":{\"@type\":\"EntryPoint\",\"urlTemplate\":\"https:\\\/\\\/kibrisdakik.com\\\/?s={search_term_string}\"},\"query-input\":{\"@type\":\"PropertyValueSpecification\",\"valueRequired\":true,\"valueName\":\"search_term_string\"}}],\"inLanguage\":\"tr\"},{\"@type\":\"Person\",\"@id\":\"https:\\\/\\\/kibrisdakik.com\\\/#\\\/schema\\\/person\\\/9cd9d437bbb44f72b73ba127e06d8e79\",\"name\":\"admin\",\"image\":{\"@type\":\"ImageObject\",\"inLanguage\":\"tr\",\"@id\":\"https:\\\/\\\/secure.gravatar.com\\\/avatar\\\/ccc17943b9d660506c869530f897617f7cb1c21a4bf30023f252596d83e1f007?s=96&d=mm&r=g\",\"url\":\"https:\\\/\\\/secure.gravatar.com\\\/avatar\\\/ccc17943b9d660506c869530f897617f7cb1c21a4bf30023f252596d83e1f007?s=96&d=mm&r=g\",\"contentUrl\":\"https:\\\/\\\/secure.gravatar.com\\\/avatar\\\/ccc17943b9d660506c869530f897617f7cb1c21a4bf30023f252596d83e1f007?s=96&d=mm&r=g\",\"caption\":\"admin\"},\"sameAs\":[\"https:\\\/\\\/kibrisdakik.com\"],\"url\":\"https:\\\/\\\/kibrisdakik.com\\\/?author=1\"}]}<\/script>\n<!-- \/ Yoast SEO plugin. -->","yoast_head_json":{"title":"KT\u00d6S: Gereken ad\u0131mlar\u0131n at\u0131lmamas\u0131 halinde grev ve eylem karar\u0131 almaya haz\u0131r\u0131z -","robots":{"index":"index","follow":"follow","max-snippet":"max-snippet:-1","max-image-preview":"max-image-preview:large","max-video-preview":"max-video-preview:-1"},"canonical":"https:\/\/kibrisdakik.com\/?p=73137","og_locale":"tr_TR","og_type":"article","og_title":"KT\u00d6S: Gereken ad\u0131mlar\u0131n at\u0131lmamas\u0131 halinde grev ve eylem karar\u0131 almaya haz\u0131r\u0131z -","og_description":"K\u0131br\u0131s T\u00fcrk \u00d6\u011fretmenler Sendikas\u0131(KT\u00d6S) , g\u00fc\u00e7lendirme \u00e7al\u0131\u015fmalar\u0131 devam eden \u015eehit Zeki Salih \u0130lkokulu\u2019na ait foto\u011fraflar\u0131 payla\u015f\u0131p \u201cg\u00fcvenlik\u201d sorununa i\u015faret etti. K\u0131br\u0131s T\u00fcrk \u00d6\u011fretmenler Sendikas\u0131 taraf\u0131ndan E\u011fitim Sekreteri S\u00fcleyman Gelener imzas\u0131yla yay\u0131mlanan bildiride, \u015eehit Zeki Salih \u0130lkokulu\u2019nun durumu ile ilgili de\u011ferlendirmede bulunuldu. Bildiride, okulda ba\u015flat\u0131lan g\u00fc\u00e7lendirme \u00e7al\u0131\u015fmalar\u0131n\u0131n tamamlanmad\u0131\u011f\u0131 ve okulun kaderine terk edildi\u011fi ileri s\u00fcr\u00fcld\u00fc. Sendikan\u0131n","og_url":"https:\/\/kibrisdakik.com\/?p=73137","article_published_time":"2025-01-08T12:03:33+00:00","og_image":[{"width":2048,"height":819,"url":"https:\/\/kibrisdakik.com\/wp-content\/uploads\/2025\/01\/471486326_930567139178748_2589551434369891612_n-740x420.jpg","type":"image\/jpeg"}],"author":"admin","twitter_card":"summary_large_image","twitter_misc":{"Yazan:":"admin","Tahmini okuma s\u00fcresi":"1 dakika"},"schema":{"@context":"https:\/\/schema.org","@graph":[{"@type":"Article","@id":"https:\/\/kibrisdakik.com\/?p=73137#article","isPartOf":{"@id":"https:\/\/kibrisdakik.com\/?p=73137"},"author":{"name":"admin","@id":"https:\/\/kibrisdakik.com\/#\/schema\/person\/9cd9d437bbb44f72b73ba127e06d8e79"},"headline":"KT\u00d6S: Gereken ad\u0131mlar\u0131n at\u0131lmamas\u0131 halinde grev ve eylem karar\u0131 almaya haz\u0131r\u0131z","datePublished":"2025-01-08T12:03:33+00:00","mainEntityOfPage":{"@id":"https:\/\/kibrisdakik.com\/?p=73137"},"wordCount":188,"commentCount":0,"image":{"@id":"https:\/\/kibrisdakik.com\/?p=73137#primaryimage"},"thumbnailUrl":"https:\/\/kibrisdakik.com\/wp-content\/uploads\/2025\/01\/471486326_930567139178748_2589551434369891612_n-740x420.jpg","articleSection":["K\u0131br\u0131s"],"inLanguage":"tr","potentialAction":[{"@type":"CommentAction","name":"Comment","target":["https:\/\/kibrisdakik.com\/?p=73137#respond"]}]},{"@type":"WebPage","@id":"https:\/\/kibrisdakik.com\/?p=73137","url":"https:\/\/kibrisdakik.com\/?p=73137","name":"KT\u00d6S: Gereken ad\u0131mlar\u0131n at\u0131lmamas\u0131 halinde grev ve eylem karar\u0131 almaya haz\u0131r\u0131z -","isPartOf":{"@id":"https:\/\/kibrisdakik.com\/#website"},"primaryImageOfPage":{"@id":"https:\/\/kibrisdakik.com\/?p=73137#primaryimage"},"image":{"@id":"https:\/\/kibrisdakik.com\/?p=73137#primaryimage"},"thumbnailUrl":"https:\/\/kibrisdakik.com\/wp-content\/uploads\/2025\/01\/471486326_930567139178748_2589551434369891612_n-740x420.jpg","datePublished":"2025-01-08T12:03:33+00:00","author":{"@id":"https:\/\/kibrisdakik.com\/#\/schema\/person\/9cd9d437bbb44f72b73ba127e06d8e79"},"breadcrumb":{"@id":"https:\/\/kibrisdakik.com\/?p=73137#breadcrumb"},"inLanguage":"tr","potentialAction":[{"@type":"ReadAction","target":["https:\/\/kibrisdakik.com\/?p=73137"]}]},{"@type":"ImageObject","inLanguage":"tr","@id":"https:\/\/kibrisdakik.com\/?p=73137#primaryimage","url":"https:\/\/kibrisdakik.com\/wp-content\/uploads\/2025\/01\/471486326_930567139178748_2589551434369891612_n-740x420.jpg","contentUrl":"https:\/\/kibrisdakik.com\/wp-content\/uploads\/2025\/01\/471486326_930567139178748_2589551434369891612_n-740x420.jpg","width":2048,"height":819},{"@type":"BreadcrumbList","@id":"https:\/\/kibrisdakik.com\/?p=73137#breadcrumb","itemListElement":[{"@type":"ListItem","position":1,"name":"Home","item":"https:\/\/kibrisdakik.com\/"},{"@type":"ListItem","position":2,"name":"KT\u00d6S: Gereken ad\u0131mlar\u0131n at\u0131lmamas\u0131 halinde grev ve eylem karar\u0131 almaya haz\u0131r\u0131z"}]},{"@type":"WebSite","@id":"https:\/\/kibrisdakik.com\/#website","url":"https:\/\/kibrisdakik.com\/","name":"","description":"Tam vaktinde haber","potentialAction":[{"@type":"SearchAction","target":{"@type":"EntryPoint","urlTemplate":"https:\/\/kibrisdakik.com\/?s={search_term_string}"},"query-input":{"@type":"PropertyValueSpecification","valueRequired":true,"valueName":"search_term_string"}}],"inLanguage":"tr"},{"@type":"Person","@id":"https:\/\/kibrisdakik.com\/#\/schema\/person\/9cd9d437bbb44f72b73ba127e06d8e79","name":"admin","image":{"@type":"ImageObject","inLanguage":"tr","@id":"https:\/\/secure.gravatar.com\/avatar\/ccc17943b9d660506c869530f897617f7cb1c21a4bf30023f252596d83e1f007?s=96&d=mm&r=g","url":"https:\/\/secure.gravatar.com\/avatar\/ccc17943b9d660506c869530f897617f7cb1c21a4bf30023f252596d83e1f007?s=96&d=mm&r=g","contentUrl":"https:\/\/secure.gravatar.com\/avatar\/ccc17943b9d660506c869530f897617f7cb1c21a4bf30023f252596d83e1f007?s=96&d=mm&r=g","caption":"admin"},"sameAs":["https:\/\/kibrisdakik.com"],"url":"https:\/\/kibrisdakik.com\/?author=1"}]}},"_links":{"self":[{"href":"https:\/\/kibrisdakik.com\/index.php?rest_route=\/wp\/v2\/posts\/73137","targetHints":{"allow":["GET"]}}],"collection":[{"href":"https:\/\/kibrisdakik.com\/index.php?rest_route=\/wp\/v2\/posts"}],"about":[{"href":"https:\/\/kibrisdakik.com\/index.php?rest_route=\/wp\/v2\/types\/post"}],"author":[{"embeddable":true,"href":"https:\/\/kibrisdakik.com\/index.php?rest_route=\/wp\/v2\/users\/1"}],"replies":[{"embeddable":true,"href":"https:\/\/kibrisdakik.com\/index.php?rest_route=%2Fwp%2Fv2%2Fcomments&post=73137"}],"version-history":[{"count":0,"href":"https:\/\/kibrisdakik.com\/index.php?rest_route=\/wp\/v2\/posts\/73137\/revisions"}],"wp:featuredmedia":[{"embeddable":true,"href":"https:\/\/kibrisdakik.com\/index.php?rest_route=\/wp\/v2\/media\/73138"}],"wp:attachment":[{"href":"https:\/\/kibrisdakik.com\/index.php?rest_route=%2Fwp%2Fv2%2Fmedia&parent=73137"}],"wp:term":[{"taxonomy":"category","embeddable":true,"href":"https:\/\/kibrisdakik.com\/index.php?rest_route=%2Fwp%2Fv2%2Fcategories&post=73137"},{"taxonomy":"post_tag","embeddable":true,"href":"https:\/\/kibrisdakik.com\/index.php?rest_route=%2Fwp%2Fv2%2Ftags&post=73137"}],"curies":[{"name":"wp","href":"https:\/\/api.w.org\/{rel}","templated":true}]}}