{"id":73152,"date":"2025-01-08T18:14:28","date_gmt":"2025-01-08T15:14:28","guid":{"rendered":"https:\/\/kibrisdakik.com\/index.php\/2025\/01\/08\/turkiye-disisleri-bakani-hakan-fidaniki-devletli-cozum-disinda-bir-yol-yok\/"},"modified":"2025-01-08T18:14:28","modified_gmt":"2025-01-08T15:14:28","slug":"turkiye-disisleri-bakani-hakan-fidaniki-devletli-cozum-disinda-bir-yol-yok","status":"publish","type":"post","link":"https:\/\/kibrisdakik.com\/?p=73152","title":{"rendered":"T\u00fcrkiye D\u0131\u015fi\u015fleri Bakan\u0131 Hakan Fidan:\u0130ki devletli \u00e7\u00f6z\u00fcm d\u0131\u015f\u0131nda bir yol yok"},"content":{"rendered":"<p><\/p>\n<div>\n<div class=\"mariselle-image-container center\">\n                <img loading=\"lazy\" decoding=\"async\" width=\"1307\" height=\"473\" class=\"lazy-image\" alt=\"\" sizes=\"auto, (max-width: 1307px) 100vw, 1307px\" src=\"https:\/\/brtk.net\/wp-content\/uploads\/2025\/01\/08\/WhatsApp-Image-2025-01-08-at-16.38.07.jpeg?ver=3071f1bd70bc9a0906473838584fd803\" srcset=\"https:\/\/brtk.net\/wp-content\/uploads\/2025\/01\/08\/WhatsApp-Image-2025-01-08-at-16.38.07.jpeg?ver=3071f1bd70bc9a0906473838584fd803 1307w, https:\/\/brtk.net\/wp-content\/uploads\/2025\/01\/08\/WhatsApp-Image-2025-01-08-at-16.38.07-300x109.jpeg?ver=364cb7728134845bca44205a2fdea469 300w, https:\/\/brtk.net\/wp-content\/uploads\/2025\/01\/08\/WhatsApp-Image-2025-01-08-at-16.38.07-1024x371.jpeg?ver=10569a39959cd16f7ce0e280f835013c 1024w, https:\/\/brtk.net\/wp-content\/uploads\/2025\/01\/08\/WhatsApp-Image-2025-01-08-at-16.38.07-768x278.jpeg?ver=10569a39959cd16f7ce0e280f835013c 768w\"\/>                            <\/div>\n<p>T\u00fcrkiye D\u0131\u015fi\u015fleri Bakan\u0131 Hakan Fidan, resmi temaslarda bulunmak \u00fczere, Kuzey K\u0131br\u0131s T\u00fcrk Cumhuriyeti\u2019ne geldi. Fidan, \u0130ki g\u00fcn s\u00fcrecek ziyaretinde, K\u0131br\u0131s konusundaki geli\u015fmeleri devlet ve h\u00fck\u00fcmet yetkilileri ile g\u00f6r\u00fc\u015fecek.<\/p>\n<p>\tResmi ziyaretlerde bulunmak \u00fczere bu sabah KKTC\u2019ye gelen Fidan, ilk olarak D\u0131\u015fi\u015fleri Bakan\u0131 Tahsin Ertu\u011frulo\u011flu\u2019nu ziyaret etti.<\/p>\n<p>Fidan daha sonra Cumhurba\u015fkan\u0131 Ersin Tatar taraf\u0131ndan kabul edildi. Ba\u015fba\u015fa g\u00f6r\u00fc\u015fmenin ard\u0131ndan ikili ortak bas\u0131n toplant\u0131s\u0131 d\u00fczenledi. <\/p>\n<p>Cumhurba\u015fkan\u0131 Tatar konu\u015fmas\u0131nda, egemen e\u015fitlik  ve  e\u015fit uluslararas\u0131 stat\u00fcte \u0131srarl\u0131 olduklar\u0131n\u0131 kaydederek,  yeni bir vizyonla ele al\u0131nacak m\u00fczakere s\u00fcrecine taraf olduklar\u0131n\u0131 kaydetti. <\/p>\n<p>Has\u0131ralt\u0131 siyaset ile bir yere var\u0131lamayaca\u011f\u0131na vurgu yapan Cumhurba\u015fkan\u0131 Tatar, Anavatan T\u00fcrkiye\u2019nin deste\u011finin \u00f6nemine dikkat \u00e7ekerek \u201cKKTC devleti, i\u00e7inde bulundu\u011fu co\u011frafyada huzurun ve bar\u0131\u015f\u0131n teminat\u0131d\u0131r \u201d dedi. <\/p>\n<p>T\u00fcrkiye D\u0131\u015fi\u015fleri Fidan ise T\u00fcrkiye Cumhuriyeti\u2019nin Kuzey K\u0131br\u0131s T\u00fcrk Cumhuriyeti\u2019ne deste\u011finin devam edece\u011fine vurgu yapt\u0131. <\/p>\n<p>Fidan, \u2018K\u0131br\u0131s T\u00fcrk\u00fc\u2019n\u00fcn 50 y\u0131ld\u0131r maruz kald\u0131\u011f\u0131 izolasyon, sessiz bir insanl\u0131k su\u00e7u haline gelmi\u015ftir. Bunun sessiz ortaklar\u0131 var. Bilerek veya bilmeyerek bunu icra ediyorlar. KKTC halk\u0131n\u0131n bu durumdan en az etkilenmesi i\u00e7in elimizden geleni yap\u0131yoruz.\u2019 dedi. <\/p>\n<p>Adada 50 y\u0131ld\u0131r s\u00fcregelen tart\u0131\u015fmalarda iki devletli \u00e7\u00f6z\u00fcm\u00fcn gereklili\u011fine dikkat \u00e7eken Fidan, \u201cSon 50 y\u0131lda adada bir ger\u00e7eklik olu\u015ftu. \u0130ki devletli \u00e7\u00f6z\u00fcm d\u0131\u015f\u0131nda adadaki varl\u0131\u011f\u0131n tescil edilmesi d\u0131\u015f\u0131nda bir \u00e7\u00f6z\u00fcm olmad\u0131\u011f\u0131n\u0131 herkes g\u00f6r\u00fcyor. Hayat devam ediyor ve kendi yolunu buluyor. Bizim, halihaz\u0131rda ger\u00e7eklikle ba\u011fda\u015fmayan bir y\u00f6ntemi hayata ge\u00e7irmeye \u00e7al\u0131\u015fmam\u0131z iyi bir husus de\u011fil\u201d dedi. <\/p>\n<p> Fidan, \u201cKKTC ile her t\u00fcrl\u00fc alanda i\u015f birli\u011fini art\u0131rmaya devam edece\u011fiz. Bu konuda en ufak bir teredd\u00fcd\u00fcm\u00fcz yok.\u201d dedi.<\/p>\n<\/p><\/div>\n<p><script async\n                    defer\n                    crossorigin=\"anonymous\"\n                    src=\"https:\/\/connect.facebook.net\/tr_TR\/sdk.js#xfbml=1&#038;version=v3.3\"\n            ><\/script><\/p>\n","protected":false},"excerpt":{"rendered":"<p>T\u00fcrkiye D\u0131\u015fi\u015fleri Bakan\u0131 Hakan Fidan, resmi temaslarda bulunmak \u00fczere, Kuzey K\u0131br\u0131s T\u00fcrk Cumhuriyeti\u2019ne geldi. Fidan, \u0130ki g\u00fcn s\u00fcrecek ziyaretinde, K\u0131br\u0131s konusundaki geli\u015fmeleri devlet ve h\u00fck\u00fcmet yetkilileri ile g\u00f6r\u00fc\u015fecek. Resmi ziyaretlerde bulunmak \u00fczere bu sabah KKTC\u2019ye gelen Fidan, ilk olarak D\u0131\u015fi\u015fleri Bakan\u0131 Tahsin Ertu\u011frulo\u011flu\u2019nu ziyaret etti. Fidan daha sonra Cumhurba\u015fkan\u0131 Ersin Tatar taraf\u0131ndan kabul edildi. Ba\u015fba\u015fa<\/p>\n","protected":false},"author":1,"featured_media":73153,"comment_status":"open","ping_status":"open","sticky":false,"template":"","format":"standard","meta":{"footnotes":""},"categories":[86],"tags":[],"class_list":["post-73152","post","type-post","status-publish","format-standard","has-post-thumbnail","hentry","category-turkiye"],"yoast_head":"<!-- This site is optimized with the Yoast SEO plugin v27.4 - https:\/\/yoast.com\/product\/yoast-seo-wordpress\/ -->\n<title>T\u00fcrkiye D\u0131\u015fi\u015fleri Bakan\u0131 Hakan Fidan:\u0130ki devletli \u00e7\u00f6z\u00fcm d\u0131\u015f\u0131nda bir yol yok -<\/title>\n<meta name=\"robots\" content=\"index, follow, max-snippet:-1, max-image-preview:large, max-video-preview:-1\" \/>\n<link rel=\"canonical\" href=\"https:\/\/kibrisdakik.com\/?p=73152\" \/>\n<meta property=\"og:locale\" content=\"tr_TR\" \/>\n<meta property=\"og:type\" content=\"article\" \/>\n<meta property=\"og:title\" content=\"T\u00fcrkiye D\u0131\u015fi\u015fleri Bakan\u0131 Hakan Fidan:\u0130ki devletli \u00e7\u00f6z\u00fcm d\u0131\u015f\u0131nda bir yol yok -\" \/>\n<meta property=\"og:description\" content=\"T\u00fcrkiye D\u0131\u015fi\u015fleri Bakan\u0131 Hakan Fidan, resmi temaslarda bulunmak \u00fczere, Kuzey K\u0131br\u0131s T\u00fcrk Cumhuriyeti\u2019ne geldi. Fidan, \u0130ki g\u00fcn s\u00fcrecek ziyaretinde, K\u0131br\u0131s konusundaki geli\u015fmeleri devlet ve h\u00fck\u00fcmet yetkilileri ile g\u00f6r\u00fc\u015fecek. Resmi ziyaretlerde bulunmak \u00fczere bu sabah KKTC\u2019ye gelen Fidan, ilk olarak D\u0131\u015fi\u015fleri Bakan\u0131 Tahsin Ertu\u011frulo\u011flu\u2019nu ziyaret etti. Fidan daha sonra Cumhurba\u015fkan\u0131 Ersin Tatar taraf\u0131ndan kabul edildi. Ba\u015fba\u015fa\" \/>\n<meta property=\"og:url\" content=\"https:\/\/kibrisdakik.com\/?p=73152\" \/>\n<meta property=\"article:published_time\" content=\"2025-01-08T15:14:28+00:00\" \/>\n<meta property=\"og:image\" content=\"https:\/\/kibrisdakik.com\/wp-content\/uploads\/2025\/01\/WhatsApp-Image-2025-01-08-at-16.38.07-740x420.jpeg\" \/>\n\t<meta property=\"og:image:width\" content=\"1307\" \/>\n\t<meta property=\"og:image:height\" content=\"473\" \/>\n\t<meta property=\"og:image:type\" content=\"image\/jpeg\" \/>\n<meta name=\"author\" content=\"admin\" \/>\n<meta name=\"twitter:card\" content=\"summary_large_image\" \/>\n<meta name=\"twitter:label1\" content=\"Yazan:\" \/>\n\t<meta name=\"twitter:data1\" content=\"admin\" \/>\n\t<meta name=\"twitter:label2\" content=\"Tahmini okuma s\u00fcresi\" \/>\n\t<meta name=\"twitter:data2\" content=\"2 dakika\" \/>\n<script type=\"application\/ld+json\" class=\"yoast-schema-graph\">{\"@context\":\"https:\\\/\\\/schema.org\",\"@graph\":[{\"@type\":\"Article\",\"@id\":\"https:\\\/\\\/kibrisdakik.com\\\/?p=73152#article\",\"isPartOf\":{\"@id\":\"https:\\\/\\\/kibrisdakik.com\\\/?p=73152\"},\"author\":{\"name\":\"admin\",\"@id\":\"https:\\\/\\\/kibrisdakik.com\\\/#\\\/schema\\\/person\\\/9cd9d437bbb44f72b73ba127e06d8e79\"},\"headline\":\"T\u00fcrkiye D\u0131\u015fi\u015fleri Bakan\u0131 Hakan Fidan:\u0130ki devletli \u00e7\u00f6z\u00fcm d\u0131\u015f\u0131nda bir yol yok\",\"datePublished\":\"2025-01-08T15:14:28+00:00\",\"mainEntityOfPage\":{\"@id\":\"https:\\\/\\\/kibrisdakik.com\\\/?p=73152\"},\"wordCount\":363,\"commentCount\":0,\"image\":{\"@id\":\"https:\\\/\\\/kibrisdakik.com\\\/?p=73152#primaryimage\"},\"thumbnailUrl\":\"https:\\\/\\\/kibrisdakik.com\\\/wp-content\\\/uploads\\\/2025\\\/01\\\/WhatsApp-Image-2025-01-08-at-16.38.07-740x420.jpeg\",\"articleSection\":[\"T\u00fcrkiye\"],\"inLanguage\":\"tr\",\"potentialAction\":[{\"@type\":\"CommentAction\",\"name\":\"Comment\",\"target\":[\"https:\\\/\\\/kibrisdakik.com\\\/?p=73152#respond\"]}]},{\"@type\":\"WebPage\",\"@id\":\"https:\\\/\\\/kibrisdakik.com\\\/?p=73152\",\"url\":\"https:\\\/\\\/kibrisdakik.com\\\/?p=73152\",\"name\":\"T\u00fcrkiye D\u0131\u015fi\u015fleri Bakan\u0131 Hakan Fidan:\u0130ki devletli \u00e7\u00f6z\u00fcm d\u0131\u015f\u0131nda bir yol yok -\",\"isPartOf\":{\"@id\":\"https:\\\/\\\/kibrisdakik.com\\\/#website\"},\"primaryImageOfPage\":{\"@id\":\"https:\\\/\\\/kibrisdakik.com\\\/?p=73152#primaryimage\"},\"image\":{\"@id\":\"https:\\\/\\\/kibrisdakik.com\\\/?p=73152#primaryimage\"},\"thumbnailUrl\":\"https:\\\/\\\/kibrisdakik.com\\\/wp-content\\\/uploads\\\/2025\\\/01\\\/WhatsApp-Image-2025-01-08-at-16.38.07-740x420.jpeg\",\"datePublished\":\"2025-01-08T15:14:28+00:00\",\"author\":{\"@id\":\"https:\\\/\\\/kibrisdakik.com\\\/#\\\/schema\\\/person\\\/9cd9d437bbb44f72b73ba127e06d8e79\"},\"breadcrumb\":{\"@id\":\"https:\\\/\\\/kibrisdakik.com\\\/?p=73152#breadcrumb\"},\"inLanguage\":\"tr\",\"potentialAction\":[{\"@type\":\"ReadAction\",\"target\":[\"https:\\\/\\\/kibrisdakik.com\\\/?p=73152\"]}]},{\"@type\":\"ImageObject\",\"inLanguage\":\"tr\",\"@id\":\"https:\\\/\\\/kibrisdakik.com\\\/?p=73152#primaryimage\",\"url\":\"https:\\\/\\\/kibrisdakik.com\\\/wp-content\\\/uploads\\\/2025\\\/01\\\/WhatsApp-Image-2025-01-08-at-16.38.07-740x420.jpeg\",\"contentUrl\":\"https:\\\/\\\/kibrisdakik.com\\\/wp-content\\\/uploads\\\/2025\\\/01\\\/WhatsApp-Image-2025-01-08-at-16.38.07-740x420.jpeg\",\"width\":1307,\"height\":473},{\"@type\":\"BreadcrumbList\",\"@id\":\"https:\\\/\\\/kibrisdakik.com\\\/?p=73152#breadcrumb\",\"itemListElement\":[{\"@type\":\"ListItem\",\"position\":1,\"name\":\"Home\",\"item\":\"https:\\\/\\\/kibrisdakik.com\\\/\"},{\"@type\":\"ListItem\",\"position\":2,\"name\":\"T\u00fcrkiye D\u0131\u015fi\u015fleri Bakan\u0131 Hakan Fidan:\u0130ki devletli \u00e7\u00f6z\u00fcm d\u0131\u015f\u0131nda bir yol yok\"}]},{\"@type\":\"WebSite\",\"@id\":\"https:\\\/\\\/kibrisdakik.com\\\/#website\",\"url\":\"https:\\\/\\\/kibrisdakik.com\\\/\",\"name\":\"\",\"description\":\"Tam vaktinde haber\",\"potentialAction\":[{\"@type\":\"SearchAction\",\"target\":{\"@type\":\"EntryPoint\",\"urlTemplate\":\"https:\\\/\\\/kibrisdakik.com\\\/?s={search_term_string}\"},\"query-input\":{\"@type\":\"PropertyValueSpecification\",\"valueRequired\":true,\"valueName\":\"search_term_string\"}}],\"inLanguage\":\"tr\"},{\"@type\":\"Person\",\"@id\":\"https:\\\/\\\/kibrisdakik.com\\\/#\\\/schema\\\/person\\\/9cd9d437bbb44f72b73ba127e06d8e79\",\"name\":\"admin\",\"image\":{\"@type\":\"ImageObject\",\"inLanguage\":\"tr\",\"@id\":\"https:\\\/\\\/secure.gravatar.com\\\/avatar\\\/ccc17943b9d660506c869530f897617f7cb1c21a4bf30023f252596d83e1f007?s=96&d=mm&r=g\",\"url\":\"https:\\\/\\\/secure.gravatar.com\\\/avatar\\\/ccc17943b9d660506c869530f897617f7cb1c21a4bf30023f252596d83e1f007?s=96&d=mm&r=g\",\"contentUrl\":\"https:\\\/\\\/secure.gravatar.com\\\/avatar\\\/ccc17943b9d660506c869530f897617f7cb1c21a4bf30023f252596d83e1f007?s=96&d=mm&r=g\",\"caption\":\"admin\"},\"sameAs\":[\"https:\\\/\\\/kibrisdakik.com\"],\"url\":\"https:\\\/\\\/kibrisdakik.com\\\/?author=1\"}]}<\/script>\n<!-- \/ Yoast SEO plugin. -->","yoast_head_json":{"title":"T\u00fcrkiye D\u0131\u015fi\u015fleri Bakan\u0131 Hakan Fidan:\u0130ki devletli \u00e7\u00f6z\u00fcm d\u0131\u015f\u0131nda bir yol yok -","robots":{"index":"index","follow":"follow","max-snippet":"max-snippet:-1","max-image-preview":"max-image-preview:large","max-video-preview":"max-video-preview:-1"},"canonical":"https:\/\/kibrisdakik.com\/?p=73152","og_locale":"tr_TR","og_type":"article","og_title":"T\u00fcrkiye D\u0131\u015fi\u015fleri Bakan\u0131 Hakan Fidan:\u0130ki devletli \u00e7\u00f6z\u00fcm d\u0131\u015f\u0131nda bir yol yok -","og_description":"T\u00fcrkiye D\u0131\u015fi\u015fleri Bakan\u0131 Hakan Fidan, resmi temaslarda bulunmak \u00fczere, Kuzey K\u0131br\u0131s T\u00fcrk Cumhuriyeti\u2019ne geldi. Fidan, \u0130ki g\u00fcn s\u00fcrecek ziyaretinde, K\u0131br\u0131s konusundaki geli\u015fmeleri devlet ve h\u00fck\u00fcmet yetkilileri ile g\u00f6r\u00fc\u015fecek. Resmi ziyaretlerde bulunmak \u00fczere bu sabah KKTC\u2019ye gelen Fidan, ilk olarak D\u0131\u015fi\u015fleri Bakan\u0131 Tahsin Ertu\u011frulo\u011flu\u2019nu ziyaret etti. Fidan daha sonra Cumhurba\u015fkan\u0131 Ersin Tatar taraf\u0131ndan kabul edildi. Ba\u015fba\u015fa","og_url":"https:\/\/kibrisdakik.com\/?p=73152","article_published_time":"2025-01-08T15:14:28+00:00","og_image":[{"width":1307,"height":473,"url":"https:\/\/kibrisdakik.com\/wp-content\/uploads\/2025\/01\/WhatsApp-Image-2025-01-08-at-16.38.07-740x420.jpeg","type":"image\/jpeg"}],"author":"admin","twitter_card":"summary_large_image","twitter_misc":{"Yazan:":"admin","Tahmini okuma s\u00fcresi":"2 dakika"},"schema":{"@context":"https:\/\/schema.org","@graph":[{"@type":"Article","@id":"https:\/\/kibrisdakik.com\/?p=73152#article","isPartOf":{"@id":"https:\/\/kibrisdakik.com\/?p=73152"},"author":{"name":"admin","@id":"https:\/\/kibrisdakik.com\/#\/schema\/person\/9cd9d437bbb44f72b73ba127e06d8e79"},"headline":"T\u00fcrkiye D\u0131\u015fi\u015fleri Bakan\u0131 Hakan Fidan:\u0130ki devletli \u00e7\u00f6z\u00fcm d\u0131\u015f\u0131nda bir yol yok","datePublished":"2025-01-08T15:14:28+00:00","mainEntityOfPage":{"@id":"https:\/\/kibrisdakik.com\/?p=73152"},"wordCount":363,"commentCount":0,"image":{"@id":"https:\/\/kibrisdakik.com\/?p=73152#primaryimage"},"thumbnailUrl":"https:\/\/kibrisdakik.com\/wp-content\/uploads\/2025\/01\/WhatsApp-Image-2025-01-08-at-16.38.07-740x420.jpeg","articleSection":["T\u00fcrkiye"],"inLanguage":"tr","potentialAction":[{"@type":"CommentAction","name":"Comment","target":["https:\/\/kibrisdakik.com\/?p=73152#respond"]}]},{"@type":"WebPage","@id":"https:\/\/kibrisdakik.com\/?p=73152","url":"https:\/\/kibrisdakik.com\/?p=73152","name":"T\u00fcrkiye D\u0131\u015fi\u015fleri Bakan\u0131 Hakan Fidan:\u0130ki devletli \u00e7\u00f6z\u00fcm d\u0131\u015f\u0131nda bir yol yok -","isPartOf":{"@id":"https:\/\/kibrisdakik.com\/#website"},"primaryImageOfPage":{"@id":"https:\/\/kibrisdakik.com\/?p=73152#primaryimage"},"image":{"@id":"https:\/\/kibrisdakik.com\/?p=73152#primaryimage"},"thumbnailUrl":"https:\/\/kibrisdakik.com\/wp-content\/uploads\/2025\/01\/WhatsApp-Image-2025-01-08-at-16.38.07-740x420.jpeg","datePublished":"2025-01-08T15:14:28+00:00","author":{"@id":"https:\/\/kibrisdakik.com\/#\/schema\/person\/9cd9d437bbb44f72b73ba127e06d8e79"},"breadcrumb":{"@id":"https:\/\/kibrisdakik.com\/?p=73152#breadcrumb"},"inLanguage":"tr","potentialAction":[{"@type":"ReadAction","target":["https:\/\/kibrisdakik.com\/?p=73152"]}]},{"@type":"ImageObject","inLanguage":"tr","@id":"https:\/\/kibrisdakik.com\/?p=73152#primaryimage","url":"https:\/\/kibrisdakik.com\/wp-content\/uploads\/2025\/01\/WhatsApp-Image-2025-01-08-at-16.38.07-740x420.jpeg","contentUrl":"https:\/\/kibrisdakik.com\/wp-content\/uploads\/2025\/01\/WhatsApp-Image-2025-01-08-at-16.38.07-740x420.jpeg","width":1307,"height":473},{"@type":"BreadcrumbList","@id":"https:\/\/kibrisdakik.com\/?p=73152#breadcrumb","itemListElement":[{"@type":"ListItem","position":1,"name":"Home","item":"https:\/\/kibrisdakik.com\/"},{"@type":"ListItem","position":2,"name":"T\u00fcrkiye D\u0131\u015fi\u015fleri Bakan\u0131 Hakan Fidan:\u0130ki devletli \u00e7\u00f6z\u00fcm d\u0131\u015f\u0131nda bir yol yok"}]},{"@type":"WebSite","@id":"https:\/\/kibrisdakik.com\/#website","url":"https:\/\/kibrisdakik.com\/","name":"","description":"Tam vaktinde haber","potentialAction":[{"@type":"SearchAction","target":{"@type":"EntryPoint","urlTemplate":"https:\/\/kibrisdakik.com\/?s={search_term_string}"},"query-input":{"@type":"PropertyValueSpecification","valueRequired":true,"valueName":"search_term_string"}}],"inLanguage":"tr"},{"@type":"Person","@id":"https:\/\/kibrisdakik.com\/#\/schema\/person\/9cd9d437bbb44f72b73ba127e06d8e79","name":"admin","image":{"@type":"ImageObject","inLanguage":"tr","@id":"https:\/\/secure.gravatar.com\/avatar\/ccc17943b9d660506c869530f897617f7cb1c21a4bf30023f252596d83e1f007?s=96&d=mm&r=g","url":"https:\/\/secure.gravatar.com\/avatar\/ccc17943b9d660506c869530f897617f7cb1c21a4bf30023f252596d83e1f007?s=96&d=mm&r=g","contentUrl":"https:\/\/secure.gravatar.com\/avatar\/ccc17943b9d660506c869530f897617f7cb1c21a4bf30023f252596d83e1f007?s=96&d=mm&r=g","caption":"admin"},"sameAs":["https:\/\/kibrisdakik.com"],"url":"https:\/\/kibrisdakik.com\/?author=1"}]}},"_links":{"self":[{"href":"https:\/\/kibrisdakik.com\/index.php?rest_route=\/wp\/v2\/posts\/73152","targetHints":{"allow":["GET"]}}],"collection":[{"href":"https:\/\/kibrisdakik.com\/index.php?rest_route=\/wp\/v2\/posts"}],"about":[{"href":"https:\/\/kibrisdakik.com\/index.php?rest_route=\/wp\/v2\/types\/post"}],"author":[{"embeddable":true,"href":"https:\/\/kibrisdakik.com\/index.php?rest_route=\/wp\/v2\/users\/1"}],"replies":[{"embeddable":true,"href":"https:\/\/kibrisdakik.com\/index.php?rest_route=%2Fwp%2Fv2%2Fcomments&post=73152"}],"version-history":[{"count":0,"href":"https:\/\/kibrisdakik.com\/index.php?rest_route=\/wp\/v2\/posts\/73152\/revisions"}],"wp:featuredmedia":[{"embeddable":true,"href":"https:\/\/kibrisdakik.com\/index.php?rest_route=\/wp\/v2\/media\/73153"}],"wp:attachment":[{"href":"https:\/\/kibrisdakik.com\/index.php?rest_route=%2Fwp%2Fv2%2Fmedia&parent=73152"}],"wp:term":[{"taxonomy":"category","embeddable":true,"href":"https:\/\/kibrisdakik.com\/index.php?rest_route=%2Fwp%2Fv2%2Fcategories&post=73152"},{"taxonomy":"post_tag","embeddable":true,"href":"https:\/\/kibrisdakik.com\/index.php?rest_route=%2Fwp%2Fv2%2Ftags&post=73152"}],"curies":[{"name":"wp","href":"https:\/\/api.w.org\/{rel}","templated":true}]}}