{"id":73158,"date":"2025-01-08T18:25:06","date_gmt":"2025-01-08T15:25:06","guid":{"rendered":"https:\/\/kibrisdakik.com\/index.php\/2025\/01\/08\/girne-amerika-universitesinde-liderlere-vefa-etkinligi-duzenlendi\/"},"modified":"2025-01-08T18:25:06","modified_gmt":"2025-01-08T15:25:06","slug":"girne-amerika-universitesinde-liderlere-vefa-etkinligi-duzenlendi","status":"publish","type":"post","link":"https:\/\/kibrisdakik.com\/?p=73158","title":{"rendered":"Girne Amerika \u00dcniversitesi\u2019nde \u201cLiderlere Vefa\u201d etkinli\u011fi d\u00fczenlendi"},"content":{"rendered":"<p> <br \/>\n<\/p>\n<div>\n<div class=\"mariselle-image-container center\">\n                <img loading=\"lazy\" decoding=\"async\" width=\"773\" height=\"564\" class=\"lazy-image\" alt=\"\" sizes=\"auto, (max-width: 773px) 100vw, 773px\" src=\"https:\/\/brtk.net\/wp-content\/uploads\/2025\/01\/08\/e10f07a7-32db-4ef1-b0d5-4a38740c6d02.jpg?ver=7d253f8d9a3d0a5fb23f99a011663f63\" srcset=\"https:\/\/brtk.net\/wp-content\/uploads\/2025\/01\/08\/e10f07a7-32db-4ef1-b0d5-4a38740c6d02.jpg?ver=7d253f8d9a3d0a5fb23f99a011663f63 773w, https:\/\/brtk.net\/wp-content\/uploads\/2025\/01\/08\/e10f07a7-32db-4ef1-b0d5-4a38740c6d02-300x219.jpg?ver=7d253f8d9a3d0a5fb23f99a011663f63 300w, https:\/\/brtk.net\/wp-content\/uploads\/2025\/01\/08\/e10f07a7-32db-4ef1-b0d5-4a38740c6d02-768x560.jpg?ver=7d253f8d9a3d0a5fb23f99a011663f63 768w\"\/>                            <\/div>\n<p>Girne Amerikan \u00dcniversitesi,  \u0130leti\u015fim, E\u011fitim ve Siyasal Bilimleri fak\u00fclteleri ile Bayrak Radyo Televizyon Kurumu i\u015f birli\u011finde, \u201cLiderlere Vefa\u201d etkinli\u011fi d\u00fczenlendi.<\/p>\n<p>Etkinlikte konu\u015fan GA\u00dc \u0130leti\u015fim Fak\u00fcltesi  Dekan\u0131  Profes\u00f6r Doktor Neriman Sayg\u0131l\u0131, K\u0131br\u0131s T\u00fcrk Halk\u0131n\u0131n Varolu\u015f Lideri Doktor Faz\u0131l K\u00fc\u00e7\u00fck ve Kurucu Cumhurba\u015fkan\u0131 Rauf Denkta\u015f\u2019\u0131n, \u00f6l\u00fcm y\u0131l d\u00f6n\u00fcmlerinde bir kez daha \u00f6zlemle an\u0131ld\u0131\u011f\u0131n\u0131 ifade etti.<\/p>\n<p>Sayg\u0131l\u0131, K\u0131br\u0131s T\u00fcrk halk\u0131n\u0131n bug\u00fcn sahip oldu\u011fu devleti, kurumlar\u0131,  ve ya\u015fad\u0131klar\u0131 topraklar\u0131 iki lidere bor\u00e7lu oldu\u011funu vurgulad\u0131.<\/p>\n<div class=\"mariselle-image-container center\">\n                <img loading=\"lazy\" decoding=\"async\" width=\"974\" height=\"534\" class=\"lazy-image\" alt=\"\" sizes=\"auto, (max-width: 974px) 100vw, 974px\" src=\"https:\/\/brtk.net\/wp-content\/uploads\/2025\/01\/08\/5faabcc3-6647-42ea-8b87-ccb18edc849b.jpg?ver=60b49e9edd0961694bd9626069f71f08\" srcset=\"https:\/\/brtk.net\/wp-content\/uploads\/2025\/01\/08\/5faabcc3-6647-42ea-8b87-ccb18edc849b.jpg?ver=60b49e9edd0961694bd9626069f71f08 974w, https:\/\/brtk.net\/wp-content\/uploads\/2025\/01\/08\/5faabcc3-6647-42ea-8b87-ccb18edc849b-300x164.jpg?ver=60b49e9edd0961694bd9626069f71f08 300w, https:\/\/brtk.net\/wp-content\/uploads\/2025\/01\/08\/5faabcc3-6647-42ea-8b87-ccb18edc849b-768x421.jpg?ver=60b49e9edd0961694bd9626069f71f08 768w\"\/>                            <\/div>\n<p>\nK\u0131br\u0131s T\u00fcrk Halk\u0131n\u0131n Varolu\u015f Lideri Dr. Faz\u0131l K\u00fc\u00e7\u00fck ve Kurucu Cumhurba\u015fkan\u0131 Rauf Raif Denkta\u015f\u2019\u0131n, K\u0131br\u0131s T\u00fcrk halk\u0131\u0131na \u0131\u015f\u0131k tutan iki liderin  miras\u0131n\u0131 ya\u015fatarak, gelece\u011fe aktarman\u0131n bir g\u00f6rev oldu\u011funu s\u00f6yledi.<\/p>\n<p>Rekt\u00f6r Yard\u0131mc\u0131s\u0131 ve E\u011fitim Fak\u00fcltesi Dekan\u0131 Profes\u00f6r Doktor Oya  Ertu\u011frulo\u011flu da, Rauf Raif Denkta\u015f ile Doktor Faz\u0131l K\u00fc\u00e7\u00fck\u2019\u00fcn, K\u0131br\u0131s\u2019\u0131n yak\u0131n tarihindeki iki \u00f6nemli lider oldu\u011funu vurgulad\u0131.<\/p>\n<p>Oya Ertu\u011frulo\u011flu, her iki liderin, K\u0131br\u0131s T\u00fcrk halk\u0131n\u0131n varolu\u015f m\u00fccadelesi ile K\u0131br\u0131s Konusu s\u00fcrecinde \u00f6nemli roller oynayan, belirleyici  fig\u00fcrler oldu\u011funu kaydetti.<\/p>\n<p> \tDoktor Faz\u0131l K\u00fc\u00e7\u00fck\u2019\u00fcn torunu Selen S\u00fcheyla K\u00fc\u00e7\u00fck ise, bir torun g\u00f6z\u00fcyle Dr. Faz\u0131l K\u00fc\u00e7\u00fck\u2019\u00fc anlatt\u0131.<\/p>\n<p>Dedesinin her zaman halk\u0131n\u0131n yan\u0131nda oldu\u011funu, onlar\u0131n \u00e7\u0131karlar\u0131n\u0131 her \u015feyin \u00fcst\u00fcnde tuttu\u011funu, m\u00fccadeleyi \u00f6rg\u00fctleyen bir gazeteci ve halk\u0131na \u015fifa da\u011f\u0131tan bir doktor oldu\u011funu kaydeden K\u00fc\u00e7\u00fck, K\u0131br\u0131s konusunu T\u00fcrkiye\u2019nin milli davas\u0131 haline getiren, bilgisini dava arkada\u015flar\u0131na aktaran, makama \u00f6nem vermeyen, cesur bir lider oldu\u011funu anlatt\u0131.<br \/>Selen S\u00fcheyla K\u00fc\u00e7\u00fck, Doktor Faz\u0131l K\u00fc\u00e7\u00fck ve Rauf Raif Denkta\u015f\u2019\u0131n miras\u0131na sahip \u00e7\u0131karak,gelece\u011fe aktaraca\u011f\u0131na inan\u00e7 belirtti. <\/p>\n<div class=\"mariselle-image-container center\">\n                <img loading=\"lazy\" decoding=\"async\" width=\"998\" height=\"568\" class=\"lazy-image\" alt=\"\" sizes=\"auto, (max-width: 998px) 100vw, 998px\" src=\"https:\/\/brtk.net\/wp-content\/uploads\/2025\/01\/08\/62f431fa-7a9f-40f3-8c32-2148c20748a0.jpg?ver=ac93afb016c44b9de2209e63cf7f1ba8\" srcset=\"https:\/\/brtk.net\/wp-content\/uploads\/2025\/01\/08\/62f431fa-7a9f-40f3-8c32-2148c20748a0.jpg?ver=ac93afb016c44b9de2209e63cf7f1ba8 998w, https:\/\/brtk.net\/wp-content\/uploads\/2025\/01\/08\/62f431fa-7a9f-40f3-8c32-2148c20748a0-300x171.jpg?ver=dfde5d6ba0dd6cbb15d2df3b3f57fb2a 300w, https:\/\/brtk.net\/wp-content\/uploads\/2025\/01\/08\/62f431fa-7a9f-40f3-8c32-2148c20748a0-768x437.jpg?ver=dfde5d6ba0dd6cbb15d2df3b3f57fb2a 768w\"\/>                            <\/div>\n<p>\tKurucu Cumhurba\u015fkan\u0131 Rauf Raif Denkta\u015f\u2019\u0131n torunu Orhan K\u00fcr\u015fad da, Doktor Faz\u0131l K\u00fc\u00e7\u00fck ve Rauf Raif Denkta\u015f\u2019\u0131n, K\u0131br\u0131s T\u00fcrk Halk\u0131n\u0131n liderleri, ayn\u0131 zamanda  \u00f6zg\u00fcrl\u00fck a\u015fk\u0131n\u0131n ve hakl\u0131 bir davan\u0131n y\u0131lmaz savunucular\u0131 oldu\u011funu s\u00f6yledi.<\/p>\n<p>K\u00fcr\u015fad, dedesi Rauf Raif Denkta\u015f\u2019\u0131n, halk\u0131n\u0131n gelece\u011fini her \u015feyin \u00f6n\u00fcnde tutan, tarihin en zor d\u00f6nemlerinde bile  y\u0131lmadan \u00e7al\u0131\u015fan, halk\u0131na g\u00fcvenen ve asla  davas\u0131ndan ana vatan\u0131ndan, bayra\u011f\u0131ndan vazge\u00e7meyen bir iradeye sahip oldu\u011funu vurgulad\u0131.<\/p>\n<p> \tGA\u00dc Rekt\u00f6r\u00fc Profes\u00f6r Doktor Serdar Yurtsever ise, Doktor Faz\u0131l K\u00fc\u00e7\u00fck ve Rauf Raif Denkta\u015f\u2019\u0131n, K\u0131br\u0131s T\u00fcrk Halk\u0131n\u0131n ba\u011f\u0131ms\u0131zl\u0131k ve \u00f6zg\u00fcrl\u00fck m\u00fccadelesinde, varl\u0131klar\u0131n\u0131 s\u00fcrd\u00fcrmek, haklar\u0131n\u0131 korumak ve savunmak i\u00e7in verdikleri m\u00fccadelenin, tarihsel a\u00e7\u0131dan b\u00fcy\u00fck bir \u00f6neme sahip oldu\u011funu ve T\u00fcrk Millleti\u2019nin  tarihine ge\u00e7ti\u011fini kaydetti.<\/p>\n<p> \tDoktor Faz\u0131l K\u00fc\u00e7\u00fck ve Rauf Raif Denkta\u015f \u015fiirlerinin okunmas\u0131n\u0131n ard\u0131ndan, Girne Amerikan \u00dcniversitesi E\u011fitim Fak\u00fcltesi M\u00fczik \u00d6\u011fretmenli\u011fi b\u00f6l\u00fcm\u00fc \u00f6\u011frencileri, liderlerin sevdi\u011fi t\u00fcrk\u00fclerden \u00f6rnekler sundu.<\/p>\n<div class=\"mariselle-image-container center\">\n                <img loading=\"lazy\" decoding=\"async\" width=\"1046\" height=\"510\" class=\"lazy-image\" alt=\"\" sizes=\"auto, (max-width: 1046px) 100vw, 1046px\" src=\"https:\/\/brtk.net\/wp-content\/uploads\/2025\/01\/08\/298eb2d0-2193-471b-af60-e4a429c00b65.jpg?ver=ebe3e0945ce4f4e4c627cdec3f43e90a\" srcset=\"https:\/\/brtk.net\/wp-content\/uploads\/2025\/01\/08\/298eb2d0-2193-471b-af60-e4a429c00b65.jpg?ver=ebe3e0945ce4f4e4c627cdec3f43e90a 1046w, https:\/\/brtk.net\/wp-content\/uploads\/2025\/01\/08\/298eb2d0-2193-471b-af60-e4a429c00b65-300x146.jpg?ver=2553eaf5b640bdd87cca08aa01d227f4 300w, https:\/\/brtk.net\/wp-content\/uploads\/2025\/01\/08\/298eb2d0-2193-471b-af60-e4a429c00b65-1024x499.jpg?ver=2553eaf5b640bdd87cca08aa01d227f4 1024w, https:\/\/brtk.net\/wp-content\/uploads\/2025\/01\/08\/298eb2d0-2193-471b-af60-e4a429c00b65-768x374.jpg?ver=2553eaf5b640bdd87cca08aa01d227f4 768w\"\/>                            <\/div>\n<p>\n \tEtkinlikte daha sonra, GA\u00dc \u0130leti\u015fim Fak\u00fcltesi \u00d6\u011fretim \u00dcyesi Yard\u0131mc\u0131 Do\u00e7ent Doktor Muharrem \u00d6zdemir\u2019in y\u00f6netmenli\u011fini \u00fcstlendi\u011fi, \u2018M\u00fccadeleye Liderlik Edenler\u2019 belgeselinin ilk g\u00f6sterimi BRT ekranlar\u0131ndan e\u015f zamanl\u0131 olarak yap\u0131ld\u0131.<\/p>\n<p>Etkinlik, belgeselin haz\u0131rlanmas\u0131na katk\u0131da bulunan Milletvekili Ali\u015fan \u015ean\u2019a, Doktor Faz\u0131l K\u00fc\u00e7\u00fck\u2019\u00fcn Torunu Selen S\u00fcheyla K\u00fc\u00e7\u00fck ve Rauf Raif Denkta\u015f\u2019\u0131n torunu Orhan K\u00fcr\u015fad\u2019a an\u0131 ve te\u015fekk\u00fcr plaketleri sunulmas\u0131yla son buldu.<\/p>\n<p>BRT<\/p>\n<\/p><\/div>\n<p><script async\n                    defer\n                    crossorigin=\"anonymous\"\n                    src=\"https:\/\/connect.facebook.net\/tr_TR\/sdk.js#xfbml=1&#038;version=v3.3\"\n            ><\/script><br \/>\n<br \/><br \/>\n<br \/><a href=\"https:\/\/brtk.net\/girne-amerika-universitesinde-liderlere-vefa-etkinligi-duzenlendi\/\">kpostasi <\/a><\/p>\n","protected":false},"excerpt":{"rendered":"<p>Girne Amerikan \u00dcniversitesi, \u0130leti\u015fim, E\u011fitim ve Siyasal Bilimleri fak\u00fclteleri ile Bayrak Radyo Televizyon Kurumu i\u015f birli\u011finde, \u201cLiderlere Vefa\u201d etkinli\u011fi d\u00fczenlendi. Etkinlikte konu\u015fan GA\u00dc \u0130leti\u015fim Fak\u00fcltesi Dekan\u0131 Profes\u00f6r Doktor Neriman Sayg\u0131l\u0131, K\u0131br\u0131s T\u00fcrk Halk\u0131n\u0131n Varolu\u015f Lideri Doktor Faz\u0131l K\u00fc\u00e7\u00fck ve Kurucu Cumhurba\u015fkan\u0131 Rauf Denkta\u015f\u2019\u0131n, \u00f6l\u00fcm y\u0131l d\u00f6n\u00fcmlerinde bir kez daha \u00f6zlemle an\u0131ld\u0131\u011f\u0131n\u0131 ifade etti. Sayg\u0131l\u0131, K\u0131br\u0131s<\/p>\n","protected":false},"author":1,"featured_media":73159,"comment_status":"open","ping_status":"open","sticky":false,"template":"","format":"standard","meta":{"footnotes":""},"categories":[1,81],"tags":[],"class_list":["post-73158","post","type-post","status-publish","format-standard","has-post-thumbnail","hentry","category-gundem","category-kibris"],"yoast_head":"<!-- This site is optimized with the Yoast SEO plugin v27.5 - https:\/\/yoast.com\/product\/yoast-seo-wordpress\/ -->\n<title>Girne Amerika \u00dcniversitesi\u2019nde \u201cLiderlere Vefa\u201d etkinli\u011fi d\u00fczenlendi -<\/title>\n<meta name=\"robots\" content=\"index, follow, max-snippet:-1, max-image-preview:large, max-video-preview:-1\" \/>\n<link rel=\"canonical\" href=\"https:\/\/kibrisdakik.com\/?p=73158\" \/>\n<meta property=\"og:locale\" content=\"tr_TR\" \/>\n<meta property=\"og:type\" content=\"article\" \/>\n<meta property=\"og:title\" content=\"Girne Amerika \u00dcniversitesi\u2019nde \u201cLiderlere Vefa\u201d etkinli\u011fi d\u00fczenlendi -\" \/>\n<meta property=\"og:description\" content=\"Girne Amerikan \u00dcniversitesi, \u0130leti\u015fim, E\u011fitim ve Siyasal Bilimleri fak\u00fclteleri ile Bayrak Radyo Televizyon Kurumu i\u015f birli\u011finde, \u201cLiderlere Vefa\u201d etkinli\u011fi d\u00fczenlendi. Etkinlikte konu\u015fan GA\u00dc \u0130leti\u015fim Fak\u00fcltesi Dekan\u0131 Profes\u00f6r Doktor Neriman Sayg\u0131l\u0131, K\u0131br\u0131s T\u00fcrk Halk\u0131n\u0131n Varolu\u015f Lideri Doktor Faz\u0131l K\u00fc\u00e7\u00fck ve Kurucu Cumhurba\u015fkan\u0131 Rauf Denkta\u015f\u2019\u0131n, \u00f6l\u00fcm y\u0131l d\u00f6n\u00fcmlerinde bir kez daha \u00f6zlemle an\u0131ld\u0131\u011f\u0131n\u0131 ifade etti. Sayg\u0131l\u0131, K\u0131br\u0131s\" \/>\n<meta property=\"og:url\" content=\"https:\/\/kibrisdakik.com\/?p=73158\" \/>\n<meta property=\"article:published_time\" content=\"2025-01-08T15:25:06+00:00\" \/>\n<meta property=\"og:image\" content=\"https:\/\/kibrisdakik.com\/wp-content\/uploads\/2025\/01\/e10f07a7-32db-4ef1-b0d5-4a38740c6d02-740x420.jpg\" \/>\n\t<meta property=\"og:image:width\" content=\"773\" \/>\n\t<meta property=\"og:image:height\" content=\"564\" \/>\n\t<meta property=\"og:image:type\" content=\"image\/jpeg\" \/>\n<meta name=\"author\" content=\"admin\" \/>\n<meta name=\"twitter:card\" content=\"summary_large_image\" \/>\n<meta name=\"twitter:label1\" content=\"Yazan:\" \/>\n\t<meta name=\"twitter:data1\" content=\"admin\" \/>\n\t<meta name=\"twitter:label2\" content=\"Tahmini okuma s\u00fcresi\" \/>\n\t<meta name=\"twitter:data2\" content=\"3 dakika\" \/>\n<script type=\"application\/ld+json\" class=\"yoast-schema-graph\">{\"@context\":\"https:\\\/\\\/schema.org\",\"@graph\":[{\"@type\":\"Article\",\"@id\":\"https:\\\/\\\/kibrisdakik.com\\\/?p=73158#article\",\"isPartOf\":{\"@id\":\"https:\\\/\\\/kibrisdakik.com\\\/?p=73158\"},\"author\":{\"name\":\"admin\",\"@id\":\"https:\\\/\\\/kibrisdakik.com\\\/#\\\/schema\\\/person\\\/9cd9d437bbb44f72b73ba127e06d8e79\"},\"headline\":\"Girne Amerika \u00dcniversitesi\u2019nde \u201cLiderlere Vefa\u201d etkinli\u011fi d\u00fczenlendi\",\"datePublished\":\"2025-01-08T15:25:06+00:00\",\"mainEntityOfPage\":{\"@id\":\"https:\\\/\\\/kibrisdakik.com\\\/?p=73158\"},\"wordCount\":660,\"commentCount\":0,\"image\":{\"@id\":\"https:\\\/\\\/kibrisdakik.com\\\/?p=73158#primaryimage\"},\"thumbnailUrl\":\"https:\\\/\\\/kibrisdakik.com\\\/wp-content\\\/uploads\\\/2025\\\/01\\\/e10f07a7-32db-4ef1-b0d5-4a38740c6d02-740x420.jpg\",\"articleSection\":[\"G\u00fcndem\",\"K\u0131br\u0131s\"],\"inLanguage\":\"tr\",\"potentialAction\":[{\"@type\":\"CommentAction\",\"name\":\"Comment\",\"target\":[\"https:\\\/\\\/kibrisdakik.com\\\/?p=73158#respond\"]}]},{\"@type\":\"WebPage\",\"@id\":\"https:\\\/\\\/kibrisdakik.com\\\/?p=73158\",\"url\":\"https:\\\/\\\/kibrisdakik.com\\\/?p=73158\",\"name\":\"Girne Amerika \u00dcniversitesi\u2019nde \u201cLiderlere Vefa\u201d etkinli\u011fi d\u00fczenlendi -\",\"isPartOf\":{\"@id\":\"https:\\\/\\\/kibrisdakik.com\\\/#website\"},\"primaryImageOfPage\":{\"@id\":\"https:\\\/\\\/kibrisdakik.com\\\/?p=73158#primaryimage\"},\"image\":{\"@id\":\"https:\\\/\\\/kibrisdakik.com\\\/?p=73158#primaryimage\"},\"thumbnailUrl\":\"https:\\\/\\\/kibrisdakik.com\\\/wp-content\\\/uploads\\\/2025\\\/01\\\/e10f07a7-32db-4ef1-b0d5-4a38740c6d02-740x420.jpg\",\"datePublished\":\"2025-01-08T15:25:06+00:00\",\"author\":{\"@id\":\"https:\\\/\\\/kibrisdakik.com\\\/#\\\/schema\\\/person\\\/9cd9d437bbb44f72b73ba127e06d8e79\"},\"breadcrumb\":{\"@id\":\"https:\\\/\\\/kibrisdakik.com\\\/?p=73158#breadcrumb\"},\"inLanguage\":\"tr\",\"potentialAction\":[{\"@type\":\"ReadAction\",\"target\":[\"https:\\\/\\\/kibrisdakik.com\\\/?p=73158\"]}]},{\"@type\":\"ImageObject\",\"inLanguage\":\"tr\",\"@id\":\"https:\\\/\\\/kibrisdakik.com\\\/?p=73158#primaryimage\",\"url\":\"https:\\\/\\\/kibrisdakik.com\\\/wp-content\\\/uploads\\\/2025\\\/01\\\/e10f07a7-32db-4ef1-b0d5-4a38740c6d02-740x420.jpg\",\"contentUrl\":\"https:\\\/\\\/kibrisdakik.com\\\/wp-content\\\/uploads\\\/2025\\\/01\\\/e10f07a7-32db-4ef1-b0d5-4a38740c6d02-740x420.jpg\",\"width\":773,\"height\":564},{\"@type\":\"BreadcrumbList\",\"@id\":\"https:\\\/\\\/kibrisdakik.com\\\/?p=73158#breadcrumb\",\"itemListElement\":[{\"@type\":\"ListItem\",\"position\":1,\"name\":\"Home\",\"item\":\"https:\\\/\\\/kibrisdakik.com\\\/\"},{\"@type\":\"ListItem\",\"position\":2,\"name\":\"Girne Amerika \u00dcniversitesi\u2019nde \u201cLiderlere Vefa\u201d etkinli\u011fi d\u00fczenlendi\"}]},{\"@type\":\"WebSite\",\"@id\":\"https:\\\/\\\/kibrisdakik.com\\\/#website\",\"url\":\"https:\\\/\\\/kibrisdakik.com\\\/\",\"name\":\"\",\"description\":\"Tam vaktinde haber\",\"potentialAction\":[{\"@type\":\"SearchAction\",\"target\":{\"@type\":\"EntryPoint\",\"urlTemplate\":\"https:\\\/\\\/kibrisdakik.com\\\/?s={search_term_string}\"},\"query-input\":{\"@type\":\"PropertyValueSpecification\",\"valueRequired\":true,\"valueName\":\"search_term_string\"}}],\"inLanguage\":\"tr\"},{\"@type\":\"Person\",\"@id\":\"https:\\\/\\\/kibrisdakik.com\\\/#\\\/schema\\\/person\\\/9cd9d437bbb44f72b73ba127e06d8e79\",\"name\":\"admin\",\"image\":{\"@type\":\"ImageObject\",\"inLanguage\":\"tr\",\"@id\":\"https:\\\/\\\/secure.gravatar.com\\\/avatar\\\/ccc17943b9d660506c869530f897617f7cb1c21a4bf30023f252596d83e1f007?s=96&d=mm&r=g\",\"url\":\"https:\\\/\\\/secure.gravatar.com\\\/avatar\\\/ccc17943b9d660506c869530f897617f7cb1c21a4bf30023f252596d83e1f007?s=96&d=mm&r=g\",\"contentUrl\":\"https:\\\/\\\/secure.gravatar.com\\\/avatar\\\/ccc17943b9d660506c869530f897617f7cb1c21a4bf30023f252596d83e1f007?s=96&d=mm&r=g\",\"caption\":\"admin\"},\"sameAs\":[\"https:\\\/\\\/kibrisdakik.com\"],\"url\":\"https:\\\/\\\/kibrisdakik.com\\\/?author=1\"}]}<\/script>\n<!-- \/ Yoast SEO plugin. -->","yoast_head_json":{"title":"Girne Amerika \u00dcniversitesi\u2019nde \u201cLiderlere Vefa\u201d etkinli\u011fi d\u00fczenlendi -","robots":{"index":"index","follow":"follow","max-snippet":"max-snippet:-1","max-image-preview":"max-image-preview:large","max-video-preview":"max-video-preview:-1"},"canonical":"https:\/\/kibrisdakik.com\/?p=73158","og_locale":"tr_TR","og_type":"article","og_title":"Girne Amerika \u00dcniversitesi\u2019nde \u201cLiderlere Vefa\u201d etkinli\u011fi d\u00fczenlendi -","og_description":"Girne Amerikan \u00dcniversitesi, \u0130leti\u015fim, E\u011fitim ve Siyasal Bilimleri fak\u00fclteleri ile Bayrak Radyo Televizyon Kurumu i\u015f birli\u011finde, \u201cLiderlere Vefa\u201d etkinli\u011fi d\u00fczenlendi. Etkinlikte konu\u015fan GA\u00dc \u0130leti\u015fim Fak\u00fcltesi Dekan\u0131 Profes\u00f6r Doktor Neriman Sayg\u0131l\u0131, K\u0131br\u0131s T\u00fcrk Halk\u0131n\u0131n Varolu\u015f Lideri Doktor Faz\u0131l K\u00fc\u00e7\u00fck ve Kurucu Cumhurba\u015fkan\u0131 Rauf Denkta\u015f\u2019\u0131n, \u00f6l\u00fcm y\u0131l d\u00f6n\u00fcmlerinde bir kez daha \u00f6zlemle an\u0131ld\u0131\u011f\u0131n\u0131 ifade etti. Sayg\u0131l\u0131, K\u0131br\u0131s","og_url":"https:\/\/kibrisdakik.com\/?p=73158","article_published_time":"2025-01-08T15:25:06+00:00","og_image":[{"width":773,"height":564,"url":"https:\/\/kibrisdakik.com\/wp-content\/uploads\/2025\/01\/e10f07a7-32db-4ef1-b0d5-4a38740c6d02-740x420.jpg","type":"image\/jpeg"}],"author":"admin","twitter_card":"summary_large_image","twitter_misc":{"Yazan:":"admin","Tahmini okuma s\u00fcresi":"3 dakika"},"schema":{"@context":"https:\/\/schema.org","@graph":[{"@type":"Article","@id":"https:\/\/kibrisdakik.com\/?p=73158#article","isPartOf":{"@id":"https:\/\/kibrisdakik.com\/?p=73158"},"author":{"name":"admin","@id":"https:\/\/kibrisdakik.com\/#\/schema\/person\/9cd9d437bbb44f72b73ba127e06d8e79"},"headline":"Girne Amerika \u00dcniversitesi\u2019nde \u201cLiderlere Vefa\u201d etkinli\u011fi d\u00fczenlendi","datePublished":"2025-01-08T15:25:06+00:00","mainEntityOfPage":{"@id":"https:\/\/kibrisdakik.com\/?p=73158"},"wordCount":660,"commentCount":0,"image":{"@id":"https:\/\/kibrisdakik.com\/?p=73158#primaryimage"},"thumbnailUrl":"https:\/\/kibrisdakik.com\/wp-content\/uploads\/2025\/01\/e10f07a7-32db-4ef1-b0d5-4a38740c6d02-740x420.jpg","articleSection":["G\u00fcndem","K\u0131br\u0131s"],"inLanguage":"tr","potentialAction":[{"@type":"CommentAction","name":"Comment","target":["https:\/\/kibrisdakik.com\/?p=73158#respond"]}]},{"@type":"WebPage","@id":"https:\/\/kibrisdakik.com\/?p=73158","url":"https:\/\/kibrisdakik.com\/?p=73158","name":"Girne Amerika \u00dcniversitesi\u2019nde \u201cLiderlere Vefa\u201d etkinli\u011fi d\u00fczenlendi -","isPartOf":{"@id":"https:\/\/kibrisdakik.com\/#website"},"primaryImageOfPage":{"@id":"https:\/\/kibrisdakik.com\/?p=73158#primaryimage"},"image":{"@id":"https:\/\/kibrisdakik.com\/?p=73158#primaryimage"},"thumbnailUrl":"https:\/\/kibrisdakik.com\/wp-content\/uploads\/2025\/01\/e10f07a7-32db-4ef1-b0d5-4a38740c6d02-740x420.jpg","datePublished":"2025-01-08T15:25:06+00:00","author":{"@id":"https:\/\/kibrisdakik.com\/#\/schema\/person\/9cd9d437bbb44f72b73ba127e06d8e79"},"breadcrumb":{"@id":"https:\/\/kibrisdakik.com\/?p=73158#breadcrumb"},"inLanguage":"tr","potentialAction":[{"@type":"ReadAction","target":["https:\/\/kibrisdakik.com\/?p=73158"]}]},{"@type":"ImageObject","inLanguage":"tr","@id":"https:\/\/kibrisdakik.com\/?p=73158#primaryimage","url":"https:\/\/kibrisdakik.com\/wp-content\/uploads\/2025\/01\/e10f07a7-32db-4ef1-b0d5-4a38740c6d02-740x420.jpg","contentUrl":"https:\/\/kibrisdakik.com\/wp-content\/uploads\/2025\/01\/e10f07a7-32db-4ef1-b0d5-4a38740c6d02-740x420.jpg","width":773,"height":564},{"@type":"BreadcrumbList","@id":"https:\/\/kibrisdakik.com\/?p=73158#breadcrumb","itemListElement":[{"@type":"ListItem","position":1,"name":"Home","item":"https:\/\/kibrisdakik.com\/"},{"@type":"ListItem","position":2,"name":"Girne Amerika \u00dcniversitesi\u2019nde \u201cLiderlere Vefa\u201d etkinli\u011fi d\u00fczenlendi"}]},{"@type":"WebSite","@id":"https:\/\/kibrisdakik.com\/#website","url":"https:\/\/kibrisdakik.com\/","name":"","description":"Tam vaktinde haber","potentialAction":[{"@type":"SearchAction","target":{"@type":"EntryPoint","urlTemplate":"https:\/\/kibrisdakik.com\/?s={search_term_string}"},"query-input":{"@type":"PropertyValueSpecification","valueRequired":true,"valueName":"search_term_string"}}],"inLanguage":"tr"},{"@type":"Person","@id":"https:\/\/kibrisdakik.com\/#\/schema\/person\/9cd9d437bbb44f72b73ba127e06d8e79","name":"admin","image":{"@type":"ImageObject","inLanguage":"tr","@id":"https:\/\/secure.gravatar.com\/avatar\/ccc17943b9d660506c869530f897617f7cb1c21a4bf30023f252596d83e1f007?s=96&d=mm&r=g","url":"https:\/\/secure.gravatar.com\/avatar\/ccc17943b9d660506c869530f897617f7cb1c21a4bf30023f252596d83e1f007?s=96&d=mm&r=g","contentUrl":"https:\/\/secure.gravatar.com\/avatar\/ccc17943b9d660506c869530f897617f7cb1c21a4bf30023f252596d83e1f007?s=96&d=mm&r=g","caption":"admin"},"sameAs":["https:\/\/kibrisdakik.com"],"url":"https:\/\/kibrisdakik.com\/?author=1"}]}},"_links":{"self":[{"href":"https:\/\/kibrisdakik.com\/index.php?rest_route=\/wp\/v2\/posts\/73158","targetHints":{"allow":["GET"]}}],"collection":[{"href":"https:\/\/kibrisdakik.com\/index.php?rest_route=\/wp\/v2\/posts"}],"about":[{"href":"https:\/\/kibrisdakik.com\/index.php?rest_route=\/wp\/v2\/types\/post"}],"author":[{"embeddable":true,"href":"https:\/\/kibrisdakik.com\/index.php?rest_route=\/wp\/v2\/users\/1"}],"replies":[{"embeddable":true,"href":"https:\/\/kibrisdakik.com\/index.php?rest_route=%2Fwp%2Fv2%2Fcomments&post=73158"}],"version-history":[{"count":0,"href":"https:\/\/kibrisdakik.com\/index.php?rest_route=\/wp\/v2\/posts\/73158\/revisions"}],"wp:featuredmedia":[{"embeddable":true,"href":"https:\/\/kibrisdakik.com\/index.php?rest_route=\/wp\/v2\/media\/73159"}],"wp:attachment":[{"href":"https:\/\/kibrisdakik.com\/index.php?rest_route=%2Fwp%2Fv2%2Fmedia&parent=73158"}],"wp:term":[{"taxonomy":"category","embeddable":true,"href":"https:\/\/kibrisdakik.com\/index.php?rest_route=%2Fwp%2Fv2%2Fcategories&post=73158"},{"taxonomy":"post_tag","embeddable":true,"href":"https:\/\/kibrisdakik.com\/index.php?rest_route=%2Fwp%2Fv2%2Ftags&post=73158"}],"curies":[{"name":"wp","href":"https:\/\/api.w.org\/{rel}","templated":true}]}}