{"id":73181,"date":"2025-01-08T20:41:11","date_gmt":"2025-01-08T17:41:11","guid":{"rendered":"https:\/\/kibrisdakik.com\/index.php\/2025\/01\/08\/misir-yunanistan-ve-gkry-uclu-zirve-icin-kahirede-bir-araya-geldi\/"},"modified":"2025-01-08T20:41:11","modified_gmt":"2025-01-08T17:41:11","slug":"misir-yunanistan-ve-gkry-uclu-zirve-icin-kahirede-bir-araya-geldi","status":"publish","type":"post","link":"https:\/\/kibrisdakik.com\/?p=73181","title":{"rendered":"M\u0131s\u0131r, Yunanistan ve GKRY \u00fc\u00e7l\u00fc zirve i\u00e7in Kahire\u2019de bir araya geldi"},"content":{"rendered":"<p><\/p>\n<div>\n<div class=\"mariselle-image-container center\">\n                <img loading=\"lazy\" decoding=\"async\" width=\"780\" height=\"470\" class=\"lazy-image\" alt=\"\" sizes=\"auto, (max-width: 780px) 100vw, 780px\" src=\"https:\/\/brtk.net\/wp-content\/uploads\/2025\/01\/08\/Misir-Yunanistan-ve-GKRYguney.jpg?ver=a06028037a151b319741297138ad5470\" srcset=\"https:\/\/brtk.net\/wp-content\/uploads\/2025\/01\/08\/Misir-Yunanistan-ve-GKRYguney.jpg?ver=a06028037a151b319741297138ad5470 780w, https:\/\/brtk.net\/wp-content\/uploads\/2025\/01\/08\/Misir-Yunanistan-ve-GKRYguney-300x181.jpg?ver=a06028037a151b319741297138ad5470 300w, https:\/\/brtk.net\/wp-content\/uploads\/2025\/01\/08\/Misir-Yunanistan-ve-GKRYguney-768x463.jpg?ver=988742d8d75eb6532f238e040f76a4d6 768w\"\/>                            <\/div>\n<p> M\u0131s\u0131r, Yunanistan, GKRY \u00fc\u00e7l\u00fc zirvesinin onuncusu M\u0131s\u0131r\u2019\u0131n ba\u015fkenti Kahire\u2019de ba\u015flad\u0131.<\/p>\n<p>Kahire\u2019de onuncusu d\u00fczenlenen \u00fc\u00e7l\u00fc zirvede M\u0131s\u0131r Cumhurba\u015fkan\u0131 Abdulfettah es-Sisi\u2019nin yan\u0131 s\u0131ra GKRY lideri Nikos Hristodulidis, Yunanistan Ba\u015fbakan\u0131 Kiryakos Mi\u00e7otakis yer ald\u0131.<\/p>\n<p>Sisi, zirvenin a\u00e7\u0131l\u0131\u015f oturumunda yapt\u0131\u011f\u0131 konu\u015fmada, M\u0131s\u0131r, Yunanistan ve GKRY aras\u0131ndaki \u00fc\u00e7l\u00fc mekanizma kapsam\u0131nda d\u00fczenlenen zirveye kat\u0131lanlar\u0131 selamlad\u0131.<\/p>\n<p>Ge\u00e7mi\u015f y\u0131llar\u0131n bu mekanizman\u0131n sadece b\u00f6lgesel meseleleri tart\u0131\u015fmak i\u00e7in de\u011fil ayn\u0131 zamanda b\u00f6lgedeki istikrar\u0131 art\u0131rmay\u0131 ama\u00e7layan sa\u011flam bir ortakl\u0131k oldu\u011funu kan\u0131tlad\u0131\u011f\u0131n\u0131 kaydeden Sisi, b\u00f6lgedeki istikrar\u0131n, siyasi, ekonomik ve sosyal konulardaki zorluklarla m\u00fccadelede g\u00f6sterilen i\u015fbirli\u011fine ba\u011fl\u0131 oldu\u011funu ifade etti.<\/p>\n<p>Sisi, \u00f6zellikle Orta Do\u011fu b\u00f6lgesindeki geli\u015fmeler dikkate al\u0131nd\u0131\u011f\u0131nda \u00fc\u00e7 \u00fclke aras\u0131ndaki i\u015fbirli\u011fi ve koordinasyonun \u00f6nemine dikkati \u00e7ekti.<\/p>\n<p>B\u00f6lgede huzurun sa\u011flanmas\u0131 ve krizlerin a\u015f\u0131lmas\u0131 i\u00e7in sarf edilen \u00e7abalar\u0131n ve bask\u0131lar\u0131n yo\u011funla\u015ft\u0131r\u0131lmas\u0131 gerekti\u011fini kaydeden Sisi, bu krizler aras\u0131nda \u00f6ne \u00e7\u0131kanlar\u0131n Gazze \u015eeridi ve L\u00fcbnan\u2019a y\u00f6neltilen sald\u0131r\u0131lar, Suriye, Libya, Yemen ve Sudan\u2019da istikrar\u0131n sa\u011flanmas\u0131, b\u00f6lgede \u00e7at\u0131\u015fmalar\u0131n daha da t\u0131rmanmas\u0131n\u0131n ve kapsaml\u0131 bir sava\u015fa d\u00f6n\u00fc\u015ft\u00fcr\u00fclmesinin \u00f6nlenmesi oldu\u011funu belirtti.<\/p>\n<p>Sisi, topyek\u00fbn bir sava\u015fa d\u00f6n\u00fc\u015fmesi halinde herkes \u00fczerinde siyasi, ekonomik veya g\u00fcvenlik etkilerinin yan\u0131 s\u0131ra benzeri g\u00f6r\u00fclmemi\u015f s\u0131\u011f\u0131nmac\u0131 ve yasad\u0131\u015f\u0131 g\u00f6\u00e7 dalgalar\u0131 gibi y\u0131k\u0131c\u0131 yans\u0131malar\u0131 olaca\u011f\u0131n\u0131 kaydetti.<\/p>\n<p>M\u0131s\u0131r, Yunanistan ve GKRY aras\u0131nda zirvenin ilki Kas\u0131m 2014\u2019te d\u00fczenlenmi\u015fti.<\/p>\n<p>M\u0131s\u0131r bas\u0131n\u0131n yer alan haberlere g\u00f6re Kahire\u2019deki zirvenin aralar\u0131nda i\u015f forumu d\u00fczenlenmesi bekleniyor.<\/p>\n<\/p><\/div>\n<p><script async\n                    defer\n                    crossorigin=\"anonymous\"\n                    src=\"https:\/\/connect.facebook.net\/tr_TR\/sdk.js#xfbml=1&#038;version=v3.3\"\n            ><\/script><\/p>\n","protected":false},"excerpt":{"rendered":"<p>M\u0131s\u0131r, Yunanistan, GKRY \u00fc\u00e7l\u00fc zirvesinin onuncusu M\u0131s\u0131r\u2019\u0131n ba\u015fkenti Kahire\u2019de ba\u015flad\u0131. Kahire\u2019de onuncusu d\u00fczenlenen \u00fc\u00e7l\u00fc zirvede M\u0131s\u0131r Cumhurba\u015fkan\u0131 Abdulfettah es-Sisi\u2019nin yan\u0131 s\u0131ra GKRY lideri Nikos Hristodulidis, Yunanistan Ba\u015fbakan\u0131 Kiryakos Mi\u00e7otakis yer ald\u0131. Sisi, zirvenin a\u00e7\u0131l\u0131\u015f oturumunda yapt\u0131\u011f\u0131 konu\u015fmada, M\u0131s\u0131r, Yunanistan ve GKRY aras\u0131ndaki \u00fc\u00e7l\u00fc mekanizma kapsam\u0131nda d\u00fczenlenen zirveye kat\u0131lanlar\u0131 selamlad\u0131. Ge\u00e7mi\u015f y\u0131llar\u0131n bu mekanizman\u0131n sadece b\u00f6lgesel<\/p>\n","protected":false},"author":1,"featured_media":73182,"comment_status":"open","ping_status":"open","sticky":false,"template":"","format":"standard","meta":{"footnotes":""},"categories":[1],"tags":[],"class_list":["post-73181","post","type-post","status-publish","format-standard","has-post-thumbnail","hentry","category-gundem"],"yoast_head":"<!-- This site is optimized with the Yoast SEO plugin v27.4 - https:\/\/yoast.com\/product\/yoast-seo-wordpress\/ -->\n<title>M\u0131s\u0131r, Yunanistan ve GKRY \u00fc\u00e7l\u00fc zirve i\u00e7in Kahire\u2019de bir araya geldi -<\/title>\n<meta name=\"robots\" content=\"index, follow, max-snippet:-1, max-image-preview:large, max-video-preview:-1\" \/>\n<link rel=\"canonical\" href=\"https:\/\/kibrisdakik.com\/?p=73181\" \/>\n<meta property=\"og:locale\" content=\"tr_TR\" \/>\n<meta property=\"og:type\" content=\"article\" \/>\n<meta property=\"og:title\" content=\"M\u0131s\u0131r, Yunanistan ve GKRY \u00fc\u00e7l\u00fc zirve i\u00e7in Kahire\u2019de bir araya geldi -\" \/>\n<meta property=\"og:description\" content=\"M\u0131s\u0131r, Yunanistan, GKRY \u00fc\u00e7l\u00fc zirvesinin onuncusu M\u0131s\u0131r\u2019\u0131n ba\u015fkenti Kahire\u2019de ba\u015flad\u0131. Kahire\u2019de onuncusu d\u00fczenlenen \u00fc\u00e7l\u00fc zirvede M\u0131s\u0131r Cumhurba\u015fkan\u0131 Abdulfettah es-Sisi\u2019nin yan\u0131 s\u0131ra GKRY lideri Nikos Hristodulidis, Yunanistan Ba\u015fbakan\u0131 Kiryakos Mi\u00e7otakis yer ald\u0131. Sisi, zirvenin a\u00e7\u0131l\u0131\u015f oturumunda yapt\u0131\u011f\u0131 konu\u015fmada, M\u0131s\u0131r, Yunanistan ve GKRY aras\u0131ndaki \u00fc\u00e7l\u00fc mekanizma kapsam\u0131nda d\u00fczenlenen zirveye kat\u0131lanlar\u0131 selamlad\u0131. Ge\u00e7mi\u015f y\u0131llar\u0131n bu mekanizman\u0131n sadece b\u00f6lgesel\" \/>\n<meta property=\"og:url\" content=\"https:\/\/kibrisdakik.com\/?p=73181\" \/>\n<meta property=\"article:published_time\" content=\"2025-01-08T17:41:11+00:00\" \/>\n<meta property=\"og:image\" content=\"https:\/\/kibrisdakik.com\/wp-content\/uploads\/2025\/01\/Misir-Yunanistan-ve-GKRYguney-740x420.jpg\" \/>\n\t<meta property=\"og:image:width\" content=\"780\" \/>\n\t<meta property=\"og:image:height\" content=\"470\" \/>\n\t<meta property=\"og:image:type\" content=\"image\/jpeg\" \/>\n<meta name=\"author\" content=\"admin\" \/>\n<meta name=\"twitter:card\" content=\"summary_large_image\" \/>\n<meta name=\"twitter:label1\" content=\"Yazan:\" \/>\n\t<meta name=\"twitter:data1\" content=\"admin\" \/>\n\t<meta name=\"twitter:label2\" content=\"Tahmini okuma s\u00fcresi\" \/>\n\t<meta name=\"twitter:data2\" content=\"2 dakika\" \/>\n<script type=\"application\/ld+json\" class=\"yoast-schema-graph\">{\"@context\":\"https:\\\/\\\/schema.org\",\"@graph\":[{\"@type\":\"Article\",\"@id\":\"https:\\\/\\\/kibrisdakik.com\\\/?p=73181#article\",\"isPartOf\":{\"@id\":\"https:\\\/\\\/kibrisdakik.com\\\/?p=73181\"},\"author\":{\"name\":\"admin\",\"@id\":\"https:\\\/\\\/kibrisdakik.com\\\/#\\\/schema\\\/person\\\/9cd9d437bbb44f72b73ba127e06d8e79\"},\"headline\":\"M\u0131s\u0131r, Yunanistan ve GKRY \u00fc\u00e7l\u00fc zirve i\u00e7in Kahire\u2019de bir araya geldi\",\"datePublished\":\"2025-01-08T17:41:11+00:00\",\"mainEntityOfPage\":{\"@id\":\"https:\\\/\\\/kibrisdakik.com\\\/?p=73181\"},\"wordCount\":333,\"commentCount\":0,\"image\":{\"@id\":\"https:\\\/\\\/kibrisdakik.com\\\/?p=73181#primaryimage\"},\"thumbnailUrl\":\"https:\\\/\\\/kibrisdakik.com\\\/wp-content\\\/uploads\\\/2025\\\/01\\\/Misir-Yunanistan-ve-GKRYguney-740x420.jpg\",\"articleSection\":[\"G\u00fcndem\"],\"inLanguage\":\"tr\",\"potentialAction\":[{\"@type\":\"CommentAction\",\"name\":\"Comment\",\"target\":[\"https:\\\/\\\/kibrisdakik.com\\\/?p=73181#respond\"]}]},{\"@type\":\"WebPage\",\"@id\":\"https:\\\/\\\/kibrisdakik.com\\\/?p=73181\",\"url\":\"https:\\\/\\\/kibrisdakik.com\\\/?p=73181\",\"name\":\"M\u0131s\u0131r, Yunanistan ve GKRY \u00fc\u00e7l\u00fc zirve i\u00e7in Kahire\u2019de bir araya geldi -\",\"isPartOf\":{\"@id\":\"https:\\\/\\\/kibrisdakik.com\\\/#website\"},\"primaryImageOfPage\":{\"@id\":\"https:\\\/\\\/kibrisdakik.com\\\/?p=73181#primaryimage\"},\"image\":{\"@id\":\"https:\\\/\\\/kibrisdakik.com\\\/?p=73181#primaryimage\"},\"thumbnailUrl\":\"https:\\\/\\\/kibrisdakik.com\\\/wp-content\\\/uploads\\\/2025\\\/01\\\/Misir-Yunanistan-ve-GKRYguney-740x420.jpg\",\"datePublished\":\"2025-01-08T17:41:11+00:00\",\"author\":{\"@id\":\"https:\\\/\\\/kibrisdakik.com\\\/#\\\/schema\\\/person\\\/9cd9d437bbb44f72b73ba127e06d8e79\"},\"breadcrumb\":{\"@id\":\"https:\\\/\\\/kibrisdakik.com\\\/?p=73181#breadcrumb\"},\"inLanguage\":\"tr\",\"potentialAction\":[{\"@type\":\"ReadAction\",\"target\":[\"https:\\\/\\\/kibrisdakik.com\\\/?p=73181\"]}]},{\"@type\":\"ImageObject\",\"inLanguage\":\"tr\",\"@id\":\"https:\\\/\\\/kibrisdakik.com\\\/?p=73181#primaryimage\",\"url\":\"https:\\\/\\\/kibrisdakik.com\\\/wp-content\\\/uploads\\\/2025\\\/01\\\/Misir-Yunanistan-ve-GKRYguney-740x420.jpg\",\"contentUrl\":\"https:\\\/\\\/kibrisdakik.com\\\/wp-content\\\/uploads\\\/2025\\\/01\\\/Misir-Yunanistan-ve-GKRYguney-740x420.jpg\",\"width\":780,\"height\":470},{\"@type\":\"BreadcrumbList\",\"@id\":\"https:\\\/\\\/kibrisdakik.com\\\/?p=73181#breadcrumb\",\"itemListElement\":[{\"@type\":\"ListItem\",\"position\":1,\"name\":\"Home\",\"item\":\"https:\\\/\\\/kibrisdakik.com\\\/\"},{\"@type\":\"ListItem\",\"position\":2,\"name\":\"M\u0131s\u0131r, Yunanistan ve GKRY \u00fc\u00e7l\u00fc zirve i\u00e7in Kahire\u2019de bir araya geldi\"}]},{\"@type\":\"WebSite\",\"@id\":\"https:\\\/\\\/kibrisdakik.com\\\/#website\",\"url\":\"https:\\\/\\\/kibrisdakik.com\\\/\",\"name\":\"\",\"description\":\"Tam vaktinde haber\",\"potentialAction\":[{\"@type\":\"SearchAction\",\"target\":{\"@type\":\"EntryPoint\",\"urlTemplate\":\"https:\\\/\\\/kibrisdakik.com\\\/?s={search_term_string}\"},\"query-input\":{\"@type\":\"PropertyValueSpecification\",\"valueRequired\":true,\"valueName\":\"search_term_string\"}}],\"inLanguage\":\"tr\"},{\"@type\":\"Person\",\"@id\":\"https:\\\/\\\/kibrisdakik.com\\\/#\\\/schema\\\/person\\\/9cd9d437bbb44f72b73ba127e06d8e79\",\"name\":\"admin\",\"image\":{\"@type\":\"ImageObject\",\"inLanguage\":\"tr\",\"@id\":\"https:\\\/\\\/secure.gravatar.com\\\/avatar\\\/ccc17943b9d660506c869530f897617f7cb1c21a4bf30023f252596d83e1f007?s=96&d=mm&r=g\",\"url\":\"https:\\\/\\\/secure.gravatar.com\\\/avatar\\\/ccc17943b9d660506c869530f897617f7cb1c21a4bf30023f252596d83e1f007?s=96&d=mm&r=g\",\"contentUrl\":\"https:\\\/\\\/secure.gravatar.com\\\/avatar\\\/ccc17943b9d660506c869530f897617f7cb1c21a4bf30023f252596d83e1f007?s=96&d=mm&r=g\",\"caption\":\"admin\"},\"sameAs\":[\"https:\\\/\\\/kibrisdakik.com\"],\"url\":\"https:\\\/\\\/kibrisdakik.com\\\/?author=1\"}]}<\/script>\n<!-- \/ Yoast SEO plugin. -->","yoast_head_json":{"title":"M\u0131s\u0131r, Yunanistan ve GKRY \u00fc\u00e7l\u00fc zirve i\u00e7in Kahire\u2019de bir araya geldi -","robots":{"index":"index","follow":"follow","max-snippet":"max-snippet:-1","max-image-preview":"max-image-preview:large","max-video-preview":"max-video-preview:-1"},"canonical":"https:\/\/kibrisdakik.com\/?p=73181","og_locale":"tr_TR","og_type":"article","og_title":"M\u0131s\u0131r, Yunanistan ve GKRY \u00fc\u00e7l\u00fc zirve i\u00e7in Kahire\u2019de bir araya geldi -","og_description":"M\u0131s\u0131r, Yunanistan, GKRY \u00fc\u00e7l\u00fc zirvesinin onuncusu M\u0131s\u0131r\u2019\u0131n ba\u015fkenti Kahire\u2019de ba\u015flad\u0131. Kahire\u2019de onuncusu d\u00fczenlenen \u00fc\u00e7l\u00fc zirvede M\u0131s\u0131r Cumhurba\u015fkan\u0131 Abdulfettah es-Sisi\u2019nin yan\u0131 s\u0131ra GKRY lideri Nikos Hristodulidis, Yunanistan Ba\u015fbakan\u0131 Kiryakos Mi\u00e7otakis yer ald\u0131. Sisi, zirvenin a\u00e7\u0131l\u0131\u015f oturumunda yapt\u0131\u011f\u0131 konu\u015fmada, M\u0131s\u0131r, Yunanistan ve GKRY aras\u0131ndaki \u00fc\u00e7l\u00fc mekanizma kapsam\u0131nda d\u00fczenlenen zirveye kat\u0131lanlar\u0131 selamlad\u0131. Ge\u00e7mi\u015f y\u0131llar\u0131n bu mekanizman\u0131n sadece b\u00f6lgesel","og_url":"https:\/\/kibrisdakik.com\/?p=73181","article_published_time":"2025-01-08T17:41:11+00:00","og_image":[{"width":780,"height":470,"url":"https:\/\/kibrisdakik.com\/wp-content\/uploads\/2025\/01\/Misir-Yunanistan-ve-GKRYguney-740x420.jpg","type":"image\/jpeg"}],"author":"admin","twitter_card":"summary_large_image","twitter_misc":{"Yazan:":"admin","Tahmini okuma s\u00fcresi":"2 dakika"},"schema":{"@context":"https:\/\/schema.org","@graph":[{"@type":"Article","@id":"https:\/\/kibrisdakik.com\/?p=73181#article","isPartOf":{"@id":"https:\/\/kibrisdakik.com\/?p=73181"},"author":{"name":"admin","@id":"https:\/\/kibrisdakik.com\/#\/schema\/person\/9cd9d437bbb44f72b73ba127e06d8e79"},"headline":"M\u0131s\u0131r, Yunanistan ve GKRY \u00fc\u00e7l\u00fc zirve i\u00e7in Kahire\u2019de bir araya geldi","datePublished":"2025-01-08T17:41:11+00:00","mainEntityOfPage":{"@id":"https:\/\/kibrisdakik.com\/?p=73181"},"wordCount":333,"commentCount":0,"image":{"@id":"https:\/\/kibrisdakik.com\/?p=73181#primaryimage"},"thumbnailUrl":"https:\/\/kibrisdakik.com\/wp-content\/uploads\/2025\/01\/Misir-Yunanistan-ve-GKRYguney-740x420.jpg","articleSection":["G\u00fcndem"],"inLanguage":"tr","potentialAction":[{"@type":"CommentAction","name":"Comment","target":["https:\/\/kibrisdakik.com\/?p=73181#respond"]}]},{"@type":"WebPage","@id":"https:\/\/kibrisdakik.com\/?p=73181","url":"https:\/\/kibrisdakik.com\/?p=73181","name":"M\u0131s\u0131r, Yunanistan ve GKRY \u00fc\u00e7l\u00fc zirve i\u00e7in Kahire\u2019de bir araya geldi -","isPartOf":{"@id":"https:\/\/kibrisdakik.com\/#website"},"primaryImageOfPage":{"@id":"https:\/\/kibrisdakik.com\/?p=73181#primaryimage"},"image":{"@id":"https:\/\/kibrisdakik.com\/?p=73181#primaryimage"},"thumbnailUrl":"https:\/\/kibrisdakik.com\/wp-content\/uploads\/2025\/01\/Misir-Yunanistan-ve-GKRYguney-740x420.jpg","datePublished":"2025-01-08T17:41:11+00:00","author":{"@id":"https:\/\/kibrisdakik.com\/#\/schema\/person\/9cd9d437bbb44f72b73ba127e06d8e79"},"breadcrumb":{"@id":"https:\/\/kibrisdakik.com\/?p=73181#breadcrumb"},"inLanguage":"tr","potentialAction":[{"@type":"ReadAction","target":["https:\/\/kibrisdakik.com\/?p=73181"]}]},{"@type":"ImageObject","inLanguage":"tr","@id":"https:\/\/kibrisdakik.com\/?p=73181#primaryimage","url":"https:\/\/kibrisdakik.com\/wp-content\/uploads\/2025\/01\/Misir-Yunanistan-ve-GKRYguney-740x420.jpg","contentUrl":"https:\/\/kibrisdakik.com\/wp-content\/uploads\/2025\/01\/Misir-Yunanistan-ve-GKRYguney-740x420.jpg","width":780,"height":470},{"@type":"BreadcrumbList","@id":"https:\/\/kibrisdakik.com\/?p=73181#breadcrumb","itemListElement":[{"@type":"ListItem","position":1,"name":"Home","item":"https:\/\/kibrisdakik.com\/"},{"@type":"ListItem","position":2,"name":"M\u0131s\u0131r, Yunanistan ve GKRY \u00fc\u00e7l\u00fc zirve i\u00e7in Kahire\u2019de bir araya geldi"}]},{"@type":"WebSite","@id":"https:\/\/kibrisdakik.com\/#website","url":"https:\/\/kibrisdakik.com\/","name":"","description":"Tam vaktinde haber","potentialAction":[{"@type":"SearchAction","target":{"@type":"EntryPoint","urlTemplate":"https:\/\/kibrisdakik.com\/?s={search_term_string}"},"query-input":{"@type":"PropertyValueSpecification","valueRequired":true,"valueName":"search_term_string"}}],"inLanguage":"tr"},{"@type":"Person","@id":"https:\/\/kibrisdakik.com\/#\/schema\/person\/9cd9d437bbb44f72b73ba127e06d8e79","name":"admin","image":{"@type":"ImageObject","inLanguage":"tr","@id":"https:\/\/secure.gravatar.com\/avatar\/ccc17943b9d660506c869530f897617f7cb1c21a4bf30023f252596d83e1f007?s=96&d=mm&r=g","url":"https:\/\/secure.gravatar.com\/avatar\/ccc17943b9d660506c869530f897617f7cb1c21a4bf30023f252596d83e1f007?s=96&d=mm&r=g","contentUrl":"https:\/\/secure.gravatar.com\/avatar\/ccc17943b9d660506c869530f897617f7cb1c21a4bf30023f252596d83e1f007?s=96&d=mm&r=g","caption":"admin"},"sameAs":["https:\/\/kibrisdakik.com"],"url":"https:\/\/kibrisdakik.com\/?author=1"}]}},"_links":{"self":[{"href":"https:\/\/kibrisdakik.com\/index.php?rest_route=\/wp\/v2\/posts\/73181","targetHints":{"allow":["GET"]}}],"collection":[{"href":"https:\/\/kibrisdakik.com\/index.php?rest_route=\/wp\/v2\/posts"}],"about":[{"href":"https:\/\/kibrisdakik.com\/index.php?rest_route=\/wp\/v2\/types\/post"}],"author":[{"embeddable":true,"href":"https:\/\/kibrisdakik.com\/index.php?rest_route=\/wp\/v2\/users\/1"}],"replies":[{"embeddable":true,"href":"https:\/\/kibrisdakik.com\/index.php?rest_route=%2Fwp%2Fv2%2Fcomments&post=73181"}],"version-history":[{"count":0,"href":"https:\/\/kibrisdakik.com\/index.php?rest_route=\/wp\/v2\/posts\/73181\/revisions"}],"wp:featuredmedia":[{"embeddable":true,"href":"https:\/\/kibrisdakik.com\/index.php?rest_route=\/wp\/v2\/media\/73182"}],"wp:attachment":[{"href":"https:\/\/kibrisdakik.com\/index.php?rest_route=%2Fwp%2Fv2%2Fmedia&parent=73181"}],"wp:term":[{"taxonomy":"category","embeddable":true,"href":"https:\/\/kibrisdakik.com\/index.php?rest_route=%2Fwp%2Fv2%2Fcategories&post=73181"},{"taxonomy":"post_tag","embeddable":true,"href":"https:\/\/kibrisdakik.com\/index.php?rest_route=%2Fwp%2Fv2%2Ftags&post=73181"}],"curies":[{"name":"wp","href":"https:\/\/api.w.org\/{rel}","templated":true}]}}