{"id":73193,"date":"2025-01-09T12:55:08","date_gmt":"2025-01-09T09:55:08","guid":{"rendered":"https:\/\/kibrisdakik.com\/index.php\/2025\/01\/09\/medya-etik-kuruluna-yeni-atamalar-yapildi\/"},"modified":"2025-01-09T12:55:08","modified_gmt":"2025-01-09T09:55:08","slug":"medya-etik-kuruluna-yeni-atamalar-yapildi","status":"publish","type":"post","link":"https:\/\/kibrisdakik.com\/?p=73193","title":{"rendered":"Medya Etik Kurulu\u2019na yeni atamalar yap\u0131ld\u0131"},"content":{"rendered":"<div>\n<div class=\"mariselle-image-container center\">\n                                            <\/div>\n<p>Medya Etik Kurulu, yeni g\u00f6rev atamalar\u0131n\u0131n yap\u0131ld\u0131\u011f\u0131n\u0131 duyurdu.<\/p>\n<p>Kurul taraf\u0131ndan yap\u0131lan a\u00e7\u0131klamada, Avukat Melis T\u00fcrkkal ile gazeteci Damla Soyalp\u2019\u0131n Kurul\u2019a atand\u0131\u011f\u0131 bildirildi.<\/p>\n<p>T\u00fcrkkal K\u0131br\u0131s T\u00fcrk Barolar Birli\u011fi\u2019ni, Soyalp ise K\u0131br\u0131s T\u00fcrk Gazeteciler Birli\u011fi\u2019ni temsilen Kurul\u2019da g\u00f6rev yapacak.<\/p>\n<p><strong>-Renklendirilmi\u015f g\u00fcncel logo kullan\u0131lacak<\/strong><\/p>\n<p>Etik ilkelerin geli\u015ftirilmesi amac\u0131yla \u00e7al\u0131\u015fmalar\u0131n devam etti\u011fi de belirtilen a\u00e7\u0131klamada,  gazeteci Erten Kas\u0131mo\u011flu taraf\u0131ndan haz\u0131rlanan logonun da g\u00fcncellendi\u011fi ve bundan sonra renklendirilmi\u015f g\u00fcncel logonun kullan\u0131laca\u011f\u0131 ifade edildi.<\/p>\n<\/p><\/div>\n<p><script async\n                    defer\n                    crossorigin=\"anonymous\"\n                    src=\"https:\/\/connect.facebook.net\/tr_TR\/sdk.js#xfbml=1&#038;version=v3.3\"\n            ><\/script><\/p>\n","protected":false},"excerpt":{"rendered":"<p>Medya Etik Kurulu, yeni g\u00f6rev atamalar\u0131n\u0131n yap\u0131ld\u0131\u011f\u0131n\u0131 duyurdu. Kurul taraf\u0131ndan yap\u0131lan a\u00e7\u0131klamada, Avukat Melis T\u00fcrkkal ile gazeteci Damla Soyalp\u2019\u0131n Kurul\u2019a atand\u0131\u011f\u0131 bildirildi. T\u00fcrkkal K\u0131br\u0131s T\u00fcrk Barolar Birli\u011fi\u2019ni, Soyalp ise K\u0131br\u0131s T\u00fcrk Gazeteciler Birli\u011fi\u2019ni temsilen Kurul\u2019da g\u00f6rev yapacak. -Renklendirilmi\u015f g\u00fcncel logo kullan\u0131lacak Etik ilkelerin geli\u015ftirilmesi amac\u0131yla \u00e7al\u0131\u015fmalar\u0131n devam etti\u011fi de belirtilen a\u00e7\u0131klamada, gazeteci Erten Kas\u0131mo\u011flu taraf\u0131ndan<\/p>\n","protected":false},"author":1,"featured_media":73194,"comment_status":"open","ping_status":"open","sticky":false,"template":"","format":"standard","meta":{"footnotes":""},"categories":[81],"tags":[],"class_list":["post-73193","post","type-post","status-publish","format-standard","has-post-thumbnail","hentry","category-kibris"],"yoast_head":"<!-- This site is optimized with the Yoast SEO plugin v27.5 - https:\/\/yoast.com\/product\/yoast-seo-wordpress\/ -->\n<title>Medya Etik Kurulu\u2019na yeni atamalar yap\u0131ld\u0131 -<\/title>\n<meta name=\"robots\" content=\"index, follow, max-snippet:-1, max-image-preview:large, max-video-preview:-1\" \/>\n<link rel=\"canonical\" href=\"https:\/\/kibrisdakik.com\/?p=73193\" \/>\n<meta property=\"og:locale\" content=\"tr_TR\" \/>\n<meta property=\"og:type\" content=\"article\" \/>\n<meta property=\"og:title\" content=\"Medya Etik Kurulu\u2019na yeni atamalar yap\u0131ld\u0131 -\" \/>\n<meta property=\"og:description\" content=\"Medya Etik Kurulu, yeni g\u00f6rev atamalar\u0131n\u0131n yap\u0131ld\u0131\u011f\u0131n\u0131 duyurdu. Kurul taraf\u0131ndan yap\u0131lan a\u00e7\u0131klamada, Avukat Melis T\u00fcrkkal ile gazeteci Damla Soyalp\u2019\u0131n Kurul\u2019a atand\u0131\u011f\u0131 bildirildi. T\u00fcrkkal K\u0131br\u0131s T\u00fcrk Barolar Birli\u011fi\u2019ni, Soyalp ise K\u0131br\u0131s T\u00fcrk Gazeteciler Birli\u011fi\u2019ni temsilen Kurul\u2019da g\u00f6rev yapacak. -Renklendirilmi\u015f g\u00fcncel logo kullan\u0131lacak Etik ilkelerin geli\u015ftirilmesi amac\u0131yla \u00e7al\u0131\u015fmalar\u0131n devam etti\u011fi de belirtilen a\u00e7\u0131klamada, gazeteci Erten Kas\u0131mo\u011flu taraf\u0131ndan\" \/>\n<meta property=\"og:url\" content=\"https:\/\/kibrisdakik.com\/?p=73193\" \/>\n<meta property=\"article:published_time\" content=\"2025-01-09T09:55:08+00:00\" \/>\n<meta property=\"og:image\" content=\"https:\/\/kibrisdakik.com\/wp-content\/uploads\/2025\/01\/1736414994014MEDYA-ETIK-KURULU-YENI-LOGO-740x420.jpg\" \/>\n\t<meta property=\"og:image:width\" content=\"2048\" \/>\n\t<meta property=\"og:image:height\" content=\"1724\" \/>\n\t<meta property=\"og:image:type\" content=\"image\/jpeg\" \/>\n<meta name=\"author\" content=\"admin\" \/>\n<meta name=\"twitter:card\" content=\"summary_large_image\" \/>\n<meta name=\"twitter:label1\" content=\"Yazan:\" \/>\n\t<meta name=\"twitter:data1\" content=\"admin\" \/>\n\t<meta name=\"twitter:label2\" content=\"Tahmini okuma s\u00fcresi\" \/>\n\t<meta name=\"twitter:data2\" content=\"1 dakika\" \/>\n<script type=\"application\/ld+json\" class=\"yoast-schema-graph\">{\"@context\":\"https:\\\/\\\/schema.org\",\"@graph\":[{\"@type\":\"Article\",\"@id\":\"https:\\\/\\\/kibrisdakik.com\\\/?p=73193#article\",\"isPartOf\":{\"@id\":\"https:\\\/\\\/kibrisdakik.com\\\/?p=73193\"},\"author\":{\"name\":\"admin\",\"@id\":\"https:\\\/\\\/kibrisdakik.com\\\/#\\\/schema\\\/person\\\/9cd9d437bbb44f72b73ba127e06d8e79\"},\"headline\":\"Medya Etik Kurulu\u2019na yeni atamalar yap\u0131ld\u0131\",\"datePublished\":\"2025-01-09T09:55:08+00:00\",\"mainEntityOfPage\":{\"@id\":\"https:\\\/\\\/kibrisdakik.com\\\/?p=73193\"},\"wordCount\":116,\"commentCount\":0,\"image\":{\"@id\":\"https:\\\/\\\/kibrisdakik.com\\\/?p=73193#primaryimage\"},\"thumbnailUrl\":\"https:\\\/\\\/kibrisdakik.com\\\/wp-content\\\/uploads\\\/2025\\\/01\\\/1736414994014MEDYA-ETIK-KURULU-YENI-LOGO-740x420.jpg\",\"articleSection\":[\"K\u0131br\u0131s\"],\"inLanguage\":\"tr\",\"potentialAction\":[{\"@type\":\"CommentAction\",\"name\":\"Comment\",\"target\":[\"https:\\\/\\\/kibrisdakik.com\\\/?p=73193#respond\"]}]},{\"@type\":\"WebPage\",\"@id\":\"https:\\\/\\\/kibrisdakik.com\\\/?p=73193\",\"url\":\"https:\\\/\\\/kibrisdakik.com\\\/?p=73193\",\"name\":\"Medya Etik Kurulu\u2019na yeni atamalar yap\u0131ld\u0131 -\",\"isPartOf\":{\"@id\":\"https:\\\/\\\/kibrisdakik.com\\\/#website\"},\"primaryImageOfPage\":{\"@id\":\"https:\\\/\\\/kibrisdakik.com\\\/?p=73193#primaryimage\"},\"image\":{\"@id\":\"https:\\\/\\\/kibrisdakik.com\\\/?p=73193#primaryimage\"},\"thumbnailUrl\":\"https:\\\/\\\/kibrisdakik.com\\\/wp-content\\\/uploads\\\/2025\\\/01\\\/1736414994014MEDYA-ETIK-KURULU-YENI-LOGO-740x420.jpg\",\"datePublished\":\"2025-01-09T09:55:08+00:00\",\"author\":{\"@id\":\"https:\\\/\\\/kibrisdakik.com\\\/#\\\/schema\\\/person\\\/9cd9d437bbb44f72b73ba127e06d8e79\"},\"breadcrumb\":{\"@id\":\"https:\\\/\\\/kibrisdakik.com\\\/?p=73193#breadcrumb\"},\"inLanguage\":\"tr\",\"potentialAction\":[{\"@type\":\"ReadAction\",\"target\":[\"https:\\\/\\\/kibrisdakik.com\\\/?p=73193\"]}]},{\"@type\":\"ImageObject\",\"inLanguage\":\"tr\",\"@id\":\"https:\\\/\\\/kibrisdakik.com\\\/?p=73193#primaryimage\",\"url\":\"https:\\\/\\\/kibrisdakik.com\\\/wp-content\\\/uploads\\\/2025\\\/01\\\/1736414994014MEDYA-ETIK-KURULU-YENI-LOGO-740x420.jpg\",\"contentUrl\":\"https:\\\/\\\/kibrisdakik.com\\\/wp-content\\\/uploads\\\/2025\\\/01\\\/1736414994014MEDYA-ETIK-KURULU-YENI-LOGO-740x420.jpg\",\"width\":2048,\"height\":1724},{\"@type\":\"BreadcrumbList\",\"@id\":\"https:\\\/\\\/kibrisdakik.com\\\/?p=73193#breadcrumb\",\"itemListElement\":[{\"@type\":\"ListItem\",\"position\":1,\"name\":\"Home\",\"item\":\"https:\\\/\\\/kibrisdakik.com\\\/\"},{\"@type\":\"ListItem\",\"position\":2,\"name\":\"Medya Etik Kurulu\u2019na yeni atamalar yap\u0131ld\u0131\"}]},{\"@type\":\"WebSite\",\"@id\":\"https:\\\/\\\/kibrisdakik.com\\\/#website\",\"url\":\"https:\\\/\\\/kibrisdakik.com\\\/\",\"name\":\"\",\"description\":\"Tam vaktinde haber\",\"potentialAction\":[{\"@type\":\"SearchAction\",\"target\":{\"@type\":\"EntryPoint\",\"urlTemplate\":\"https:\\\/\\\/kibrisdakik.com\\\/?s={search_term_string}\"},\"query-input\":{\"@type\":\"PropertyValueSpecification\",\"valueRequired\":true,\"valueName\":\"search_term_string\"}}],\"inLanguage\":\"tr\"},{\"@type\":\"Person\",\"@id\":\"https:\\\/\\\/kibrisdakik.com\\\/#\\\/schema\\\/person\\\/9cd9d437bbb44f72b73ba127e06d8e79\",\"name\":\"admin\",\"image\":{\"@type\":\"ImageObject\",\"inLanguage\":\"tr\",\"@id\":\"https:\\\/\\\/secure.gravatar.com\\\/avatar\\\/ccc17943b9d660506c869530f897617f7cb1c21a4bf30023f252596d83e1f007?s=96&d=mm&r=g\",\"url\":\"https:\\\/\\\/secure.gravatar.com\\\/avatar\\\/ccc17943b9d660506c869530f897617f7cb1c21a4bf30023f252596d83e1f007?s=96&d=mm&r=g\",\"contentUrl\":\"https:\\\/\\\/secure.gravatar.com\\\/avatar\\\/ccc17943b9d660506c869530f897617f7cb1c21a4bf30023f252596d83e1f007?s=96&d=mm&r=g\",\"caption\":\"admin\"},\"sameAs\":[\"https:\\\/\\\/kibrisdakik.com\"],\"url\":\"https:\\\/\\\/kibrisdakik.com\\\/?author=1\"}]}<\/script>\n<!-- \/ Yoast SEO plugin. -->","yoast_head_json":{"title":"Medya Etik Kurulu\u2019na yeni atamalar yap\u0131ld\u0131 -","robots":{"index":"index","follow":"follow","max-snippet":"max-snippet:-1","max-image-preview":"max-image-preview:large","max-video-preview":"max-video-preview:-1"},"canonical":"https:\/\/kibrisdakik.com\/?p=73193","og_locale":"tr_TR","og_type":"article","og_title":"Medya Etik Kurulu\u2019na yeni atamalar yap\u0131ld\u0131 -","og_description":"Medya Etik Kurulu, yeni g\u00f6rev atamalar\u0131n\u0131n yap\u0131ld\u0131\u011f\u0131n\u0131 duyurdu. Kurul taraf\u0131ndan yap\u0131lan a\u00e7\u0131klamada, Avukat Melis T\u00fcrkkal ile gazeteci Damla Soyalp\u2019\u0131n Kurul\u2019a atand\u0131\u011f\u0131 bildirildi. T\u00fcrkkal K\u0131br\u0131s T\u00fcrk Barolar Birli\u011fi\u2019ni, Soyalp ise K\u0131br\u0131s T\u00fcrk Gazeteciler Birli\u011fi\u2019ni temsilen Kurul\u2019da g\u00f6rev yapacak. -Renklendirilmi\u015f g\u00fcncel logo kullan\u0131lacak Etik ilkelerin geli\u015ftirilmesi amac\u0131yla \u00e7al\u0131\u015fmalar\u0131n devam etti\u011fi de belirtilen a\u00e7\u0131klamada, gazeteci Erten Kas\u0131mo\u011flu taraf\u0131ndan","og_url":"https:\/\/kibrisdakik.com\/?p=73193","article_published_time":"2025-01-09T09:55:08+00:00","og_image":[{"width":2048,"height":1724,"url":"https:\/\/kibrisdakik.com\/wp-content\/uploads\/2025\/01\/1736414994014MEDYA-ETIK-KURULU-YENI-LOGO-740x420.jpg","type":"image\/jpeg"}],"author":"admin","twitter_card":"summary_large_image","twitter_misc":{"Yazan:":"admin","Tahmini okuma s\u00fcresi":"1 dakika"},"schema":{"@context":"https:\/\/schema.org","@graph":[{"@type":"Article","@id":"https:\/\/kibrisdakik.com\/?p=73193#article","isPartOf":{"@id":"https:\/\/kibrisdakik.com\/?p=73193"},"author":{"name":"admin","@id":"https:\/\/kibrisdakik.com\/#\/schema\/person\/9cd9d437bbb44f72b73ba127e06d8e79"},"headline":"Medya Etik Kurulu\u2019na yeni atamalar yap\u0131ld\u0131","datePublished":"2025-01-09T09:55:08+00:00","mainEntityOfPage":{"@id":"https:\/\/kibrisdakik.com\/?p=73193"},"wordCount":116,"commentCount":0,"image":{"@id":"https:\/\/kibrisdakik.com\/?p=73193#primaryimage"},"thumbnailUrl":"https:\/\/kibrisdakik.com\/wp-content\/uploads\/2025\/01\/1736414994014MEDYA-ETIK-KURULU-YENI-LOGO-740x420.jpg","articleSection":["K\u0131br\u0131s"],"inLanguage":"tr","potentialAction":[{"@type":"CommentAction","name":"Comment","target":["https:\/\/kibrisdakik.com\/?p=73193#respond"]}]},{"@type":"WebPage","@id":"https:\/\/kibrisdakik.com\/?p=73193","url":"https:\/\/kibrisdakik.com\/?p=73193","name":"Medya Etik Kurulu\u2019na yeni atamalar yap\u0131ld\u0131 -","isPartOf":{"@id":"https:\/\/kibrisdakik.com\/#website"},"primaryImageOfPage":{"@id":"https:\/\/kibrisdakik.com\/?p=73193#primaryimage"},"image":{"@id":"https:\/\/kibrisdakik.com\/?p=73193#primaryimage"},"thumbnailUrl":"https:\/\/kibrisdakik.com\/wp-content\/uploads\/2025\/01\/1736414994014MEDYA-ETIK-KURULU-YENI-LOGO-740x420.jpg","datePublished":"2025-01-09T09:55:08+00:00","author":{"@id":"https:\/\/kibrisdakik.com\/#\/schema\/person\/9cd9d437bbb44f72b73ba127e06d8e79"},"breadcrumb":{"@id":"https:\/\/kibrisdakik.com\/?p=73193#breadcrumb"},"inLanguage":"tr","potentialAction":[{"@type":"ReadAction","target":["https:\/\/kibrisdakik.com\/?p=73193"]}]},{"@type":"ImageObject","inLanguage":"tr","@id":"https:\/\/kibrisdakik.com\/?p=73193#primaryimage","url":"https:\/\/kibrisdakik.com\/wp-content\/uploads\/2025\/01\/1736414994014MEDYA-ETIK-KURULU-YENI-LOGO-740x420.jpg","contentUrl":"https:\/\/kibrisdakik.com\/wp-content\/uploads\/2025\/01\/1736414994014MEDYA-ETIK-KURULU-YENI-LOGO-740x420.jpg","width":2048,"height":1724},{"@type":"BreadcrumbList","@id":"https:\/\/kibrisdakik.com\/?p=73193#breadcrumb","itemListElement":[{"@type":"ListItem","position":1,"name":"Home","item":"https:\/\/kibrisdakik.com\/"},{"@type":"ListItem","position":2,"name":"Medya Etik Kurulu\u2019na yeni atamalar yap\u0131ld\u0131"}]},{"@type":"WebSite","@id":"https:\/\/kibrisdakik.com\/#website","url":"https:\/\/kibrisdakik.com\/","name":"","description":"Tam vaktinde haber","potentialAction":[{"@type":"SearchAction","target":{"@type":"EntryPoint","urlTemplate":"https:\/\/kibrisdakik.com\/?s={search_term_string}"},"query-input":{"@type":"PropertyValueSpecification","valueRequired":true,"valueName":"search_term_string"}}],"inLanguage":"tr"},{"@type":"Person","@id":"https:\/\/kibrisdakik.com\/#\/schema\/person\/9cd9d437bbb44f72b73ba127e06d8e79","name":"admin","image":{"@type":"ImageObject","inLanguage":"tr","@id":"https:\/\/secure.gravatar.com\/avatar\/ccc17943b9d660506c869530f897617f7cb1c21a4bf30023f252596d83e1f007?s=96&d=mm&r=g","url":"https:\/\/secure.gravatar.com\/avatar\/ccc17943b9d660506c869530f897617f7cb1c21a4bf30023f252596d83e1f007?s=96&d=mm&r=g","contentUrl":"https:\/\/secure.gravatar.com\/avatar\/ccc17943b9d660506c869530f897617f7cb1c21a4bf30023f252596d83e1f007?s=96&d=mm&r=g","caption":"admin"},"sameAs":["https:\/\/kibrisdakik.com"],"url":"https:\/\/kibrisdakik.com\/?author=1"}]}},"_links":{"self":[{"href":"https:\/\/kibrisdakik.com\/index.php?rest_route=\/wp\/v2\/posts\/73193","targetHints":{"allow":["GET"]}}],"collection":[{"href":"https:\/\/kibrisdakik.com\/index.php?rest_route=\/wp\/v2\/posts"}],"about":[{"href":"https:\/\/kibrisdakik.com\/index.php?rest_route=\/wp\/v2\/types\/post"}],"author":[{"embeddable":true,"href":"https:\/\/kibrisdakik.com\/index.php?rest_route=\/wp\/v2\/users\/1"}],"replies":[{"embeddable":true,"href":"https:\/\/kibrisdakik.com\/index.php?rest_route=%2Fwp%2Fv2%2Fcomments&post=73193"}],"version-history":[{"count":0,"href":"https:\/\/kibrisdakik.com\/index.php?rest_route=\/wp\/v2\/posts\/73193\/revisions"}],"wp:featuredmedia":[{"embeddable":true,"href":"https:\/\/kibrisdakik.com\/index.php?rest_route=\/wp\/v2\/media\/73194"}],"wp:attachment":[{"href":"https:\/\/kibrisdakik.com\/index.php?rest_route=%2Fwp%2Fv2%2Fmedia&parent=73193"}],"wp:term":[{"taxonomy":"category","embeddable":true,"href":"https:\/\/kibrisdakik.com\/index.php?rest_route=%2Fwp%2Fv2%2Fcategories&post=73193"},{"taxonomy":"post_tag","embeddable":true,"href":"https:\/\/kibrisdakik.com\/index.php?rest_route=%2Fwp%2Fv2%2Ftags&post=73193"}],"curies":[{"name":"wp","href":"https:\/\/api.w.org\/{rel}","templated":true}]}}