{"id":73251,"date":"2025-01-09T15:12:18","date_gmt":"2025-01-09T12:12:18","guid":{"rendered":"https:\/\/kibrisdakik.com\/index.php\/2025\/01\/09\/turkiye-msb-tsk-suriyenin-toprak-butunlugune-saygi-gostererek-sinir-otesi-operasyonlari-surdurme-kararliligindadir\/"},"modified":"2025-01-09T15:12:18","modified_gmt":"2025-01-09T12:12:18","slug":"turkiye-msb-tsk-suriyenin-toprak-butunlugune-saygi-gostererek-sinir-otesi-operasyonlari-surdurme-kararliligindadir","status":"publish","type":"post","link":"https:\/\/kibrisdakik.com\/?p=73251","title":{"rendered":"T\u00fcrkiye MSB: \u201cTSK, Suriye\u2019nin toprak b\u00fct\u00fcnl\u00fc\u011f\u00fcne sayg\u0131 g\u00f6stererek s\u0131n\u0131r \u00f6tesi operasyonlar\u0131 s\u00fcrd\u00fcrme kararl\u0131l\u0131\u011f\u0131ndad\u0131r\u201d"},"content":{"rendered":"<p><\/p>\n<div>\n<div class=\"mariselle-image-container center\">\n                <img loading=\"lazy\" decoding=\"async\" width=\"864\" height=\"486\" class=\"lazy-image\" alt=\"\" sizes=\"auto, (max-width: 864px) 100vw, 864px\" src=\"https:\/\/brtk.net\/wp-content\/uploads\/2025\/01\/09\/1736427075444thumbs_b_c_7d23bce2fabb1009198e5862d118c801.jpg?ver=9a248f84a91b296d2bbc90efa007ccad\" srcset=\"https:\/\/brtk.net\/wp-content\/uploads\/2025\/01\/09\/1736427075444thumbs_b_c_7d23bce2fabb1009198e5862d118c801.jpg?ver=9a248f84a91b296d2bbc90efa007ccad 864w, https:\/\/brtk.net\/wp-content\/uploads\/2025\/01\/09\/1736427075444thumbs_b_c_7d23bce2fabb1009198e5862d118c801-300x169.jpg?ver=9a248f84a91b296d2bbc90efa007ccad 300w, https:\/\/brtk.net\/wp-content\/uploads\/2025\/01\/09\/1736427075444thumbs_b_c_7d23bce2fabb1009198e5862d118c801-768x432.jpg?ver=9a248f84a91b296d2bbc90efa007ccad 768w\"\/>                            <\/div>\n<p>T\u00fcrkiye Milli Savunma Bakanl\u0131\u011f\u0131 (MSB) kaynaklar\u0131, Suriye\u2019deki Ti\u015frin Baraj\u0131\u2019na ili\u015fkin, \u201cTSK, PKK\/YPG\/SDG gibi ter\u00f6r \u00f6rg\u00fctlerinin bu t\u00fcr stratejik altyap\u0131lar\u0131 kullanarak b\u00f6lgedeki istikrar\u0131 bozma \u00e7abalar\u0131n\u0131 engellemeye kararl\u0131d\u0131r.\u201d ifadesini kulland\u0131.<\/p>\n<p>MSB kaynaklar\u0131, TCG Salihreis\u2019te d\u00fczenlenen bas\u0131n bilgilendirme toplant\u0131s\u0131n\u0131n ard\u0131ndan gazetecilerin sorular\u0131n\u0131 yan\u0131tlad\u0131.<\/p>\n<p>Kaynaklar, Suriye\u2019de son durum ve ter\u00f6r \u00f6rg\u00fct\u00fc PKK\/YPG\u2019nin Ti\u015frin Baraj\u0131 \u00e7evresinde masum sivilleri kalkan olarak kullanmas\u0131na y\u00f6nelik soruya ili\u015fkin, \u201cT\u00fcrk Silahl\u0131 Kuvvetleri, ter\u00f6rizme kar\u015f\u0131 k\u00fcresel i\u015fbirli\u011fi ve uluslararas\u0131 dayan\u0131\u015fman\u0131n \u00f6nemine inanmakta, bu ba\u011flamda, uluslararas\u0131 toplumdan, PKK\/YPG\/SDG gibi ter\u00f6r \u00f6rg\u00fctlerinin ter\u00f6rist organizasyonlar olarak tan\u0131nmas\u0131n\u0131 ve ter\u00f6rle m\u00fccadele konusunda daha etkin bir i\u015fbirli\u011fi yap\u0131lmas\u0131n\u0131 beklemektedir.\u201d de\u011ferlendirmesinde bulundu.<\/p>\n<p>TSK\u2019n\u0131n, ter\u00f6rist gruplar\u0131n desteklenmemesi ve Suriye\u2019nin toprak b\u00fct\u00fcnl\u00fc\u011f\u00fcne sayg\u0131 g\u00f6sterilmesi gerekti\u011fini her f\u0131rsatta dile getirdi\u011fini vurgulayan kaynaklar, \u015funlar\u0131 aktard\u0131:<\/p>\n<p>\u201cSuriye\u2019de su kaynaklar\u0131, enerji \u00fcretimi ve b\u00f6lgesel g\u00fcvenlik a\u00e7\u0131s\u0131ndan stratejik \u00f6neme sahip bir nokta olan F\u0131rat Nehri \u00fczerindeki Ti\u015frin Baraj\u0131, ter\u00f6r \u00f6rg\u00fct\u00fc PKK\/YPG\/SDG taraf\u0131ndan son savunma hatt\u0131 olarak de\u011ferlendirilmektedir. TSK, Suriye\u2019nin Ti\u015frin Baraj\u0131 b\u00f6lgesinde PKK\/YPG\/SDG ter\u00f6r \u00f6rg\u00fct\u00fc taraf\u0131ndan ger\u00e7ekle\u015ftirilen, masum sivilleri canl\u0131 kalkan olarak kullanma giri\u015fimini \u015fiddetle k\u0131namakta ve bu t\u00fcr eylemlerin akla ve mant\u0131\u011fa, uluslararas\u0131 hukuka, insan haklar\u0131na ve insanl\u0131\u011fa ayk\u0131r\u0131 oldu\u011funun alt\u0131n\u0131 \u00e7izmektedir.<\/p>\n<p>PKK\/YPG\/SDG\u2019nin Ti\u015frin Baraj\u0131 b\u00f6lgesinde sivilleri canl\u0131 kalkan olarak kullanmas\u0131 hatta aralar\u0131nda sivil giyimli ter\u00f6rist gruplar\u0131 da b\u00f6lgeye sevk etmesi sadece ter\u00f6rist gruplar\u0131n ger\u00e7ekle\u015ftirebilece\u011fi bir hareket olup, insan haklar\u0131 ihlali anlam\u0131na gelmektedir.\u201d<\/p>\n<p>Kaynaklar, bu t\u00fcr eylemlerin, ter\u00f6r \u00f6rg\u00fctlerinin kendi \u00e7\u0131karlar\u0131 u\u011fruna masum insanlar\u0131n hayatlar\u0131n\u0131 hi\u00e7e sayan ac\u0131mas\u0131z y\u00f6ntemler oldu\u011funa i\u015faret ederek, \u015funlar\u0131 kaydetti:<\/p>\n<p>\u201cKandil zihniyetinin y\u00f6nlendirdi\u011fi bu faaliyet, K\u00fcrt karde\u015flerimizin lehine olmaktan \u00e7ok onlara yeni s\u0131k\u0131nt\u0131lar\u0131 beraberinde getirmektedir. Ter\u00f6r \u00f6rg\u00fctlerinin sivilleri kendi \u00e7\u0131karlar\u0131 u\u011fruna canl\u0131 kalkan olarak kullanmas\u0131, sadece insanl\u0131k d\u0131\u015f\u0131 bir yakla\u015f\u0131m de\u011fil, ayn\u0131 zamanda ter\u00f6r \u00f6rg\u00fctlerinin \u00e7aresizli\u011fini ve ahlaki \u00e7\u00f6k\u00fc\u015f\u00fcn\u00fc de g\u00f6steren bir eylemdir. B\u00f6lgedeki geli\u015fmeler, hem Suriye\u2019nin i\u00e7 g\u00fcvenli\u011fi hem de T\u00fcrkiye\u2019nin s\u0131n\u0131r g\u00fcvenli\u011fi a\u00e7\u0131s\u0131ndan b\u00fcy\u00fck \u00f6nem ta\u015f\u0131maktad\u0131r.<\/p>\n<p>TSK, PKK\/YPG\/SDG gibi ter\u00f6r \u00f6rg\u00fctlerinin bu t\u00fcr stratejik altyap\u0131lar\u0131 kullanarak b\u00f6lgedeki istikrar\u0131 bozma \u00e7abalar\u0131n\u0131 engellemeye kararl\u0131d\u0131r. TSK, \u00fclkemizin ve hudutlar\u0131m\u0131z\u0131n g\u00fcvenli\u011fini sa\u011flamak ve \u00fclkemizin hak ve menfaatlerini korumak maksad\u0131yla, Suriye\u2019nin toprak b\u00fct\u00fcnl\u00fc\u011f\u00fcne ve halk\u0131n\u0131n bar\u0131\u015f\u00e7\u0131l \u00e7\u00f6z\u00fcm aray\u0131\u015flar\u0131na sayg\u0131 g\u00f6stererek, ter\u00f6rist gruplar\u0131n silah b\u0131rakmamas\u0131 durumunda, s\u0131n\u0131r \u00f6tesi operasyonlar\u0131n\u0131 s\u00fcrd\u00fcrme azim ve kararl\u0131l\u0131\u011f\u0131ndad\u0131r. Bu kararl\u0131l\u0131k, uluslararas\u0131 hukuk ve Birle\u015fmi\u015f Milletler Antla\u015fmas\u0131\u2019n\u0131n me\u015fru m\u00fcdafaa hakk\u0131 ilkesi \u00e7er\u00e7evesinde, ter\u00f6r \u00f6rg\u00fctlerinin faaliyetlerine son vermek amac\u0131yla b\u00f6lgede bar\u0131\u015f\u0131 tehdit eden t\u00fcm ter\u00f6r unsurlar\u0131 ortadan kald\u0131r\u0131l\u0131ncaya dek s\u00fcrd\u00fcr\u00fclecektir.\u201d<\/p>\n<\/p><\/div>\n<p><script async\n                    defer\n                    crossorigin=\"anonymous\"\n                    src=\"https:\/\/connect.facebook.net\/tr_TR\/sdk.js#xfbml=1&#038;version=v3.3\"\n            ><\/script><\/p>\n","protected":false},"excerpt":{"rendered":"<p>T\u00fcrkiye Milli Savunma Bakanl\u0131\u011f\u0131 (MSB) kaynaklar\u0131, Suriye\u2019deki Ti\u015frin Baraj\u0131\u2019na ili\u015fkin, \u201cTSK, PKK\/YPG\/SDG gibi ter\u00f6r \u00f6rg\u00fctlerinin bu t\u00fcr stratejik altyap\u0131lar\u0131 kullanarak b\u00f6lgedeki istikrar\u0131 bozma \u00e7abalar\u0131n\u0131 engellemeye kararl\u0131d\u0131r.\u201d ifadesini kulland\u0131. MSB kaynaklar\u0131, TCG Salihreis\u2019te d\u00fczenlenen bas\u0131n bilgilendirme toplant\u0131s\u0131n\u0131n ard\u0131ndan gazetecilerin sorular\u0131n\u0131 yan\u0131tlad\u0131. Kaynaklar, Suriye\u2019de son durum ve ter\u00f6r \u00f6rg\u00fct\u00fc PKK\/YPG\u2019nin Ti\u015frin Baraj\u0131 \u00e7evresinde masum sivilleri kalkan olarak<\/p>\n","protected":false},"author":1,"featured_media":73252,"comment_status":"open","ping_status":"open","sticky":false,"template":"","format":"standard","meta":{"footnotes":""},"categories":[86],"tags":[],"class_list":["post-73251","post","type-post","status-publish","format-standard","has-post-thumbnail","hentry","category-turkiye"],"yoast_head":"<!-- This site is optimized with the Yoast SEO plugin v27.4 - https:\/\/yoast.com\/product\/yoast-seo-wordpress\/ -->\n<title>T\u00fcrkiye MSB: \u201cTSK, Suriye\u2019nin toprak b\u00fct\u00fcnl\u00fc\u011f\u00fcne sayg\u0131 g\u00f6stererek s\u0131n\u0131r \u00f6tesi operasyonlar\u0131 s\u00fcrd\u00fcrme kararl\u0131l\u0131\u011f\u0131ndad\u0131r\u201d -<\/title>\n<meta name=\"robots\" content=\"index, follow, max-snippet:-1, max-image-preview:large, max-video-preview:-1\" \/>\n<link rel=\"canonical\" href=\"https:\/\/kibrisdakik.com\/?p=73251\" \/>\n<meta property=\"og:locale\" content=\"tr_TR\" \/>\n<meta property=\"og:type\" content=\"article\" \/>\n<meta property=\"og:title\" content=\"T\u00fcrkiye MSB: \u201cTSK, Suriye\u2019nin toprak b\u00fct\u00fcnl\u00fc\u011f\u00fcne sayg\u0131 g\u00f6stererek s\u0131n\u0131r \u00f6tesi operasyonlar\u0131 s\u00fcrd\u00fcrme kararl\u0131l\u0131\u011f\u0131ndad\u0131r\u201d -\" \/>\n<meta property=\"og:description\" content=\"T\u00fcrkiye Milli Savunma Bakanl\u0131\u011f\u0131 (MSB) kaynaklar\u0131, Suriye\u2019deki Ti\u015frin Baraj\u0131\u2019na ili\u015fkin, \u201cTSK, PKK\/YPG\/SDG gibi ter\u00f6r \u00f6rg\u00fctlerinin bu t\u00fcr stratejik altyap\u0131lar\u0131 kullanarak b\u00f6lgedeki istikrar\u0131 bozma \u00e7abalar\u0131n\u0131 engellemeye kararl\u0131d\u0131r.\u201d ifadesini kulland\u0131. MSB kaynaklar\u0131, TCG Salihreis\u2019te d\u00fczenlenen bas\u0131n bilgilendirme toplant\u0131s\u0131n\u0131n ard\u0131ndan gazetecilerin sorular\u0131n\u0131 yan\u0131tlad\u0131. Kaynaklar, Suriye\u2019de son durum ve ter\u00f6r \u00f6rg\u00fct\u00fc PKK\/YPG\u2019nin Ti\u015frin Baraj\u0131 \u00e7evresinde masum sivilleri kalkan olarak\" \/>\n<meta property=\"og:url\" content=\"https:\/\/kibrisdakik.com\/?p=73251\" \/>\n<meta property=\"article:published_time\" content=\"2025-01-09T12:12:18+00:00\" \/>\n<meta property=\"og:image\" content=\"https:\/\/kibrisdakik.com\/wp-content\/uploads\/2025\/01\/1736427075444thumbs_b_c_7d23bce2fabb1009198e5862d118c801-740x420.jpg\" \/>\n\t<meta property=\"og:image:width\" content=\"864\" \/>\n\t<meta property=\"og:image:height\" content=\"486\" \/>\n\t<meta property=\"og:image:type\" content=\"image\/jpeg\" \/>\n<meta name=\"author\" content=\"admin\" \/>\n<meta name=\"twitter:card\" content=\"summary_large_image\" \/>\n<meta name=\"twitter:label1\" content=\"Yazan:\" \/>\n\t<meta name=\"twitter:data1\" content=\"admin\" \/>\n\t<meta name=\"twitter:label2\" content=\"Tahmini okuma s\u00fcresi\" \/>\n\t<meta name=\"twitter:data2\" content=\"3 dakika\" \/>\n<script type=\"application\/ld+json\" class=\"yoast-schema-graph\">{\"@context\":\"https:\\\/\\\/schema.org\",\"@graph\":[{\"@type\":\"Article\",\"@id\":\"https:\\\/\\\/kibrisdakik.com\\\/?p=73251#article\",\"isPartOf\":{\"@id\":\"https:\\\/\\\/kibrisdakik.com\\\/?p=73251\"},\"author\":{\"name\":\"admin\",\"@id\":\"https:\\\/\\\/kibrisdakik.com\\\/#\\\/schema\\\/person\\\/9cd9d437bbb44f72b73ba127e06d8e79\"},\"headline\":\"T\u00fcrkiye MSB: \u201cTSK, Suriye\u2019nin toprak b\u00fct\u00fcnl\u00fc\u011f\u00fcne sayg\u0131 g\u00f6stererek s\u0131n\u0131r \u00f6tesi operasyonlar\u0131 s\u00fcrd\u00fcrme kararl\u0131l\u0131\u011f\u0131ndad\u0131r\u201d\",\"datePublished\":\"2025-01-09T12:12:18+00:00\",\"mainEntityOfPage\":{\"@id\":\"https:\\\/\\\/kibrisdakik.com\\\/?p=73251\"},\"wordCount\":616,\"commentCount\":0,\"image\":{\"@id\":\"https:\\\/\\\/kibrisdakik.com\\\/?p=73251#primaryimage\"},\"thumbnailUrl\":\"https:\\\/\\\/kibrisdakik.com\\\/wp-content\\\/uploads\\\/2025\\\/01\\\/1736427075444thumbs_b_c_7d23bce2fabb1009198e5862d118c801-740x420.jpg\",\"articleSection\":[\"T\u00fcrkiye\"],\"inLanguage\":\"tr\",\"potentialAction\":[{\"@type\":\"CommentAction\",\"name\":\"Comment\",\"target\":[\"https:\\\/\\\/kibrisdakik.com\\\/?p=73251#respond\"]}]},{\"@type\":\"WebPage\",\"@id\":\"https:\\\/\\\/kibrisdakik.com\\\/?p=73251\",\"url\":\"https:\\\/\\\/kibrisdakik.com\\\/?p=73251\",\"name\":\"T\u00fcrkiye MSB: \u201cTSK, Suriye\u2019nin toprak b\u00fct\u00fcnl\u00fc\u011f\u00fcne sayg\u0131 g\u00f6stererek s\u0131n\u0131r \u00f6tesi operasyonlar\u0131 s\u00fcrd\u00fcrme kararl\u0131l\u0131\u011f\u0131ndad\u0131r\u201d -\",\"isPartOf\":{\"@id\":\"https:\\\/\\\/kibrisdakik.com\\\/#website\"},\"primaryImageOfPage\":{\"@id\":\"https:\\\/\\\/kibrisdakik.com\\\/?p=73251#primaryimage\"},\"image\":{\"@id\":\"https:\\\/\\\/kibrisdakik.com\\\/?p=73251#primaryimage\"},\"thumbnailUrl\":\"https:\\\/\\\/kibrisdakik.com\\\/wp-content\\\/uploads\\\/2025\\\/01\\\/1736427075444thumbs_b_c_7d23bce2fabb1009198e5862d118c801-740x420.jpg\",\"datePublished\":\"2025-01-09T12:12:18+00:00\",\"author\":{\"@id\":\"https:\\\/\\\/kibrisdakik.com\\\/#\\\/schema\\\/person\\\/9cd9d437bbb44f72b73ba127e06d8e79\"},\"breadcrumb\":{\"@id\":\"https:\\\/\\\/kibrisdakik.com\\\/?p=73251#breadcrumb\"},\"inLanguage\":\"tr\",\"potentialAction\":[{\"@type\":\"ReadAction\",\"target\":[\"https:\\\/\\\/kibrisdakik.com\\\/?p=73251\"]}]},{\"@type\":\"ImageObject\",\"inLanguage\":\"tr\",\"@id\":\"https:\\\/\\\/kibrisdakik.com\\\/?p=73251#primaryimage\",\"url\":\"https:\\\/\\\/kibrisdakik.com\\\/wp-content\\\/uploads\\\/2025\\\/01\\\/1736427075444thumbs_b_c_7d23bce2fabb1009198e5862d118c801-740x420.jpg\",\"contentUrl\":\"https:\\\/\\\/kibrisdakik.com\\\/wp-content\\\/uploads\\\/2025\\\/01\\\/1736427075444thumbs_b_c_7d23bce2fabb1009198e5862d118c801-740x420.jpg\",\"width\":864,\"height\":486},{\"@type\":\"BreadcrumbList\",\"@id\":\"https:\\\/\\\/kibrisdakik.com\\\/?p=73251#breadcrumb\",\"itemListElement\":[{\"@type\":\"ListItem\",\"position\":1,\"name\":\"Home\",\"item\":\"https:\\\/\\\/kibrisdakik.com\\\/\"},{\"@type\":\"ListItem\",\"position\":2,\"name\":\"T\u00fcrkiye MSB: \u201cTSK, Suriye\u2019nin toprak b\u00fct\u00fcnl\u00fc\u011f\u00fcne sayg\u0131 g\u00f6stererek s\u0131n\u0131r \u00f6tesi operasyonlar\u0131 s\u00fcrd\u00fcrme kararl\u0131l\u0131\u011f\u0131ndad\u0131r\u201d\"}]},{\"@type\":\"WebSite\",\"@id\":\"https:\\\/\\\/kibrisdakik.com\\\/#website\",\"url\":\"https:\\\/\\\/kibrisdakik.com\\\/\",\"name\":\"\",\"description\":\"Tam vaktinde haber\",\"potentialAction\":[{\"@type\":\"SearchAction\",\"target\":{\"@type\":\"EntryPoint\",\"urlTemplate\":\"https:\\\/\\\/kibrisdakik.com\\\/?s={search_term_string}\"},\"query-input\":{\"@type\":\"PropertyValueSpecification\",\"valueRequired\":true,\"valueName\":\"search_term_string\"}}],\"inLanguage\":\"tr\"},{\"@type\":\"Person\",\"@id\":\"https:\\\/\\\/kibrisdakik.com\\\/#\\\/schema\\\/person\\\/9cd9d437bbb44f72b73ba127e06d8e79\",\"name\":\"admin\",\"image\":{\"@type\":\"ImageObject\",\"inLanguage\":\"tr\",\"@id\":\"https:\\\/\\\/secure.gravatar.com\\\/avatar\\\/ccc17943b9d660506c869530f897617f7cb1c21a4bf30023f252596d83e1f007?s=96&d=mm&r=g\",\"url\":\"https:\\\/\\\/secure.gravatar.com\\\/avatar\\\/ccc17943b9d660506c869530f897617f7cb1c21a4bf30023f252596d83e1f007?s=96&d=mm&r=g\",\"contentUrl\":\"https:\\\/\\\/secure.gravatar.com\\\/avatar\\\/ccc17943b9d660506c869530f897617f7cb1c21a4bf30023f252596d83e1f007?s=96&d=mm&r=g\",\"caption\":\"admin\"},\"sameAs\":[\"https:\\\/\\\/kibrisdakik.com\"],\"url\":\"https:\\\/\\\/kibrisdakik.com\\\/?author=1\"}]}<\/script>\n<!-- \/ Yoast SEO plugin. -->","yoast_head_json":{"title":"T\u00fcrkiye MSB: \u201cTSK, Suriye\u2019nin toprak b\u00fct\u00fcnl\u00fc\u011f\u00fcne sayg\u0131 g\u00f6stererek s\u0131n\u0131r \u00f6tesi operasyonlar\u0131 s\u00fcrd\u00fcrme kararl\u0131l\u0131\u011f\u0131ndad\u0131r\u201d -","robots":{"index":"index","follow":"follow","max-snippet":"max-snippet:-1","max-image-preview":"max-image-preview:large","max-video-preview":"max-video-preview:-1"},"canonical":"https:\/\/kibrisdakik.com\/?p=73251","og_locale":"tr_TR","og_type":"article","og_title":"T\u00fcrkiye MSB: \u201cTSK, Suriye\u2019nin toprak b\u00fct\u00fcnl\u00fc\u011f\u00fcne sayg\u0131 g\u00f6stererek s\u0131n\u0131r \u00f6tesi operasyonlar\u0131 s\u00fcrd\u00fcrme kararl\u0131l\u0131\u011f\u0131ndad\u0131r\u201d -","og_description":"T\u00fcrkiye Milli Savunma Bakanl\u0131\u011f\u0131 (MSB) kaynaklar\u0131, Suriye\u2019deki Ti\u015frin Baraj\u0131\u2019na ili\u015fkin, \u201cTSK, PKK\/YPG\/SDG gibi ter\u00f6r \u00f6rg\u00fctlerinin bu t\u00fcr stratejik altyap\u0131lar\u0131 kullanarak b\u00f6lgedeki istikrar\u0131 bozma \u00e7abalar\u0131n\u0131 engellemeye kararl\u0131d\u0131r.\u201d ifadesini kulland\u0131. MSB kaynaklar\u0131, TCG Salihreis\u2019te d\u00fczenlenen bas\u0131n bilgilendirme toplant\u0131s\u0131n\u0131n ard\u0131ndan gazetecilerin sorular\u0131n\u0131 yan\u0131tlad\u0131. Kaynaklar, Suriye\u2019de son durum ve ter\u00f6r \u00f6rg\u00fct\u00fc PKK\/YPG\u2019nin Ti\u015frin Baraj\u0131 \u00e7evresinde masum sivilleri kalkan olarak","og_url":"https:\/\/kibrisdakik.com\/?p=73251","article_published_time":"2025-01-09T12:12:18+00:00","og_image":[{"width":864,"height":486,"url":"https:\/\/kibrisdakik.com\/wp-content\/uploads\/2025\/01\/1736427075444thumbs_b_c_7d23bce2fabb1009198e5862d118c801-740x420.jpg","type":"image\/jpeg"}],"author":"admin","twitter_card":"summary_large_image","twitter_misc":{"Yazan:":"admin","Tahmini okuma s\u00fcresi":"3 dakika"},"schema":{"@context":"https:\/\/schema.org","@graph":[{"@type":"Article","@id":"https:\/\/kibrisdakik.com\/?p=73251#article","isPartOf":{"@id":"https:\/\/kibrisdakik.com\/?p=73251"},"author":{"name":"admin","@id":"https:\/\/kibrisdakik.com\/#\/schema\/person\/9cd9d437bbb44f72b73ba127e06d8e79"},"headline":"T\u00fcrkiye MSB: \u201cTSK, Suriye\u2019nin toprak b\u00fct\u00fcnl\u00fc\u011f\u00fcne sayg\u0131 g\u00f6stererek s\u0131n\u0131r \u00f6tesi operasyonlar\u0131 s\u00fcrd\u00fcrme kararl\u0131l\u0131\u011f\u0131ndad\u0131r\u201d","datePublished":"2025-01-09T12:12:18+00:00","mainEntityOfPage":{"@id":"https:\/\/kibrisdakik.com\/?p=73251"},"wordCount":616,"commentCount":0,"image":{"@id":"https:\/\/kibrisdakik.com\/?p=73251#primaryimage"},"thumbnailUrl":"https:\/\/kibrisdakik.com\/wp-content\/uploads\/2025\/01\/1736427075444thumbs_b_c_7d23bce2fabb1009198e5862d118c801-740x420.jpg","articleSection":["T\u00fcrkiye"],"inLanguage":"tr","potentialAction":[{"@type":"CommentAction","name":"Comment","target":["https:\/\/kibrisdakik.com\/?p=73251#respond"]}]},{"@type":"WebPage","@id":"https:\/\/kibrisdakik.com\/?p=73251","url":"https:\/\/kibrisdakik.com\/?p=73251","name":"T\u00fcrkiye MSB: \u201cTSK, Suriye\u2019nin toprak b\u00fct\u00fcnl\u00fc\u011f\u00fcne sayg\u0131 g\u00f6stererek s\u0131n\u0131r \u00f6tesi operasyonlar\u0131 s\u00fcrd\u00fcrme kararl\u0131l\u0131\u011f\u0131ndad\u0131r\u201d -","isPartOf":{"@id":"https:\/\/kibrisdakik.com\/#website"},"primaryImageOfPage":{"@id":"https:\/\/kibrisdakik.com\/?p=73251#primaryimage"},"image":{"@id":"https:\/\/kibrisdakik.com\/?p=73251#primaryimage"},"thumbnailUrl":"https:\/\/kibrisdakik.com\/wp-content\/uploads\/2025\/01\/1736427075444thumbs_b_c_7d23bce2fabb1009198e5862d118c801-740x420.jpg","datePublished":"2025-01-09T12:12:18+00:00","author":{"@id":"https:\/\/kibrisdakik.com\/#\/schema\/person\/9cd9d437bbb44f72b73ba127e06d8e79"},"breadcrumb":{"@id":"https:\/\/kibrisdakik.com\/?p=73251#breadcrumb"},"inLanguage":"tr","potentialAction":[{"@type":"ReadAction","target":["https:\/\/kibrisdakik.com\/?p=73251"]}]},{"@type":"ImageObject","inLanguage":"tr","@id":"https:\/\/kibrisdakik.com\/?p=73251#primaryimage","url":"https:\/\/kibrisdakik.com\/wp-content\/uploads\/2025\/01\/1736427075444thumbs_b_c_7d23bce2fabb1009198e5862d118c801-740x420.jpg","contentUrl":"https:\/\/kibrisdakik.com\/wp-content\/uploads\/2025\/01\/1736427075444thumbs_b_c_7d23bce2fabb1009198e5862d118c801-740x420.jpg","width":864,"height":486},{"@type":"BreadcrumbList","@id":"https:\/\/kibrisdakik.com\/?p=73251#breadcrumb","itemListElement":[{"@type":"ListItem","position":1,"name":"Home","item":"https:\/\/kibrisdakik.com\/"},{"@type":"ListItem","position":2,"name":"T\u00fcrkiye MSB: \u201cTSK, Suriye\u2019nin toprak b\u00fct\u00fcnl\u00fc\u011f\u00fcne sayg\u0131 g\u00f6stererek s\u0131n\u0131r \u00f6tesi operasyonlar\u0131 s\u00fcrd\u00fcrme kararl\u0131l\u0131\u011f\u0131ndad\u0131r\u201d"}]},{"@type":"WebSite","@id":"https:\/\/kibrisdakik.com\/#website","url":"https:\/\/kibrisdakik.com\/","name":"","description":"Tam vaktinde haber","potentialAction":[{"@type":"SearchAction","target":{"@type":"EntryPoint","urlTemplate":"https:\/\/kibrisdakik.com\/?s={search_term_string}"},"query-input":{"@type":"PropertyValueSpecification","valueRequired":true,"valueName":"search_term_string"}}],"inLanguage":"tr"},{"@type":"Person","@id":"https:\/\/kibrisdakik.com\/#\/schema\/person\/9cd9d437bbb44f72b73ba127e06d8e79","name":"admin","image":{"@type":"ImageObject","inLanguage":"tr","@id":"https:\/\/secure.gravatar.com\/avatar\/ccc17943b9d660506c869530f897617f7cb1c21a4bf30023f252596d83e1f007?s=96&d=mm&r=g","url":"https:\/\/secure.gravatar.com\/avatar\/ccc17943b9d660506c869530f897617f7cb1c21a4bf30023f252596d83e1f007?s=96&d=mm&r=g","contentUrl":"https:\/\/secure.gravatar.com\/avatar\/ccc17943b9d660506c869530f897617f7cb1c21a4bf30023f252596d83e1f007?s=96&d=mm&r=g","caption":"admin"},"sameAs":["https:\/\/kibrisdakik.com"],"url":"https:\/\/kibrisdakik.com\/?author=1"}]}},"_links":{"self":[{"href":"https:\/\/kibrisdakik.com\/index.php?rest_route=\/wp\/v2\/posts\/73251","targetHints":{"allow":["GET"]}}],"collection":[{"href":"https:\/\/kibrisdakik.com\/index.php?rest_route=\/wp\/v2\/posts"}],"about":[{"href":"https:\/\/kibrisdakik.com\/index.php?rest_route=\/wp\/v2\/types\/post"}],"author":[{"embeddable":true,"href":"https:\/\/kibrisdakik.com\/index.php?rest_route=\/wp\/v2\/users\/1"}],"replies":[{"embeddable":true,"href":"https:\/\/kibrisdakik.com\/index.php?rest_route=%2Fwp%2Fv2%2Fcomments&post=73251"}],"version-history":[{"count":0,"href":"https:\/\/kibrisdakik.com\/index.php?rest_route=\/wp\/v2\/posts\/73251\/revisions"}],"wp:featuredmedia":[{"embeddable":true,"href":"https:\/\/kibrisdakik.com\/index.php?rest_route=\/wp\/v2\/media\/73252"}],"wp:attachment":[{"href":"https:\/\/kibrisdakik.com\/index.php?rest_route=%2Fwp%2Fv2%2Fmedia&parent=73251"}],"wp:term":[{"taxonomy":"category","embeddable":true,"href":"https:\/\/kibrisdakik.com\/index.php?rest_route=%2Fwp%2Fv2%2Fcategories&post=73251"},{"taxonomy":"post_tag","embeddable":true,"href":"https:\/\/kibrisdakik.com\/index.php?rest_route=%2Fwp%2Fv2%2Ftags&post=73251"}],"curies":[{"name":"wp","href":"https:\/\/api.w.org\/{rel}","templated":true}]}}