{"id":73255,"date":"2025-01-09T21:56:22","date_gmt":"2025-01-09T18:56:22","guid":{"rendered":"https:\/\/kibrisdakik.com\/index.php\/2025\/01\/09\/turkiye-disisleri-bakani-hakan-fidan-kktcden-ayrildi\/"},"modified":"2025-01-09T21:56:22","modified_gmt":"2025-01-09T18:56:22","slug":"turkiye-disisleri-bakani-hakan-fidan-kktcden-ayrildi","status":"publish","type":"post","link":"https:\/\/kibrisdakik.com\/?p=73255","title":{"rendered":"T\u00fcrkiye D\u0131\u015fi\u015fleri Bakan\u0131 Hakan Fidan KKTC\u2019den ayr\u0131ld\u0131"},"content":{"rendered":"<p><\/p>\n<div>\n<div class=\"mariselle-image-container center\">\n                <img loading=\"lazy\" decoding=\"async\" width=\"1600\" height=\"1077\" class=\"lazy-image\" alt=\"\" sizes=\"auto, (max-width: 1600px) 100vw, 1600px\" src=\"https:\/\/brtk.net\/wp-content\/uploads\/2025\/01\/08\/fidan-3555.jpg?ver=5467e4ccac377feada3ab7e5ee7b3615\" srcset=\"https:\/\/brtk.net\/wp-content\/uploads\/2025\/01\/08\/fidan-3555.jpg?ver=5467e4ccac377feada3ab7e5ee7b3615 1600w, https:\/\/brtk.net\/wp-content\/uploads\/2025\/01\/08\/fidan-3555-300x202.jpg?ver=70936b8a24baf98e9770a1626a316a35 300w, https:\/\/brtk.net\/wp-content\/uploads\/2025\/01\/08\/fidan-3555-1024x689.jpg?ver=70936b8a24baf98e9770a1626a316a35 1024w, https:\/\/brtk.net\/wp-content\/uploads\/2025\/01\/08\/fidan-3555-768x517.jpg?ver=70936b8a24baf98e9770a1626a316a35 768w, https:\/\/brtk.net\/wp-content\/uploads\/2025\/01\/08\/fidan-3555-1536x1034.jpg?ver=b042a3106ab19ffd307d7c88b285714a 1536w\"\/>                            <\/div>\n<p>\nT\u00fcrkiye Cumhuriyeti D\u0131\u015fi\u015fleri Bakan\u0131 Hakan Fidan iki g\u00fcn s\u00fcren temaslar\u0131n\u0131 tamamlayarak Kuzey K\u0131br\u0131s T\u00fcrk Cumhuriyeti\u2019nden ayr\u0131ld\u0131.<\/p>\n<p>Hakan Fidan ve beraberndeki heyet Ercan Havaliman\u0131\u2019ndan u\u011furlanarak \u0130stanbul\u2019a hareket etti.<\/p>\n<p>Hakan Fidan d\u00fcn, Cumhurba\u015fkan\u0131 Ersin Tatar, Meclis Ba\u015fkan\u0131 Ziya \u00d6zt\u00fcrkler, Ba\u015fbakan \u00dcnal \u00dcstel ve D\u0131\u015fi\u015fleri Bakan\u0131 Tahsin Ertu\u011frulo\u011flu\u2019nu ziyaret etmi\u015fti.  Ba\u015fbakanl\u0131ktaki g\u00f6r\u00fc\u015fmede Ba\u015fbakan Yard\u0131mc\u0131s\u0131, Turizm, K\u00fclt\u00fcr, Gen\u00e7lik ve \u00c7evre Bakan\u0131 Fikri Atao\u011flu ve Bay\u0131nd\u0131rl\u0131k ve Ula\u015ft\u0131rma Bakan\u0131 Erhan Ar\u0131kl\u0131 da yer alm\u0131\u015ft\u0131.<\/p>\n<p>Hakan Fidan bug\u00fcn  de Cumhuriyet\u00e7i T\u00fcrk Partisi (CTP) Genel Ba\u015fkan\u0131 Tufan Erh\u00fcrman ve Halk\u0131n Partisi (HP) Genel Ba\u015fkan\u0131 Kudret \u00d6zersay ile g\u00f6r\u00fc\u015fm\u00fc\u015ft\u00fc.<\/p>\n<p>T\u00fcrkiye Cumhuriyeti D\u0131\u015fi\u015fleri Bakan\u0131 Hakan Fidan, Cumhurba\u015fkan\u0131 Ersin Tatar ile birlikte d\u00fczenledi\u011fi ortak bas\u0131n toplant\u0131s\u0131nda, K\u0131br\u0131s T\u00fcrk\u00fc\u2019n\u00fcn maruz kald\u0131\u011f\u0131 izolasyonun sessiz bir insanl\u0131k su\u00e7una d\u00f6n\u00fc\u015ft\u00fc\u011f\u00fcne dikkat \u00e7ekmi\u015f ve uluslararas\u0131 toplumun K\u0131br\u0131s\u2019\u0131n iki devletli stat\u00fcs\u00fcn\u00fc hukuki bir zemine oturtmas\u0131 gerekti\u011finin alt\u0131n\u0131 \u00e7izmi\u015fti.<\/p>\n<\/p><\/div>\n<p><script async\n                    defer\n                    crossorigin=\"anonymous\"\n                    src=\"https:\/\/connect.facebook.net\/tr_TR\/sdk.js#xfbml=1&#038;version=v3.3\"\n            ><\/script><\/p>\n","protected":false},"excerpt":{"rendered":"<p>T\u00fcrkiye Cumhuriyeti D\u0131\u015fi\u015fleri Bakan\u0131 Hakan Fidan iki g\u00fcn s\u00fcren temaslar\u0131n\u0131 tamamlayarak Kuzey K\u0131br\u0131s T\u00fcrk Cumhuriyeti\u2019nden ayr\u0131ld\u0131. Hakan Fidan ve beraberndeki heyet Ercan Havaliman\u0131\u2019ndan u\u011furlanarak \u0130stanbul\u2019a hareket etti. Hakan Fidan d\u00fcn, Cumhurba\u015fkan\u0131 Ersin Tatar, Meclis Ba\u015fkan\u0131 Ziya \u00d6zt\u00fcrkler, Ba\u015fbakan \u00dcnal \u00dcstel ve D\u0131\u015fi\u015fleri Bakan\u0131 Tahsin Ertu\u011frulo\u011flu\u2019nu ziyaret etmi\u015fti. Ba\u015fbakanl\u0131ktaki g\u00f6r\u00fc\u015fmede Ba\u015fbakan Yard\u0131mc\u0131s\u0131, Turizm, K\u00fclt\u00fcr, Gen\u00e7lik ve<\/p>\n","protected":false},"author":1,"featured_media":73256,"comment_status":"open","ping_status":"open","sticky":false,"template":"","format":"standard","meta":{"footnotes":""},"categories":[86],"tags":[],"class_list":["post-73255","post","type-post","status-publish","format-standard","has-post-thumbnail","hentry","category-turkiye"],"yoast_head":"<!-- This site is optimized with the Yoast SEO plugin v27.4 - https:\/\/yoast.com\/product\/yoast-seo-wordpress\/ -->\n<title>T\u00fcrkiye D\u0131\u015fi\u015fleri Bakan\u0131 Hakan Fidan KKTC\u2019den ayr\u0131ld\u0131 -<\/title>\n<meta name=\"robots\" content=\"index, follow, max-snippet:-1, max-image-preview:large, max-video-preview:-1\" \/>\n<link rel=\"canonical\" href=\"https:\/\/kibrisdakik.com\/?p=73255\" \/>\n<meta property=\"og:locale\" content=\"tr_TR\" \/>\n<meta property=\"og:type\" content=\"article\" \/>\n<meta property=\"og:title\" content=\"T\u00fcrkiye D\u0131\u015fi\u015fleri Bakan\u0131 Hakan Fidan KKTC\u2019den ayr\u0131ld\u0131 -\" \/>\n<meta property=\"og:description\" content=\"T\u00fcrkiye Cumhuriyeti D\u0131\u015fi\u015fleri Bakan\u0131 Hakan Fidan iki g\u00fcn s\u00fcren temaslar\u0131n\u0131 tamamlayarak Kuzey K\u0131br\u0131s T\u00fcrk Cumhuriyeti\u2019nden ayr\u0131ld\u0131. Hakan Fidan ve beraberndeki heyet Ercan Havaliman\u0131\u2019ndan u\u011furlanarak \u0130stanbul\u2019a hareket etti. Hakan Fidan d\u00fcn, Cumhurba\u015fkan\u0131 Ersin Tatar, Meclis Ba\u015fkan\u0131 Ziya \u00d6zt\u00fcrkler, Ba\u015fbakan \u00dcnal \u00dcstel ve D\u0131\u015fi\u015fleri Bakan\u0131 Tahsin Ertu\u011frulo\u011flu\u2019nu ziyaret etmi\u015fti. Ba\u015fbakanl\u0131ktaki g\u00f6r\u00fc\u015fmede Ba\u015fbakan Yard\u0131mc\u0131s\u0131, Turizm, K\u00fclt\u00fcr, Gen\u00e7lik ve\" \/>\n<meta property=\"og:url\" content=\"https:\/\/kibrisdakik.com\/?p=73255\" \/>\n<meta property=\"article:published_time\" content=\"2025-01-09T18:56:22+00:00\" \/>\n<meta property=\"og:image\" content=\"https:\/\/kibrisdakik.com\/wp-content\/uploads\/2025\/01\/fidan-3555-740x420.jpg\" \/>\n\t<meta property=\"og:image:width\" content=\"1600\" \/>\n\t<meta property=\"og:image:height\" content=\"1077\" \/>\n\t<meta property=\"og:image:type\" content=\"image\/jpeg\" \/>\n<meta name=\"author\" content=\"admin\" \/>\n<meta name=\"twitter:card\" content=\"summary_large_image\" \/>\n<meta name=\"twitter:label1\" content=\"Yazan:\" \/>\n\t<meta name=\"twitter:data1\" content=\"admin\" \/>\n\t<meta name=\"twitter:label2\" content=\"Tahmini okuma s\u00fcresi\" \/>\n\t<meta name=\"twitter:data2\" content=\"1 dakika\" \/>\n<script type=\"application\/ld+json\" class=\"yoast-schema-graph\">{\"@context\":\"https:\\\/\\\/schema.org\",\"@graph\":[{\"@type\":\"Article\",\"@id\":\"https:\\\/\\\/kibrisdakik.com\\\/?p=73255#article\",\"isPartOf\":{\"@id\":\"https:\\\/\\\/kibrisdakik.com\\\/?p=73255\"},\"author\":{\"name\":\"admin\",\"@id\":\"https:\\\/\\\/kibrisdakik.com\\\/#\\\/schema\\\/person\\\/9cd9d437bbb44f72b73ba127e06d8e79\"},\"headline\":\"T\u00fcrkiye D\u0131\u015fi\u015fleri Bakan\u0131 Hakan Fidan KKTC\u2019den ayr\u0131ld\u0131\",\"datePublished\":\"2025-01-09T18:56:22+00:00\",\"mainEntityOfPage\":{\"@id\":\"https:\\\/\\\/kibrisdakik.com\\\/?p=73255\"},\"wordCount\":224,\"commentCount\":0,\"image\":{\"@id\":\"https:\\\/\\\/kibrisdakik.com\\\/?p=73255#primaryimage\"},\"thumbnailUrl\":\"https:\\\/\\\/kibrisdakik.com\\\/wp-content\\\/uploads\\\/2025\\\/01\\\/fidan-3555-740x420.jpg\",\"articleSection\":[\"T\u00fcrkiye\"],\"inLanguage\":\"tr\",\"potentialAction\":[{\"@type\":\"CommentAction\",\"name\":\"Comment\",\"target\":[\"https:\\\/\\\/kibrisdakik.com\\\/?p=73255#respond\"]}]},{\"@type\":\"WebPage\",\"@id\":\"https:\\\/\\\/kibrisdakik.com\\\/?p=73255\",\"url\":\"https:\\\/\\\/kibrisdakik.com\\\/?p=73255\",\"name\":\"T\u00fcrkiye D\u0131\u015fi\u015fleri Bakan\u0131 Hakan Fidan KKTC\u2019den ayr\u0131ld\u0131 -\",\"isPartOf\":{\"@id\":\"https:\\\/\\\/kibrisdakik.com\\\/#website\"},\"primaryImageOfPage\":{\"@id\":\"https:\\\/\\\/kibrisdakik.com\\\/?p=73255#primaryimage\"},\"image\":{\"@id\":\"https:\\\/\\\/kibrisdakik.com\\\/?p=73255#primaryimage\"},\"thumbnailUrl\":\"https:\\\/\\\/kibrisdakik.com\\\/wp-content\\\/uploads\\\/2025\\\/01\\\/fidan-3555-740x420.jpg\",\"datePublished\":\"2025-01-09T18:56:22+00:00\",\"author\":{\"@id\":\"https:\\\/\\\/kibrisdakik.com\\\/#\\\/schema\\\/person\\\/9cd9d437bbb44f72b73ba127e06d8e79\"},\"breadcrumb\":{\"@id\":\"https:\\\/\\\/kibrisdakik.com\\\/?p=73255#breadcrumb\"},\"inLanguage\":\"tr\",\"potentialAction\":[{\"@type\":\"ReadAction\",\"target\":[\"https:\\\/\\\/kibrisdakik.com\\\/?p=73255\"]}]},{\"@type\":\"ImageObject\",\"inLanguage\":\"tr\",\"@id\":\"https:\\\/\\\/kibrisdakik.com\\\/?p=73255#primaryimage\",\"url\":\"https:\\\/\\\/kibrisdakik.com\\\/wp-content\\\/uploads\\\/2025\\\/01\\\/fidan-3555-740x420.jpg\",\"contentUrl\":\"https:\\\/\\\/kibrisdakik.com\\\/wp-content\\\/uploads\\\/2025\\\/01\\\/fidan-3555-740x420.jpg\",\"width\":1600,\"height\":1077},{\"@type\":\"BreadcrumbList\",\"@id\":\"https:\\\/\\\/kibrisdakik.com\\\/?p=73255#breadcrumb\",\"itemListElement\":[{\"@type\":\"ListItem\",\"position\":1,\"name\":\"Home\",\"item\":\"https:\\\/\\\/kibrisdakik.com\\\/\"},{\"@type\":\"ListItem\",\"position\":2,\"name\":\"T\u00fcrkiye D\u0131\u015fi\u015fleri Bakan\u0131 Hakan Fidan KKTC\u2019den ayr\u0131ld\u0131\"}]},{\"@type\":\"WebSite\",\"@id\":\"https:\\\/\\\/kibrisdakik.com\\\/#website\",\"url\":\"https:\\\/\\\/kibrisdakik.com\\\/\",\"name\":\"\",\"description\":\"Tam vaktinde haber\",\"potentialAction\":[{\"@type\":\"SearchAction\",\"target\":{\"@type\":\"EntryPoint\",\"urlTemplate\":\"https:\\\/\\\/kibrisdakik.com\\\/?s={search_term_string}\"},\"query-input\":{\"@type\":\"PropertyValueSpecification\",\"valueRequired\":true,\"valueName\":\"search_term_string\"}}],\"inLanguage\":\"tr\"},{\"@type\":\"Person\",\"@id\":\"https:\\\/\\\/kibrisdakik.com\\\/#\\\/schema\\\/person\\\/9cd9d437bbb44f72b73ba127e06d8e79\",\"name\":\"admin\",\"image\":{\"@type\":\"ImageObject\",\"inLanguage\":\"tr\",\"@id\":\"https:\\\/\\\/secure.gravatar.com\\\/avatar\\\/ccc17943b9d660506c869530f897617f7cb1c21a4bf30023f252596d83e1f007?s=96&d=mm&r=g\",\"url\":\"https:\\\/\\\/secure.gravatar.com\\\/avatar\\\/ccc17943b9d660506c869530f897617f7cb1c21a4bf30023f252596d83e1f007?s=96&d=mm&r=g\",\"contentUrl\":\"https:\\\/\\\/secure.gravatar.com\\\/avatar\\\/ccc17943b9d660506c869530f897617f7cb1c21a4bf30023f252596d83e1f007?s=96&d=mm&r=g\",\"caption\":\"admin\"},\"sameAs\":[\"https:\\\/\\\/kibrisdakik.com\"],\"url\":\"https:\\\/\\\/kibrisdakik.com\\\/?author=1\"}]}<\/script>\n<!-- \/ Yoast SEO plugin. -->","yoast_head_json":{"title":"T\u00fcrkiye D\u0131\u015fi\u015fleri Bakan\u0131 Hakan Fidan KKTC\u2019den ayr\u0131ld\u0131 -","robots":{"index":"index","follow":"follow","max-snippet":"max-snippet:-1","max-image-preview":"max-image-preview:large","max-video-preview":"max-video-preview:-1"},"canonical":"https:\/\/kibrisdakik.com\/?p=73255","og_locale":"tr_TR","og_type":"article","og_title":"T\u00fcrkiye D\u0131\u015fi\u015fleri Bakan\u0131 Hakan Fidan KKTC\u2019den ayr\u0131ld\u0131 -","og_description":"T\u00fcrkiye Cumhuriyeti D\u0131\u015fi\u015fleri Bakan\u0131 Hakan Fidan iki g\u00fcn s\u00fcren temaslar\u0131n\u0131 tamamlayarak Kuzey K\u0131br\u0131s T\u00fcrk Cumhuriyeti\u2019nden ayr\u0131ld\u0131. Hakan Fidan ve beraberndeki heyet Ercan Havaliman\u0131\u2019ndan u\u011furlanarak \u0130stanbul\u2019a hareket etti. Hakan Fidan d\u00fcn, Cumhurba\u015fkan\u0131 Ersin Tatar, Meclis Ba\u015fkan\u0131 Ziya \u00d6zt\u00fcrkler, Ba\u015fbakan \u00dcnal \u00dcstel ve D\u0131\u015fi\u015fleri Bakan\u0131 Tahsin Ertu\u011frulo\u011flu\u2019nu ziyaret etmi\u015fti. Ba\u015fbakanl\u0131ktaki g\u00f6r\u00fc\u015fmede Ba\u015fbakan Yard\u0131mc\u0131s\u0131, Turizm, K\u00fclt\u00fcr, Gen\u00e7lik ve","og_url":"https:\/\/kibrisdakik.com\/?p=73255","article_published_time":"2025-01-09T18:56:22+00:00","og_image":[{"width":1600,"height":1077,"url":"https:\/\/kibrisdakik.com\/wp-content\/uploads\/2025\/01\/fidan-3555-740x420.jpg","type":"image\/jpeg"}],"author":"admin","twitter_card":"summary_large_image","twitter_misc":{"Yazan:":"admin","Tahmini okuma s\u00fcresi":"1 dakika"},"schema":{"@context":"https:\/\/schema.org","@graph":[{"@type":"Article","@id":"https:\/\/kibrisdakik.com\/?p=73255#article","isPartOf":{"@id":"https:\/\/kibrisdakik.com\/?p=73255"},"author":{"name":"admin","@id":"https:\/\/kibrisdakik.com\/#\/schema\/person\/9cd9d437bbb44f72b73ba127e06d8e79"},"headline":"T\u00fcrkiye D\u0131\u015fi\u015fleri Bakan\u0131 Hakan Fidan KKTC\u2019den ayr\u0131ld\u0131","datePublished":"2025-01-09T18:56:22+00:00","mainEntityOfPage":{"@id":"https:\/\/kibrisdakik.com\/?p=73255"},"wordCount":224,"commentCount":0,"image":{"@id":"https:\/\/kibrisdakik.com\/?p=73255#primaryimage"},"thumbnailUrl":"https:\/\/kibrisdakik.com\/wp-content\/uploads\/2025\/01\/fidan-3555-740x420.jpg","articleSection":["T\u00fcrkiye"],"inLanguage":"tr","potentialAction":[{"@type":"CommentAction","name":"Comment","target":["https:\/\/kibrisdakik.com\/?p=73255#respond"]}]},{"@type":"WebPage","@id":"https:\/\/kibrisdakik.com\/?p=73255","url":"https:\/\/kibrisdakik.com\/?p=73255","name":"T\u00fcrkiye D\u0131\u015fi\u015fleri Bakan\u0131 Hakan Fidan KKTC\u2019den ayr\u0131ld\u0131 -","isPartOf":{"@id":"https:\/\/kibrisdakik.com\/#website"},"primaryImageOfPage":{"@id":"https:\/\/kibrisdakik.com\/?p=73255#primaryimage"},"image":{"@id":"https:\/\/kibrisdakik.com\/?p=73255#primaryimage"},"thumbnailUrl":"https:\/\/kibrisdakik.com\/wp-content\/uploads\/2025\/01\/fidan-3555-740x420.jpg","datePublished":"2025-01-09T18:56:22+00:00","author":{"@id":"https:\/\/kibrisdakik.com\/#\/schema\/person\/9cd9d437bbb44f72b73ba127e06d8e79"},"breadcrumb":{"@id":"https:\/\/kibrisdakik.com\/?p=73255#breadcrumb"},"inLanguage":"tr","potentialAction":[{"@type":"ReadAction","target":["https:\/\/kibrisdakik.com\/?p=73255"]}]},{"@type":"ImageObject","inLanguage":"tr","@id":"https:\/\/kibrisdakik.com\/?p=73255#primaryimage","url":"https:\/\/kibrisdakik.com\/wp-content\/uploads\/2025\/01\/fidan-3555-740x420.jpg","contentUrl":"https:\/\/kibrisdakik.com\/wp-content\/uploads\/2025\/01\/fidan-3555-740x420.jpg","width":1600,"height":1077},{"@type":"BreadcrumbList","@id":"https:\/\/kibrisdakik.com\/?p=73255#breadcrumb","itemListElement":[{"@type":"ListItem","position":1,"name":"Home","item":"https:\/\/kibrisdakik.com\/"},{"@type":"ListItem","position":2,"name":"T\u00fcrkiye D\u0131\u015fi\u015fleri Bakan\u0131 Hakan Fidan KKTC\u2019den ayr\u0131ld\u0131"}]},{"@type":"WebSite","@id":"https:\/\/kibrisdakik.com\/#website","url":"https:\/\/kibrisdakik.com\/","name":"","description":"Tam vaktinde haber","potentialAction":[{"@type":"SearchAction","target":{"@type":"EntryPoint","urlTemplate":"https:\/\/kibrisdakik.com\/?s={search_term_string}"},"query-input":{"@type":"PropertyValueSpecification","valueRequired":true,"valueName":"search_term_string"}}],"inLanguage":"tr"},{"@type":"Person","@id":"https:\/\/kibrisdakik.com\/#\/schema\/person\/9cd9d437bbb44f72b73ba127e06d8e79","name":"admin","image":{"@type":"ImageObject","inLanguage":"tr","@id":"https:\/\/secure.gravatar.com\/avatar\/ccc17943b9d660506c869530f897617f7cb1c21a4bf30023f252596d83e1f007?s=96&d=mm&r=g","url":"https:\/\/secure.gravatar.com\/avatar\/ccc17943b9d660506c869530f897617f7cb1c21a4bf30023f252596d83e1f007?s=96&d=mm&r=g","contentUrl":"https:\/\/secure.gravatar.com\/avatar\/ccc17943b9d660506c869530f897617f7cb1c21a4bf30023f252596d83e1f007?s=96&d=mm&r=g","caption":"admin"},"sameAs":["https:\/\/kibrisdakik.com"],"url":"https:\/\/kibrisdakik.com\/?author=1"}]}},"_links":{"self":[{"href":"https:\/\/kibrisdakik.com\/index.php?rest_route=\/wp\/v2\/posts\/73255","targetHints":{"allow":["GET"]}}],"collection":[{"href":"https:\/\/kibrisdakik.com\/index.php?rest_route=\/wp\/v2\/posts"}],"about":[{"href":"https:\/\/kibrisdakik.com\/index.php?rest_route=\/wp\/v2\/types\/post"}],"author":[{"embeddable":true,"href":"https:\/\/kibrisdakik.com\/index.php?rest_route=\/wp\/v2\/users\/1"}],"replies":[{"embeddable":true,"href":"https:\/\/kibrisdakik.com\/index.php?rest_route=%2Fwp%2Fv2%2Fcomments&post=73255"}],"version-history":[{"count":0,"href":"https:\/\/kibrisdakik.com\/index.php?rest_route=\/wp\/v2\/posts\/73255\/revisions"}],"wp:featuredmedia":[{"embeddable":true,"href":"https:\/\/kibrisdakik.com\/index.php?rest_route=\/wp\/v2\/media\/73256"}],"wp:attachment":[{"href":"https:\/\/kibrisdakik.com\/index.php?rest_route=%2Fwp%2Fv2%2Fmedia&parent=73255"}],"wp:term":[{"taxonomy":"category","embeddable":true,"href":"https:\/\/kibrisdakik.com\/index.php?rest_route=%2Fwp%2Fv2%2Fcategories&post=73255"},{"taxonomy":"post_tag","embeddable":true,"href":"https:\/\/kibrisdakik.com\/index.php?rest_route=%2Fwp%2Fv2%2Ftags&post=73255"}],"curies":[{"name":"wp","href":"https:\/\/api.w.org\/{rel}","templated":true}]}}