{"id":73274,"date":"2025-01-10T12:33:03","date_gmt":"2025-01-10T09:33:03","guid":{"rendered":"https:\/\/kibrisdakik.com\/index.php\/2025\/01\/10\/hukumet-hayat-pahaliligi-odenegiyle-ilgili-toplandi\/"},"modified":"2025-01-10T12:33:03","modified_gmt":"2025-01-10T09:33:03","slug":"hukumet-hayat-pahaliligi-odenegiyle-ilgili-toplandi","status":"publish","type":"post","link":"https:\/\/kibrisdakik.com\/?p=73274","title":{"rendered":"H\u00fck\u00fcmet, hayat pahal\u0131l\u0131\u011f\u0131 \u00f6dene\u011fiyle ilgili topland\u0131"},"content":{"rendered":"<div>\n<div class=\"mariselle-image-container center\">\n                                            <\/div>\n<p>H\u00fck\u00fcmet ortaklar\u0131, hayat pahal\u0131l\u0131\u011f\u0131 \u00f6dene\u011fiyle ilgili \u00f6ng\u00f6r\u00fclen yasal d\u00fczenlemeyi g\u00f6r\u00fc\u015fmek amac\u0131yla topland\u0131.<\/p>\n<p>Cumhuriyet Meclisi\u2019nde yer alan toplant\u0131ya, Ba\u015fbakan \u00dcnal \u00dcstel ba\u015fkanl\u0131k yap\u0131yor.<\/p>\n<p>Maliye Bakan\u0131 \u00d6zdemir Berova, d\u00fcn sendikalarla yapt\u0131\u011f\u0131 g\u00f6r\u00fc\u015fme sonras\u0131, bug\u00fcn de hayat pahal\u0131l\u0131\u011f\u0131 \u00f6dene\u011fiyle ilgili \u00f6ng\u00f6r\u00fclen yasal d\u00fczenlemeyle ilgili Ulusal Birlik Partisi Grubu, h\u00fck\u00fcmet ortaklar\u0131 ve h\u00fck\u00fcmete destek veren milletvekillerini bilgilendirecek.<\/p>\n<\/p><\/div>\n<p><script async\n                    defer\n                    crossorigin=\"anonymous\"\n                    src=\"https:\/\/connect.facebook.net\/tr_TR\/sdk.js#xfbml=1&#038;version=v3.3\"\n            ><\/script><\/p>\n","protected":false},"excerpt":{"rendered":"<p>H\u00fck\u00fcmet ortaklar\u0131, hayat pahal\u0131l\u0131\u011f\u0131 \u00f6dene\u011fiyle ilgili \u00f6ng\u00f6r\u00fclen yasal d\u00fczenlemeyi g\u00f6r\u00fc\u015fmek amac\u0131yla topland\u0131. Cumhuriyet Meclisi\u2019nde yer alan toplant\u0131ya, Ba\u015fbakan \u00dcnal \u00dcstel ba\u015fkanl\u0131k yap\u0131yor. Maliye Bakan\u0131 \u00d6zdemir Berova, d\u00fcn sendikalarla yapt\u0131\u011f\u0131 g\u00f6r\u00fc\u015fme sonras\u0131, bug\u00fcn de hayat pahal\u0131l\u0131\u011f\u0131 \u00f6dene\u011fiyle ilgili \u00f6ng\u00f6r\u00fclen yasal d\u00fczenlemeyle ilgili Ulusal Birlik Partisi Grubu, h\u00fck\u00fcmet ortaklar\u0131 ve h\u00fck\u00fcmete destek veren milletvekillerini bilgilendirecek.<\/p>\n","protected":false},"author":1,"featured_media":71933,"comment_status":"open","ping_status":"open","sticky":false,"template":"","format":"standard","meta":{"footnotes":""},"categories":[81],"tags":[],"class_list":["post-73274","post","type-post","status-publish","format-standard","has-post-thumbnail","hentry","category-kibris"],"yoast_head":"<!-- This site is optimized with the Yoast SEO plugin v27.4 - https:\/\/yoast.com\/product\/yoast-seo-wordpress\/ -->\n<title>H\u00fck\u00fcmet, hayat pahal\u0131l\u0131\u011f\u0131 \u00f6dene\u011fiyle ilgili topland\u0131 -<\/title>\n<meta name=\"robots\" content=\"index, follow, max-snippet:-1, max-image-preview:large, max-video-preview:-1\" \/>\n<link rel=\"canonical\" href=\"https:\/\/kibrisdakik.com\/?p=73274\" \/>\n<meta property=\"og:locale\" content=\"tr_TR\" \/>\n<meta property=\"og:type\" content=\"article\" \/>\n<meta property=\"og:title\" content=\"H\u00fck\u00fcmet, hayat pahal\u0131l\u0131\u011f\u0131 \u00f6dene\u011fiyle ilgili topland\u0131 -\" \/>\n<meta property=\"og:description\" content=\"H\u00fck\u00fcmet ortaklar\u0131, hayat pahal\u0131l\u0131\u011f\u0131 \u00f6dene\u011fiyle ilgili \u00f6ng\u00f6r\u00fclen yasal d\u00fczenlemeyi g\u00f6r\u00fc\u015fmek amac\u0131yla topland\u0131. Cumhuriyet Meclisi\u2019nde yer alan toplant\u0131ya, Ba\u015fbakan \u00dcnal \u00dcstel ba\u015fkanl\u0131k yap\u0131yor. Maliye Bakan\u0131 \u00d6zdemir Berova, d\u00fcn sendikalarla yapt\u0131\u011f\u0131 g\u00f6r\u00fc\u015fme sonras\u0131, bug\u00fcn de hayat pahal\u0131l\u0131\u011f\u0131 \u00f6dene\u011fiyle ilgili \u00f6ng\u00f6r\u00fclen yasal d\u00fczenlemeyle ilgili Ulusal Birlik Partisi Grubu, h\u00fck\u00fcmet ortaklar\u0131 ve h\u00fck\u00fcmete destek veren milletvekillerini bilgilendirecek.\" \/>\n<meta property=\"og:url\" content=\"https:\/\/kibrisdakik.com\/?p=73274\" \/>\n<meta property=\"article:published_time\" content=\"2025-01-10T09:33:03+00:00\" \/>\n<meta property=\"og:image\" content=\"https:\/\/kibrisdakik.com\/wp-content\/uploads\/2024\/12\/meclis-bina-22-740x420.jpg\" \/>\n\t<meta property=\"og:image:width\" content=\"1504\" \/>\n\t<meta property=\"og:image:height\" content=\"1004\" \/>\n\t<meta property=\"og:image:type\" content=\"image\/jpeg\" \/>\n<meta name=\"author\" content=\"admin\" \/>\n<meta name=\"twitter:card\" content=\"summary_large_image\" \/>\n<meta name=\"twitter:label1\" content=\"Yazan:\" \/>\n\t<meta name=\"twitter:data1\" content=\"admin\" \/>\n<script type=\"application\/ld+json\" class=\"yoast-schema-graph\">{\"@context\":\"https:\\\/\\\/schema.org\",\"@graph\":[{\"@type\":\"Article\",\"@id\":\"https:\\\/\\\/kibrisdakik.com\\\/?p=73274#article\",\"isPartOf\":{\"@id\":\"https:\\\/\\\/kibrisdakik.com\\\/?p=73274\"},\"author\":{\"name\":\"admin\",\"@id\":\"https:\\\/\\\/kibrisdakik.com\\\/#\\\/schema\\\/person\\\/9cd9d437bbb44f72b73ba127e06d8e79\"},\"headline\":\"H\u00fck\u00fcmet, hayat pahal\u0131l\u0131\u011f\u0131 \u00f6dene\u011fiyle ilgili topland\u0131\",\"datePublished\":\"2025-01-10T09:33:03+00:00\",\"mainEntityOfPage\":{\"@id\":\"https:\\\/\\\/kibrisdakik.com\\\/?p=73274\"},\"wordCount\":92,\"commentCount\":0,\"image\":{\"@id\":\"https:\\\/\\\/kibrisdakik.com\\\/?p=73274#primaryimage\"},\"thumbnailUrl\":\"https:\\\/\\\/kibrisdakik.com\\\/wp-content\\\/uploads\\\/2024\\\/12\\\/meclis-bina-22-740x420.jpg\",\"articleSection\":[\"K\u0131br\u0131s\"],\"inLanguage\":\"tr\",\"potentialAction\":[{\"@type\":\"CommentAction\",\"name\":\"Comment\",\"target\":[\"https:\\\/\\\/kibrisdakik.com\\\/?p=73274#respond\"]}]},{\"@type\":\"WebPage\",\"@id\":\"https:\\\/\\\/kibrisdakik.com\\\/?p=73274\",\"url\":\"https:\\\/\\\/kibrisdakik.com\\\/?p=73274\",\"name\":\"H\u00fck\u00fcmet, hayat pahal\u0131l\u0131\u011f\u0131 \u00f6dene\u011fiyle ilgili topland\u0131 -\",\"isPartOf\":{\"@id\":\"https:\\\/\\\/kibrisdakik.com\\\/#website\"},\"primaryImageOfPage\":{\"@id\":\"https:\\\/\\\/kibrisdakik.com\\\/?p=73274#primaryimage\"},\"image\":{\"@id\":\"https:\\\/\\\/kibrisdakik.com\\\/?p=73274#primaryimage\"},\"thumbnailUrl\":\"https:\\\/\\\/kibrisdakik.com\\\/wp-content\\\/uploads\\\/2024\\\/12\\\/meclis-bina-22-740x420.jpg\",\"datePublished\":\"2025-01-10T09:33:03+00:00\",\"author\":{\"@id\":\"https:\\\/\\\/kibrisdakik.com\\\/#\\\/schema\\\/person\\\/9cd9d437bbb44f72b73ba127e06d8e79\"},\"breadcrumb\":{\"@id\":\"https:\\\/\\\/kibrisdakik.com\\\/?p=73274#breadcrumb\"},\"inLanguage\":\"tr\",\"potentialAction\":[{\"@type\":\"ReadAction\",\"target\":[\"https:\\\/\\\/kibrisdakik.com\\\/?p=73274\"]}]},{\"@type\":\"ImageObject\",\"inLanguage\":\"tr\",\"@id\":\"https:\\\/\\\/kibrisdakik.com\\\/?p=73274#primaryimage\",\"url\":\"https:\\\/\\\/kibrisdakik.com\\\/wp-content\\\/uploads\\\/2024\\\/12\\\/meclis-bina-22-740x420.jpg\",\"contentUrl\":\"https:\\\/\\\/kibrisdakik.com\\\/wp-content\\\/uploads\\\/2024\\\/12\\\/meclis-bina-22-740x420.jpg\",\"width\":1504,\"height\":1004},{\"@type\":\"BreadcrumbList\",\"@id\":\"https:\\\/\\\/kibrisdakik.com\\\/?p=73274#breadcrumb\",\"itemListElement\":[{\"@type\":\"ListItem\",\"position\":1,\"name\":\"Home\",\"item\":\"https:\\\/\\\/kibrisdakik.com\\\/\"},{\"@type\":\"ListItem\",\"position\":2,\"name\":\"H\u00fck\u00fcmet, hayat pahal\u0131l\u0131\u011f\u0131 \u00f6dene\u011fiyle ilgili topland\u0131\"}]},{\"@type\":\"WebSite\",\"@id\":\"https:\\\/\\\/kibrisdakik.com\\\/#website\",\"url\":\"https:\\\/\\\/kibrisdakik.com\\\/\",\"name\":\"\",\"description\":\"Tam vaktinde haber\",\"potentialAction\":[{\"@type\":\"SearchAction\",\"target\":{\"@type\":\"EntryPoint\",\"urlTemplate\":\"https:\\\/\\\/kibrisdakik.com\\\/?s={search_term_string}\"},\"query-input\":{\"@type\":\"PropertyValueSpecification\",\"valueRequired\":true,\"valueName\":\"search_term_string\"}}],\"inLanguage\":\"tr\"},{\"@type\":\"Person\",\"@id\":\"https:\\\/\\\/kibrisdakik.com\\\/#\\\/schema\\\/person\\\/9cd9d437bbb44f72b73ba127e06d8e79\",\"name\":\"admin\",\"image\":{\"@type\":\"ImageObject\",\"inLanguage\":\"tr\",\"@id\":\"https:\\\/\\\/secure.gravatar.com\\\/avatar\\\/ccc17943b9d660506c869530f897617f7cb1c21a4bf30023f252596d83e1f007?s=96&d=mm&r=g\",\"url\":\"https:\\\/\\\/secure.gravatar.com\\\/avatar\\\/ccc17943b9d660506c869530f897617f7cb1c21a4bf30023f252596d83e1f007?s=96&d=mm&r=g\",\"contentUrl\":\"https:\\\/\\\/secure.gravatar.com\\\/avatar\\\/ccc17943b9d660506c869530f897617f7cb1c21a4bf30023f252596d83e1f007?s=96&d=mm&r=g\",\"caption\":\"admin\"},\"sameAs\":[\"https:\\\/\\\/kibrisdakik.com\"],\"url\":\"https:\\\/\\\/kibrisdakik.com\\\/?author=1\"}]}<\/script>\n<!-- \/ Yoast SEO plugin. -->","yoast_head_json":{"title":"H\u00fck\u00fcmet, hayat pahal\u0131l\u0131\u011f\u0131 \u00f6dene\u011fiyle ilgili topland\u0131 -","robots":{"index":"index","follow":"follow","max-snippet":"max-snippet:-1","max-image-preview":"max-image-preview:large","max-video-preview":"max-video-preview:-1"},"canonical":"https:\/\/kibrisdakik.com\/?p=73274","og_locale":"tr_TR","og_type":"article","og_title":"H\u00fck\u00fcmet, hayat pahal\u0131l\u0131\u011f\u0131 \u00f6dene\u011fiyle ilgili topland\u0131 -","og_description":"H\u00fck\u00fcmet ortaklar\u0131, hayat pahal\u0131l\u0131\u011f\u0131 \u00f6dene\u011fiyle ilgili \u00f6ng\u00f6r\u00fclen yasal d\u00fczenlemeyi g\u00f6r\u00fc\u015fmek amac\u0131yla topland\u0131. Cumhuriyet Meclisi\u2019nde yer alan toplant\u0131ya, Ba\u015fbakan \u00dcnal \u00dcstel ba\u015fkanl\u0131k yap\u0131yor. Maliye Bakan\u0131 \u00d6zdemir Berova, d\u00fcn sendikalarla yapt\u0131\u011f\u0131 g\u00f6r\u00fc\u015fme sonras\u0131, bug\u00fcn de hayat pahal\u0131l\u0131\u011f\u0131 \u00f6dene\u011fiyle ilgili \u00f6ng\u00f6r\u00fclen yasal d\u00fczenlemeyle ilgili Ulusal Birlik Partisi Grubu, h\u00fck\u00fcmet ortaklar\u0131 ve h\u00fck\u00fcmete destek veren milletvekillerini bilgilendirecek.","og_url":"https:\/\/kibrisdakik.com\/?p=73274","article_published_time":"2025-01-10T09:33:03+00:00","og_image":[{"width":1504,"height":1004,"url":"https:\/\/kibrisdakik.com\/wp-content\/uploads\/2024\/12\/meclis-bina-22-740x420.jpg","type":"image\/jpeg"}],"author":"admin","twitter_card":"summary_large_image","twitter_misc":{"Yazan:":"admin"},"schema":{"@context":"https:\/\/schema.org","@graph":[{"@type":"Article","@id":"https:\/\/kibrisdakik.com\/?p=73274#article","isPartOf":{"@id":"https:\/\/kibrisdakik.com\/?p=73274"},"author":{"name":"admin","@id":"https:\/\/kibrisdakik.com\/#\/schema\/person\/9cd9d437bbb44f72b73ba127e06d8e79"},"headline":"H\u00fck\u00fcmet, hayat pahal\u0131l\u0131\u011f\u0131 \u00f6dene\u011fiyle ilgili topland\u0131","datePublished":"2025-01-10T09:33:03+00:00","mainEntityOfPage":{"@id":"https:\/\/kibrisdakik.com\/?p=73274"},"wordCount":92,"commentCount":0,"image":{"@id":"https:\/\/kibrisdakik.com\/?p=73274#primaryimage"},"thumbnailUrl":"https:\/\/kibrisdakik.com\/wp-content\/uploads\/2024\/12\/meclis-bina-22-740x420.jpg","articleSection":["K\u0131br\u0131s"],"inLanguage":"tr","potentialAction":[{"@type":"CommentAction","name":"Comment","target":["https:\/\/kibrisdakik.com\/?p=73274#respond"]}]},{"@type":"WebPage","@id":"https:\/\/kibrisdakik.com\/?p=73274","url":"https:\/\/kibrisdakik.com\/?p=73274","name":"H\u00fck\u00fcmet, hayat pahal\u0131l\u0131\u011f\u0131 \u00f6dene\u011fiyle ilgili topland\u0131 -","isPartOf":{"@id":"https:\/\/kibrisdakik.com\/#website"},"primaryImageOfPage":{"@id":"https:\/\/kibrisdakik.com\/?p=73274#primaryimage"},"image":{"@id":"https:\/\/kibrisdakik.com\/?p=73274#primaryimage"},"thumbnailUrl":"https:\/\/kibrisdakik.com\/wp-content\/uploads\/2024\/12\/meclis-bina-22-740x420.jpg","datePublished":"2025-01-10T09:33:03+00:00","author":{"@id":"https:\/\/kibrisdakik.com\/#\/schema\/person\/9cd9d437bbb44f72b73ba127e06d8e79"},"breadcrumb":{"@id":"https:\/\/kibrisdakik.com\/?p=73274#breadcrumb"},"inLanguage":"tr","potentialAction":[{"@type":"ReadAction","target":["https:\/\/kibrisdakik.com\/?p=73274"]}]},{"@type":"ImageObject","inLanguage":"tr","@id":"https:\/\/kibrisdakik.com\/?p=73274#primaryimage","url":"https:\/\/kibrisdakik.com\/wp-content\/uploads\/2024\/12\/meclis-bina-22-740x420.jpg","contentUrl":"https:\/\/kibrisdakik.com\/wp-content\/uploads\/2024\/12\/meclis-bina-22-740x420.jpg","width":1504,"height":1004},{"@type":"BreadcrumbList","@id":"https:\/\/kibrisdakik.com\/?p=73274#breadcrumb","itemListElement":[{"@type":"ListItem","position":1,"name":"Home","item":"https:\/\/kibrisdakik.com\/"},{"@type":"ListItem","position":2,"name":"H\u00fck\u00fcmet, hayat pahal\u0131l\u0131\u011f\u0131 \u00f6dene\u011fiyle ilgili topland\u0131"}]},{"@type":"WebSite","@id":"https:\/\/kibrisdakik.com\/#website","url":"https:\/\/kibrisdakik.com\/","name":"","description":"Tam vaktinde haber","potentialAction":[{"@type":"SearchAction","target":{"@type":"EntryPoint","urlTemplate":"https:\/\/kibrisdakik.com\/?s={search_term_string}"},"query-input":{"@type":"PropertyValueSpecification","valueRequired":true,"valueName":"search_term_string"}}],"inLanguage":"tr"},{"@type":"Person","@id":"https:\/\/kibrisdakik.com\/#\/schema\/person\/9cd9d437bbb44f72b73ba127e06d8e79","name":"admin","image":{"@type":"ImageObject","inLanguage":"tr","@id":"https:\/\/secure.gravatar.com\/avatar\/ccc17943b9d660506c869530f897617f7cb1c21a4bf30023f252596d83e1f007?s=96&d=mm&r=g","url":"https:\/\/secure.gravatar.com\/avatar\/ccc17943b9d660506c869530f897617f7cb1c21a4bf30023f252596d83e1f007?s=96&d=mm&r=g","contentUrl":"https:\/\/secure.gravatar.com\/avatar\/ccc17943b9d660506c869530f897617f7cb1c21a4bf30023f252596d83e1f007?s=96&d=mm&r=g","caption":"admin"},"sameAs":["https:\/\/kibrisdakik.com"],"url":"https:\/\/kibrisdakik.com\/?author=1"}]}},"_links":{"self":[{"href":"https:\/\/kibrisdakik.com\/index.php?rest_route=\/wp\/v2\/posts\/73274","targetHints":{"allow":["GET"]}}],"collection":[{"href":"https:\/\/kibrisdakik.com\/index.php?rest_route=\/wp\/v2\/posts"}],"about":[{"href":"https:\/\/kibrisdakik.com\/index.php?rest_route=\/wp\/v2\/types\/post"}],"author":[{"embeddable":true,"href":"https:\/\/kibrisdakik.com\/index.php?rest_route=\/wp\/v2\/users\/1"}],"replies":[{"embeddable":true,"href":"https:\/\/kibrisdakik.com\/index.php?rest_route=%2Fwp%2Fv2%2Fcomments&post=73274"}],"version-history":[{"count":0,"href":"https:\/\/kibrisdakik.com\/index.php?rest_route=\/wp\/v2\/posts\/73274\/revisions"}],"wp:featuredmedia":[{"embeddable":true,"href":"https:\/\/kibrisdakik.com\/index.php?rest_route=\/wp\/v2\/media\/71933"}],"wp:attachment":[{"href":"https:\/\/kibrisdakik.com\/index.php?rest_route=%2Fwp%2Fv2%2Fmedia&parent=73274"}],"wp:term":[{"taxonomy":"category","embeddable":true,"href":"https:\/\/kibrisdakik.com\/index.php?rest_route=%2Fwp%2Fv2%2Fcategories&post=73274"},{"taxonomy":"post_tag","embeddable":true,"href":"https:\/\/kibrisdakik.com\/index.php?rest_route=%2Fwp%2Fv2%2Ftags&post=73274"}],"curies":[{"name":"wp","href":"https:\/\/api.w.org\/{rel}","templated":true}]}}