{"id":73289,"date":"2025-01-10T14:34:07","date_gmt":"2025-01-10T11:34:07","guid":{"rendered":"https:\/\/kibrisdakik.com\/index.php\/2025\/01\/10\/medya-etik-kurulu-kibris-turk-haber-adli-internet-gazetesini-kinadi\/"},"modified":"2025-01-10T14:34:07","modified_gmt":"2025-01-10T11:34:07","slug":"medya-etik-kurulu-kibris-turk-haber-adli-internet-gazetesini-kinadi","status":"publish","type":"post","link":"https:\/\/kibrisdakik.com\/?p=73289","title":{"rendered":"Medya Etik Kurulu K\u0131br\u0131s T\u00fcrk Haber adl\u0131 Internet gazetesini k\u0131nad\u0131"},"content":{"rendered":"<div>\n<div class=\"mariselle-image-container center\">\n                                            <\/div>\n<p>: Medya Etik Kurulu, K\u0131br\u0131s T\u00fcrk Haber adl\u0131 Internet gazetesini, bug\u00fcn yay\u0131mlad\u0131\u011f\u0131 \u00f6l\u00fcml\u00fc trafik kazas\u0131 foto\u011fraf\u0131n\u0131n \u201cgenel kamuya sayg\u0131s\u0131zl\u0131k te\u015fkil etti\u011fi ve gazetecilik etik ilkelerine ayk\u0131r\u0131 oldu\u011fu\u201d gerek\u00e7esiyle, k\u0131nad\u0131.<\/p>\n<p>Medya Etik Kurulu\u2019ndan yap\u0131lan a\u00e7\u0131klamada, \u201cMedya Etik Kurulu, K\u0131br\u0131s T\u00fcrk Haber adl\u0131 internet gazetesi taraf\u0131ndan bug\u00fcn yay\u0131mlanan \u00f6l\u00fcml\u00fc trafik kazas\u0131 ile ilgili bir olay yeri foto\u011fraf\u0131na ili\u015fkin inceleme yapm\u0131\u015ft\u0131r. S\u00f6z konusu g\u00f6rselin, ma\u011fdurun yak\u0131nlar\u0131 ba\u015fta olmak \u00fczere genel kamuya sayg\u0131s\u0131zl\u0131k te\u015fkil etti\u011fi ve gazetecilik etik ilkelerine ayk\u0131r\u0131 oldu\u011fu tespit edilmi\u015ftir.\u201d ifadeleri kullan\u0131ld\u0131.<\/p>\n<p>Foto\u011fraf\u0131n sosyal medyada payla\u015f\u0131lmas\u0131n\u0131n herhangi bir kamu yarar\u0131 ta\u015f\u0131mad\u0131\u011f\u0131, aksine ma\u011fdurun ailesine ve yak\u0131n \u00e7evresine psikolojik zarar verme ihtimalini art\u0131rd\u0131\u011f\u0131 kaydedilen a\u00e7\u0131klamada, \u201cBilinmelidir ki, bu foto\u011fraf kazada hayat\u0131n\u0131 kaybeden bireyin internette arama yap\u0131ld\u0131\u011f\u0131nda bulunacak yegane foto\u011fraflar\u0131ndan biri olacak\u201d denildi.<\/p>\n<p>A\u00e7\u0131klamada, habercilikte temel ama\u00e7 olan toplumun do\u011fru bilgilendirilmesi ve kamu yarar\u0131na hizmet edilmesi yerine, bu t\u00fcr g\u00f6rsellerin \u015fok etkisi yaratmak ve t\u0131klama almak amac\u0131yla kullan\u0131lmas\u0131n\u0131n \u201ckabul edilemez\u201d oldu\u011fu belirtildi.<\/p>\n<p>Gazetecilik Meslek \u0130lkeleri\u2019nin 22. maddesinin, \u2018bireylerin mahremiyet haklar\u0131n\u0131n korunmas\u0131n\u0131 ve \u00f6zel hayat\u0131n gizlili\u011finin \u00fcst\u00fcn kamu yarar\u0131 olmad\u0131k\u00e7a ihlal edilmemesini\u2019 vurgulad\u0131\u011f\u0131na i\u015faret edilen a\u00e7\u0131klamada, bu ilkeye ayk\u0131r\u0131 olarak yay\u0131mlanan g\u00f6rselin, hem etik hem de insani de\u011ferler a\u00e7\u0131s\u0131ndan ihlal i\u00e7erdi\u011fi kaydedildi.  <\/p>\n<p>-\u201c Re\u015fit olmayan bireyler taraf\u0131ndan g\u00f6r\u00fclme ihtimali g\u00f6z ard\u0131 edilemez\u201d<\/p>\n<p>Sosyal medya ve Internet ortam\u0131nda yay\u0131mlanan bu t\u00fcr g\u00f6r\u00fcnt\u00fclerin, re\u015fit olmayan bireyler taraf\u0131ndan g\u00f6r\u00fclme ihtimalinin g\u00f6z ard\u0131 edilemeyece\u011fi belirtilen a\u00e7\u0131klamada, bu durumun \u00e7ocuklar \u00fczerinde olumsuz psikolojik etkiler yaratma potansiyeline sahip oldu\u011fu kaydedildi.<\/p>\n<p>\u00c7evrimi\u00e7i i\u00e7eriklerin toplum \u00fczerindeki etkilerini g\u00f6z \u00f6n\u00fcnde bulundurman\u0131n \u00f6nem arz etti\u011fi vurgulanan a\u00e7\u0131klamada, \u201cGazetecilik, toplumun do\u011fru bilgilendirilmesi ad\u0131na b\u00fcy\u00fck bir sorumluluk ta\u015f\u0131r. Ancak bu sorumluluk, bireylerin haklar\u0131na zarar vermeden, mahremiyet ve insani de\u011ferler \u00e7er\u00e7evesinde y\u00fcr\u00fct\u00fclmelidir\u201d denildi.<\/p>\n<p>A\u00e7\u0131klamada, yap\u0131lan de\u011ferlendirme sonucunda, Medya Etik Kurulu\u2019nun, \u201cK\u0131br\u0131s T\u00fcrk Haber\u201d internet gazetesini k\u0131nama karar\u0131 ald\u0131\u011f\u0131 belirtilerek, \u201cBu karar, medya organlar\u0131n\u0131n etik ilkeler \u00e7er\u00e7evesinde hareket etmesini ve bireylerin mahremiyet haklar\u0131na sayg\u0131 g\u00f6stermesini bir kez daha hat\u0131rlatmaktad\u0131r\u201d ifadeleri kullan\u0131ld\u0131.<\/p>\n<\/p><\/div>\n<p><script async\n                    defer\n                    crossorigin=\"anonymous\"\n                    src=\"https:\/\/connect.facebook.net\/tr_TR\/sdk.js#xfbml=1&#038;version=v3.3\"\n            ><\/script><\/p>\n","protected":false},"excerpt":{"rendered":"<p>: Medya Etik Kurulu, K\u0131br\u0131s T\u00fcrk Haber adl\u0131 Internet gazetesini, bug\u00fcn yay\u0131mlad\u0131\u011f\u0131 \u00f6l\u00fcml\u00fc trafik kazas\u0131 foto\u011fraf\u0131n\u0131n \u201cgenel kamuya sayg\u0131s\u0131zl\u0131k te\u015fkil etti\u011fi ve gazetecilik etik ilkelerine ayk\u0131r\u0131 oldu\u011fu\u201d gerek\u00e7esiyle, k\u0131nad\u0131. Medya Etik Kurulu\u2019ndan yap\u0131lan a\u00e7\u0131klamada, \u201cMedya Etik Kurulu, K\u0131br\u0131s T\u00fcrk Haber adl\u0131 internet gazetesi taraf\u0131ndan bug\u00fcn yay\u0131mlanan \u00f6l\u00fcml\u00fc trafik kazas\u0131 ile ilgili bir olay yeri foto\u011fraf\u0131na<\/p>\n","protected":false},"author":1,"featured_media":73290,"comment_status":"open","ping_status":"open","sticky":false,"template":"","format":"standard","meta":{"footnotes":""},"categories":[81,101],"tags":[],"class_list":["post-73289","post","type-post","status-publish","format-standard","has-post-thumbnail","hentry","category-kibris","category-manset"],"yoast_head":"<!-- This site is optimized with the Yoast SEO plugin v27.5 - https:\/\/yoast.com\/product\/yoast-seo-wordpress\/ -->\n<title>Medya Etik Kurulu K\u0131br\u0131s T\u00fcrk Haber adl\u0131 Internet gazetesini k\u0131nad\u0131 -<\/title>\n<meta name=\"robots\" content=\"index, follow, max-snippet:-1, max-image-preview:large, max-video-preview:-1\" \/>\n<link rel=\"canonical\" href=\"https:\/\/kibrisdakik.com\/?p=73289\" \/>\n<meta property=\"og:locale\" content=\"tr_TR\" \/>\n<meta property=\"og:type\" content=\"article\" \/>\n<meta property=\"og:title\" content=\"Medya Etik Kurulu K\u0131br\u0131s T\u00fcrk Haber adl\u0131 Internet gazetesini k\u0131nad\u0131 -\" \/>\n<meta property=\"og:description\" content=\": Medya Etik Kurulu, K\u0131br\u0131s T\u00fcrk Haber adl\u0131 Internet gazetesini, bug\u00fcn yay\u0131mlad\u0131\u011f\u0131 \u00f6l\u00fcml\u00fc trafik kazas\u0131 foto\u011fraf\u0131n\u0131n \u201cgenel kamuya sayg\u0131s\u0131zl\u0131k te\u015fkil etti\u011fi ve gazetecilik etik ilkelerine ayk\u0131r\u0131 oldu\u011fu\u201d gerek\u00e7esiyle, k\u0131nad\u0131. Medya Etik Kurulu\u2019ndan yap\u0131lan a\u00e7\u0131klamada, \u201cMedya Etik Kurulu, K\u0131br\u0131s T\u00fcrk Haber adl\u0131 internet gazetesi taraf\u0131ndan bug\u00fcn yay\u0131mlanan \u00f6l\u00fcml\u00fc trafik kazas\u0131 ile ilgili bir olay yeri foto\u011fraf\u0131na\" \/>\n<meta property=\"og:url\" content=\"https:\/\/kibrisdakik.com\/?p=73289\" \/>\n<meta property=\"article:published_time\" content=\"2025-01-10T11:34:07+00:00\" \/>\n<meta property=\"og:image\" content=\"https:\/\/kibrisdakik.com\/wp-content\/uploads\/2025\/01\/medya-etik-kurulu.webp-740x420.webp\" \/>\n\t<meta property=\"og:image:width\" content=\"1280\" \/>\n\t<meta property=\"og:image:height\" content=\"720\" \/>\n\t<meta property=\"og:image:type\" content=\"image\/webp\" \/>\n<meta name=\"author\" content=\"admin\" \/>\n<meta name=\"twitter:card\" content=\"summary_large_image\" \/>\n<meta name=\"twitter:label1\" content=\"Yazan:\" \/>\n\t<meta name=\"twitter:data1\" content=\"admin\" \/>\n\t<meta name=\"twitter:label2\" content=\"Tahmini okuma s\u00fcresi\" \/>\n\t<meta name=\"twitter:data2\" content=\"2 dakika\" \/>\n<script type=\"application\/ld+json\" class=\"yoast-schema-graph\">{\"@context\":\"https:\\\/\\\/schema.org\",\"@graph\":[{\"@type\":\"Article\",\"@id\":\"https:\\\/\\\/kibrisdakik.com\\\/?p=73289#article\",\"isPartOf\":{\"@id\":\"https:\\\/\\\/kibrisdakik.com\\\/?p=73289\"},\"author\":{\"name\":\"admin\",\"@id\":\"https:\\\/\\\/kibrisdakik.com\\\/#\\\/schema\\\/person\\\/9cd9d437bbb44f72b73ba127e06d8e79\"},\"headline\":\"Medya Etik Kurulu K\u0131br\u0131s T\u00fcrk Haber adl\u0131 Internet gazetesini k\u0131nad\u0131\",\"datePublished\":\"2025-01-10T11:34:07+00:00\",\"mainEntityOfPage\":{\"@id\":\"https:\\\/\\\/kibrisdakik.com\\\/?p=73289\"},\"wordCount\":462,\"commentCount\":0,\"image\":{\"@id\":\"https:\\\/\\\/kibrisdakik.com\\\/?p=73289#primaryimage\"},\"thumbnailUrl\":\"https:\\\/\\\/kibrisdakik.com\\\/wp-content\\\/uploads\\\/2025\\\/01\\\/medya-etik-kurulu.webp-740x420.webp\",\"articleSection\":[\"K\u0131br\u0131s\",\"Man\u015fet\"],\"inLanguage\":\"tr\",\"potentialAction\":[{\"@type\":\"CommentAction\",\"name\":\"Comment\",\"target\":[\"https:\\\/\\\/kibrisdakik.com\\\/?p=73289#respond\"]}]},{\"@type\":\"WebPage\",\"@id\":\"https:\\\/\\\/kibrisdakik.com\\\/?p=73289\",\"url\":\"https:\\\/\\\/kibrisdakik.com\\\/?p=73289\",\"name\":\"Medya Etik Kurulu K\u0131br\u0131s T\u00fcrk Haber adl\u0131 Internet gazetesini k\u0131nad\u0131 -\",\"isPartOf\":{\"@id\":\"https:\\\/\\\/kibrisdakik.com\\\/#website\"},\"primaryImageOfPage\":{\"@id\":\"https:\\\/\\\/kibrisdakik.com\\\/?p=73289#primaryimage\"},\"image\":{\"@id\":\"https:\\\/\\\/kibrisdakik.com\\\/?p=73289#primaryimage\"},\"thumbnailUrl\":\"https:\\\/\\\/kibrisdakik.com\\\/wp-content\\\/uploads\\\/2025\\\/01\\\/medya-etik-kurulu.webp-740x420.webp\",\"datePublished\":\"2025-01-10T11:34:07+00:00\",\"author\":{\"@id\":\"https:\\\/\\\/kibrisdakik.com\\\/#\\\/schema\\\/person\\\/9cd9d437bbb44f72b73ba127e06d8e79\"},\"breadcrumb\":{\"@id\":\"https:\\\/\\\/kibrisdakik.com\\\/?p=73289#breadcrumb\"},\"inLanguage\":\"tr\",\"potentialAction\":[{\"@type\":\"ReadAction\",\"target\":[\"https:\\\/\\\/kibrisdakik.com\\\/?p=73289\"]}]},{\"@type\":\"ImageObject\",\"inLanguage\":\"tr\",\"@id\":\"https:\\\/\\\/kibrisdakik.com\\\/?p=73289#primaryimage\",\"url\":\"https:\\\/\\\/kibrisdakik.com\\\/wp-content\\\/uploads\\\/2025\\\/01\\\/medya-etik-kurulu.webp-740x420.webp\",\"contentUrl\":\"https:\\\/\\\/kibrisdakik.com\\\/wp-content\\\/uploads\\\/2025\\\/01\\\/medya-etik-kurulu.webp-740x420.webp\",\"width\":1280,\"height\":720},{\"@type\":\"BreadcrumbList\",\"@id\":\"https:\\\/\\\/kibrisdakik.com\\\/?p=73289#breadcrumb\",\"itemListElement\":[{\"@type\":\"ListItem\",\"position\":1,\"name\":\"Home\",\"item\":\"https:\\\/\\\/kibrisdakik.com\\\/\"},{\"@type\":\"ListItem\",\"position\":2,\"name\":\"Medya Etik Kurulu K\u0131br\u0131s T\u00fcrk Haber adl\u0131 Internet gazetesini k\u0131nad\u0131\"}]},{\"@type\":\"WebSite\",\"@id\":\"https:\\\/\\\/kibrisdakik.com\\\/#website\",\"url\":\"https:\\\/\\\/kibrisdakik.com\\\/\",\"name\":\"\",\"description\":\"Tam vaktinde haber\",\"potentialAction\":[{\"@type\":\"SearchAction\",\"target\":{\"@type\":\"EntryPoint\",\"urlTemplate\":\"https:\\\/\\\/kibrisdakik.com\\\/?s={search_term_string}\"},\"query-input\":{\"@type\":\"PropertyValueSpecification\",\"valueRequired\":true,\"valueName\":\"search_term_string\"}}],\"inLanguage\":\"tr\"},{\"@type\":\"Person\",\"@id\":\"https:\\\/\\\/kibrisdakik.com\\\/#\\\/schema\\\/person\\\/9cd9d437bbb44f72b73ba127e06d8e79\",\"name\":\"admin\",\"image\":{\"@type\":\"ImageObject\",\"inLanguage\":\"tr\",\"@id\":\"https:\\\/\\\/secure.gravatar.com\\\/avatar\\\/ccc17943b9d660506c869530f897617f7cb1c21a4bf30023f252596d83e1f007?s=96&d=mm&r=g\",\"url\":\"https:\\\/\\\/secure.gravatar.com\\\/avatar\\\/ccc17943b9d660506c869530f897617f7cb1c21a4bf30023f252596d83e1f007?s=96&d=mm&r=g\",\"contentUrl\":\"https:\\\/\\\/secure.gravatar.com\\\/avatar\\\/ccc17943b9d660506c869530f897617f7cb1c21a4bf30023f252596d83e1f007?s=96&d=mm&r=g\",\"caption\":\"admin\"},\"sameAs\":[\"https:\\\/\\\/kibrisdakik.com\"],\"url\":\"https:\\\/\\\/kibrisdakik.com\\\/?author=1\"}]}<\/script>\n<!-- \/ Yoast SEO plugin. -->","yoast_head_json":{"title":"Medya Etik Kurulu K\u0131br\u0131s T\u00fcrk Haber adl\u0131 Internet gazetesini k\u0131nad\u0131 -","robots":{"index":"index","follow":"follow","max-snippet":"max-snippet:-1","max-image-preview":"max-image-preview:large","max-video-preview":"max-video-preview:-1"},"canonical":"https:\/\/kibrisdakik.com\/?p=73289","og_locale":"tr_TR","og_type":"article","og_title":"Medya Etik Kurulu K\u0131br\u0131s T\u00fcrk Haber adl\u0131 Internet gazetesini k\u0131nad\u0131 -","og_description":": Medya Etik Kurulu, K\u0131br\u0131s T\u00fcrk Haber adl\u0131 Internet gazetesini, bug\u00fcn yay\u0131mlad\u0131\u011f\u0131 \u00f6l\u00fcml\u00fc trafik kazas\u0131 foto\u011fraf\u0131n\u0131n \u201cgenel kamuya sayg\u0131s\u0131zl\u0131k te\u015fkil etti\u011fi ve gazetecilik etik ilkelerine ayk\u0131r\u0131 oldu\u011fu\u201d gerek\u00e7esiyle, k\u0131nad\u0131. Medya Etik Kurulu\u2019ndan yap\u0131lan a\u00e7\u0131klamada, \u201cMedya Etik Kurulu, K\u0131br\u0131s T\u00fcrk Haber adl\u0131 internet gazetesi taraf\u0131ndan bug\u00fcn yay\u0131mlanan \u00f6l\u00fcml\u00fc trafik kazas\u0131 ile ilgili bir olay yeri foto\u011fraf\u0131na","og_url":"https:\/\/kibrisdakik.com\/?p=73289","article_published_time":"2025-01-10T11:34:07+00:00","og_image":[{"width":1280,"height":720,"url":"https:\/\/kibrisdakik.com\/wp-content\/uploads\/2025\/01\/medya-etik-kurulu.webp-740x420.webp","type":"image\/webp"}],"author":"admin","twitter_card":"summary_large_image","twitter_misc":{"Yazan:":"admin","Tahmini okuma s\u00fcresi":"2 dakika"},"schema":{"@context":"https:\/\/schema.org","@graph":[{"@type":"Article","@id":"https:\/\/kibrisdakik.com\/?p=73289#article","isPartOf":{"@id":"https:\/\/kibrisdakik.com\/?p=73289"},"author":{"name":"admin","@id":"https:\/\/kibrisdakik.com\/#\/schema\/person\/9cd9d437bbb44f72b73ba127e06d8e79"},"headline":"Medya Etik Kurulu K\u0131br\u0131s T\u00fcrk Haber adl\u0131 Internet gazetesini k\u0131nad\u0131","datePublished":"2025-01-10T11:34:07+00:00","mainEntityOfPage":{"@id":"https:\/\/kibrisdakik.com\/?p=73289"},"wordCount":462,"commentCount":0,"image":{"@id":"https:\/\/kibrisdakik.com\/?p=73289#primaryimage"},"thumbnailUrl":"https:\/\/kibrisdakik.com\/wp-content\/uploads\/2025\/01\/medya-etik-kurulu.webp-740x420.webp","articleSection":["K\u0131br\u0131s","Man\u015fet"],"inLanguage":"tr","potentialAction":[{"@type":"CommentAction","name":"Comment","target":["https:\/\/kibrisdakik.com\/?p=73289#respond"]}]},{"@type":"WebPage","@id":"https:\/\/kibrisdakik.com\/?p=73289","url":"https:\/\/kibrisdakik.com\/?p=73289","name":"Medya Etik Kurulu K\u0131br\u0131s T\u00fcrk Haber adl\u0131 Internet gazetesini k\u0131nad\u0131 -","isPartOf":{"@id":"https:\/\/kibrisdakik.com\/#website"},"primaryImageOfPage":{"@id":"https:\/\/kibrisdakik.com\/?p=73289#primaryimage"},"image":{"@id":"https:\/\/kibrisdakik.com\/?p=73289#primaryimage"},"thumbnailUrl":"https:\/\/kibrisdakik.com\/wp-content\/uploads\/2025\/01\/medya-etik-kurulu.webp-740x420.webp","datePublished":"2025-01-10T11:34:07+00:00","author":{"@id":"https:\/\/kibrisdakik.com\/#\/schema\/person\/9cd9d437bbb44f72b73ba127e06d8e79"},"breadcrumb":{"@id":"https:\/\/kibrisdakik.com\/?p=73289#breadcrumb"},"inLanguage":"tr","potentialAction":[{"@type":"ReadAction","target":["https:\/\/kibrisdakik.com\/?p=73289"]}]},{"@type":"ImageObject","inLanguage":"tr","@id":"https:\/\/kibrisdakik.com\/?p=73289#primaryimage","url":"https:\/\/kibrisdakik.com\/wp-content\/uploads\/2025\/01\/medya-etik-kurulu.webp-740x420.webp","contentUrl":"https:\/\/kibrisdakik.com\/wp-content\/uploads\/2025\/01\/medya-etik-kurulu.webp-740x420.webp","width":1280,"height":720},{"@type":"BreadcrumbList","@id":"https:\/\/kibrisdakik.com\/?p=73289#breadcrumb","itemListElement":[{"@type":"ListItem","position":1,"name":"Home","item":"https:\/\/kibrisdakik.com\/"},{"@type":"ListItem","position":2,"name":"Medya Etik Kurulu K\u0131br\u0131s T\u00fcrk Haber adl\u0131 Internet gazetesini k\u0131nad\u0131"}]},{"@type":"WebSite","@id":"https:\/\/kibrisdakik.com\/#website","url":"https:\/\/kibrisdakik.com\/","name":"","description":"Tam vaktinde haber","potentialAction":[{"@type":"SearchAction","target":{"@type":"EntryPoint","urlTemplate":"https:\/\/kibrisdakik.com\/?s={search_term_string}"},"query-input":{"@type":"PropertyValueSpecification","valueRequired":true,"valueName":"search_term_string"}}],"inLanguage":"tr"},{"@type":"Person","@id":"https:\/\/kibrisdakik.com\/#\/schema\/person\/9cd9d437bbb44f72b73ba127e06d8e79","name":"admin","image":{"@type":"ImageObject","inLanguage":"tr","@id":"https:\/\/secure.gravatar.com\/avatar\/ccc17943b9d660506c869530f897617f7cb1c21a4bf30023f252596d83e1f007?s=96&d=mm&r=g","url":"https:\/\/secure.gravatar.com\/avatar\/ccc17943b9d660506c869530f897617f7cb1c21a4bf30023f252596d83e1f007?s=96&d=mm&r=g","contentUrl":"https:\/\/secure.gravatar.com\/avatar\/ccc17943b9d660506c869530f897617f7cb1c21a4bf30023f252596d83e1f007?s=96&d=mm&r=g","caption":"admin"},"sameAs":["https:\/\/kibrisdakik.com"],"url":"https:\/\/kibrisdakik.com\/?author=1"}]}},"_links":{"self":[{"href":"https:\/\/kibrisdakik.com\/index.php?rest_route=\/wp\/v2\/posts\/73289","targetHints":{"allow":["GET"]}}],"collection":[{"href":"https:\/\/kibrisdakik.com\/index.php?rest_route=\/wp\/v2\/posts"}],"about":[{"href":"https:\/\/kibrisdakik.com\/index.php?rest_route=\/wp\/v2\/types\/post"}],"author":[{"embeddable":true,"href":"https:\/\/kibrisdakik.com\/index.php?rest_route=\/wp\/v2\/users\/1"}],"replies":[{"embeddable":true,"href":"https:\/\/kibrisdakik.com\/index.php?rest_route=%2Fwp%2Fv2%2Fcomments&post=73289"}],"version-history":[{"count":0,"href":"https:\/\/kibrisdakik.com\/index.php?rest_route=\/wp\/v2\/posts\/73289\/revisions"}],"wp:featuredmedia":[{"embeddable":true,"href":"https:\/\/kibrisdakik.com\/index.php?rest_route=\/wp\/v2\/media\/73290"}],"wp:attachment":[{"href":"https:\/\/kibrisdakik.com\/index.php?rest_route=%2Fwp%2Fv2%2Fmedia&parent=73289"}],"wp:term":[{"taxonomy":"category","embeddable":true,"href":"https:\/\/kibrisdakik.com\/index.php?rest_route=%2Fwp%2Fv2%2Fcategories&post=73289"},{"taxonomy":"post_tag","embeddable":true,"href":"https:\/\/kibrisdakik.com\/index.php?rest_route=%2Fwp%2Fv2%2Ftags&post=73289"}],"curies":[{"name":"wp","href":"https:\/\/api.w.org\/{rel}","templated":true}]}}