{"id":73297,"date":"2025-01-10T09:22:27","date_gmt":"2025-01-10T06:22:27","guid":{"rendered":"https:\/\/kibrisdakik.com\/index.php\/2025\/01\/10\/los-angeles-yaniyor-ulusal-muhafizlar-gorevlendirildi\/"},"modified":"2025-01-10T09:22:27","modified_gmt":"2025-01-10T06:22:27","slug":"los-angeles-yaniyor-ulusal-muhafizlar-gorevlendirildi","status":"publish","type":"post","link":"https:\/\/kibrisdakik.com\/?p=73297","title":{"rendered":"Los Angeles yan\u0131yor: Ulusal muhaf\u0131zlar g\u00f6revlendirildi"},"content":{"rendered":"<p><\/p>\n<div>\n<div class=\"mariselle-image-container center\">\n                <img loading=\"lazy\" decoding=\"async\" width=\"800\" height=\"450\" class=\"lazy-image\" alt=\"\" sizes=\"auto, (max-width: 800px) 100vw, 800px\" src=\"https:\/\/brtk.net\/wp-content\/uploads\/2025\/01\/10\/abd-yangin-afp-2320887_1.jpg?ver=8b07f29bfa2821a8c94e6f0d134ca3bd\" srcset=\"https:\/\/brtk.net\/wp-content\/uploads\/2025\/01\/10\/abd-yangin-afp-2320887_1.jpg?ver=8b07f29bfa2821a8c94e6f0d134ca3bd 800w, https:\/\/brtk.net\/wp-content\/uploads\/2025\/01\/10\/abd-yangin-afp-2320887_1-300x169.jpg?ver=8b07f29bfa2821a8c94e6f0d134ca3bd 300w, https:\/\/brtk.net\/wp-content\/uploads\/2025\/01\/10\/abd-yangin-afp-2320887_1-768x432.jpg?ver=8b07f29bfa2821a8c94e6f0d134ca3bd 768w\"\/>                            <\/div>\n<p>ABD\u2019nin Los Angeles kentinde devam eden yang\u0131nlarla m\u00fccadele i\u00e7in California eyaletine ba\u011fl\u0131 ulusal muhaf\u0131zlar g\u00f6revlendirildi.<\/p>\n<p>Los Angeles \u015eerifi Robert Luna, kentte devam eden yang\u0131nlarla ilgili d\u00fczenlenen bas\u0131n toplant\u0131s\u0131nda son durumu de\u011ferlendirdi.<\/p>\n<p>Luna, California eyaletine ba\u011fl\u0131 yakla\u015f\u0131k 400 ulusal muhaf\u0131z\u0131n Los Angeles\u2019taki yang\u0131nlarla m\u00fccadele i\u00e7in g\u00f6revlendirildi\u011fi ve bu gece belirlenen b\u00f6lgelerde g\u00f6reve ba\u015flayacaklar\u0131n\u0131 duyurdu.<\/p>\n<p>Ulusal muhaf\u0131zlar\u0131n yang\u0131nla m\u00fccadele kapsam\u0131nda altyap\u0131 ve trafik kontrol\u00fcnden \u00e7e\u015fitli kurtarma operasyonlar\u0131na kadar farkl\u0131 alanlarda g\u00f6rev yapaca\u011f\u0131n\u0131 kaydeden Luna, s\u00f6z konusu personelin takviye edilmesiyle m\u00fccadele g\u00fc\u00e7lerinin artaca\u011f\u0131n\u0131 belirtti.<\/p>\n<p>Luna ayr\u0131ca toplant\u0131s\u0131nda, kendi b\u00f6lgelerinde \u015fu ana dek 5 ki\u015finin \u00f6ld\u00fc\u011f\u00fcn\u00fc teyit edebileceklerini ancak \u00f6l\u00fc say\u0131s\u0131n\u0131n artmas\u0131ndan endi\u015fe ettiklerini s\u00f6yledi.<\/p>\n<p><strong>Yang\u0131nlardan 5 binden fazla yap\u0131 etkilendi<\/strong><br \/>Los Angeles B\u00f6lgesi \u0130tfaiye \u015eefi Anthony Marrone, Eaton b\u00f6lgesindeki yang\u0131n\u0131n yakla\u015f\u0131k 14 bin d\u00f6n\u00fcm alana yay\u0131ld\u0131\u011f\u0131n\u0131, \u015fu ana kadar kontrol alt\u0131na al\u0131nma oran\u0131n\u0131n s\u0131f\u0131r oldu\u011funu s\u00f6yledi.<\/p>\n<p>Marrone, \u201c\u015eu ana kadar yang\u0131nda 5 binden fazla yap\u0131n\u0131n hasar g\u00f6rd\u00fc\u011f\u00fcn\u00fc veya tamamen kullan\u0131lamaz hale geldi\u011fini teyit edebiliriz.\u201d dedi.<\/p>\n<p>Yang\u0131nlar\u0131n \u00e7\u0131k\u0131\u015f nedeninin hala ara\u015ft\u0131r\u0131ld\u0131\u011f\u0131n\u0131 belirten Marrone, kundaklama sonucu \u00e7\u0131kt\u0131\u011f\u0131n\u0131n anla\u015f\u0131lmas\u0131 durumunda bundan kaynaklanan \u00f6l\u00fcmlerin cinayet olarak soru\u015fturulaca\u011f\u0131n\u0131 kaydetti.<\/p>\n<p>Los Angeles B\u00f6lge \u015eerifi Robert Luna da Palisades ve Eaton b\u00f6lgelerinde devam eden yang\u0131nlar i\u00e7in California Ulusal Muhaf\u0131zlar\u0131ndan yard\u0131m istediklerini belirterek, silahl\u0131 olarak bu geceden itibaren sahaya inecekleri, trafik kontrol\u00fc ve kritik altyap\u0131 konusunda yard\u0131mc\u0131 olacaklar\u0131 bilgisini payla\u015ft\u0131.<\/p>\n<p><strong>Soka\u011fa \u00e7\u0131kma yasa\u011f\u0131 uygulanacak<\/strong><br \/>Luna, ayr\u0131ca Palisades ve Eaton ile etraf\u0131ndaki belirli b\u00f6lgelerde, bug\u00fcn yerel saatle 18.00 ile 06.00 aras\u0131nda soka\u011fa \u00e7\u0131kma yasa\u011f\u0131 uygulayacaklar\u0131n\u0131 ifade etti.<\/p>\n<p>Pasadena Belediye Ba\u015fkan\u0131 Victor Gordo da toplant\u0131da, \u015fu anda tahliye emri alt\u0131ndaki sakinlerin yetkililerden bilgi gelinceye kadar evlerine d\u00f6nmemeleri gerekti\u011fini s\u00f6yledi.<\/p>\n<p>Gordo, \u201c\u0130nsanlar\u0131n bu b\u00f6lgelere geri d\u00f6nmeye ba\u015flad\u0131\u011f\u0131n\u0131 g\u00f6r\u00fcyoruz. Onlara mesaj\u0131m\u0131z \u015fu, tahliye emirlerinin kald\u0131r\u0131ld\u0131\u011f\u0131n\u0131 resmi olarak duyana kadar bu b\u00f6lgelerden uzak durun.\u201d dedi.<\/p>\n<p>Los Angeles b\u00f6lgesi genelinde yakla\u015f\u0131k 180 bin ki\u015fi i\u00e7in hala aktif tahliye emri, 200 bin ki\u015fi i\u00e7in de tahliye uyar\u0131s\u0131 bulunuyor.<\/p>\n<p>\u00d6te yandan yang\u0131nlar \u00fclke tarihinin en maliyetli yang\u0131nlar\u0131ndan olabilir.<\/p>\n<p>D\u00fcnya \u00e7ap\u0131nda hava tahmini hizmeti veren AccuWeather taraf\u0131ndan d\u00fcn yap\u0131lan a\u00e7\u0131klamada California\u2019daki yang\u0131nlar\u0131ndan kaynaklanan toplam hasar ve ekonomik kayb\u0131n ilk belirlemelere g\u00f6re 52 milyar dolar ile 57 milyar dolar aras\u0131nda olabilece\u011finin tahmin edilmi\u015fti.<\/p>\n<\/p><\/div>\n<p><script async\n                    defer\n                    crossorigin=\"anonymous\"\n                    src=\"https:\/\/connect.facebook.net\/tr_TR\/sdk.js#xfbml=1&#038;version=v3.3\"\n            ><\/script><\/p>\n","protected":false},"excerpt":{"rendered":"<p>ABD\u2019nin Los Angeles kentinde devam eden yang\u0131nlarla m\u00fccadele i\u00e7in California eyaletine ba\u011fl\u0131 ulusal muhaf\u0131zlar g\u00f6revlendirildi. Los Angeles \u015eerifi Robert Luna, kentte devam eden yang\u0131nlarla ilgili d\u00fczenlenen bas\u0131n toplant\u0131s\u0131nda son durumu de\u011ferlendirdi. Luna, California eyaletine ba\u011fl\u0131 yakla\u015f\u0131k 400 ulusal muhaf\u0131z\u0131n Los Angeles\u2019taki yang\u0131nlarla m\u00fccadele i\u00e7in g\u00f6revlendirildi\u011fi ve bu gece belirlenen b\u00f6lgelerde g\u00f6reve ba\u015flayacaklar\u0131n\u0131 duyurdu. Ulusal muhaf\u0131zlar\u0131n<\/p>\n","protected":false},"author":1,"featured_media":73298,"comment_status":"open","ping_status":"open","sticky":false,"template":"","format":"standard","meta":{"footnotes":""},"categories":[1],"tags":[],"class_list":["post-73297","post","type-post","status-publish","format-standard","has-post-thumbnail","hentry","category-gundem"],"yoast_head":"<!-- This site is optimized with the Yoast SEO plugin v27.5 - https:\/\/yoast.com\/product\/yoast-seo-wordpress\/ -->\n<title>Los Angeles yan\u0131yor: Ulusal muhaf\u0131zlar g\u00f6revlendirildi -<\/title>\n<meta name=\"robots\" content=\"index, follow, max-snippet:-1, max-image-preview:large, max-video-preview:-1\" \/>\n<link rel=\"canonical\" href=\"https:\/\/kibrisdakik.com\/?p=73297\" \/>\n<meta property=\"og:locale\" content=\"tr_TR\" \/>\n<meta property=\"og:type\" content=\"article\" \/>\n<meta property=\"og:title\" content=\"Los Angeles yan\u0131yor: Ulusal muhaf\u0131zlar g\u00f6revlendirildi -\" \/>\n<meta property=\"og:description\" content=\"ABD\u2019nin Los Angeles kentinde devam eden yang\u0131nlarla m\u00fccadele i\u00e7in California eyaletine ba\u011fl\u0131 ulusal muhaf\u0131zlar g\u00f6revlendirildi. Los Angeles \u015eerifi Robert Luna, kentte devam eden yang\u0131nlarla ilgili d\u00fczenlenen bas\u0131n toplant\u0131s\u0131nda son durumu de\u011ferlendirdi. Luna, California eyaletine ba\u011fl\u0131 yakla\u015f\u0131k 400 ulusal muhaf\u0131z\u0131n Los Angeles\u2019taki yang\u0131nlarla m\u00fccadele i\u00e7in g\u00f6revlendirildi\u011fi ve bu gece belirlenen b\u00f6lgelerde g\u00f6reve ba\u015flayacaklar\u0131n\u0131 duyurdu. Ulusal muhaf\u0131zlar\u0131n\" \/>\n<meta property=\"og:url\" content=\"https:\/\/kibrisdakik.com\/?p=73297\" \/>\n<meta property=\"article:published_time\" content=\"2025-01-10T06:22:27+00:00\" \/>\n<meta property=\"og:image\" content=\"https:\/\/kibrisdakik.com\/wp-content\/uploads\/2025\/01\/abd-yangin-afp-2320887_1-740x420.jpg\" \/>\n\t<meta property=\"og:image:width\" content=\"800\" \/>\n\t<meta property=\"og:image:height\" content=\"450\" \/>\n\t<meta property=\"og:image:type\" content=\"image\/jpeg\" \/>\n<meta name=\"author\" content=\"admin\" \/>\n<meta name=\"twitter:card\" content=\"summary_large_image\" \/>\n<meta name=\"twitter:label1\" content=\"Yazan:\" \/>\n\t<meta name=\"twitter:data1\" content=\"admin\" \/>\n\t<meta name=\"twitter:label2\" content=\"Tahmini okuma s\u00fcresi\" \/>\n\t<meta name=\"twitter:data2\" content=\"2 dakika\" \/>\n<script type=\"application\/ld+json\" class=\"yoast-schema-graph\">{\"@context\":\"https:\\\/\\\/schema.org\",\"@graph\":[{\"@type\":\"Article\",\"@id\":\"https:\\\/\\\/kibrisdakik.com\\\/?p=73297#article\",\"isPartOf\":{\"@id\":\"https:\\\/\\\/kibrisdakik.com\\\/?p=73297\"},\"author\":{\"name\":\"admin\",\"@id\":\"https:\\\/\\\/kibrisdakik.com\\\/#\\\/schema\\\/person\\\/9cd9d437bbb44f72b73ba127e06d8e79\"},\"headline\":\"Los Angeles yan\u0131yor: Ulusal muhaf\u0131zlar g\u00f6revlendirildi\",\"datePublished\":\"2025-01-10T06:22:27+00:00\",\"mainEntityOfPage\":{\"@id\":\"https:\\\/\\\/kibrisdakik.com\\\/?p=73297\"},\"wordCount\":490,\"commentCount\":0,\"image\":{\"@id\":\"https:\\\/\\\/kibrisdakik.com\\\/?p=73297#primaryimage\"},\"thumbnailUrl\":\"https:\\\/\\\/kibrisdakik.com\\\/wp-content\\\/uploads\\\/2025\\\/01\\\/abd-yangin-afp-2320887_1-740x420.jpg\",\"articleSection\":[\"G\u00fcndem\"],\"inLanguage\":\"tr\",\"potentialAction\":[{\"@type\":\"CommentAction\",\"name\":\"Comment\",\"target\":[\"https:\\\/\\\/kibrisdakik.com\\\/?p=73297#respond\"]}]},{\"@type\":\"WebPage\",\"@id\":\"https:\\\/\\\/kibrisdakik.com\\\/?p=73297\",\"url\":\"https:\\\/\\\/kibrisdakik.com\\\/?p=73297\",\"name\":\"Los Angeles yan\u0131yor: Ulusal muhaf\u0131zlar g\u00f6revlendirildi -\",\"isPartOf\":{\"@id\":\"https:\\\/\\\/kibrisdakik.com\\\/#website\"},\"primaryImageOfPage\":{\"@id\":\"https:\\\/\\\/kibrisdakik.com\\\/?p=73297#primaryimage\"},\"image\":{\"@id\":\"https:\\\/\\\/kibrisdakik.com\\\/?p=73297#primaryimage\"},\"thumbnailUrl\":\"https:\\\/\\\/kibrisdakik.com\\\/wp-content\\\/uploads\\\/2025\\\/01\\\/abd-yangin-afp-2320887_1-740x420.jpg\",\"datePublished\":\"2025-01-10T06:22:27+00:00\",\"author\":{\"@id\":\"https:\\\/\\\/kibrisdakik.com\\\/#\\\/schema\\\/person\\\/9cd9d437bbb44f72b73ba127e06d8e79\"},\"breadcrumb\":{\"@id\":\"https:\\\/\\\/kibrisdakik.com\\\/?p=73297#breadcrumb\"},\"inLanguage\":\"tr\",\"potentialAction\":[{\"@type\":\"ReadAction\",\"target\":[\"https:\\\/\\\/kibrisdakik.com\\\/?p=73297\"]}]},{\"@type\":\"ImageObject\",\"inLanguage\":\"tr\",\"@id\":\"https:\\\/\\\/kibrisdakik.com\\\/?p=73297#primaryimage\",\"url\":\"https:\\\/\\\/kibrisdakik.com\\\/wp-content\\\/uploads\\\/2025\\\/01\\\/abd-yangin-afp-2320887_1-740x420.jpg\",\"contentUrl\":\"https:\\\/\\\/kibrisdakik.com\\\/wp-content\\\/uploads\\\/2025\\\/01\\\/abd-yangin-afp-2320887_1-740x420.jpg\",\"width\":800,\"height\":450},{\"@type\":\"BreadcrumbList\",\"@id\":\"https:\\\/\\\/kibrisdakik.com\\\/?p=73297#breadcrumb\",\"itemListElement\":[{\"@type\":\"ListItem\",\"position\":1,\"name\":\"Home\",\"item\":\"https:\\\/\\\/kibrisdakik.com\\\/\"},{\"@type\":\"ListItem\",\"position\":2,\"name\":\"Los Angeles yan\u0131yor: Ulusal muhaf\u0131zlar g\u00f6revlendirildi\"}]},{\"@type\":\"WebSite\",\"@id\":\"https:\\\/\\\/kibrisdakik.com\\\/#website\",\"url\":\"https:\\\/\\\/kibrisdakik.com\\\/\",\"name\":\"\",\"description\":\"Tam vaktinde haber\",\"potentialAction\":[{\"@type\":\"SearchAction\",\"target\":{\"@type\":\"EntryPoint\",\"urlTemplate\":\"https:\\\/\\\/kibrisdakik.com\\\/?s={search_term_string}\"},\"query-input\":{\"@type\":\"PropertyValueSpecification\",\"valueRequired\":true,\"valueName\":\"search_term_string\"}}],\"inLanguage\":\"tr\"},{\"@type\":\"Person\",\"@id\":\"https:\\\/\\\/kibrisdakik.com\\\/#\\\/schema\\\/person\\\/9cd9d437bbb44f72b73ba127e06d8e79\",\"name\":\"admin\",\"image\":{\"@type\":\"ImageObject\",\"inLanguage\":\"tr\",\"@id\":\"https:\\\/\\\/secure.gravatar.com\\\/avatar\\\/ccc17943b9d660506c869530f897617f7cb1c21a4bf30023f252596d83e1f007?s=96&d=mm&r=g\",\"url\":\"https:\\\/\\\/secure.gravatar.com\\\/avatar\\\/ccc17943b9d660506c869530f897617f7cb1c21a4bf30023f252596d83e1f007?s=96&d=mm&r=g\",\"contentUrl\":\"https:\\\/\\\/secure.gravatar.com\\\/avatar\\\/ccc17943b9d660506c869530f897617f7cb1c21a4bf30023f252596d83e1f007?s=96&d=mm&r=g\",\"caption\":\"admin\"},\"sameAs\":[\"https:\\\/\\\/kibrisdakik.com\"],\"url\":\"https:\\\/\\\/kibrisdakik.com\\\/?author=1\"}]}<\/script>\n<!-- \/ Yoast SEO plugin. -->","yoast_head_json":{"title":"Los Angeles yan\u0131yor: Ulusal muhaf\u0131zlar g\u00f6revlendirildi -","robots":{"index":"index","follow":"follow","max-snippet":"max-snippet:-1","max-image-preview":"max-image-preview:large","max-video-preview":"max-video-preview:-1"},"canonical":"https:\/\/kibrisdakik.com\/?p=73297","og_locale":"tr_TR","og_type":"article","og_title":"Los Angeles yan\u0131yor: Ulusal muhaf\u0131zlar g\u00f6revlendirildi -","og_description":"ABD\u2019nin Los Angeles kentinde devam eden yang\u0131nlarla m\u00fccadele i\u00e7in California eyaletine ba\u011fl\u0131 ulusal muhaf\u0131zlar g\u00f6revlendirildi. Los Angeles \u015eerifi Robert Luna, kentte devam eden yang\u0131nlarla ilgili d\u00fczenlenen bas\u0131n toplant\u0131s\u0131nda son durumu de\u011ferlendirdi. Luna, California eyaletine ba\u011fl\u0131 yakla\u015f\u0131k 400 ulusal muhaf\u0131z\u0131n Los Angeles\u2019taki yang\u0131nlarla m\u00fccadele i\u00e7in g\u00f6revlendirildi\u011fi ve bu gece belirlenen b\u00f6lgelerde g\u00f6reve ba\u015flayacaklar\u0131n\u0131 duyurdu. Ulusal muhaf\u0131zlar\u0131n","og_url":"https:\/\/kibrisdakik.com\/?p=73297","article_published_time":"2025-01-10T06:22:27+00:00","og_image":[{"width":800,"height":450,"url":"https:\/\/kibrisdakik.com\/wp-content\/uploads\/2025\/01\/abd-yangin-afp-2320887_1-740x420.jpg","type":"image\/jpeg"}],"author":"admin","twitter_card":"summary_large_image","twitter_misc":{"Yazan:":"admin","Tahmini okuma s\u00fcresi":"2 dakika"},"schema":{"@context":"https:\/\/schema.org","@graph":[{"@type":"Article","@id":"https:\/\/kibrisdakik.com\/?p=73297#article","isPartOf":{"@id":"https:\/\/kibrisdakik.com\/?p=73297"},"author":{"name":"admin","@id":"https:\/\/kibrisdakik.com\/#\/schema\/person\/9cd9d437bbb44f72b73ba127e06d8e79"},"headline":"Los Angeles yan\u0131yor: Ulusal muhaf\u0131zlar g\u00f6revlendirildi","datePublished":"2025-01-10T06:22:27+00:00","mainEntityOfPage":{"@id":"https:\/\/kibrisdakik.com\/?p=73297"},"wordCount":490,"commentCount":0,"image":{"@id":"https:\/\/kibrisdakik.com\/?p=73297#primaryimage"},"thumbnailUrl":"https:\/\/kibrisdakik.com\/wp-content\/uploads\/2025\/01\/abd-yangin-afp-2320887_1-740x420.jpg","articleSection":["G\u00fcndem"],"inLanguage":"tr","potentialAction":[{"@type":"CommentAction","name":"Comment","target":["https:\/\/kibrisdakik.com\/?p=73297#respond"]}]},{"@type":"WebPage","@id":"https:\/\/kibrisdakik.com\/?p=73297","url":"https:\/\/kibrisdakik.com\/?p=73297","name":"Los Angeles yan\u0131yor: Ulusal muhaf\u0131zlar g\u00f6revlendirildi -","isPartOf":{"@id":"https:\/\/kibrisdakik.com\/#website"},"primaryImageOfPage":{"@id":"https:\/\/kibrisdakik.com\/?p=73297#primaryimage"},"image":{"@id":"https:\/\/kibrisdakik.com\/?p=73297#primaryimage"},"thumbnailUrl":"https:\/\/kibrisdakik.com\/wp-content\/uploads\/2025\/01\/abd-yangin-afp-2320887_1-740x420.jpg","datePublished":"2025-01-10T06:22:27+00:00","author":{"@id":"https:\/\/kibrisdakik.com\/#\/schema\/person\/9cd9d437bbb44f72b73ba127e06d8e79"},"breadcrumb":{"@id":"https:\/\/kibrisdakik.com\/?p=73297#breadcrumb"},"inLanguage":"tr","potentialAction":[{"@type":"ReadAction","target":["https:\/\/kibrisdakik.com\/?p=73297"]}]},{"@type":"ImageObject","inLanguage":"tr","@id":"https:\/\/kibrisdakik.com\/?p=73297#primaryimage","url":"https:\/\/kibrisdakik.com\/wp-content\/uploads\/2025\/01\/abd-yangin-afp-2320887_1-740x420.jpg","contentUrl":"https:\/\/kibrisdakik.com\/wp-content\/uploads\/2025\/01\/abd-yangin-afp-2320887_1-740x420.jpg","width":800,"height":450},{"@type":"BreadcrumbList","@id":"https:\/\/kibrisdakik.com\/?p=73297#breadcrumb","itemListElement":[{"@type":"ListItem","position":1,"name":"Home","item":"https:\/\/kibrisdakik.com\/"},{"@type":"ListItem","position":2,"name":"Los Angeles yan\u0131yor: Ulusal muhaf\u0131zlar g\u00f6revlendirildi"}]},{"@type":"WebSite","@id":"https:\/\/kibrisdakik.com\/#website","url":"https:\/\/kibrisdakik.com\/","name":"","description":"Tam vaktinde haber","potentialAction":[{"@type":"SearchAction","target":{"@type":"EntryPoint","urlTemplate":"https:\/\/kibrisdakik.com\/?s={search_term_string}"},"query-input":{"@type":"PropertyValueSpecification","valueRequired":true,"valueName":"search_term_string"}}],"inLanguage":"tr"},{"@type":"Person","@id":"https:\/\/kibrisdakik.com\/#\/schema\/person\/9cd9d437bbb44f72b73ba127e06d8e79","name":"admin","image":{"@type":"ImageObject","inLanguage":"tr","@id":"https:\/\/secure.gravatar.com\/avatar\/ccc17943b9d660506c869530f897617f7cb1c21a4bf30023f252596d83e1f007?s=96&d=mm&r=g","url":"https:\/\/secure.gravatar.com\/avatar\/ccc17943b9d660506c869530f897617f7cb1c21a4bf30023f252596d83e1f007?s=96&d=mm&r=g","contentUrl":"https:\/\/secure.gravatar.com\/avatar\/ccc17943b9d660506c869530f897617f7cb1c21a4bf30023f252596d83e1f007?s=96&d=mm&r=g","caption":"admin"},"sameAs":["https:\/\/kibrisdakik.com"],"url":"https:\/\/kibrisdakik.com\/?author=1"}]}},"_links":{"self":[{"href":"https:\/\/kibrisdakik.com\/index.php?rest_route=\/wp\/v2\/posts\/73297","targetHints":{"allow":["GET"]}}],"collection":[{"href":"https:\/\/kibrisdakik.com\/index.php?rest_route=\/wp\/v2\/posts"}],"about":[{"href":"https:\/\/kibrisdakik.com\/index.php?rest_route=\/wp\/v2\/types\/post"}],"author":[{"embeddable":true,"href":"https:\/\/kibrisdakik.com\/index.php?rest_route=\/wp\/v2\/users\/1"}],"replies":[{"embeddable":true,"href":"https:\/\/kibrisdakik.com\/index.php?rest_route=%2Fwp%2Fv2%2Fcomments&post=73297"}],"version-history":[{"count":0,"href":"https:\/\/kibrisdakik.com\/index.php?rest_route=\/wp\/v2\/posts\/73297\/revisions"}],"wp:featuredmedia":[{"embeddable":true,"href":"https:\/\/kibrisdakik.com\/index.php?rest_route=\/wp\/v2\/media\/73298"}],"wp:attachment":[{"href":"https:\/\/kibrisdakik.com\/index.php?rest_route=%2Fwp%2Fv2%2Fmedia&parent=73297"}],"wp:term":[{"taxonomy":"category","embeddable":true,"href":"https:\/\/kibrisdakik.com\/index.php?rest_route=%2Fwp%2Fv2%2Fcategories&post=73297"},{"taxonomy":"post_tag","embeddable":true,"href":"https:\/\/kibrisdakik.com\/index.php?rest_route=%2Fwp%2Fv2%2Ftags&post=73297"}],"curies":[{"name":"wp","href":"https:\/\/api.w.org\/{rel}","templated":true}]}}