{"id":73302,"date":"2025-01-10T18:33:46","date_gmt":"2025-01-10T15:33:46","guid":{"rendered":"https:\/\/kibrisdakik.com\/index.php\/2025\/01\/10\/mulkiyeli-sair-cemal-sureya-sanat-ve-siyaset-calistayi-basladi\/"},"modified":"2025-01-10T18:33:46","modified_gmt":"2025-01-10T15:33:46","slug":"mulkiyeli-sair-cemal-sureya-sanat-ve-siyaset-calistayi-basladi","status":"publish","type":"post","link":"https:\/\/kibrisdakik.com\/?p=73302","title":{"rendered":"\u201cM\u00fclkiyeli \u015eair Cemal S\u00fcreya\u201d Sanat ve Siyaset \u00c7al\u0131\u015ftay\u0131 ba\u015flad\u0131"},"content":{"rendered":"<div>\n<div class=\"mariselle-image-container center\">\n                                            <\/div>\n<p>Do\u011fu Akdeniz \u00dcniversitesi E\u011fitim Fak\u00fcltesi ile \u0130\u015fletme ve Ekonomi Fak\u00fcltesi, Ankara \u00dcniversitesi Siyasal Bilgiler Fak\u00fcltesi, K\u0131br\u0131s M\u00fclkiyeliler Birli\u011fi ve Tang\u00fcl \u00dcnal \u00c7a\u011f\u0131ner \u00c7ocuklara Yard\u0131m Vakf\u0131 i\u015f birli\u011finde d\u00fczenlenen \u201cM\u00fclkiyeli \u015eair Cemal S\u00fcreya\u201d Sanat ve Siyaset \u00c7al\u0131\u015ftay\u0131 ba\u015flad\u0131\u2026<\/p>\n<p>Acapulco Resort Hotel\u2019de 2 g\u00fcn s\u00fcrecek olan \u00e7al\u0131\u015ftayda \u015fair Cemal S\u00fcreya\u2019n\u0131n edebi y\u00f6n\u00fc ve siyaset ile olan ili\u015fkisi ele al\u0131n\u0131yor\u2026<\/p>\n<p>\u00c7al\u0131\u015ftay\u0131n a\u00e7\u0131l\u0131\u015f\u0131nda konu\u015fan Do\u011fu Akdeniz \u00dcniversitesi \u0130\u015fletme ve Ekonomi Fak\u00fcltesi \u0130\u015fletme B\u00f6l\u00fcm\u00fc \u00d6\u011fretim G\u00f6revlisi ve \u00c7al\u0131\u015ftay D\u00fczenleme Komitesi e\u015f ba\u015fkan\u0131 Profes\u00f6r Doktor Deniz \u0130\u015f\u00e7io\u011flu, Do\u011fu Akdeniz \u00dcniversitesi E\u011fitim Fak\u00fcltesi Dekan\u0131 ve \u00c7al\u0131\u015ftay D\u00fczenleme Komitesi e\u015f ba\u015fkan\u0131 Profes\u00f6r Doktor Ahmet Pehlivan, K\u0131br\u0131s M\u00fclkiyeliler Birli\u011fi Ba\u015fkan\u0131 \u00dcmit G\u00fcrtekin ve Ankara \u00dcniveristesi Siyasal Bilgiler Fak\u00fcltesi Dekan Yard\u0131mc\u0131s\u0131 Do\u00e7ent Doktor Can Giray \u00d6zg\u00fcl konu\u015fma yapt\u0131\u2026<\/p>\n<p>Tang\u00fcl \u00dcnal \u00c7a\u011f\u0131ner \u00c7ocuklara Yard\u0131m Vakf\u0131 Ba\u015fkan\u0131 \u0130\u00e7im \u00c7a\u011f\u0131ner Kavuklu da vakf\u0131n \u00e7al\u0131\u015fmalar\u0131 hakk\u0131nda bilgi verdi\u2026<\/p>\n<p>DA\u00dc Rekt\u00f6r\u00fc Profes\u00f6r Doktor Hasan K\u0131l\u0131\u00e7 da Cemal S\u00fcreya\u2019n\u0131n, sadece edebiyat d\u00fcnyas\u0131nda iz b\u0131rakm\u0131\u015f bir \u015fair de\u011fil, ayn\u0131 zamanda hayat\u0131 boyunca siyasetin ve toplumsal olaylar\u0131n aktif  par\u00e7as\u0131 oldu\u011funu an\u0131msatt\u0131\u2026<\/p>\n<p>Do\u011fu Akdeniz \u00dcniversitesi Vak\u0131f Y\u00f6neticiler Kurulu Ba\u015fkan\u0131 Erdal \u00d6zcenk de sanat ve siyasetin insan\u0131 oda\u011f\u0131na alarak birbirini besleyen 2 dal oldu\u011funu belirterek, S\u00fcreya\u2019n\u0131n \u015fiirlerinde a\u015fk\u0131, sevgiyi ve insan\u0131  en saf haliyle anlatt\u0131\u011f\u0131n\u0131 an\u0131msatt\u0131\u2026<\/p>\n<p>Cumhurba\u015fkan\u0131 Ersin Tatar\u2019\u0131n e\u015fi Sibel Tatar da b\u00fcy\u00fck \u015fair Cemal S\u00fcreya\u2019n\u0131n an\u0131ld\u0131\u011f\u0131 etkinli\u011fi d\u00fczenleyen payda\u015flar\u0131 kutlad\u0131..<br \/>\u015eair, yazar ve sanat\u00e7\u0131lara sahip \u00e7\u0131kman\u0131n Atat\u00fcrk\u2019\u00fcn vasiyeti oldu\u011funu an\u0131msatan Sibel Tatar, K\u0131br\u0131s T\u00fcrk Halk\u0131 ve cumhurba\u015fkanl\u0131\u011f\u0131n\u0131n ; Atat\u00fcrk\u2019\u00fcn \u2018Cumhurba\u015fkan\u0131, milletvekili ve \u00fcst d\u00fczey mevki sahibi olabilirsiniz ancak sanat\u00e7\u0131 olamazs\u0131n\u0131z\u2019 s\u00f6z\u00fcne ba\u011fl\u0131 oldu\u011funu vurgulad\u0131.<\/p>\n<p>\u00c7al\u0131\u015ftay\u0131n verimli ge\u00e7mesini dileyen Sibel Tatar, bir m\u00fclkiyeli olan \u00dcnal \u00c7a\u011f\u0131ner\u2019i de sayg\u0131yla and\u0131.<\/p>\n<p>\u00c7al\u0131\u015ftay Onursal Ba\u015fkan\u0131 Profes\u00f6r Doktor Ru\u015fen Kele\u015f\u2019in \u00e7al\u0131\u015ftayla ilgili \u00e7er\u00e7eve konu\u015fmas\u0131 yapmas\u0131n\u0131n ard\u0131ndan \u00e7al\u0131\u015ftay da m\u00fczik dinletisi yer ald\u0131 ve sunumlara ge\u00e7ildi\u2026<\/p>\n<p>\u00c7al\u0131\u015ftay da yar\u0131n ise Cemal S\u00fcreya \u015eiirleri a\u00e7\u0131k mikrofon etkinli\u011finin ard\u0131ndan, \u201cM\u00fclkiyeli \u00dcnal \u00c7a\u011f\u0131ner\u2019i Anma Toplant\u0131s\u0131\u201d ger\u00e7ekle\u015ftirilecek\u2026<\/p>\n<p>Bu arada, \u00e7al\u0131\u015ftay \u00f6ncesinde, DA\u00dc ile Tang\u00fcl \u00dcnal \u00c7a\u011f\u0131ner \u00c7ocuklara Yard\u0131m Vakf\u0131 aras\u0131nda \u00e7ocuklar\u0131n e\u011fitimine katk\u0131 sa\u011flamak, toplumsal sorumluluk projelerinde i\u015f birli\u011fi yapmak ve e\u011fitim faaliyetlerini g\u00fc\u00e7lendirmek amac\u0131yla i\u015f birli\u011fi protokol\u00fc de imzaland\u0131.<\/p>\n<p>\u0130\u015f birli\u011fi protokol\u00fcne DA\u00dc ad\u0131na DA\u00dc Rekt\u00f6r\u00fc Prof. Dr. Hasan K\u0131l\u0131\u00e7, Tang\u00fcl \u00dcnal \u00c7a\u011f\u0131ner \u00c7ocuklara Yard\u0131m Vakf\u0131 ad\u0131na Vak\u0131f Ba\u015fkan\u0131 \u0130\u00e7im \u00c7a\u011f\u0131ner Kavuklu imza koydu.<\/p>\n<\/p><\/div>\n<p><script async\n                    defer\n                    crossorigin=\"anonymous\"\n                    src=\"https:\/\/connect.facebook.net\/tr_TR\/sdk.js#xfbml=1&#038;version=v3.3\"\n            ><\/script><\/p>\n","protected":false},"excerpt":{"rendered":"<p>Do\u011fu Akdeniz \u00dcniversitesi E\u011fitim Fak\u00fcltesi ile \u0130\u015fletme ve Ekonomi Fak\u00fcltesi, Ankara \u00dcniversitesi Siyasal Bilgiler Fak\u00fcltesi, K\u0131br\u0131s M\u00fclkiyeliler Birli\u011fi ve Tang\u00fcl \u00dcnal \u00c7a\u011f\u0131ner \u00c7ocuklara Yard\u0131m Vakf\u0131 i\u015f birli\u011finde d\u00fczenlenen \u201cM\u00fclkiyeli \u015eair Cemal S\u00fcreya\u201d Sanat ve Siyaset \u00c7al\u0131\u015ftay\u0131 ba\u015flad\u0131\u2026 Acapulco Resort Hotel\u2019de 2 g\u00fcn s\u00fcrecek olan \u00e7al\u0131\u015ftayda \u015fair Cemal S\u00fcreya\u2019n\u0131n edebi y\u00f6n\u00fc ve siyaset ile olan ili\u015fkisi<\/p>\n","protected":false},"author":1,"featured_media":73303,"comment_status":"open","ping_status":"open","sticky":false,"template":"","format":"standard","meta":{"footnotes":""},"categories":[81,101],"tags":[],"class_list":["post-73302","post","type-post","status-publish","format-standard","has-post-thumbnail","hentry","category-kibris","category-manset"],"yoast_head":"<!-- This site is optimized with the Yoast SEO plugin v27.4 - https:\/\/yoast.com\/product\/yoast-seo-wordpress\/ -->\n<title>\u201cM\u00fclkiyeli \u015eair Cemal S\u00fcreya\u201d Sanat ve Siyaset \u00c7al\u0131\u015ftay\u0131 ba\u015flad\u0131 -<\/title>\n<meta name=\"robots\" content=\"index, follow, max-snippet:-1, max-image-preview:large, max-video-preview:-1\" \/>\n<link rel=\"canonical\" href=\"https:\/\/kibrisdakik.com\/?p=73302\" \/>\n<meta property=\"og:locale\" content=\"tr_TR\" \/>\n<meta property=\"og:type\" content=\"article\" \/>\n<meta property=\"og:title\" content=\"\u201cM\u00fclkiyeli \u015eair Cemal S\u00fcreya\u201d Sanat ve Siyaset \u00c7al\u0131\u015ftay\u0131 ba\u015flad\u0131 -\" \/>\n<meta property=\"og:description\" content=\"Do\u011fu Akdeniz \u00dcniversitesi E\u011fitim Fak\u00fcltesi ile \u0130\u015fletme ve Ekonomi Fak\u00fcltesi, Ankara \u00dcniversitesi Siyasal Bilgiler Fak\u00fcltesi, K\u0131br\u0131s M\u00fclkiyeliler Birli\u011fi ve Tang\u00fcl \u00dcnal \u00c7a\u011f\u0131ner \u00c7ocuklara Yard\u0131m Vakf\u0131 i\u015f birli\u011finde d\u00fczenlenen \u201cM\u00fclkiyeli \u015eair Cemal S\u00fcreya\u201d Sanat ve Siyaset \u00c7al\u0131\u015ftay\u0131 ba\u015flad\u0131\u2026 Acapulco Resort Hotel\u2019de 2 g\u00fcn s\u00fcrecek olan \u00e7al\u0131\u015ftayda \u015fair Cemal S\u00fcreya\u2019n\u0131n edebi y\u00f6n\u00fc ve siyaset ile olan ili\u015fkisi\" \/>\n<meta property=\"og:url\" content=\"https:\/\/kibrisdakik.com\/?p=73302\" \/>\n<meta property=\"article:published_time\" content=\"2025-01-10T15:33:46+00:00\" \/>\n<meta property=\"og:image\" content=\"https:\/\/kibrisdakik.com\/wp-content\/uploads\/2025\/01\/1-tilea-scaled-740x420.jpg\" \/>\n\t<meta property=\"og:image:width\" content=\"2560\" \/>\n\t<meta property=\"og:image:height\" content=\"1706\" \/>\n\t<meta property=\"og:image:type\" content=\"image\/jpeg\" \/>\n<meta name=\"author\" content=\"admin\" \/>\n<meta name=\"twitter:card\" content=\"summary_large_image\" \/>\n<meta name=\"twitter:label1\" content=\"Yazan:\" \/>\n\t<meta name=\"twitter:data1\" content=\"admin\" \/>\n\t<meta name=\"twitter:label2\" content=\"Tahmini okuma s\u00fcresi\" \/>\n\t<meta name=\"twitter:data2\" content=\"3 dakika\" \/>\n<script type=\"application\/ld+json\" class=\"yoast-schema-graph\">{\"@context\":\"https:\\\/\\\/schema.org\",\"@graph\":[{\"@type\":\"Article\",\"@id\":\"https:\\\/\\\/kibrisdakik.com\\\/?p=73302#article\",\"isPartOf\":{\"@id\":\"https:\\\/\\\/kibrisdakik.com\\\/?p=73302\"},\"author\":{\"name\":\"admin\",\"@id\":\"https:\\\/\\\/kibrisdakik.com\\\/#\\\/schema\\\/person\\\/9cd9d437bbb44f72b73ba127e06d8e79\"},\"headline\":\"\u201cM\u00fclkiyeli \u015eair Cemal S\u00fcreya\u201d Sanat ve Siyaset \u00c7al\u0131\u015ftay\u0131 ba\u015flad\u0131\",\"datePublished\":\"2025-01-10T15:33:46+00:00\",\"mainEntityOfPage\":{\"@id\":\"https:\\\/\\\/kibrisdakik.com\\\/?p=73302\"},\"wordCount\":555,\"commentCount\":0,\"image\":{\"@id\":\"https:\\\/\\\/kibrisdakik.com\\\/?p=73302#primaryimage\"},\"thumbnailUrl\":\"https:\\\/\\\/kibrisdakik.com\\\/wp-content\\\/uploads\\\/2025\\\/01\\\/1-tilea-scaled-740x420.jpg\",\"articleSection\":[\"K\u0131br\u0131s\",\"Man\u015fet\"],\"inLanguage\":\"tr\",\"potentialAction\":[{\"@type\":\"CommentAction\",\"name\":\"Comment\",\"target\":[\"https:\\\/\\\/kibrisdakik.com\\\/?p=73302#respond\"]}]},{\"@type\":\"WebPage\",\"@id\":\"https:\\\/\\\/kibrisdakik.com\\\/?p=73302\",\"url\":\"https:\\\/\\\/kibrisdakik.com\\\/?p=73302\",\"name\":\"\u201cM\u00fclkiyeli \u015eair Cemal S\u00fcreya\u201d Sanat ve Siyaset \u00c7al\u0131\u015ftay\u0131 ba\u015flad\u0131 -\",\"isPartOf\":{\"@id\":\"https:\\\/\\\/kibrisdakik.com\\\/#website\"},\"primaryImageOfPage\":{\"@id\":\"https:\\\/\\\/kibrisdakik.com\\\/?p=73302#primaryimage\"},\"image\":{\"@id\":\"https:\\\/\\\/kibrisdakik.com\\\/?p=73302#primaryimage\"},\"thumbnailUrl\":\"https:\\\/\\\/kibrisdakik.com\\\/wp-content\\\/uploads\\\/2025\\\/01\\\/1-tilea-scaled-740x420.jpg\",\"datePublished\":\"2025-01-10T15:33:46+00:00\",\"author\":{\"@id\":\"https:\\\/\\\/kibrisdakik.com\\\/#\\\/schema\\\/person\\\/9cd9d437bbb44f72b73ba127e06d8e79\"},\"breadcrumb\":{\"@id\":\"https:\\\/\\\/kibrisdakik.com\\\/?p=73302#breadcrumb\"},\"inLanguage\":\"tr\",\"potentialAction\":[{\"@type\":\"ReadAction\",\"target\":[\"https:\\\/\\\/kibrisdakik.com\\\/?p=73302\"]}]},{\"@type\":\"ImageObject\",\"inLanguage\":\"tr\",\"@id\":\"https:\\\/\\\/kibrisdakik.com\\\/?p=73302#primaryimage\",\"url\":\"https:\\\/\\\/kibrisdakik.com\\\/wp-content\\\/uploads\\\/2025\\\/01\\\/1-tilea-scaled-740x420.jpg\",\"contentUrl\":\"https:\\\/\\\/kibrisdakik.com\\\/wp-content\\\/uploads\\\/2025\\\/01\\\/1-tilea-scaled-740x420.jpg\",\"width\":2560,\"height\":1706},{\"@type\":\"BreadcrumbList\",\"@id\":\"https:\\\/\\\/kibrisdakik.com\\\/?p=73302#breadcrumb\",\"itemListElement\":[{\"@type\":\"ListItem\",\"position\":1,\"name\":\"Home\",\"item\":\"https:\\\/\\\/kibrisdakik.com\\\/\"},{\"@type\":\"ListItem\",\"position\":2,\"name\":\"\u201cM\u00fclkiyeli \u015eair Cemal S\u00fcreya\u201d Sanat ve Siyaset \u00c7al\u0131\u015ftay\u0131 ba\u015flad\u0131\"}]},{\"@type\":\"WebSite\",\"@id\":\"https:\\\/\\\/kibrisdakik.com\\\/#website\",\"url\":\"https:\\\/\\\/kibrisdakik.com\\\/\",\"name\":\"\",\"description\":\"Tam vaktinde haber\",\"potentialAction\":[{\"@type\":\"SearchAction\",\"target\":{\"@type\":\"EntryPoint\",\"urlTemplate\":\"https:\\\/\\\/kibrisdakik.com\\\/?s={search_term_string}\"},\"query-input\":{\"@type\":\"PropertyValueSpecification\",\"valueRequired\":true,\"valueName\":\"search_term_string\"}}],\"inLanguage\":\"tr\"},{\"@type\":\"Person\",\"@id\":\"https:\\\/\\\/kibrisdakik.com\\\/#\\\/schema\\\/person\\\/9cd9d437bbb44f72b73ba127e06d8e79\",\"name\":\"admin\",\"image\":{\"@type\":\"ImageObject\",\"inLanguage\":\"tr\",\"@id\":\"https:\\\/\\\/secure.gravatar.com\\\/avatar\\\/ccc17943b9d660506c869530f897617f7cb1c21a4bf30023f252596d83e1f007?s=96&d=mm&r=g\",\"url\":\"https:\\\/\\\/secure.gravatar.com\\\/avatar\\\/ccc17943b9d660506c869530f897617f7cb1c21a4bf30023f252596d83e1f007?s=96&d=mm&r=g\",\"contentUrl\":\"https:\\\/\\\/secure.gravatar.com\\\/avatar\\\/ccc17943b9d660506c869530f897617f7cb1c21a4bf30023f252596d83e1f007?s=96&d=mm&r=g\",\"caption\":\"admin\"},\"sameAs\":[\"https:\\\/\\\/kibrisdakik.com\"],\"url\":\"https:\\\/\\\/kibrisdakik.com\\\/?author=1\"}]}<\/script>\n<!-- \/ Yoast SEO plugin. -->","yoast_head_json":{"title":"\u201cM\u00fclkiyeli \u015eair Cemal S\u00fcreya\u201d Sanat ve Siyaset \u00c7al\u0131\u015ftay\u0131 ba\u015flad\u0131 -","robots":{"index":"index","follow":"follow","max-snippet":"max-snippet:-1","max-image-preview":"max-image-preview:large","max-video-preview":"max-video-preview:-1"},"canonical":"https:\/\/kibrisdakik.com\/?p=73302","og_locale":"tr_TR","og_type":"article","og_title":"\u201cM\u00fclkiyeli \u015eair Cemal S\u00fcreya\u201d Sanat ve Siyaset \u00c7al\u0131\u015ftay\u0131 ba\u015flad\u0131 -","og_description":"Do\u011fu Akdeniz \u00dcniversitesi E\u011fitim Fak\u00fcltesi ile \u0130\u015fletme ve Ekonomi Fak\u00fcltesi, Ankara \u00dcniversitesi Siyasal Bilgiler Fak\u00fcltesi, K\u0131br\u0131s M\u00fclkiyeliler Birli\u011fi ve Tang\u00fcl \u00dcnal \u00c7a\u011f\u0131ner \u00c7ocuklara Yard\u0131m Vakf\u0131 i\u015f birli\u011finde d\u00fczenlenen \u201cM\u00fclkiyeli \u015eair Cemal S\u00fcreya\u201d Sanat ve Siyaset \u00c7al\u0131\u015ftay\u0131 ba\u015flad\u0131\u2026 Acapulco Resort Hotel\u2019de 2 g\u00fcn s\u00fcrecek olan \u00e7al\u0131\u015ftayda \u015fair Cemal S\u00fcreya\u2019n\u0131n edebi y\u00f6n\u00fc ve siyaset ile olan ili\u015fkisi","og_url":"https:\/\/kibrisdakik.com\/?p=73302","article_published_time":"2025-01-10T15:33:46+00:00","og_image":[{"width":2560,"height":1706,"url":"https:\/\/kibrisdakik.com\/wp-content\/uploads\/2025\/01\/1-tilea-scaled-740x420.jpg","type":"image\/jpeg"}],"author":"admin","twitter_card":"summary_large_image","twitter_misc":{"Yazan:":"admin","Tahmini okuma s\u00fcresi":"3 dakika"},"schema":{"@context":"https:\/\/schema.org","@graph":[{"@type":"Article","@id":"https:\/\/kibrisdakik.com\/?p=73302#article","isPartOf":{"@id":"https:\/\/kibrisdakik.com\/?p=73302"},"author":{"name":"admin","@id":"https:\/\/kibrisdakik.com\/#\/schema\/person\/9cd9d437bbb44f72b73ba127e06d8e79"},"headline":"\u201cM\u00fclkiyeli \u015eair Cemal S\u00fcreya\u201d Sanat ve Siyaset \u00c7al\u0131\u015ftay\u0131 ba\u015flad\u0131","datePublished":"2025-01-10T15:33:46+00:00","mainEntityOfPage":{"@id":"https:\/\/kibrisdakik.com\/?p=73302"},"wordCount":555,"commentCount":0,"image":{"@id":"https:\/\/kibrisdakik.com\/?p=73302#primaryimage"},"thumbnailUrl":"https:\/\/kibrisdakik.com\/wp-content\/uploads\/2025\/01\/1-tilea-scaled-740x420.jpg","articleSection":["K\u0131br\u0131s","Man\u015fet"],"inLanguage":"tr","potentialAction":[{"@type":"CommentAction","name":"Comment","target":["https:\/\/kibrisdakik.com\/?p=73302#respond"]}]},{"@type":"WebPage","@id":"https:\/\/kibrisdakik.com\/?p=73302","url":"https:\/\/kibrisdakik.com\/?p=73302","name":"\u201cM\u00fclkiyeli \u015eair Cemal S\u00fcreya\u201d Sanat ve Siyaset \u00c7al\u0131\u015ftay\u0131 ba\u015flad\u0131 -","isPartOf":{"@id":"https:\/\/kibrisdakik.com\/#website"},"primaryImageOfPage":{"@id":"https:\/\/kibrisdakik.com\/?p=73302#primaryimage"},"image":{"@id":"https:\/\/kibrisdakik.com\/?p=73302#primaryimage"},"thumbnailUrl":"https:\/\/kibrisdakik.com\/wp-content\/uploads\/2025\/01\/1-tilea-scaled-740x420.jpg","datePublished":"2025-01-10T15:33:46+00:00","author":{"@id":"https:\/\/kibrisdakik.com\/#\/schema\/person\/9cd9d437bbb44f72b73ba127e06d8e79"},"breadcrumb":{"@id":"https:\/\/kibrisdakik.com\/?p=73302#breadcrumb"},"inLanguage":"tr","potentialAction":[{"@type":"ReadAction","target":["https:\/\/kibrisdakik.com\/?p=73302"]}]},{"@type":"ImageObject","inLanguage":"tr","@id":"https:\/\/kibrisdakik.com\/?p=73302#primaryimage","url":"https:\/\/kibrisdakik.com\/wp-content\/uploads\/2025\/01\/1-tilea-scaled-740x420.jpg","contentUrl":"https:\/\/kibrisdakik.com\/wp-content\/uploads\/2025\/01\/1-tilea-scaled-740x420.jpg","width":2560,"height":1706},{"@type":"BreadcrumbList","@id":"https:\/\/kibrisdakik.com\/?p=73302#breadcrumb","itemListElement":[{"@type":"ListItem","position":1,"name":"Home","item":"https:\/\/kibrisdakik.com\/"},{"@type":"ListItem","position":2,"name":"\u201cM\u00fclkiyeli \u015eair Cemal S\u00fcreya\u201d Sanat ve Siyaset \u00c7al\u0131\u015ftay\u0131 ba\u015flad\u0131"}]},{"@type":"WebSite","@id":"https:\/\/kibrisdakik.com\/#website","url":"https:\/\/kibrisdakik.com\/","name":"","description":"Tam vaktinde haber","potentialAction":[{"@type":"SearchAction","target":{"@type":"EntryPoint","urlTemplate":"https:\/\/kibrisdakik.com\/?s={search_term_string}"},"query-input":{"@type":"PropertyValueSpecification","valueRequired":true,"valueName":"search_term_string"}}],"inLanguage":"tr"},{"@type":"Person","@id":"https:\/\/kibrisdakik.com\/#\/schema\/person\/9cd9d437bbb44f72b73ba127e06d8e79","name":"admin","image":{"@type":"ImageObject","inLanguage":"tr","@id":"https:\/\/secure.gravatar.com\/avatar\/ccc17943b9d660506c869530f897617f7cb1c21a4bf30023f252596d83e1f007?s=96&d=mm&r=g","url":"https:\/\/secure.gravatar.com\/avatar\/ccc17943b9d660506c869530f897617f7cb1c21a4bf30023f252596d83e1f007?s=96&d=mm&r=g","contentUrl":"https:\/\/secure.gravatar.com\/avatar\/ccc17943b9d660506c869530f897617f7cb1c21a4bf30023f252596d83e1f007?s=96&d=mm&r=g","caption":"admin"},"sameAs":["https:\/\/kibrisdakik.com"],"url":"https:\/\/kibrisdakik.com\/?author=1"}]}},"_links":{"self":[{"href":"https:\/\/kibrisdakik.com\/index.php?rest_route=\/wp\/v2\/posts\/73302","targetHints":{"allow":["GET"]}}],"collection":[{"href":"https:\/\/kibrisdakik.com\/index.php?rest_route=\/wp\/v2\/posts"}],"about":[{"href":"https:\/\/kibrisdakik.com\/index.php?rest_route=\/wp\/v2\/types\/post"}],"author":[{"embeddable":true,"href":"https:\/\/kibrisdakik.com\/index.php?rest_route=\/wp\/v2\/users\/1"}],"replies":[{"embeddable":true,"href":"https:\/\/kibrisdakik.com\/index.php?rest_route=%2Fwp%2Fv2%2Fcomments&post=73302"}],"version-history":[{"count":0,"href":"https:\/\/kibrisdakik.com\/index.php?rest_route=\/wp\/v2\/posts\/73302\/revisions"}],"wp:featuredmedia":[{"embeddable":true,"href":"https:\/\/kibrisdakik.com\/index.php?rest_route=\/wp\/v2\/media\/73303"}],"wp:attachment":[{"href":"https:\/\/kibrisdakik.com\/index.php?rest_route=%2Fwp%2Fv2%2Fmedia&parent=73302"}],"wp:term":[{"taxonomy":"category","embeddable":true,"href":"https:\/\/kibrisdakik.com\/index.php?rest_route=%2Fwp%2Fv2%2Fcategories&post=73302"},{"taxonomy":"post_tag","embeddable":true,"href":"https:\/\/kibrisdakik.com\/index.php?rest_route=%2Fwp%2Fv2%2Ftags&post=73302"}],"curies":[{"name":"wp","href":"https:\/\/api.w.org\/{rel}","templated":true}]}}