{"id":73315,"date":"2025-01-10T22:29:12","date_gmt":"2025-01-10T19:29:12","guid":{"rendered":"https:\/\/kibrisdakik.com\/index.php\/2025\/01\/10\/klasik-osmanli-muziginden-secme-eserler-arkhede-sanat-severlerle-bulusuyor\/"},"modified":"2025-01-10T22:29:12","modified_gmt":"2025-01-10T19:29:12","slug":"klasik-osmanli-muziginden-secme-eserler-arkhede-sanat-severlerle-bulusuyor","status":"publish","type":"post","link":"https:\/\/kibrisdakik.com\/?p=73315","title":{"rendered":"Klasik Osmanl\u0131 M\u00fczi\u011fi\u2019nden se\u00e7me eserler, Arkhe\u2019de sanat severlerle bulu\u015fuyor"},"content":{"rendered":"<p> <br \/>\n<\/p>\n<div>\n<div class=\"mariselle-image-container center\">\n                <img loading=\"lazy\" decoding=\"async\" width=\"971\" height=\"551\" class=\"lazy-image\" alt=\"\" sizes=\"auto, (max-width: 971px) 100vw, 971px\" src=\"https:\/\/brtk.net\/wp-content\/uploads\/2025\/01\/10\/v2klasikosmanlmzii_1736512804.webp?ver=b1d7f8f1aed6e382dbf10c7527d9d1a0\" srcset=\"https:\/\/brtk.net\/wp-content\/uploads\/2025\/01\/10\/v2klasikosmanlmzii_1736512804.webp?ver=b1d7f8f1aed6e382dbf10c7527d9d1a0 971w, https:\/\/brtk.net\/wp-content\/uploads\/2025\/01\/10\/v2klasikosmanlmzii_1736512804-300x170.webp?ver=b1d7f8f1aed6e382dbf10c7527d9d1a0 300w, https:\/\/brtk.net\/wp-content\/uploads\/2025\/01\/10\/v2klasikosmanlmzii_1736512804-768x436.webp?ver=b1d7f8f1aed6e382dbf10c7527d9d1a0 768w\"\/>                            <\/div>\n<p>\n Klasik Osmanl\u0131 M\u00fczi\u011fi\u2019nden se\u00e7me eserler, 22 Ocak\u2019ta Lefko\u015fa\u2019da Arkhe\u2019de sanat severlerle bulu\u015fuyor.<\/p>\n<p>Verilen bilgiye g\u00f6re, Lefko\u015fa T\u00fcrk Belediyesi himayesinde kurulan K\u00fclt\u00fcr Politikalar\u0131 Belirleme ve Ar\u015fiv \u00c7al\u0131\u015fmalar\u0131 merkezi Arkhe\u2019nin d\u00fczenledi\u011fi  y\u0131l\u0131n ilk konseri, Despina Zorpa ve Pierrick Marion\u2019dan olu\u015fan DUO\u0130K\u0130 (\u039d\u03c4\u03bf\u03cd\u03bfiki) Klasik Osmanl\u0131 M\u00fczi\u011fi besteleri ve Geleneksel Do\u011fu Akdeniz m\u00fczi\u011finden d\u00fczenlemeleri i\u00e7eriyor.<\/p>\n<p>Konser program\u0131; 14. Y\u00fczy\u0131l\u2019dan ge\u00e7 19.Y\u00fczy\u0131l\u2019a uzayan geni\u015f bir d\u00f6nem aral\u0131\u011f\u0131nda, Sultan III. Selim ve Gazi Giray Han gibi h\u00fck\u00fcmdar bestekarlar\u0131n eserleri ile birlikte Dimitri Kantemiro\u011flu, Zaharya Hanende, Tatyos Efendi, Cinu\u00e7en Tanr\u0131korur, \u0130smail Hakk\u0131 Bey, Andon Efendi ve Kemen\u00e7eci Nikolay gibi \u00f6nemli makam bestekarlar\u0131n\u0131n eserlerinden olu\u015fuyor.<\/p>\n<p>\u0130ki b\u00f6l\u00fcmden olu\u015fan konser toplam 14 eseri dinleyicilerle bulu\u015fturacak. 22 Ocak \u00c7ar\u015famba ak\u015fam\u0131, Arabahmet K\u00fclt\u00fcr Evi, Arkhe Sahne\u2019de ger\u00e7ekle\u015fecek konser i\u00e7in s\u0131n\u0131rl\u0131 say\u0131da bilet sat\u0131\u015fa sunuldu.<\/p>\n<\/p><\/div>\n<p><script async\n                    defer\n                    crossorigin=\"anonymous\"\n                    src=\"https:\/\/connect.facebook.net\/tr_TR\/sdk.js#xfbml=1&#038;version=v3.3\"\n            ><\/script><br \/>\n<br \/><br \/>\n<br \/><a href=\"https:\/\/brtk.net\/klasik-osmanli-muziginden-secme-eserler-arkhede-sanat-severlerle-bulusuyor\/\">kpostasi <\/a><\/p>\n","protected":false},"excerpt":{"rendered":"<p>Klasik Osmanl\u0131 M\u00fczi\u011fi\u2019nden se\u00e7me eserler, 22 Ocak\u2019ta Lefko\u015fa\u2019da Arkhe\u2019de sanat severlerle bulu\u015fuyor. Verilen bilgiye g\u00f6re, Lefko\u015fa T\u00fcrk Belediyesi himayesinde kurulan K\u00fclt\u00fcr Politikalar\u0131 Belirleme ve Ar\u015fiv \u00c7al\u0131\u015fmalar\u0131 merkezi Arkhe\u2019nin d\u00fczenledi\u011fi y\u0131l\u0131n ilk konseri, Despina Zorpa ve Pierrick Marion\u2019dan olu\u015fan DUO\u0130K\u0130 (\u039d\u03c4\u03bf\u03cd\u03bfiki) Klasik Osmanl\u0131 M\u00fczi\u011fi besteleri ve Geleneksel Do\u011fu Akdeniz m\u00fczi\u011finden d\u00fczenlemeleri i\u00e7eriyor. Konser program\u0131; 14. Y\u00fczy\u0131l\u2019dan<\/p>\n","protected":false},"author":1,"featured_media":73316,"comment_status":"open","ping_status":"open","sticky":false,"template":"","format":"standard","meta":{"footnotes":""},"categories":[1,81,101],"tags":[],"class_list":["post-73315","post","type-post","status-publish","format-standard","has-post-thumbnail","hentry","category-gundem","category-kibris","category-manset"],"yoast_head":"<!-- This site is optimized with the Yoast SEO plugin v27.4 - https:\/\/yoast.com\/product\/yoast-seo-wordpress\/ -->\n<title>Klasik Osmanl\u0131 M\u00fczi\u011fi\u2019nden se\u00e7me eserler, Arkhe\u2019de sanat severlerle bulu\u015fuyor -<\/title>\n<meta name=\"robots\" content=\"index, follow, max-snippet:-1, max-image-preview:large, max-video-preview:-1\" \/>\n<link rel=\"canonical\" href=\"https:\/\/kibrisdakik.com\/?p=73315\" \/>\n<meta property=\"og:locale\" content=\"tr_TR\" \/>\n<meta property=\"og:type\" content=\"article\" \/>\n<meta property=\"og:title\" content=\"Klasik Osmanl\u0131 M\u00fczi\u011fi\u2019nden se\u00e7me eserler, Arkhe\u2019de sanat severlerle bulu\u015fuyor -\" \/>\n<meta property=\"og:description\" content=\"Klasik Osmanl\u0131 M\u00fczi\u011fi\u2019nden se\u00e7me eserler, 22 Ocak\u2019ta Lefko\u015fa\u2019da Arkhe\u2019de sanat severlerle bulu\u015fuyor. Verilen bilgiye g\u00f6re, Lefko\u015fa T\u00fcrk Belediyesi himayesinde kurulan K\u00fclt\u00fcr Politikalar\u0131 Belirleme ve Ar\u015fiv \u00c7al\u0131\u015fmalar\u0131 merkezi Arkhe\u2019nin d\u00fczenledi\u011fi y\u0131l\u0131n ilk konseri, Despina Zorpa ve Pierrick Marion\u2019dan olu\u015fan DUO\u0130K\u0130 (\u039d\u03c4\u03bf\u03cd\u03bfiki) Klasik Osmanl\u0131 M\u00fczi\u011fi besteleri ve Geleneksel Do\u011fu Akdeniz m\u00fczi\u011finden d\u00fczenlemeleri i\u00e7eriyor. Konser program\u0131; 14. Y\u00fczy\u0131l\u2019dan\" \/>\n<meta property=\"og:url\" content=\"https:\/\/kibrisdakik.com\/?p=73315\" \/>\n<meta property=\"article:published_time\" content=\"2025-01-10T19:29:12+00:00\" \/>\n<meta property=\"og:image\" content=\"https:\/\/kibrisdakik.com\/wp-content\/uploads\/2025\/01\/v2klasikosmanlmzii_1736512804.webp-740x420.webp\" \/>\n\t<meta property=\"og:image:width\" content=\"971\" \/>\n\t<meta property=\"og:image:height\" content=\"551\" \/>\n\t<meta property=\"og:image:type\" content=\"image\/webp\" \/>\n<meta name=\"author\" content=\"admin\" \/>\n<meta name=\"twitter:card\" content=\"summary_large_image\" \/>\n<meta name=\"twitter:label1\" content=\"Yazan:\" \/>\n\t<meta name=\"twitter:data1\" content=\"admin\" \/>\n\t<meta name=\"twitter:label2\" content=\"Tahmini okuma s\u00fcresi\" \/>\n\t<meta name=\"twitter:data2\" content=\"1 dakika\" \/>\n<script type=\"application\/ld+json\" class=\"yoast-schema-graph\">{\"@context\":\"https:\\\/\\\/schema.org\",\"@graph\":[{\"@type\":\"Article\",\"@id\":\"https:\\\/\\\/kibrisdakik.com\\\/?p=73315#article\",\"isPartOf\":{\"@id\":\"https:\\\/\\\/kibrisdakik.com\\\/?p=73315\"},\"author\":{\"name\":\"admin\",\"@id\":\"https:\\\/\\\/kibrisdakik.com\\\/#\\\/schema\\\/person\\\/9cd9d437bbb44f72b73ba127e06d8e79\"},\"headline\":\"Klasik Osmanl\u0131 M\u00fczi\u011fi\u2019nden se\u00e7me eserler, Arkhe\u2019de sanat severlerle bulu\u015fuyor\",\"datePublished\":\"2025-01-10T19:29:12+00:00\",\"mainEntityOfPage\":{\"@id\":\"https:\\\/\\\/kibrisdakik.com\\\/?p=73315\"},\"wordCount\":202,\"commentCount\":0,\"image\":{\"@id\":\"https:\\\/\\\/kibrisdakik.com\\\/?p=73315#primaryimage\"},\"thumbnailUrl\":\"https:\\\/\\\/kibrisdakik.com\\\/wp-content\\\/uploads\\\/2025\\\/01\\\/v2klasikosmanlmzii_1736512804.webp-740x420.webp\",\"articleSection\":[\"G\u00fcndem\",\"K\u0131br\u0131s\",\"Man\u015fet\"],\"inLanguage\":\"tr\",\"potentialAction\":[{\"@type\":\"CommentAction\",\"name\":\"Comment\",\"target\":[\"https:\\\/\\\/kibrisdakik.com\\\/?p=73315#respond\"]}]},{\"@type\":\"WebPage\",\"@id\":\"https:\\\/\\\/kibrisdakik.com\\\/?p=73315\",\"url\":\"https:\\\/\\\/kibrisdakik.com\\\/?p=73315\",\"name\":\"Klasik Osmanl\u0131 M\u00fczi\u011fi\u2019nden se\u00e7me eserler, Arkhe\u2019de sanat severlerle bulu\u015fuyor -\",\"isPartOf\":{\"@id\":\"https:\\\/\\\/kibrisdakik.com\\\/#website\"},\"primaryImageOfPage\":{\"@id\":\"https:\\\/\\\/kibrisdakik.com\\\/?p=73315#primaryimage\"},\"image\":{\"@id\":\"https:\\\/\\\/kibrisdakik.com\\\/?p=73315#primaryimage\"},\"thumbnailUrl\":\"https:\\\/\\\/kibrisdakik.com\\\/wp-content\\\/uploads\\\/2025\\\/01\\\/v2klasikosmanlmzii_1736512804.webp-740x420.webp\",\"datePublished\":\"2025-01-10T19:29:12+00:00\",\"author\":{\"@id\":\"https:\\\/\\\/kibrisdakik.com\\\/#\\\/schema\\\/person\\\/9cd9d437bbb44f72b73ba127e06d8e79\"},\"breadcrumb\":{\"@id\":\"https:\\\/\\\/kibrisdakik.com\\\/?p=73315#breadcrumb\"},\"inLanguage\":\"tr\",\"potentialAction\":[{\"@type\":\"ReadAction\",\"target\":[\"https:\\\/\\\/kibrisdakik.com\\\/?p=73315\"]}]},{\"@type\":\"ImageObject\",\"inLanguage\":\"tr\",\"@id\":\"https:\\\/\\\/kibrisdakik.com\\\/?p=73315#primaryimage\",\"url\":\"https:\\\/\\\/kibrisdakik.com\\\/wp-content\\\/uploads\\\/2025\\\/01\\\/v2klasikosmanlmzii_1736512804.webp-740x420.webp\",\"contentUrl\":\"https:\\\/\\\/kibrisdakik.com\\\/wp-content\\\/uploads\\\/2025\\\/01\\\/v2klasikosmanlmzii_1736512804.webp-740x420.webp\",\"width\":971,\"height\":551},{\"@type\":\"BreadcrumbList\",\"@id\":\"https:\\\/\\\/kibrisdakik.com\\\/?p=73315#breadcrumb\",\"itemListElement\":[{\"@type\":\"ListItem\",\"position\":1,\"name\":\"Home\",\"item\":\"https:\\\/\\\/kibrisdakik.com\\\/\"},{\"@type\":\"ListItem\",\"position\":2,\"name\":\"Klasik Osmanl\u0131 M\u00fczi\u011fi\u2019nden se\u00e7me eserler, Arkhe\u2019de sanat severlerle bulu\u015fuyor\"}]},{\"@type\":\"WebSite\",\"@id\":\"https:\\\/\\\/kibrisdakik.com\\\/#website\",\"url\":\"https:\\\/\\\/kibrisdakik.com\\\/\",\"name\":\"\",\"description\":\"Tam vaktinde haber\",\"potentialAction\":[{\"@type\":\"SearchAction\",\"target\":{\"@type\":\"EntryPoint\",\"urlTemplate\":\"https:\\\/\\\/kibrisdakik.com\\\/?s={search_term_string}\"},\"query-input\":{\"@type\":\"PropertyValueSpecification\",\"valueRequired\":true,\"valueName\":\"search_term_string\"}}],\"inLanguage\":\"tr\"},{\"@type\":\"Person\",\"@id\":\"https:\\\/\\\/kibrisdakik.com\\\/#\\\/schema\\\/person\\\/9cd9d437bbb44f72b73ba127e06d8e79\",\"name\":\"admin\",\"image\":{\"@type\":\"ImageObject\",\"inLanguage\":\"tr\",\"@id\":\"https:\\\/\\\/secure.gravatar.com\\\/avatar\\\/ccc17943b9d660506c869530f897617f7cb1c21a4bf30023f252596d83e1f007?s=96&d=mm&r=g\",\"url\":\"https:\\\/\\\/secure.gravatar.com\\\/avatar\\\/ccc17943b9d660506c869530f897617f7cb1c21a4bf30023f252596d83e1f007?s=96&d=mm&r=g\",\"contentUrl\":\"https:\\\/\\\/secure.gravatar.com\\\/avatar\\\/ccc17943b9d660506c869530f897617f7cb1c21a4bf30023f252596d83e1f007?s=96&d=mm&r=g\",\"caption\":\"admin\"},\"sameAs\":[\"https:\\\/\\\/kibrisdakik.com\"],\"url\":\"https:\\\/\\\/kibrisdakik.com\\\/?author=1\"}]}<\/script>\n<!-- \/ Yoast SEO plugin. -->","yoast_head_json":{"title":"Klasik Osmanl\u0131 M\u00fczi\u011fi\u2019nden se\u00e7me eserler, Arkhe\u2019de sanat severlerle bulu\u015fuyor -","robots":{"index":"index","follow":"follow","max-snippet":"max-snippet:-1","max-image-preview":"max-image-preview:large","max-video-preview":"max-video-preview:-1"},"canonical":"https:\/\/kibrisdakik.com\/?p=73315","og_locale":"tr_TR","og_type":"article","og_title":"Klasik Osmanl\u0131 M\u00fczi\u011fi\u2019nden se\u00e7me eserler, Arkhe\u2019de sanat severlerle bulu\u015fuyor -","og_description":"Klasik Osmanl\u0131 M\u00fczi\u011fi\u2019nden se\u00e7me eserler, 22 Ocak\u2019ta Lefko\u015fa\u2019da Arkhe\u2019de sanat severlerle bulu\u015fuyor. Verilen bilgiye g\u00f6re, Lefko\u015fa T\u00fcrk Belediyesi himayesinde kurulan K\u00fclt\u00fcr Politikalar\u0131 Belirleme ve Ar\u015fiv \u00c7al\u0131\u015fmalar\u0131 merkezi Arkhe\u2019nin d\u00fczenledi\u011fi y\u0131l\u0131n ilk konseri, Despina Zorpa ve Pierrick Marion\u2019dan olu\u015fan DUO\u0130K\u0130 (\u039d\u03c4\u03bf\u03cd\u03bfiki) Klasik Osmanl\u0131 M\u00fczi\u011fi besteleri ve Geleneksel Do\u011fu Akdeniz m\u00fczi\u011finden d\u00fczenlemeleri i\u00e7eriyor. Konser program\u0131; 14. Y\u00fczy\u0131l\u2019dan","og_url":"https:\/\/kibrisdakik.com\/?p=73315","article_published_time":"2025-01-10T19:29:12+00:00","og_image":[{"width":971,"height":551,"url":"https:\/\/kibrisdakik.com\/wp-content\/uploads\/2025\/01\/v2klasikosmanlmzii_1736512804.webp-740x420.webp","type":"image\/webp"}],"author":"admin","twitter_card":"summary_large_image","twitter_misc":{"Yazan:":"admin","Tahmini okuma s\u00fcresi":"1 dakika"},"schema":{"@context":"https:\/\/schema.org","@graph":[{"@type":"Article","@id":"https:\/\/kibrisdakik.com\/?p=73315#article","isPartOf":{"@id":"https:\/\/kibrisdakik.com\/?p=73315"},"author":{"name":"admin","@id":"https:\/\/kibrisdakik.com\/#\/schema\/person\/9cd9d437bbb44f72b73ba127e06d8e79"},"headline":"Klasik Osmanl\u0131 M\u00fczi\u011fi\u2019nden se\u00e7me eserler, Arkhe\u2019de sanat severlerle bulu\u015fuyor","datePublished":"2025-01-10T19:29:12+00:00","mainEntityOfPage":{"@id":"https:\/\/kibrisdakik.com\/?p=73315"},"wordCount":202,"commentCount":0,"image":{"@id":"https:\/\/kibrisdakik.com\/?p=73315#primaryimage"},"thumbnailUrl":"https:\/\/kibrisdakik.com\/wp-content\/uploads\/2025\/01\/v2klasikosmanlmzii_1736512804.webp-740x420.webp","articleSection":["G\u00fcndem","K\u0131br\u0131s","Man\u015fet"],"inLanguage":"tr","potentialAction":[{"@type":"CommentAction","name":"Comment","target":["https:\/\/kibrisdakik.com\/?p=73315#respond"]}]},{"@type":"WebPage","@id":"https:\/\/kibrisdakik.com\/?p=73315","url":"https:\/\/kibrisdakik.com\/?p=73315","name":"Klasik Osmanl\u0131 M\u00fczi\u011fi\u2019nden se\u00e7me eserler, Arkhe\u2019de sanat severlerle bulu\u015fuyor -","isPartOf":{"@id":"https:\/\/kibrisdakik.com\/#website"},"primaryImageOfPage":{"@id":"https:\/\/kibrisdakik.com\/?p=73315#primaryimage"},"image":{"@id":"https:\/\/kibrisdakik.com\/?p=73315#primaryimage"},"thumbnailUrl":"https:\/\/kibrisdakik.com\/wp-content\/uploads\/2025\/01\/v2klasikosmanlmzii_1736512804.webp-740x420.webp","datePublished":"2025-01-10T19:29:12+00:00","author":{"@id":"https:\/\/kibrisdakik.com\/#\/schema\/person\/9cd9d437bbb44f72b73ba127e06d8e79"},"breadcrumb":{"@id":"https:\/\/kibrisdakik.com\/?p=73315#breadcrumb"},"inLanguage":"tr","potentialAction":[{"@type":"ReadAction","target":["https:\/\/kibrisdakik.com\/?p=73315"]}]},{"@type":"ImageObject","inLanguage":"tr","@id":"https:\/\/kibrisdakik.com\/?p=73315#primaryimage","url":"https:\/\/kibrisdakik.com\/wp-content\/uploads\/2025\/01\/v2klasikosmanlmzii_1736512804.webp-740x420.webp","contentUrl":"https:\/\/kibrisdakik.com\/wp-content\/uploads\/2025\/01\/v2klasikosmanlmzii_1736512804.webp-740x420.webp","width":971,"height":551},{"@type":"BreadcrumbList","@id":"https:\/\/kibrisdakik.com\/?p=73315#breadcrumb","itemListElement":[{"@type":"ListItem","position":1,"name":"Home","item":"https:\/\/kibrisdakik.com\/"},{"@type":"ListItem","position":2,"name":"Klasik Osmanl\u0131 M\u00fczi\u011fi\u2019nden se\u00e7me eserler, Arkhe\u2019de sanat severlerle bulu\u015fuyor"}]},{"@type":"WebSite","@id":"https:\/\/kibrisdakik.com\/#website","url":"https:\/\/kibrisdakik.com\/","name":"","description":"Tam vaktinde haber","potentialAction":[{"@type":"SearchAction","target":{"@type":"EntryPoint","urlTemplate":"https:\/\/kibrisdakik.com\/?s={search_term_string}"},"query-input":{"@type":"PropertyValueSpecification","valueRequired":true,"valueName":"search_term_string"}}],"inLanguage":"tr"},{"@type":"Person","@id":"https:\/\/kibrisdakik.com\/#\/schema\/person\/9cd9d437bbb44f72b73ba127e06d8e79","name":"admin","image":{"@type":"ImageObject","inLanguage":"tr","@id":"https:\/\/secure.gravatar.com\/avatar\/ccc17943b9d660506c869530f897617f7cb1c21a4bf30023f252596d83e1f007?s=96&d=mm&r=g","url":"https:\/\/secure.gravatar.com\/avatar\/ccc17943b9d660506c869530f897617f7cb1c21a4bf30023f252596d83e1f007?s=96&d=mm&r=g","contentUrl":"https:\/\/secure.gravatar.com\/avatar\/ccc17943b9d660506c869530f897617f7cb1c21a4bf30023f252596d83e1f007?s=96&d=mm&r=g","caption":"admin"},"sameAs":["https:\/\/kibrisdakik.com"],"url":"https:\/\/kibrisdakik.com\/?author=1"}]}},"_links":{"self":[{"href":"https:\/\/kibrisdakik.com\/index.php?rest_route=\/wp\/v2\/posts\/73315","targetHints":{"allow":["GET"]}}],"collection":[{"href":"https:\/\/kibrisdakik.com\/index.php?rest_route=\/wp\/v2\/posts"}],"about":[{"href":"https:\/\/kibrisdakik.com\/index.php?rest_route=\/wp\/v2\/types\/post"}],"author":[{"embeddable":true,"href":"https:\/\/kibrisdakik.com\/index.php?rest_route=\/wp\/v2\/users\/1"}],"replies":[{"embeddable":true,"href":"https:\/\/kibrisdakik.com\/index.php?rest_route=%2Fwp%2Fv2%2Fcomments&post=73315"}],"version-history":[{"count":0,"href":"https:\/\/kibrisdakik.com\/index.php?rest_route=\/wp\/v2\/posts\/73315\/revisions"}],"wp:featuredmedia":[{"embeddable":true,"href":"https:\/\/kibrisdakik.com\/index.php?rest_route=\/wp\/v2\/media\/73316"}],"wp:attachment":[{"href":"https:\/\/kibrisdakik.com\/index.php?rest_route=%2Fwp%2Fv2%2Fmedia&parent=73315"}],"wp:term":[{"taxonomy":"category","embeddable":true,"href":"https:\/\/kibrisdakik.com\/index.php?rest_route=%2Fwp%2Fv2%2Fcategories&post=73315"},{"taxonomy":"post_tag","embeddable":true,"href":"https:\/\/kibrisdakik.com\/index.php?rest_route=%2Fwp%2Fv2%2Ftags&post=73315"}],"curies":[{"name":"wp","href":"https:\/\/api.w.org\/{rel}","templated":true}]}}