{"id":7333,"date":"2023-05-21T12:33:07","date_gmt":"2023-05-21T12:33:07","guid":{"rendered":"https:\/\/kibrisdakik.com\/index.php\/2023\/05\/21\/oguzsut-ureticilerimize-ve-sut-imalatcilarimiza-yonelik-destegimiz-devam-edecektir\/"},"modified":"2023-05-21T12:33:07","modified_gmt":"2023-05-21T12:33:07","slug":"oguzsut-ureticilerimize-ve-sut-imalatcilarimiza-yonelik-destegimiz-devam-edecektir","status":"publish","type":"post","link":"https:\/\/kibrisdakik.com\/?p=7333","title":{"rendered":"O\u011fuz:S\u00fct \u00fcreticilerimize ve s\u00fct imalat\u00e7\u0131lar\u0131m\u0131za y\u00f6nelik deste\u011fimiz devam edecektir"},"content":{"rendered":"<p><\/p>\n<div>\n<div class=\"mariselle-image-container center\">\n                <img width=\"1363\" height=\"882\" class=\"lazy-image\" alt=\"\" decoding=\"async\" loading=\"lazy\" sizes=\"auto, (max-width: 1363px) 100vw, 1363px\" src=\"https:\/\/brtk.net\/wp-content\/uploads\/2023\/05\/21\/e-oguz-sut-haftasi.jpg?ver=5947bd8ae26018739c9db51d452cd1da\" srcset=\"https:\/\/brtk.net\/wp-content\/uploads\/2023\/05\/21\/e-oguz-sut-haftasi.jpg?ver=5947bd8ae26018739c9db51d452cd1da 1363w, https:\/\/brtk.net\/wp-content\/uploads\/2023\/05\/21\/e-oguz-sut-haftasi-300x194.jpg?ver=5947bd8ae26018739c9db51d452cd1da 300w, https:\/\/brtk.net\/wp-content\/uploads\/2023\/05\/21\/e-oguz-sut-haftasi-1024x663.jpg?ver=627c7a656defa44c303afe898f868d98 1024w, https:\/\/brtk.net\/wp-content\/uploads\/2023\/05\/21\/e-oguz-sut-haftasi-768x497.jpg?ver=627c7a656defa44c303afe898f868d98 768w\"\/>                            <\/div>\n<p>Tar\u0131m ve Do\u011fal Kaynaklar Bakan\u0131 Dursun O\u011fuz s\u00fct\u00fcn d\u00fcnyada ve <a href=\"https:\/\/brtk.net\/\">KKTC<\/a>\u2019deki \u00f6nemini vurgulayarak, \u00fclkede s\u00fct \u00fcretimin artmas\u0131 ve \u00fcretimin devam\u0131 i\u00e7in hayvan \u00fcreticilerine y\u00f6nelik desteklerin devam etti\u011fini belirtti.<\/p>\n<p>O\u011fuz 21-27 May\u0131s S\u00fct Haftas\u0131 dolay\u0131s\u0131yla mesaj yay\u0131mlad\u0131.<\/p>\n<p>Bakan O\u011fuz\u2019un mesaj\u0131 \u015f\u00f6yle:<\/p>\n<p>\u201cBirle\u015fmi\u015f Milletler Uluslararas\u0131 S\u00fct\u00e7\u00fcl\u00fck Federasyonu\u2019nun 1956 y\u0131l\u0131nda \u2018D\u00fcnya S\u00fct G\u00fcn\u00fc\u2019 b\u00fct\u00fcn \u00fcye \u00fclkelerde kutlanmas\u0131 karar\u0131 ald\u0131. 21 May\u0131s D\u00fcnya S\u00fct G\u00fcn\u00fc\u2019n\u00fcn i\u00e7inde bulundu\u011fu 21 \u2013 27 May\u0131s tarihlerini kapsayan hafta da \u2018S\u00fct Haftas\u0131\u2019 olarak kutlan\u0131yor. S\u00fct, insan sa\u011fl\u0131\u011f\u0131 a\u00e7\u0131s\u0131ndan \u015f\u00fcphesiz b\u00fcy\u00fck \u00f6nem ta\u015f\u0131maktad\u0131r. \u00d6zellikle geli\u015fim \u00e7a\u011f\u0131ndaki \u00e7ocuklar\u0131n kemik geli\u015fiminde ve v\u00fccut \u015feklinin olu\u015fmas\u0131nda temel ta\u015f\u0131 olan kalsiyumun ana kayna\u011f\u0131d\u0131r. S\u00fcte her ya\u015fta bireyin kolayca eri\u015febilmesi \u00e7ok \u00f6nemlidir. \u00c7\u00fcnk\u00fc s\u00fct ve s\u00fct \u00fcr\u00fcnleri i\u00e7erdi\u011fi protein, vitamin ve minerallerle zihinsel geli\u015fimde de \u00f6nemli rol oynamaktad\u0131r.<\/p>\n<p>Tar\u0131m ve Do\u011fal Kaynaklar Bakanl\u0131\u011f\u0131 olarak \u00fclkemizdeki s\u00fct \u00fcretiminin artmas\u0131 y\u00f6n\u00fcnde desteklerimiz devam ederken, s\u00fct \u00fcreticilerimize ve s\u00fct imalat\u00e7\u0131lar\u0131m\u0131za y\u00f6nelik katk\u0131lar\u0131m\u0131z devam etmektedir.<\/p>\n<p>\u00dclkemizde s\u00fct t\u00fcketiminin artmas\u0131 b\u00fcy\u00fck \u00f6nem ta\u015f\u0131maktad\u0131r. Bu ba\u011flamda s\u00fct \u00fcreticilerimizin \u00fcrettikleri s\u00fct\u00fc imalat\u00e7\u0131lar\u0131m\u0131za ula\u015ft\u0131rmada S\u00fct End\u00fcstrisi Kurumu (S\u00dcTEK)\u2019in b\u00fcy\u00fck \u00f6nemi vard\u0131r. S\u00fct End\u00fcstrisi Kurumu; s\u00fct \u00fcreticilerimizi ma\u011fdur etmeden, s\u00fctlerini titizlikle toplayarak imalat\u00e7\u0131lara ula\u015ft\u0131r\u0131lmas\u0131nda \u00f6nemli rol oynamaktad\u0131r. Bakanl\u0131\u011f\u0131m\u0131z, s\u00fct \u00fcretiminden t\u00fcketimine kadar olan t\u00fcm a\u015famalarda g\u0131da denetimlerini de s\u0131k\u0131 bir \u015fekilde s\u00fcrd\u00fcr\u00fclmektedir.<\/p>\n<p>Bakanl\u0131\u011f\u0131m\u0131z bu bilin\u00e7le ortaya koydu\u011fu uygulamalarla; \u00fcretimin devaml\u0131l\u0131\u011f\u0131, sa\u011fl\u0131kl\u0131 \u00fcretimin art\u0131r\u0131lmas\u0131, s\u00fct \u00fcreticilerinin korunmas\u0131, \u00fcretim maliyetlerinin d\u00fc\u015f\u00fcr\u00fclmesi, \u00fcretimin s\u00fcrd\u00fcr\u00fclebilir yap\u0131ya kavu\u015fmas\u0131, hayvan kay\u0131t sisteminin do\u011fru uygulanmas\u0131 ve en \u00f6nemlisi hayvan hastal\u0131klar\u0131yla m\u00fccadele edilmesinde b\u00fcy\u00fck \u00f6nem vermektedir.\u2019\u2019<\/p>\n<\/p><\/div>\n<p><script async\n                    defer\n                    crossorigin=\"anonymous\"\n                    src=\"https:\/\/connect.facebook.net\/tr_TR\/sdk.js#xfbml=1&#038;version=v3.3\"\n            ><\/script><\/p>\n","protected":false},"excerpt":{"rendered":"<p>Tar\u0131m ve Do\u011fal Kaynaklar Bakan\u0131 Dursun O\u011fuz s\u00fct\u00fcn d\u00fcnyada ve KKTC\u2019deki \u00f6nemini vurgulayarak, \u00fclkede s\u00fct \u00fcretimin artmas\u0131 ve \u00fcretimin devam\u0131 i\u00e7in hayvan \u00fcreticilerine y\u00f6nelik desteklerin devam etti\u011fini belirtti. O\u011fuz 21-27 May\u0131s S\u00fct Haftas\u0131 dolay\u0131s\u0131yla mesaj yay\u0131mlad\u0131. Bakan O\u011fuz\u2019un mesaj\u0131 \u015f\u00f6yle: \u201cBirle\u015fmi\u015f Milletler Uluslararas\u0131 S\u00fct\u00e7\u00fcl\u00fck Federasyonu\u2019nun 1956 y\u0131l\u0131nda \u2018D\u00fcnya S\u00fct G\u00fcn\u00fc\u2019 b\u00fct\u00fcn \u00fcye \u00fclkelerde kutlanmas\u0131 karar\u0131<\/p>\n","protected":false},"author":1,"featured_media":7334,"comment_status":"open","ping_status":"open","sticky":false,"template":"","format":"standard","meta":{"footnotes":""},"categories":[1],"tags":[],"class_list":["post-7333","post","type-post","status-publish","format-standard","has-post-thumbnail","hentry","category-gundem"],"yoast_head":"<!-- This site is optimized with the Yoast SEO plugin v27.5 - https:\/\/yoast.com\/product\/yoast-seo-wordpress\/ -->\n<title>O\u011fuz:S\u00fct \u00fcreticilerimize ve s\u00fct imalat\u00e7\u0131lar\u0131m\u0131za y\u00f6nelik deste\u011fimiz devam edecektir -<\/title>\n<meta name=\"robots\" content=\"index, follow, max-snippet:-1, max-image-preview:large, max-video-preview:-1\" \/>\n<link rel=\"canonical\" href=\"https:\/\/kibrisdakik.com\/?p=7333\" \/>\n<meta property=\"og:locale\" content=\"tr_TR\" \/>\n<meta property=\"og:type\" content=\"article\" \/>\n<meta property=\"og:title\" content=\"O\u011fuz:S\u00fct \u00fcreticilerimize ve s\u00fct imalat\u00e7\u0131lar\u0131m\u0131za y\u00f6nelik deste\u011fimiz devam edecektir -\" \/>\n<meta property=\"og:description\" content=\"Tar\u0131m ve Do\u011fal Kaynaklar Bakan\u0131 Dursun O\u011fuz s\u00fct\u00fcn d\u00fcnyada ve KKTC\u2019deki \u00f6nemini vurgulayarak, \u00fclkede s\u00fct \u00fcretimin artmas\u0131 ve \u00fcretimin devam\u0131 i\u00e7in hayvan \u00fcreticilerine y\u00f6nelik desteklerin devam etti\u011fini belirtti. O\u011fuz 21-27 May\u0131s S\u00fct Haftas\u0131 dolay\u0131s\u0131yla mesaj yay\u0131mlad\u0131. Bakan O\u011fuz\u2019un mesaj\u0131 \u015f\u00f6yle: \u201cBirle\u015fmi\u015f Milletler Uluslararas\u0131 S\u00fct\u00e7\u00fcl\u00fck Federasyonu\u2019nun 1956 y\u0131l\u0131nda \u2018D\u00fcnya S\u00fct G\u00fcn\u00fc\u2019 b\u00fct\u00fcn \u00fcye \u00fclkelerde kutlanmas\u0131 karar\u0131\" \/>\n<meta property=\"og:url\" content=\"https:\/\/kibrisdakik.com\/?p=7333\" \/>\n<meta property=\"article:published_time\" content=\"2023-05-21T12:33:07+00:00\" \/>\n<meta property=\"og:image\" content=\"https:\/\/kibrisdakik.com\/wp-content\/uploads\/2023\/05\/e-oguz-sut-haftasi-740x420.jpg\" \/>\n\t<meta property=\"og:image:width\" content=\"1363\" \/>\n\t<meta property=\"og:image:height\" content=\"882\" \/>\n\t<meta property=\"og:image:type\" content=\"image\/jpeg\" \/>\n<meta name=\"author\" content=\"admin\" \/>\n<meta name=\"twitter:card\" content=\"summary_large_image\" \/>\n<meta name=\"twitter:label1\" content=\"Yazan:\" \/>\n\t<meta name=\"twitter:data1\" content=\"admin\" \/>\n\t<meta name=\"twitter:label2\" content=\"Tahmini okuma s\u00fcresi\" \/>\n\t<meta name=\"twitter:data2\" content=\"2 dakika\" \/>\n<script type=\"application\/ld+json\" class=\"yoast-schema-graph\">{\"@context\":\"https:\\\/\\\/schema.org\",\"@graph\":[{\"@type\":\"Article\",\"@id\":\"https:\\\/\\\/kibrisdakik.com\\\/?p=7333#article\",\"isPartOf\":{\"@id\":\"https:\\\/\\\/kibrisdakik.com\\\/?p=7333\"},\"author\":{\"name\":\"admin\",\"@id\":\"https:\\\/\\\/kibrisdakik.com\\\/#\\\/schema\\\/person\\\/9cd9d437bbb44f72b73ba127e06d8e79\"},\"headline\":\"O\u011fuz:S\u00fct \u00fcreticilerimize ve s\u00fct imalat\u00e7\u0131lar\u0131m\u0131za y\u00f6nelik deste\u011fimiz devam edecektir\",\"datePublished\":\"2023-05-21T12:33:07+00:00\",\"mainEntityOfPage\":{\"@id\":\"https:\\\/\\\/kibrisdakik.com\\\/?p=7333\"},\"wordCount\":397,\"commentCount\":0,\"image\":{\"@id\":\"https:\\\/\\\/kibrisdakik.com\\\/?p=7333#primaryimage\"},\"thumbnailUrl\":\"https:\\\/\\\/kibrisdakik.com\\\/wp-content\\\/uploads\\\/2023\\\/05\\\/e-oguz-sut-haftasi-740x420.jpg\",\"articleSection\":[\"G\u00fcndem\"],\"inLanguage\":\"tr\",\"potentialAction\":[{\"@type\":\"CommentAction\",\"name\":\"Comment\",\"target\":[\"https:\\\/\\\/kibrisdakik.com\\\/?p=7333#respond\"]}]},{\"@type\":\"WebPage\",\"@id\":\"https:\\\/\\\/kibrisdakik.com\\\/?p=7333\",\"url\":\"https:\\\/\\\/kibrisdakik.com\\\/?p=7333\",\"name\":\"O\u011fuz:S\u00fct \u00fcreticilerimize ve s\u00fct imalat\u00e7\u0131lar\u0131m\u0131za y\u00f6nelik deste\u011fimiz devam edecektir -\",\"isPartOf\":{\"@id\":\"https:\\\/\\\/kibrisdakik.com\\\/#website\"},\"primaryImageOfPage\":{\"@id\":\"https:\\\/\\\/kibrisdakik.com\\\/?p=7333#primaryimage\"},\"image\":{\"@id\":\"https:\\\/\\\/kibrisdakik.com\\\/?p=7333#primaryimage\"},\"thumbnailUrl\":\"https:\\\/\\\/kibrisdakik.com\\\/wp-content\\\/uploads\\\/2023\\\/05\\\/e-oguz-sut-haftasi-740x420.jpg\",\"datePublished\":\"2023-05-21T12:33:07+00:00\",\"author\":{\"@id\":\"https:\\\/\\\/kibrisdakik.com\\\/#\\\/schema\\\/person\\\/9cd9d437bbb44f72b73ba127e06d8e79\"},\"breadcrumb\":{\"@id\":\"https:\\\/\\\/kibrisdakik.com\\\/?p=7333#breadcrumb\"},\"inLanguage\":\"tr\",\"potentialAction\":[{\"@type\":\"ReadAction\",\"target\":[\"https:\\\/\\\/kibrisdakik.com\\\/?p=7333\"]}]},{\"@type\":\"ImageObject\",\"inLanguage\":\"tr\",\"@id\":\"https:\\\/\\\/kibrisdakik.com\\\/?p=7333#primaryimage\",\"url\":\"https:\\\/\\\/kibrisdakik.com\\\/wp-content\\\/uploads\\\/2023\\\/05\\\/e-oguz-sut-haftasi-740x420.jpg\",\"contentUrl\":\"https:\\\/\\\/kibrisdakik.com\\\/wp-content\\\/uploads\\\/2023\\\/05\\\/e-oguz-sut-haftasi-740x420.jpg\",\"width\":1363,\"height\":882},{\"@type\":\"BreadcrumbList\",\"@id\":\"https:\\\/\\\/kibrisdakik.com\\\/?p=7333#breadcrumb\",\"itemListElement\":[{\"@type\":\"ListItem\",\"position\":1,\"name\":\"Home\",\"item\":\"https:\\\/\\\/kibrisdakik.com\\\/\"},{\"@type\":\"ListItem\",\"position\":2,\"name\":\"O\u011fuz:S\u00fct \u00fcreticilerimize ve s\u00fct imalat\u00e7\u0131lar\u0131m\u0131za y\u00f6nelik deste\u011fimiz devam edecektir\"}]},{\"@type\":\"WebSite\",\"@id\":\"https:\\\/\\\/kibrisdakik.com\\\/#website\",\"url\":\"https:\\\/\\\/kibrisdakik.com\\\/\",\"name\":\"\",\"description\":\"Tam vaktinde haber\",\"potentialAction\":[{\"@type\":\"SearchAction\",\"target\":{\"@type\":\"EntryPoint\",\"urlTemplate\":\"https:\\\/\\\/kibrisdakik.com\\\/?s={search_term_string}\"},\"query-input\":{\"@type\":\"PropertyValueSpecification\",\"valueRequired\":true,\"valueName\":\"search_term_string\"}}],\"inLanguage\":\"tr\"},{\"@type\":\"Person\",\"@id\":\"https:\\\/\\\/kibrisdakik.com\\\/#\\\/schema\\\/person\\\/9cd9d437bbb44f72b73ba127e06d8e79\",\"name\":\"admin\",\"image\":{\"@type\":\"ImageObject\",\"inLanguage\":\"tr\",\"@id\":\"https:\\\/\\\/secure.gravatar.com\\\/avatar\\\/ccc17943b9d660506c869530f897617f7cb1c21a4bf30023f252596d83e1f007?s=96&d=mm&r=g\",\"url\":\"https:\\\/\\\/secure.gravatar.com\\\/avatar\\\/ccc17943b9d660506c869530f897617f7cb1c21a4bf30023f252596d83e1f007?s=96&d=mm&r=g\",\"contentUrl\":\"https:\\\/\\\/secure.gravatar.com\\\/avatar\\\/ccc17943b9d660506c869530f897617f7cb1c21a4bf30023f252596d83e1f007?s=96&d=mm&r=g\",\"caption\":\"admin\"},\"sameAs\":[\"https:\\\/\\\/kibrisdakik.com\"],\"url\":\"https:\\\/\\\/kibrisdakik.com\\\/?author=1\"}]}<\/script>\n<!-- \/ Yoast SEO plugin. -->","yoast_head_json":{"title":"O\u011fuz:S\u00fct \u00fcreticilerimize ve s\u00fct imalat\u00e7\u0131lar\u0131m\u0131za y\u00f6nelik deste\u011fimiz devam edecektir -","robots":{"index":"index","follow":"follow","max-snippet":"max-snippet:-1","max-image-preview":"max-image-preview:large","max-video-preview":"max-video-preview:-1"},"canonical":"https:\/\/kibrisdakik.com\/?p=7333","og_locale":"tr_TR","og_type":"article","og_title":"O\u011fuz:S\u00fct \u00fcreticilerimize ve s\u00fct imalat\u00e7\u0131lar\u0131m\u0131za y\u00f6nelik deste\u011fimiz devam edecektir -","og_description":"Tar\u0131m ve Do\u011fal Kaynaklar Bakan\u0131 Dursun O\u011fuz s\u00fct\u00fcn d\u00fcnyada ve KKTC\u2019deki \u00f6nemini vurgulayarak, \u00fclkede s\u00fct \u00fcretimin artmas\u0131 ve \u00fcretimin devam\u0131 i\u00e7in hayvan \u00fcreticilerine y\u00f6nelik desteklerin devam etti\u011fini belirtti. O\u011fuz 21-27 May\u0131s S\u00fct Haftas\u0131 dolay\u0131s\u0131yla mesaj yay\u0131mlad\u0131. Bakan O\u011fuz\u2019un mesaj\u0131 \u015f\u00f6yle: \u201cBirle\u015fmi\u015f Milletler Uluslararas\u0131 S\u00fct\u00e7\u00fcl\u00fck Federasyonu\u2019nun 1956 y\u0131l\u0131nda \u2018D\u00fcnya S\u00fct G\u00fcn\u00fc\u2019 b\u00fct\u00fcn \u00fcye \u00fclkelerde kutlanmas\u0131 karar\u0131","og_url":"https:\/\/kibrisdakik.com\/?p=7333","article_published_time":"2023-05-21T12:33:07+00:00","og_image":[{"width":1363,"height":882,"url":"https:\/\/kibrisdakik.com\/wp-content\/uploads\/2023\/05\/e-oguz-sut-haftasi-740x420.jpg","type":"image\/jpeg"}],"author":"admin","twitter_card":"summary_large_image","twitter_misc":{"Yazan:":"admin","Tahmini okuma s\u00fcresi":"2 dakika"},"schema":{"@context":"https:\/\/schema.org","@graph":[{"@type":"Article","@id":"https:\/\/kibrisdakik.com\/?p=7333#article","isPartOf":{"@id":"https:\/\/kibrisdakik.com\/?p=7333"},"author":{"name":"admin","@id":"https:\/\/kibrisdakik.com\/#\/schema\/person\/9cd9d437bbb44f72b73ba127e06d8e79"},"headline":"O\u011fuz:S\u00fct \u00fcreticilerimize ve s\u00fct imalat\u00e7\u0131lar\u0131m\u0131za y\u00f6nelik deste\u011fimiz devam edecektir","datePublished":"2023-05-21T12:33:07+00:00","mainEntityOfPage":{"@id":"https:\/\/kibrisdakik.com\/?p=7333"},"wordCount":397,"commentCount":0,"image":{"@id":"https:\/\/kibrisdakik.com\/?p=7333#primaryimage"},"thumbnailUrl":"https:\/\/kibrisdakik.com\/wp-content\/uploads\/2023\/05\/e-oguz-sut-haftasi-740x420.jpg","articleSection":["G\u00fcndem"],"inLanguage":"tr","potentialAction":[{"@type":"CommentAction","name":"Comment","target":["https:\/\/kibrisdakik.com\/?p=7333#respond"]}]},{"@type":"WebPage","@id":"https:\/\/kibrisdakik.com\/?p=7333","url":"https:\/\/kibrisdakik.com\/?p=7333","name":"O\u011fuz:S\u00fct \u00fcreticilerimize ve s\u00fct imalat\u00e7\u0131lar\u0131m\u0131za y\u00f6nelik deste\u011fimiz devam edecektir -","isPartOf":{"@id":"https:\/\/kibrisdakik.com\/#website"},"primaryImageOfPage":{"@id":"https:\/\/kibrisdakik.com\/?p=7333#primaryimage"},"image":{"@id":"https:\/\/kibrisdakik.com\/?p=7333#primaryimage"},"thumbnailUrl":"https:\/\/kibrisdakik.com\/wp-content\/uploads\/2023\/05\/e-oguz-sut-haftasi-740x420.jpg","datePublished":"2023-05-21T12:33:07+00:00","author":{"@id":"https:\/\/kibrisdakik.com\/#\/schema\/person\/9cd9d437bbb44f72b73ba127e06d8e79"},"breadcrumb":{"@id":"https:\/\/kibrisdakik.com\/?p=7333#breadcrumb"},"inLanguage":"tr","potentialAction":[{"@type":"ReadAction","target":["https:\/\/kibrisdakik.com\/?p=7333"]}]},{"@type":"ImageObject","inLanguage":"tr","@id":"https:\/\/kibrisdakik.com\/?p=7333#primaryimage","url":"https:\/\/kibrisdakik.com\/wp-content\/uploads\/2023\/05\/e-oguz-sut-haftasi-740x420.jpg","contentUrl":"https:\/\/kibrisdakik.com\/wp-content\/uploads\/2023\/05\/e-oguz-sut-haftasi-740x420.jpg","width":1363,"height":882},{"@type":"BreadcrumbList","@id":"https:\/\/kibrisdakik.com\/?p=7333#breadcrumb","itemListElement":[{"@type":"ListItem","position":1,"name":"Home","item":"https:\/\/kibrisdakik.com\/"},{"@type":"ListItem","position":2,"name":"O\u011fuz:S\u00fct \u00fcreticilerimize ve s\u00fct imalat\u00e7\u0131lar\u0131m\u0131za y\u00f6nelik deste\u011fimiz devam edecektir"}]},{"@type":"WebSite","@id":"https:\/\/kibrisdakik.com\/#website","url":"https:\/\/kibrisdakik.com\/","name":"","description":"Tam vaktinde haber","potentialAction":[{"@type":"SearchAction","target":{"@type":"EntryPoint","urlTemplate":"https:\/\/kibrisdakik.com\/?s={search_term_string}"},"query-input":{"@type":"PropertyValueSpecification","valueRequired":true,"valueName":"search_term_string"}}],"inLanguage":"tr"},{"@type":"Person","@id":"https:\/\/kibrisdakik.com\/#\/schema\/person\/9cd9d437bbb44f72b73ba127e06d8e79","name":"admin","image":{"@type":"ImageObject","inLanguage":"tr","@id":"https:\/\/secure.gravatar.com\/avatar\/ccc17943b9d660506c869530f897617f7cb1c21a4bf30023f252596d83e1f007?s=96&d=mm&r=g","url":"https:\/\/secure.gravatar.com\/avatar\/ccc17943b9d660506c869530f897617f7cb1c21a4bf30023f252596d83e1f007?s=96&d=mm&r=g","contentUrl":"https:\/\/secure.gravatar.com\/avatar\/ccc17943b9d660506c869530f897617f7cb1c21a4bf30023f252596d83e1f007?s=96&d=mm&r=g","caption":"admin"},"sameAs":["https:\/\/kibrisdakik.com"],"url":"https:\/\/kibrisdakik.com\/?author=1"}]}},"_links":{"self":[{"href":"https:\/\/kibrisdakik.com\/index.php?rest_route=\/wp\/v2\/posts\/7333","targetHints":{"allow":["GET"]}}],"collection":[{"href":"https:\/\/kibrisdakik.com\/index.php?rest_route=\/wp\/v2\/posts"}],"about":[{"href":"https:\/\/kibrisdakik.com\/index.php?rest_route=\/wp\/v2\/types\/post"}],"author":[{"embeddable":true,"href":"https:\/\/kibrisdakik.com\/index.php?rest_route=\/wp\/v2\/users\/1"}],"replies":[{"embeddable":true,"href":"https:\/\/kibrisdakik.com\/index.php?rest_route=%2Fwp%2Fv2%2Fcomments&post=7333"}],"version-history":[{"count":0,"href":"https:\/\/kibrisdakik.com\/index.php?rest_route=\/wp\/v2\/posts\/7333\/revisions"}],"wp:featuredmedia":[{"embeddable":true,"href":"https:\/\/kibrisdakik.com\/index.php?rest_route=\/wp\/v2\/media\/7334"}],"wp:attachment":[{"href":"https:\/\/kibrisdakik.com\/index.php?rest_route=%2Fwp%2Fv2%2Fmedia&parent=7333"}],"wp:term":[{"taxonomy":"category","embeddable":true,"href":"https:\/\/kibrisdakik.com\/index.php?rest_route=%2Fwp%2Fv2%2Fcategories&post=7333"},{"taxonomy":"post_tag","embeddable":true,"href":"https:\/\/kibrisdakik.com\/index.php?rest_route=%2Fwp%2Fv2%2Ftags&post=7333"}],"curies":[{"name":"wp","href":"https:\/\/api.w.org\/{rel}","templated":true}]}}