{"id":73348,"date":"2025-01-11T17:00:12","date_gmt":"2025-01-11T14:00:12","guid":{"rendered":"https:\/\/kibrisdakik.com\/index.php\/2025\/01\/11\/kibris-turk-kultur-dernegi-kucuk-ve-denktasin-olum-yildonumu-nedeniyle-mesaj-yayimladi\/"},"modified":"2025-01-11T17:00:12","modified_gmt":"2025-01-11T14:00:12","slug":"kibris-turk-kultur-dernegi-kucuk-ve-denktasin-olum-yildonumu-nedeniyle-mesaj-yayimladi","status":"publish","type":"post","link":"https:\/\/kibrisdakik.com\/?p=73348","title":{"rendered":"K\u0131br\u0131s T\u00fcrk K\u00fclt\u00fcr Derne\u011fi, K\u00fc\u00e7\u00fck ve Denkta\u015f\u2019\u0131n \u00f6l\u00fcm y\u0131ld\u00f6n\u00fcm\u00fc nedeniyle mesaj yay\u0131mlad\u0131"},"content":{"rendered":"<div>\n<div class=\"mariselle-image-container center\">\n                                            <\/div>\n<p>K\u0131br\u0131s T\u00fcrk K\u00fclt\u00fcr Derne\u011fi, \u00f6zg\u00fcrl\u00fck, ba\u011f\u0131ms\u0131zl\u0131k, egemenlik ve varolu\u015f m\u00fccadelesini her t\u00fcrl\u00fc zorlu\u011fu ra\u011fmen kararl\u0131l\u0131kla s\u00fcrd\u00fcren vatansever, korkusuz K\u0131br\u0131s T\u00fcrk halk\u0131n\u0131n bug\u00fcnlere liderlerine inanarak, g\u00fcvenerek ve zor ko\u015fullarda verdi\u011fi sava\u015flarla ula\u015ft\u0131\u011f\u0131n\u0131 belirtti.<\/p>\n<p>Dernek, \u00d6zg\u00fcrl\u00fck ve Varolu\u015f M\u00fccadelesi Lideri Dr. Faz\u0131l K\u00fc\u00e7\u00fck\u2019\u00fcn \u00f6l\u00fcm\u00fcn\u00fcn 41\u2019inci, Kurucu Cumhurba\u015fkan\u0131 Rauf R. Denkta\u015f\u2019\u0131n \u00f6l\u00fcm\u00fcn\u00fcn 13\u2019\u00fcnc\u00fc y\u0131ld\u00f6n\u00fcm\u00fc nedeniyle mesaj yay\u0131nlad\u0131.<\/p>\n<p>K\u0131br\u0131s T\u00fcrk K\u00fclt\u00fcr Derne\u011fi, yay\u0131mlad\u0131\u011f\u0131 mesajda, K\u0131br\u0131s T\u00fcrk halk\u0131n\u0131n, Rum-Yunan taraf\u0131n\u0131n K\u0131br\u0131s\u2019\u0131n bir Yunan adas\u0131 oldu\u011fu ve K\u0131br\u0131s\u2019\u0131 Yunanistan\u2019a ilhak etmek iddias\u0131yla ba\u015flatt\u0131\u011f\u0131 ter\u00f6r eylemlerine, etnik temizlik sald\u0131r\u0131lar\u0131na kar\u015f\u0131 direnerek ola\u011fan\u00fcst\u00fc bir varolu\u015f sava\u015f\u0131n\u0131, 20 Temmuz 1974 K\u0131br\u0131s T\u00fcrk Bar\u0131\u015f Harek\u00e2t\u0131 ile kazand\u0131\u011f\u0131n\u0131 ve Kuzey K\u0131br\u0131s T\u00fcrk Cumhuriyeti\u2019ni kurdu\u011funu hat\u0131rlatt\u0131.<\/p>\n<p>T\u00fcrk halk\u0131n\u0131n \u00f6nc\u00fc lideri Dr. Faz\u0131l K\u00fc\u00e7\u00fck ve Kuzey K\u0131br\u0131s T\u00fcrk Cumhuriyeti\u2019nin ilan\u0131n\u0131 sa\u011flayan Kurucu Cumhurba\u015fkan\u0131 Rauf R. Denkta\u015f\u2019\u0131n, varolu\u015f, ba\u011f\u0131ms\u0131zl\u0131k ve \u00f6zg\u00fcrl\u00fck sava\u015f\u0131m\u0131z\u0131n sars\u0131lmaz, y\u0131k\u0131lmaz temellerini att\u0131\u011f\u0131n\u0131 belirten dernek, \u015f\u00f6yle devam etti:<\/p>\n<p>\u201cK\u0131br\u0131s Adas\u0131\u2019nda bug\u00fcn, y\u0131k\u0131lamayacak ve varl\u0131\u011f\u0131n\u0131 geli\u015ferek, g\u00fc\u00e7lenerek s\u00fcrd\u00fcren Kuzey K\u0131br\u0131s T\u00fcrk Cumhuriyeti; egemen, ba\u011f\u0131ms\u0131z, \u00f6zg\u00fcr ve g\u00fcven i\u00e7inde ya\u015fayan bir T\u00fcrk halk\u0131 vard\u0131r. Bu ger\u00e7ek durumun ve egemenlik hakk\u0131na, kendi gelece\u011fini belirleme hakk\u0131na sahip olan T\u00fcrk halk\u0131n\u0131n K\u0131br\u0131s\u2019taki varl\u0131\u011f\u0131n\u0131n teminat\u0131, T\u00fcrkiye\u2019nin etkin ve fiili garant\u00f6rl\u00fck hakk\u0131n\u0131n hi\u00e7bir \u015fekilde de\u011fi\u015ftirilmeden, suland\u0131r\u0131lmadan devam\u0131na ba\u011fl\u0131 oldu\u011fu hi\u00e7 g\u00f6zden ka\u00e7\u0131r\u0131lmamal\u0131 ve unutulmamal\u0131d\u0131r. Bug\u00fcnk\u00fc varl\u0131k m\u00fccadelemizin temelini ise Kuzey K\u0131br\u0131s T\u00fcrk Cumhuriyeti\u2019nin egemenli\u011fi, T\u00fcrkiye\u2019nin garanti ve ittifak antla\u015fmalar\u0131 olu\u015fturmaktad\u0131r\u201d<\/p>\n<\/p><\/div>\n<p><script async\n                    defer\n                    crossorigin=\"anonymous\"\n                    src=\"https:\/\/connect.facebook.net\/tr_TR\/sdk.js#xfbml=1&#038;version=v3.3\"\n            ><\/script><\/p>\n","protected":false},"excerpt":{"rendered":"<p>K\u0131br\u0131s T\u00fcrk K\u00fclt\u00fcr Derne\u011fi, \u00f6zg\u00fcrl\u00fck, ba\u011f\u0131ms\u0131zl\u0131k, egemenlik ve varolu\u015f m\u00fccadelesini her t\u00fcrl\u00fc zorlu\u011fu ra\u011fmen kararl\u0131l\u0131kla s\u00fcrd\u00fcren vatansever, korkusuz K\u0131br\u0131s T\u00fcrk halk\u0131n\u0131n bug\u00fcnlere liderlerine inanarak, g\u00fcvenerek ve zor ko\u015fullarda verdi\u011fi sava\u015flarla ula\u015ft\u0131\u011f\u0131n\u0131 belirtti. Dernek, \u00d6zg\u00fcrl\u00fck ve Varolu\u015f M\u00fccadelesi Lideri Dr. Faz\u0131l K\u00fc\u00e7\u00fck\u2019\u00fcn \u00f6l\u00fcm\u00fcn\u00fcn 41\u2019inci, Kurucu Cumhurba\u015fkan\u0131 Rauf R. Denkta\u015f\u2019\u0131n \u00f6l\u00fcm\u00fcn\u00fcn 13\u2019\u00fcnc\u00fc y\u0131ld\u00f6n\u00fcm\u00fc nedeniyle mesaj yay\u0131nlad\u0131. K\u0131br\u0131s<\/p>\n","protected":false},"author":1,"featured_media":73349,"comment_status":"open","ping_status":"open","sticky":false,"template":"","format":"standard","meta":{"footnotes":""},"categories":[81,101],"tags":[],"class_list":["post-73348","post","type-post","status-publish","format-standard","has-post-thumbnail","hentry","category-kibris","category-manset"],"yoast_head":"<!-- This site is optimized with the Yoast SEO plugin v27.4 - https:\/\/yoast.com\/product\/yoast-seo-wordpress\/ -->\n<title>K\u0131br\u0131s T\u00fcrk K\u00fclt\u00fcr Derne\u011fi, K\u00fc\u00e7\u00fck ve Denkta\u015f\u2019\u0131n \u00f6l\u00fcm y\u0131ld\u00f6n\u00fcm\u00fc nedeniyle mesaj yay\u0131mlad\u0131 -<\/title>\n<meta name=\"robots\" content=\"index, follow, max-snippet:-1, max-image-preview:large, max-video-preview:-1\" \/>\n<link rel=\"canonical\" href=\"https:\/\/kibrisdakik.com\/?p=73348\" \/>\n<meta property=\"og:locale\" content=\"tr_TR\" \/>\n<meta property=\"og:type\" content=\"article\" \/>\n<meta property=\"og:title\" content=\"K\u0131br\u0131s T\u00fcrk K\u00fclt\u00fcr Derne\u011fi, K\u00fc\u00e7\u00fck ve Denkta\u015f\u2019\u0131n \u00f6l\u00fcm y\u0131ld\u00f6n\u00fcm\u00fc nedeniyle mesaj yay\u0131mlad\u0131 -\" \/>\n<meta property=\"og:description\" content=\"K\u0131br\u0131s T\u00fcrk K\u00fclt\u00fcr Derne\u011fi, \u00f6zg\u00fcrl\u00fck, ba\u011f\u0131ms\u0131zl\u0131k, egemenlik ve varolu\u015f m\u00fccadelesini her t\u00fcrl\u00fc zorlu\u011fu ra\u011fmen kararl\u0131l\u0131kla s\u00fcrd\u00fcren vatansever, korkusuz K\u0131br\u0131s T\u00fcrk halk\u0131n\u0131n bug\u00fcnlere liderlerine inanarak, g\u00fcvenerek ve zor ko\u015fullarda verdi\u011fi sava\u015flarla ula\u015ft\u0131\u011f\u0131n\u0131 belirtti. Dernek, \u00d6zg\u00fcrl\u00fck ve Varolu\u015f M\u00fccadelesi Lideri Dr. Faz\u0131l K\u00fc\u00e7\u00fck\u2019\u00fcn \u00f6l\u00fcm\u00fcn\u00fcn 41\u2019inci, Kurucu Cumhurba\u015fkan\u0131 Rauf R. Denkta\u015f\u2019\u0131n \u00f6l\u00fcm\u00fcn\u00fcn 13\u2019\u00fcnc\u00fc y\u0131ld\u00f6n\u00fcm\u00fc nedeniyle mesaj yay\u0131nlad\u0131. K\u0131br\u0131s\" \/>\n<meta property=\"og:url\" content=\"https:\/\/kibrisdakik.com\/?p=73348\" \/>\n<meta property=\"article:published_time\" content=\"2025-01-11T14:00:12+00:00\" \/>\n<meta property=\"og:image\" content=\"https:\/\/kibrisdakik.com\/wp-content\/uploads\/2025\/01\/denktas-kucuk.jpg\" \/>\n\t<meta property=\"og:image:width\" content=\"630\" \/>\n\t<meta property=\"og:image:height\" content=\"315\" \/>\n\t<meta property=\"og:image:type\" content=\"image\/jpeg\" \/>\n<meta name=\"author\" content=\"admin\" \/>\n<meta name=\"twitter:card\" content=\"summary_large_image\" \/>\n<meta name=\"twitter:label1\" content=\"Yazan:\" \/>\n\t<meta name=\"twitter:data1\" content=\"admin\" \/>\n\t<meta name=\"twitter:label2\" content=\"Tahmini okuma s\u00fcresi\" \/>\n\t<meta name=\"twitter:data2\" content=\"2 dakika\" \/>\n<script type=\"application\/ld+json\" class=\"yoast-schema-graph\">{\"@context\":\"https:\\\/\\\/schema.org\",\"@graph\":[{\"@type\":\"Article\",\"@id\":\"https:\\\/\\\/kibrisdakik.com\\\/?p=73348#article\",\"isPartOf\":{\"@id\":\"https:\\\/\\\/kibrisdakik.com\\\/?p=73348\"},\"author\":{\"name\":\"admin\",\"@id\":\"https:\\\/\\\/kibrisdakik.com\\\/#\\\/schema\\\/person\\\/9cd9d437bbb44f72b73ba127e06d8e79\"},\"headline\":\"K\u0131br\u0131s T\u00fcrk K\u00fclt\u00fcr Derne\u011fi, K\u00fc\u00e7\u00fck ve Denkta\u015f\u2019\u0131n \u00f6l\u00fcm y\u0131ld\u00f6n\u00fcm\u00fc nedeniyle mesaj yay\u0131mlad\u0131\",\"datePublished\":\"2025-01-11T14:00:12+00:00\",\"mainEntityOfPage\":{\"@id\":\"https:\\\/\\\/kibrisdakik.com\\\/?p=73348\"},\"wordCount\":416,\"commentCount\":0,\"image\":{\"@id\":\"https:\\\/\\\/kibrisdakik.com\\\/?p=73348#primaryimage\"},\"thumbnailUrl\":\"https:\\\/\\\/kibrisdakik.com\\\/wp-content\\\/uploads\\\/2025\\\/01\\\/denktas-kucuk.jpg\",\"articleSection\":[\"K\u0131br\u0131s\",\"Man\u015fet\"],\"inLanguage\":\"tr\",\"potentialAction\":[{\"@type\":\"CommentAction\",\"name\":\"Comment\",\"target\":[\"https:\\\/\\\/kibrisdakik.com\\\/?p=73348#respond\"]}]},{\"@type\":\"WebPage\",\"@id\":\"https:\\\/\\\/kibrisdakik.com\\\/?p=73348\",\"url\":\"https:\\\/\\\/kibrisdakik.com\\\/?p=73348\",\"name\":\"K\u0131br\u0131s T\u00fcrk K\u00fclt\u00fcr Derne\u011fi, K\u00fc\u00e7\u00fck ve Denkta\u015f\u2019\u0131n \u00f6l\u00fcm y\u0131ld\u00f6n\u00fcm\u00fc nedeniyle mesaj yay\u0131mlad\u0131 -\",\"isPartOf\":{\"@id\":\"https:\\\/\\\/kibrisdakik.com\\\/#website\"},\"primaryImageOfPage\":{\"@id\":\"https:\\\/\\\/kibrisdakik.com\\\/?p=73348#primaryimage\"},\"image\":{\"@id\":\"https:\\\/\\\/kibrisdakik.com\\\/?p=73348#primaryimage\"},\"thumbnailUrl\":\"https:\\\/\\\/kibrisdakik.com\\\/wp-content\\\/uploads\\\/2025\\\/01\\\/denktas-kucuk.jpg\",\"datePublished\":\"2025-01-11T14:00:12+00:00\",\"author\":{\"@id\":\"https:\\\/\\\/kibrisdakik.com\\\/#\\\/schema\\\/person\\\/9cd9d437bbb44f72b73ba127e06d8e79\"},\"breadcrumb\":{\"@id\":\"https:\\\/\\\/kibrisdakik.com\\\/?p=73348#breadcrumb\"},\"inLanguage\":\"tr\",\"potentialAction\":[{\"@type\":\"ReadAction\",\"target\":[\"https:\\\/\\\/kibrisdakik.com\\\/?p=73348\"]}]},{\"@type\":\"ImageObject\",\"inLanguage\":\"tr\",\"@id\":\"https:\\\/\\\/kibrisdakik.com\\\/?p=73348#primaryimage\",\"url\":\"https:\\\/\\\/kibrisdakik.com\\\/wp-content\\\/uploads\\\/2025\\\/01\\\/denktas-kucuk.jpg\",\"contentUrl\":\"https:\\\/\\\/kibrisdakik.com\\\/wp-content\\\/uploads\\\/2025\\\/01\\\/denktas-kucuk.jpg\",\"width\":630,\"height\":315},{\"@type\":\"BreadcrumbList\",\"@id\":\"https:\\\/\\\/kibrisdakik.com\\\/?p=73348#breadcrumb\",\"itemListElement\":[{\"@type\":\"ListItem\",\"position\":1,\"name\":\"Home\",\"item\":\"https:\\\/\\\/kibrisdakik.com\\\/\"},{\"@type\":\"ListItem\",\"position\":2,\"name\":\"K\u0131br\u0131s T\u00fcrk K\u00fclt\u00fcr Derne\u011fi, K\u00fc\u00e7\u00fck ve Denkta\u015f\u2019\u0131n \u00f6l\u00fcm y\u0131ld\u00f6n\u00fcm\u00fc nedeniyle mesaj yay\u0131mlad\u0131\"}]},{\"@type\":\"WebSite\",\"@id\":\"https:\\\/\\\/kibrisdakik.com\\\/#website\",\"url\":\"https:\\\/\\\/kibrisdakik.com\\\/\",\"name\":\"\",\"description\":\"Tam vaktinde haber\",\"potentialAction\":[{\"@type\":\"SearchAction\",\"target\":{\"@type\":\"EntryPoint\",\"urlTemplate\":\"https:\\\/\\\/kibrisdakik.com\\\/?s={search_term_string}\"},\"query-input\":{\"@type\":\"PropertyValueSpecification\",\"valueRequired\":true,\"valueName\":\"search_term_string\"}}],\"inLanguage\":\"tr\"},{\"@type\":\"Person\",\"@id\":\"https:\\\/\\\/kibrisdakik.com\\\/#\\\/schema\\\/person\\\/9cd9d437bbb44f72b73ba127e06d8e79\",\"name\":\"admin\",\"image\":{\"@type\":\"ImageObject\",\"inLanguage\":\"tr\",\"@id\":\"https:\\\/\\\/secure.gravatar.com\\\/avatar\\\/ccc17943b9d660506c869530f897617f7cb1c21a4bf30023f252596d83e1f007?s=96&d=mm&r=g\",\"url\":\"https:\\\/\\\/secure.gravatar.com\\\/avatar\\\/ccc17943b9d660506c869530f897617f7cb1c21a4bf30023f252596d83e1f007?s=96&d=mm&r=g\",\"contentUrl\":\"https:\\\/\\\/secure.gravatar.com\\\/avatar\\\/ccc17943b9d660506c869530f897617f7cb1c21a4bf30023f252596d83e1f007?s=96&d=mm&r=g\",\"caption\":\"admin\"},\"sameAs\":[\"https:\\\/\\\/kibrisdakik.com\"],\"url\":\"https:\\\/\\\/kibrisdakik.com\\\/?author=1\"}]}<\/script>\n<!-- \/ Yoast SEO plugin. -->","yoast_head_json":{"title":"K\u0131br\u0131s T\u00fcrk K\u00fclt\u00fcr Derne\u011fi, K\u00fc\u00e7\u00fck ve Denkta\u015f\u2019\u0131n \u00f6l\u00fcm y\u0131ld\u00f6n\u00fcm\u00fc nedeniyle mesaj yay\u0131mlad\u0131 -","robots":{"index":"index","follow":"follow","max-snippet":"max-snippet:-1","max-image-preview":"max-image-preview:large","max-video-preview":"max-video-preview:-1"},"canonical":"https:\/\/kibrisdakik.com\/?p=73348","og_locale":"tr_TR","og_type":"article","og_title":"K\u0131br\u0131s T\u00fcrk K\u00fclt\u00fcr Derne\u011fi, K\u00fc\u00e7\u00fck ve Denkta\u015f\u2019\u0131n \u00f6l\u00fcm y\u0131ld\u00f6n\u00fcm\u00fc nedeniyle mesaj yay\u0131mlad\u0131 -","og_description":"K\u0131br\u0131s T\u00fcrk K\u00fclt\u00fcr Derne\u011fi, \u00f6zg\u00fcrl\u00fck, ba\u011f\u0131ms\u0131zl\u0131k, egemenlik ve varolu\u015f m\u00fccadelesini her t\u00fcrl\u00fc zorlu\u011fu ra\u011fmen kararl\u0131l\u0131kla s\u00fcrd\u00fcren vatansever, korkusuz K\u0131br\u0131s T\u00fcrk halk\u0131n\u0131n bug\u00fcnlere liderlerine inanarak, g\u00fcvenerek ve zor ko\u015fullarda verdi\u011fi sava\u015flarla ula\u015ft\u0131\u011f\u0131n\u0131 belirtti. Dernek, \u00d6zg\u00fcrl\u00fck ve Varolu\u015f M\u00fccadelesi Lideri Dr. Faz\u0131l K\u00fc\u00e7\u00fck\u2019\u00fcn \u00f6l\u00fcm\u00fcn\u00fcn 41\u2019inci, Kurucu Cumhurba\u015fkan\u0131 Rauf R. Denkta\u015f\u2019\u0131n \u00f6l\u00fcm\u00fcn\u00fcn 13\u2019\u00fcnc\u00fc y\u0131ld\u00f6n\u00fcm\u00fc nedeniyle mesaj yay\u0131nlad\u0131. K\u0131br\u0131s","og_url":"https:\/\/kibrisdakik.com\/?p=73348","article_published_time":"2025-01-11T14:00:12+00:00","og_image":[{"width":630,"height":315,"url":"https:\/\/kibrisdakik.com\/wp-content\/uploads\/2025\/01\/denktas-kucuk.jpg","type":"image\/jpeg"}],"author":"admin","twitter_card":"summary_large_image","twitter_misc":{"Yazan:":"admin","Tahmini okuma s\u00fcresi":"2 dakika"},"schema":{"@context":"https:\/\/schema.org","@graph":[{"@type":"Article","@id":"https:\/\/kibrisdakik.com\/?p=73348#article","isPartOf":{"@id":"https:\/\/kibrisdakik.com\/?p=73348"},"author":{"name":"admin","@id":"https:\/\/kibrisdakik.com\/#\/schema\/person\/9cd9d437bbb44f72b73ba127e06d8e79"},"headline":"K\u0131br\u0131s T\u00fcrk K\u00fclt\u00fcr Derne\u011fi, K\u00fc\u00e7\u00fck ve Denkta\u015f\u2019\u0131n \u00f6l\u00fcm y\u0131ld\u00f6n\u00fcm\u00fc nedeniyle mesaj yay\u0131mlad\u0131","datePublished":"2025-01-11T14:00:12+00:00","mainEntityOfPage":{"@id":"https:\/\/kibrisdakik.com\/?p=73348"},"wordCount":416,"commentCount":0,"image":{"@id":"https:\/\/kibrisdakik.com\/?p=73348#primaryimage"},"thumbnailUrl":"https:\/\/kibrisdakik.com\/wp-content\/uploads\/2025\/01\/denktas-kucuk.jpg","articleSection":["K\u0131br\u0131s","Man\u015fet"],"inLanguage":"tr","potentialAction":[{"@type":"CommentAction","name":"Comment","target":["https:\/\/kibrisdakik.com\/?p=73348#respond"]}]},{"@type":"WebPage","@id":"https:\/\/kibrisdakik.com\/?p=73348","url":"https:\/\/kibrisdakik.com\/?p=73348","name":"K\u0131br\u0131s T\u00fcrk K\u00fclt\u00fcr Derne\u011fi, K\u00fc\u00e7\u00fck ve Denkta\u015f\u2019\u0131n \u00f6l\u00fcm y\u0131ld\u00f6n\u00fcm\u00fc nedeniyle mesaj yay\u0131mlad\u0131 -","isPartOf":{"@id":"https:\/\/kibrisdakik.com\/#website"},"primaryImageOfPage":{"@id":"https:\/\/kibrisdakik.com\/?p=73348#primaryimage"},"image":{"@id":"https:\/\/kibrisdakik.com\/?p=73348#primaryimage"},"thumbnailUrl":"https:\/\/kibrisdakik.com\/wp-content\/uploads\/2025\/01\/denktas-kucuk.jpg","datePublished":"2025-01-11T14:00:12+00:00","author":{"@id":"https:\/\/kibrisdakik.com\/#\/schema\/person\/9cd9d437bbb44f72b73ba127e06d8e79"},"breadcrumb":{"@id":"https:\/\/kibrisdakik.com\/?p=73348#breadcrumb"},"inLanguage":"tr","potentialAction":[{"@type":"ReadAction","target":["https:\/\/kibrisdakik.com\/?p=73348"]}]},{"@type":"ImageObject","inLanguage":"tr","@id":"https:\/\/kibrisdakik.com\/?p=73348#primaryimage","url":"https:\/\/kibrisdakik.com\/wp-content\/uploads\/2025\/01\/denktas-kucuk.jpg","contentUrl":"https:\/\/kibrisdakik.com\/wp-content\/uploads\/2025\/01\/denktas-kucuk.jpg","width":630,"height":315},{"@type":"BreadcrumbList","@id":"https:\/\/kibrisdakik.com\/?p=73348#breadcrumb","itemListElement":[{"@type":"ListItem","position":1,"name":"Home","item":"https:\/\/kibrisdakik.com\/"},{"@type":"ListItem","position":2,"name":"K\u0131br\u0131s T\u00fcrk K\u00fclt\u00fcr Derne\u011fi, K\u00fc\u00e7\u00fck ve Denkta\u015f\u2019\u0131n \u00f6l\u00fcm y\u0131ld\u00f6n\u00fcm\u00fc nedeniyle mesaj yay\u0131mlad\u0131"}]},{"@type":"WebSite","@id":"https:\/\/kibrisdakik.com\/#website","url":"https:\/\/kibrisdakik.com\/","name":"","description":"Tam vaktinde haber","potentialAction":[{"@type":"SearchAction","target":{"@type":"EntryPoint","urlTemplate":"https:\/\/kibrisdakik.com\/?s={search_term_string}"},"query-input":{"@type":"PropertyValueSpecification","valueRequired":true,"valueName":"search_term_string"}}],"inLanguage":"tr"},{"@type":"Person","@id":"https:\/\/kibrisdakik.com\/#\/schema\/person\/9cd9d437bbb44f72b73ba127e06d8e79","name":"admin","image":{"@type":"ImageObject","inLanguage":"tr","@id":"https:\/\/secure.gravatar.com\/avatar\/ccc17943b9d660506c869530f897617f7cb1c21a4bf30023f252596d83e1f007?s=96&d=mm&r=g","url":"https:\/\/secure.gravatar.com\/avatar\/ccc17943b9d660506c869530f897617f7cb1c21a4bf30023f252596d83e1f007?s=96&d=mm&r=g","contentUrl":"https:\/\/secure.gravatar.com\/avatar\/ccc17943b9d660506c869530f897617f7cb1c21a4bf30023f252596d83e1f007?s=96&d=mm&r=g","caption":"admin"},"sameAs":["https:\/\/kibrisdakik.com"],"url":"https:\/\/kibrisdakik.com\/?author=1"}]}},"_links":{"self":[{"href":"https:\/\/kibrisdakik.com\/index.php?rest_route=\/wp\/v2\/posts\/73348","targetHints":{"allow":["GET"]}}],"collection":[{"href":"https:\/\/kibrisdakik.com\/index.php?rest_route=\/wp\/v2\/posts"}],"about":[{"href":"https:\/\/kibrisdakik.com\/index.php?rest_route=\/wp\/v2\/types\/post"}],"author":[{"embeddable":true,"href":"https:\/\/kibrisdakik.com\/index.php?rest_route=\/wp\/v2\/users\/1"}],"replies":[{"embeddable":true,"href":"https:\/\/kibrisdakik.com\/index.php?rest_route=%2Fwp%2Fv2%2Fcomments&post=73348"}],"version-history":[{"count":0,"href":"https:\/\/kibrisdakik.com\/index.php?rest_route=\/wp\/v2\/posts\/73348\/revisions"}],"wp:featuredmedia":[{"embeddable":true,"href":"https:\/\/kibrisdakik.com\/index.php?rest_route=\/wp\/v2\/media\/73349"}],"wp:attachment":[{"href":"https:\/\/kibrisdakik.com\/index.php?rest_route=%2Fwp%2Fv2%2Fmedia&parent=73348"}],"wp:term":[{"taxonomy":"category","embeddable":true,"href":"https:\/\/kibrisdakik.com\/index.php?rest_route=%2Fwp%2Fv2%2Fcategories&post=73348"},{"taxonomy":"post_tag","embeddable":true,"href":"https:\/\/kibrisdakik.com\/index.php?rest_route=%2Fwp%2Fv2%2Ftags&post=73348"}],"curies":[{"name":"wp","href":"https:\/\/api.w.org\/{rel}","templated":true}]}}