{"id":73381,"date":"2025-01-12T15:37:09","date_gmt":"2025-01-12T12:37:09","guid":{"rendered":"https:\/\/kibrisdakik.com\/index.php\/2025\/01\/12\/meclis-baskani-ozturkler-sehit-aileleri-ve-malul-gaziler-dernegini-kabul-etti\/"},"modified":"2025-01-12T15:37:09","modified_gmt":"2025-01-12T12:37:09","slug":"meclis-baskani-ozturkler-sehit-aileleri-ve-malul-gaziler-dernegini-kabul-etti","status":"publish","type":"post","link":"https:\/\/kibrisdakik.com\/?p=73381","title":{"rendered":"Meclis Ba\u015fkan\u0131 \u00d6zt\u00fcrkler \u015eehit Aileleri ve Mal\u00fcl Gaziler Derne\u011fini kabul etti"},"content":{"rendered":"<div>\n<div class=\"mariselle-image-container center\">\n                                            <\/div>\n<p>Cumhuriyet Meclisi Ba\u015fkan\u0131 Ziya \u00d6zt\u00fcrkler, \u015eehit Aileleri ve Mal\u00fcl Gaziler Derne\u011fi Ba\u015fkan\u0131 G\u00fcrsel Benan ba\u015fkanl\u0131\u011f\u0131ndaki heyeti kabul etti. <\/p>\n<p>Ba\u015fkan \u00d6zt\u00fcrkler kabulde yapt\u0131\u011f\u0131 konu\u015fmada, K\u0131br\u0131s T\u00fcrk\u00fcn\u00fcn bu topraklarda ya\u015famas\u0131 ve bayra\u011f\u0131n\u0131n \u00f6zg\u00fcrce dalgalanabilmesi i\u00e7in \u015fehitlerin g\u00f6stermi\u015f oldu\u011fu fedakarl\u0131klar\u0131n, asla unutulmayaca\u011f\u0131n\u0131 s\u00f6yledi.<\/p>\n<div class=\"mariselle-image-container center\">\n                <img loading=\"lazy\" decoding=\"async\" width=\"1600\" height=\"1066\" class=\"lazy-image\" alt=\"\" sizes=\"auto, (max-width: 1600px) 100vw, 1600px\" src=\"https:\/\/brtk.net\/wp-content\/uploads\/2025\/01\/12\/1736676055666Ozturkler-3.jpg?ver=a8f89df1f916b8027e735780cad5763c\" srcset=\"https:\/\/brtk.net\/wp-content\/uploads\/2025\/01\/12\/1736676055666Ozturkler-3.jpg?ver=a8f89df1f916b8027e735780cad5763c 1600w, https:\/\/brtk.net\/wp-content\/uploads\/2025\/01\/12\/1736676055666Ozturkler-3-300x200.jpg?ver=5032f205d972d5a5989245a70b51e0f8 300w, https:\/\/brtk.net\/wp-content\/uploads\/2025\/01\/12\/1736676055666Ozturkler-3-1024x682.jpg?ver=37f4b5b9ec8509a4282bb637d2b86516 1024w, https:\/\/brtk.net\/wp-content\/uploads\/2025\/01\/12\/1736676055666Ozturkler-3-768x512.jpg?ver=37f4b5b9ec8509a4282bb637d2b86516 768w, https:\/\/brtk.net\/wp-content\/uploads\/2025\/01\/12\/1736676055666Ozturkler-3-1536x1023.jpg?ver=f84e359a6f43380a557a529a07d44e0e 1536w\"\/>                            <\/div>\n<p>Merhum babas\u0131n\u0131n T\u00fcrkiye\u2019de Harbiye\u2019ye e\u011fitime giden ilk komutanlardan oldu\u011funu an\u0131msatan Ba\u015fkan \u00d6zt\u00fcrkler, 1960 olaylar\u0131n\u0131 ya\u015fam\u0131\u015f ve 1974\u2019te sava\u015fm\u0131\u015f bir ailenin ferdi oldu\u011funu vurgulad\u0131.<\/p>\n<p>\u015eehitlere ve \u015fehit ailelerine sahip \u00e7\u0131kman\u0131n her K\u0131br\u0131sl\u0131 T\u00fcrk\u00fcn g\u00f6revi oldu\u011funu kaydeden \u00d6zt\u00fcrkler, \u0130\u00e7i\u015fleri Bakan\u0131 oldu\u011fu d\u00f6nemde \u015fehit ailelerine verilen arsalar\u0131n eksikliklerinin tamamlanmas\u0131 ad\u0131na b\u00fcy\u00fck bir hassasiyet g\u00f6sterdi\u011fini an\u0131msatt\u0131.<\/p>\n<p>\u015eehit Aileleri ve Mal\u00fcl Gaziler Derne\u011fi Ba\u015fkan\u0131 G\u00fcrsel Benan ise Ba\u015fkan \u00d6zt\u00fcrkler\u2019e yeni g\u00f6revinde ba\u015far\u0131lar diledi.<\/p>\n<div class=\"mariselle-image-container center\">\n                <img loading=\"lazy\" decoding=\"async\" width=\"1600\" height=\"1066\" class=\"lazy-image\" alt=\"\" sizes=\"auto, (max-width: 1600px) 100vw, 1600px\" src=\"https:\/\/brtk.net\/wp-content\/uploads\/2025\/01\/12\/1736676055662Ozturkler-2.jpg?ver=8c1bbb309f7a67fb2498ce6d995ab084\" srcset=\"https:\/\/brtk.net\/wp-content\/uploads\/2025\/01\/12\/1736676055662Ozturkler-2.jpg?ver=8c1bbb309f7a67fb2498ce6d995ab084 1600w, https:\/\/brtk.net\/wp-content\/uploads\/2025\/01\/12\/1736676055662Ozturkler-2-300x200.jpg?ver=8c1bbb309f7a67fb2498ce6d995ab084 300w, https:\/\/brtk.net\/wp-content\/uploads\/2025\/01\/12\/1736676055662Ozturkler-2-1024x682.jpg?ver=d8f4932947c6b6543e979c39e95fcbf4 1024w, https:\/\/brtk.net\/wp-content\/uploads\/2025\/01\/12\/1736676055662Ozturkler-2-768x512.jpg?ver=d8f4932947c6b6543e979c39e95fcbf4 768w, https:\/\/brtk.net\/wp-content\/uploads\/2025\/01\/12\/1736676055662Ozturkler-2-1536x1023.jpg?ver=41d9ef51cc1c6987651aad1c2944efd8 1536w\"\/>                            <\/div>\n<p>Benan, \u00d6zt\u00fcrkler\u2019le \u0130\u00e7i\u015fleri Bakanl\u0131\u011f\u0131 d\u00f6neminden beri tam bir uyum i\u00e7erisinde  \u00e7al\u0131\u015ft\u0131klar\u0131n\u0131, \u0130\u00e7i\u015fleri Bakanl\u0131\u011f\u0131 g\u00f6revinde yapm\u0131\u015f oldu\u011fu k\u0131ymetli \u00e7al\u0131\u015fmalar\u0131 Meclis\u2019te de yapaca\u011f\u0131na olan inanc\u0131n\u0131 dile getirdi.<\/p>\n<p>Kabulde dernek yetkilileri taraf\u0131ndan Ba\u015fkan \u00d6zt\u00fcrkler\u2019e yeni bask\u0131s\u0131 yap\u0131lan \u015fehitler alb\u00fcm\u00fc de takdim edildi.<\/p>\n<\/p><\/div>\n<p><script async\n                    defer\n                    crossorigin=\"anonymous\"\n                    src=\"https:\/\/connect.facebook.net\/tr_TR\/sdk.js#xfbml=1&#038;version=v3.3\"\n            ><\/script><\/p>\n","protected":false},"excerpt":{"rendered":"<p>Cumhuriyet Meclisi Ba\u015fkan\u0131 Ziya \u00d6zt\u00fcrkler, \u015eehit Aileleri ve Mal\u00fcl Gaziler Derne\u011fi Ba\u015fkan\u0131 G\u00fcrsel Benan ba\u015fkanl\u0131\u011f\u0131ndaki heyeti kabul etti. Ba\u015fkan \u00d6zt\u00fcrkler kabulde yapt\u0131\u011f\u0131 konu\u015fmada, K\u0131br\u0131s T\u00fcrk\u00fcn\u00fcn bu topraklarda ya\u015famas\u0131 ve bayra\u011f\u0131n\u0131n \u00f6zg\u00fcrce dalgalanabilmesi i\u00e7in \u015fehitlerin g\u00f6stermi\u015f oldu\u011fu fedakarl\u0131klar\u0131n, asla unutulmayaca\u011f\u0131n\u0131 s\u00f6yledi. Merhum babas\u0131n\u0131n T\u00fcrkiye\u2019de Harbiye\u2019ye e\u011fitime giden ilk komutanlardan oldu\u011funu an\u0131msatan Ba\u015fkan \u00d6zt\u00fcrkler, 1960 olaylar\u0131n\u0131 ya\u015fam\u0131\u015f<\/p>\n","protected":false},"author":1,"featured_media":73382,"comment_status":"open","ping_status":"open","sticky":false,"template":"","format":"standard","meta":{"footnotes":""},"categories":[81,101],"tags":[],"class_list":["post-73381","post","type-post","status-publish","format-standard","has-post-thumbnail","hentry","category-kibris","category-manset"],"yoast_head":"<!-- This site is optimized with the Yoast SEO plugin v27.5 - https:\/\/yoast.com\/product\/yoast-seo-wordpress\/ -->\n<title>Meclis Ba\u015fkan\u0131 \u00d6zt\u00fcrkler \u015eehit Aileleri ve Mal\u00fcl Gaziler Derne\u011fini kabul etti -<\/title>\n<meta name=\"robots\" content=\"index, follow, max-snippet:-1, max-image-preview:large, max-video-preview:-1\" \/>\n<link rel=\"canonical\" href=\"https:\/\/kibrisdakik.com\/?p=73381\" \/>\n<meta property=\"og:locale\" content=\"tr_TR\" \/>\n<meta property=\"og:type\" content=\"article\" \/>\n<meta property=\"og:title\" content=\"Meclis Ba\u015fkan\u0131 \u00d6zt\u00fcrkler \u015eehit Aileleri ve Mal\u00fcl Gaziler Derne\u011fini kabul etti -\" \/>\n<meta property=\"og:description\" content=\"Cumhuriyet Meclisi Ba\u015fkan\u0131 Ziya \u00d6zt\u00fcrkler, \u015eehit Aileleri ve Mal\u00fcl Gaziler Derne\u011fi Ba\u015fkan\u0131 G\u00fcrsel Benan ba\u015fkanl\u0131\u011f\u0131ndaki heyeti kabul etti. Ba\u015fkan \u00d6zt\u00fcrkler kabulde yapt\u0131\u011f\u0131 konu\u015fmada, K\u0131br\u0131s T\u00fcrk\u00fcn\u00fcn bu topraklarda ya\u015famas\u0131 ve bayra\u011f\u0131n\u0131n \u00f6zg\u00fcrce dalgalanabilmesi i\u00e7in \u015fehitlerin g\u00f6stermi\u015f oldu\u011fu fedakarl\u0131klar\u0131n, asla unutulmayaca\u011f\u0131n\u0131 s\u00f6yledi. Merhum babas\u0131n\u0131n T\u00fcrkiye\u2019de Harbiye\u2019ye e\u011fitime giden ilk komutanlardan oldu\u011funu an\u0131msatan Ba\u015fkan \u00d6zt\u00fcrkler, 1960 olaylar\u0131n\u0131 ya\u015fam\u0131\u015f\" \/>\n<meta property=\"og:url\" content=\"https:\/\/kibrisdakik.com\/?p=73381\" \/>\n<meta property=\"article:published_time\" content=\"2025-01-12T12:37:09+00:00\" \/>\n<meta property=\"og:image\" content=\"https:\/\/kibrisdakik.com\/wp-content\/uploads\/2025\/01\/1736676055668Ozturkler-1-740x420.jpg\" \/>\n\t<meta property=\"og:image:width\" content=\"1600\" \/>\n\t<meta property=\"og:image:height\" content=\"1066\" \/>\n\t<meta property=\"og:image:type\" content=\"image\/jpeg\" \/>\n<meta name=\"author\" content=\"admin\" \/>\n<meta name=\"twitter:card\" content=\"summary_large_image\" \/>\n<meta name=\"twitter:label1\" content=\"Yazan:\" \/>\n\t<meta name=\"twitter:data1\" content=\"admin\" \/>\n\t<meta name=\"twitter:label2\" content=\"Tahmini okuma s\u00fcresi\" \/>\n\t<meta name=\"twitter:data2\" content=\"1 dakika\" \/>\n<script type=\"application\/ld+json\" class=\"yoast-schema-graph\">{\"@context\":\"https:\\\/\\\/schema.org\",\"@graph\":[{\"@type\":\"Article\",\"@id\":\"https:\\\/\\\/kibrisdakik.com\\\/?p=73381#article\",\"isPartOf\":{\"@id\":\"https:\\\/\\\/kibrisdakik.com\\\/?p=73381\"},\"author\":{\"name\":\"admin\",\"@id\":\"https:\\\/\\\/kibrisdakik.com\\\/#\\\/schema\\\/person\\\/9cd9d437bbb44f72b73ba127e06d8e79\"},\"headline\":\"Meclis Ba\u015fkan\u0131 \u00d6zt\u00fcrkler \u015eehit Aileleri ve Mal\u00fcl Gaziler Derne\u011fini kabul etti\",\"datePublished\":\"2025-01-12T12:37:09+00:00\",\"mainEntityOfPage\":{\"@id\":\"https:\\\/\\\/kibrisdakik.com\\\/?p=73381\"},\"wordCount\":253,\"commentCount\":0,\"image\":{\"@id\":\"https:\\\/\\\/kibrisdakik.com\\\/?p=73381#primaryimage\"},\"thumbnailUrl\":\"https:\\\/\\\/kibrisdakik.com\\\/wp-content\\\/uploads\\\/2025\\\/01\\\/1736676055668Ozturkler-1-740x420.jpg\",\"articleSection\":[\"K\u0131br\u0131s\",\"Man\u015fet\"],\"inLanguage\":\"tr\",\"potentialAction\":[{\"@type\":\"CommentAction\",\"name\":\"Comment\",\"target\":[\"https:\\\/\\\/kibrisdakik.com\\\/?p=73381#respond\"]}]},{\"@type\":\"WebPage\",\"@id\":\"https:\\\/\\\/kibrisdakik.com\\\/?p=73381\",\"url\":\"https:\\\/\\\/kibrisdakik.com\\\/?p=73381\",\"name\":\"Meclis Ba\u015fkan\u0131 \u00d6zt\u00fcrkler \u015eehit Aileleri ve Mal\u00fcl Gaziler Derne\u011fini kabul etti -\",\"isPartOf\":{\"@id\":\"https:\\\/\\\/kibrisdakik.com\\\/#website\"},\"primaryImageOfPage\":{\"@id\":\"https:\\\/\\\/kibrisdakik.com\\\/?p=73381#primaryimage\"},\"image\":{\"@id\":\"https:\\\/\\\/kibrisdakik.com\\\/?p=73381#primaryimage\"},\"thumbnailUrl\":\"https:\\\/\\\/kibrisdakik.com\\\/wp-content\\\/uploads\\\/2025\\\/01\\\/1736676055668Ozturkler-1-740x420.jpg\",\"datePublished\":\"2025-01-12T12:37:09+00:00\",\"author\":{\"@id\":\"https:\\\/\\\/kibrisdakik.com\\\/#\\\/schema\\\/person\\\/9cd9d437bbb44f72b73ba127e06d8e79\"},\"breadcrumb\":{\"@id\":\"https:\\\/\\\/kibrisdakik.com\\\/?p=73381#breadcrumb\"},\"inLanguage\":\"tr\",\"potentialAction\":[{\"@type\":\"ReadAction\",\"target\":[\"https:\\\/\\\/kibrisdakik.com\\\/?p=73381\"]}]},{\"@type\":\"ImageObject\",\"inLanguage\":\"tr\",\"@id\":\"https:\\\/\\\/kibrisdakik.com\\\/?p=73381#primaryimage\",\"url\":\"https:\\\/\\\/kibrisdakik.com\\\/wp-content\\\/uploads\\\/2025\\\/01\\\/1736676055668Ozturkler-1-740x420.jpg\",\"contentUrl\":\"https:\\\/\\\/kibrisdakik.com\\\/wp-content\\\/uploads\\\/2025\\\/01\\\/1736676055668Ozturkler-1-740x420.jpg\",\"width\":1600,\"height\":1066},{\"@type\":\"BreadcrumbList\",\"@id\":\"https:\\\/\\\/kibrisdakik.com\\\/?p=73381#breadcrumb\",\"itemListElement\":[{\"@type\":\"ListItem\",\"position\":1,\"name\":\"Home\",\"item\":\"https:\\\/\\\/kibrisdakik.com\\\/\"},{\"@type\":\"ListItem\",\"position\":2,\"name\":\"Meclis Ba\u015fkan\u0131 \u00d6zt\u00fcrkler \u015eehit Aileleri ve Mal\u00fcl Gaziler Derne\u011fini kabul etti\"}]},{\"@type\":\"WebSite\",\"@id\":\"https:\\\/\\\/kibrisdakik.com\\\/#website\",\"url\":\"https:\\\/\\\/kibrisdakik.com\\\/\",\"name\":\"\",\"description\":\"Tam vaktinde haber\",\"potentialAction\":[{\"@type\":\"SearchAction\",\"target\":{\"@type\":\"EntryPoint\",\"urlTemplate\":\"https:\\\/\\\/kibrisdakik.com\\\/?s={search_term_string}\"},\"query-input\":{\"@type\":\"PropertyValueSpecification\",\"valueRequired\":true,\"valueName\":\"search_term_string\"}}],\"inLanguage\":\"tr\"},{\"@type\":\"Person\",\"@id\":\"https:\\\/\\\/kibrisdakik.com\\\/#\\\/schema\\\/person\\\/9cd9d437bbb44f72b73ba127e06d8e79\",\"name\":\"admin\",\"image\":{\"@type\":\"ImageObject\",\"inLanguage\":\"tr\",\"@id\":\"https:\\\/\\\/secure.gravatar.com\\\/avatar\\\/ccc17943b9d660506c869530f897617f7cb1c21a4bf30023f252596d83e1f007?s=96&d=mm&r=g\",\"url\":\"https:\\\/\\\/secure.gravatar.com\\\/avatar\\\/ccc17943b9d660506c869530f897617f7cb1c21a4bf30023f252596d83e1f007?s=96&d=mm&r=g\",\"contentUrl\":\"https:\\\/\\\/secure.gravatar.com\\\/avatar\\\/ccc17943b9d660506c869530f897617f7cb1c21a4bf30023f252596d83e1f007?s=96&d=mm&r=g\",\"caption\":\"admin\"},\"sameAs\":[\"https:\\\/\\\/kibrisdakik.com\"],\"url\":\"https:\\\/\\\/kibrisdakik.com\\\/?author=1\"}]}<\/script>\n<!-- \/ Yoast SEO plugin. -->","yoast_head_json":{"title":"Meclis Ba\u015fkan\u0131 \u00d6zt\u00fcrkler \u015eehit Aileleri ve Mal\u00fcl Gaziler Derne\u011fini kabul etti -","robots":{"index":"index","follow":"follow","max-snippet":"max-snippet:-1","max-image-preview":"max-image-preview:large","max-video-preview":"max-video-preview:-1"},"canonical":"https:\/\/kibrisdakik.com\/?p=73381","og_locale":"tr_TR","og_type":"article","og_title":"Meclis Ba\u015fkan\u0131 \u00d6zt\u00fcrkler \u015eehit Aileleri ve Mal\u00fcl Gaziler Derne\u011fini kabul etti -","og_description":"Cumhuriyet Meclisi Ba\u015fkan\u0131 Ziya \u00d6zt\u00fcrkler, \u015eehit Aileleri ve Mal\u00fcl Gaziler Derne\u011fi Ba\u015fkan\u0131 G\u00fcrsel Benan ba\u015fkanl\u0131\u011f\u0131ndaki heyeti kabul etti. Ba\u015fkan \u00d6zt\u00fcrkler kabulde yapt\u0131\u011f\u0131 konu\u015fmada, K\u0131br\u0131s T\u00fcrk\u00fcn\u00fcn bu topraklarda ya\u015famas\u0131 ve bayra\u011f\u0131n\u0131n \u00f6zg\u00fcrce dalgalanabilmesi i\u00e7in \u015fehitlerin g\u00f6stermi\u015f oldu\u011fu fedakarl\u0131klar\u0131n, asla unutulmayaca\u011f\u0131n\u0131 s\u00f6yledi. Merhum babas\u0131n\u0131n T\u00fcrkiye\u2019de Harbiye\u2019ye e\u011fitime giden ilk komutanlardan oldu\u011funu an\u0131msatan Ba\u015fkan \u00d6zt\u00fcrkler, 1960 olaylar\u0131n\u0131 ya\u015fam\u0131\u015f","og_url":"https:\/\/kibrisdakik.com\/?p=73381","article_published_time":"2025-01-12T12:37:09+00:00","og_image":[{"width":1600,"height":1066,"url":"https:\/\/kibrisdakik.com\/wp-content\/uploads\/2025\/01\/1736676055668Ozturkler-1-740x420.jpg","type":"image\/jpeg"}],"author":"admin","twitter_card":"summary_large_image","twitter_misc":{"Yazan:":"admin","Tahmini okuma s\u00fcresi":"1 dakika"},"schema":{"@context":"https:\/\/schema.org","@graph":[{"@type":"Article","@id":"https:\/\/kibrisdakik.com\/?p=73381#article","isPartOf":{"@id":"https:\/\/kibrisdakik.com\/?p=73381"},"author":{"name":"admin","@id":"https:\/\/kibrisdakik.com\/#\/schema\/person\/9cd9d437bbb44f72b73ba127e06d8e79"},"headline":"Meclis Ba\u015fkan\u0131 \u00d6zt\u00fcrkler \u015eehit Aileleri ve Mal\u00fcl Gaziler Derne\u011fini kabul etti","datePublished":"2025-01-12T12:37:09+00:00","mainEntityOfPage":{"@id":"https:\/\/kibrisdakik.com\/?p=73381"},"wordCount":253,"commentCount":0,"image":{"@id":"https:\/\/kibrisdakik.com\/?p=73381#primaryimage"},"thumbnailUrl":"https:\/\/kibrisdakik.com\/wp-content\/uploads\/2025\/01\/1736676055668Ozturkler-1-740x420.jpg","articleSection":["K\u0131br\u0131s","Man\u015fet"],"inLanguage":"tr","potentialAction":[{"@type":"CommentAction","name":"Comment","target":["https:\/\/kibrisdakik.com\/?p=73381#respond"]}]},{"@type":"WebPage","@id":"https:\/\/kibrisdakik.com\/?p=73381","url":"https:\/\/kibrisdakik.com\/?p=73381","name":"Meclis Ba\u015fkan\u0131 \u00d6zt\u00fcrkler \u015eehit Aileleri ve Mal\u00fcl Gaziler Derne\u011fini kabul etti -","isPartOf":{"@id":"https:\/\/kibrisdakik.com\/#website"},"primaryImageOfPage":{"@id":"https:\/\/kibrisdakik.com\/?p=73381#primaryimage"},"image":{"@id":"https:\/\/kibrisdakik.com\/?p=73381#primaryimage"},"thumbnailUrl":"https:\/\/kibrisdakik.com\/wp-content\/uploads\/2025\/01\/1736676055668Ozturkler-1-740x420.jpg","datePublished":"2025-01-12T12:37:09+00:00","author":{"@id":"https:\/\/kibrisdakik.com\/#\/schema\/person\/9cd9d437bbb44f72b73ba127e06d8e79"},"breadcrumb":{"@id":"https:\/\/kibrisdakik.com\/?p=73381#breadcrumb"},"inLanguage":"tr","potentialAction":[{"@type":"ReadAction","target":["https:\/\/kibrisdakik.com\/?p=73381"]}]},{"@type":"ImageObject","inLanguage":"tr","@id":"https:\/\/kibrisdakik.com\/?p=73381#primaryimage","url":"https:\/\/kibrisdakik.com\/wp-content\/uploads\/2025\/01\/1736676055668Ozturkler-1-740x420.jpg","contentUrl":"https:\/\/kibrisdakik.com\/wp-content\/uploads\/2025\/01\/1736676055668Ozturkler-1-740x420.jpg","width":1600,"height":1066},{"@type":"BreadcrumbList","@id":"https:\/\/kibrisdakik.com\/?p=73381#breadcrumb","itemListElement":[{"@type":"ListItem","position":1,"name":"Home","item":"https:\/\/kibrisdakik.com\/"},{"@type":"ListItem","position":2,"name":"Meclis Ba\u015fkan\u0131 \u00d6zt\u00fcrkler \u015eehit Aileleri ve Mal\u00fcl Gaziler Derne\u011fini kabul etti"}]},{"@type":"WebSite","@id":"https:\/\/kibrisdakik.com\/#website","url":"https:\/\/kibrisdakik.com\/","name":"","description":"Tam vaktinde haber","potentialAction":[{"@type":"SearchAction","target":{"@type":"EntryPoint","urlTemplate":"https:\/\/kibrisdakik.com\/?s={search_term_string}"},"query-input":{"@type":"PropertyValueSpecification","valueRequired":true,"valueName":"search_term_string"}}],"inLanguage":"tr"},{"@type":"Person","@id":"https:\/\/kibrisdakik.com\/#\/schema\/person\/9cd9d437bbb44f72b73ba127e06d8e79","name":"admin","image":{"@type":"ImageObject","inLanguage":"tr","@id":"https:\/\/secure.gravatar.com\/avatar\/ccc17943b9d660506c869530f897617f7cb1c21a4bf30023f252596d83e1f007?s=96&d=mm&r=g","url":"https:\/\/secure.gravatar.com\/avatar\/ccc17943b9d660506c869530f897617f7cb1c21a4bf30023f252596d83e1f007?s=96&d=mm&r=g","contentUrl":"https:\/\/secure.gravatar.com\/avatar\/ccc17943b9d660506c869530f897617f7cb1c21a4bf30023f252596d83e1f007?s=96&d=mm&r=g","caption":"admin"},"sameAs":["https:\/\/kibrisdakik.com"],"url":"https:\/\/kibrisdakik.com\/?author=1"}]}},"_links":{"self":[{"href":"https:\/\/kibrisdakik.com\/index.php?rest_route=\/wp\/v2\/posts\/73381","targetHints":{"allow":["GET"]}}],"collection":[{"href":"https:\/\/kibrisdakik.com\/index.php?rest_route=\/wp\/v2\/posts"}],"about":[{"href":"https:\/\/kibrisdakik.com\/index.php?rest_route=\/wp\/v2\/types\/post"}],"author":[{"embeddable":true,"href":"https:\/\/kibrisdakik.com\/index.php?rest_route=\/wp\/v2\/users\/1"}],"replies":[{"embeddable":true,"href":"https:\/\/kibrisdakik.com\/index.php?rest_route=%2Fwp%2Fv2%2Fcomments&post=73381"}],"version-history":[{"count":0,"href":"https:\/\/kibrisdakik.com\/index.php?rest_route=\/wp\/v2\/posts\/73381\/revisions"}],"wp:featuredmedia":[{"embeddable":true,"href":"https:\/\/kibrisdakik.com\/index.php?rest_route=\/wp\/v2\/media\/73382"}],"wp:attachment":[{"href":"https:\/\/kibrisdakik.com\/index.php?rest_route=%2Fwp%2Fv2%2Fmedia&parent=73381"}],"wp:term":[{"taxonomy":"category","embeddable":true,"href":"https:\/\/kibrisdakik.com\/index.php?rest_route=%2Fwp%2Fv2%2Fcategories&post=73381"},{"taxonomy":"post_tag","embeddable":true,"href":"https:\/\/kibrisdakik.com\/index.php?rest_route=%2Fwp%2Fv2%2Ftags&post=73381"}],"curies":[{"name":"wp","href":"https:\/\/api.w.org\/{rel}","templated":true}]}}