{"id":73415,"date":"2025-01-12T19:25:10","date_gmt":"2025-01-12T16:25:10","guid":{"rendered":"https:\/\/kibrisdakik.com\/index.php\/2025\/01\/12\/saglik-bakani-dincyurek-kurucu-cumhurbaskani-denktasin-13-olum-yildonumu-nedeniyle-mesaj-yayimladi\/"},"modified":"2025-01-12T19:25:10","modified_gmt":"2025-01-12T16:25:10","slug":"saglik-bakani-dincyurek-kurucu-cumhurbaskani-denktasin-13-olum-yildonumu-nedeniyle-mesaj-yayimladi","status":"publish","type":"post","link":"https:\/\/kibrisdakik.com\/?p=73415","title":{"rendered":"Sa\u011fl\u0131k Bakan\u0131  Din\u00e7y\u00fcrek, Kurucu Cumhurba\u015fkan\u0131 Denkta\u015f\u2019\u0131n 13. \u00d6l\u00fcm Y\u0131ld\u00f6n\u00fcm\u00fc nedeniyle mesaj yay\u0131mlad\u0131 ."},"content":{"rendered":"<div>\n<div class=\"mariselle-image-container center\">\n                                            <\/div>\n<p>\nSa\u011fl\u0131k Bakan\u0131 Dr. Hakan Din\u00e7y\u00fcrek, Kurucu Cumhurba\u015fkan\u0131 Denkta\u015f\u2019\u0131n 13. \u00d6l\u00fcm Y\u0131ld\u00f6n\u00fcm\u00fc nedeniyle mesaj yay\u0131mlad\u0131 . <\/p>\n<p>Bakan Din\u00e7y\u00fcrek, \u015fu ifadelere yer verdi ; <\/p>\n<p>\u2018K\u0131br\u0131s T\u00fcrk halk\u0131n\u0131n varolu\u015f m\u00fccadelesinde tarihe ge\u00e7mi\u015f, b\u00fcy\u00fck \u00f6zveri ve fedakarl\u0131k ortaya koyarak Halk\u0131na \u00f6nderlik etmi\u015f b\u00fcy\u00fck devlet adam\u0131, de\u011ferli insan Kurucu Cumhurba\u015fkan\u0131m\u0131z Merhum Rauf Raif Denkta\u015f\u2019\u0131 13. Y\u0131ld\u00f6n\u00fcm\u00fcnde sayg\u0131, minnet ve rahmetle an\u0131yoruz.<\/p>\n<p>K\u0131br\u0131s davas\u0131n\u0131n y\u0131lmaz savunucusu, hukuk\u00e7u, m\u00fccahit ve lider olan Merhum Rauf Raif Denkta\u015f, K\u0131br\u0131s T\u00fcrk halk\u0131n\u0131n \u00f6zg\u00fcrl\u00fc\u011f\u00fc ve varolu\u015f m\u00fccadelesine adanm\u0131\u015f \u00f6mr\u00fcyle, halk\u0131n\u0131 az\u0131nl\u0131ktan devlet sahibi bir topluma ta\u015f\u0131yan \u00f6rnek bir lider olarak tarihe ge\u00e7mi\u015ftir. Kararl\u0131 duru\u015fu, diplomatik \u00f6ng\u00f6r\u00fcleri ve idealleriyle K\u0131br\u0131s T\u00fcrk halk\u0131n\u0131n yolunu ayd\u0131nlatm\u0131\u015f, halk\u0131n\u0131n hak ve menfaatlerini en iyi \u015fekilde korumak i\u00e7in b\u00fcy\u00fck \u00e7abalar sarf etmi\u015ftir. Denkta\u015f\u2019\u0131n ilke ve de\u011ferleri gen\u00e7 nesillere rehberlik etmeye devam edecek, bizlere d\u00fc\u015fen g\u00f6rev onun an\u0131s\u0131n\u0131 ya\u015fatarak emanetine sahip \u00e7\u0131kmakt\u0131r.<\/p>\n<p>Bu anlaml\u0131 g\u00fcn vesilesiyle, Kuzey K\u0131br\u0131s T\u00fcrk Cumhuriyeti\u2019nin Kurucu Cumhurba\u015fkan\u0131 Rauf Raif Denkta\u015f\u2019\u0131n manevi huzurunda sayg\u0131yla e\u011filiyor, O\u2019nu \u00f6zlem, minnet ve rahmetle an\u0131yoruz.\u2019<\/p>\n<\/p><\/div>\n<p><script async\n                    defer\n                    crossorigin=\"anonymous\"\n                    src=\"https:\/\/connect.facebook.net\/tr_TR\/sdk.js#xfbml=1&#038;version=v3.3\"\n            ><\/script><\/p>\n","protected":false},"excerpt":{"rendered":"<p>Sa\u011fl\u0131k Bakan\u0131 Dr. Hakan Din\u00e7y\u00fcrek, Kurucu Cumhurba\u015fkan\u0131 Denkta\u015f\u2019\u0131n 13. \u00d6l\u00fcm Y\u0131ld\u00f6n\u00fcm\u00fc nedeniyle mesaj yay\u0131mlad\u0131 . Bakan Din\u00e7y\u00fcrek, \u015fu ifadelere yer verdi ; \u2018K\u0131br\u0131s T\u00fcrk halk\u0131n\u0131n varolu\u015f m\u00fccadelesinde tarihe ge\u00e7mi\u015f, b\u00fcy\u00fck \u00f6zveri ve fedakarl\u0131k ortaya koyarak Halk\u0131na \u00f6nderlik etmi\u015f b\u00fcy\u00fck devlet adam\u0131, de\u011ferli insan Kurucu Cumhurba\u015fkan\u0131m\u0131z Merhum Rauf Raif Denkta\u015f\u2019\u0131 13. Y\u0131ld\u00f6n\u00fcm\u00fcnde sayg\u0131, minnet ve rahmetle<\/p>\n","protected":false},"author":1,"featured_media":73416,"comment_status":"open","ping_status":"open","sticky":false,"template":"","format":"standard","meta":{"footnotes":""},"categories":[81,101],"tags":[],"class_list":["post-73415","post","type-post","status-publish","format-standard","has-post-thumbnail","hentry","category-kibris","category-manset"],"yoast_head":"<!-- This site is optimized with the Yoast SEO plugin v27.5 - https:\/\/yoast.com\/product\/yoast-seo-wordpress\/ -->\n<title>Sa\u011fl\u0131k Bakan\u0131 Din\u00e7y\u00fcrek, Kurucu Cumhurba\u015fkan\u0131 Denkta\u015f\u2019\u0131n 13. \u00d6l\u00fcm Y\u0131ld\u00f6n\u00fcm\u00fc nedeniyle mesaj yay\u0131mlad\u0131 . -<\/title>\n<meta name=\"robots\" content=\"index, follow, max-snippet:-1, max-image-preview:large, max-video-preview:-1\" \/>\n<link rel=\"canonical\" href=\"https:\/\/kibrisdakik.com\/?p=73415\" \/>\n<meta property=\"og:locale\" content=\"tr_TR\" \/>\n<meta property=\"og:type\" content=\"article\" \/>\n<meta property=\"og:title\" content=\"Sa\u011fl\u0131k Bakan\u0131 Din\u00e7y\u00fcrek, Kurucu Cumhurba\u015fkan\u0131 Denkta\u015f\u2019\u0131n 13. \u00d6l\u00fcm Y\u0131ld\u00f6n\u00fcm\u00fc nedeniyle mesaj yay\u0131mlad\u0131 . -\" \/>\n<meta property=\"og:description\" content=\"Sa\u011fl\u0131k Bakan\u0131 Dr. Hakan Din\u00e7y\u00fcrek, Kurucu Cumhurba\u015fkan\u0131 Denkta\u015f\u2019\u0131n 13. \u00d6l\u00fcm Y\u0131ld\u00f6n\u00fcm\u00fc nedeniyle mesaj yay\u0131mlad\u0131 . Bakan Din\u00e7y\u00fcrek, \u015fu ifadelere yer verdi ; \u2018K\u0131br\u0131s T\u00fcrk halk\u0131n\u0131n varolu\u015f m\u00fccadelesinde tarihe ge\u00e7mi\u015f, b\u00fcy\u00fck \u00f6zveri ve fedakarl\u0131k ortaya koyarak Halk\u0131na \u00f6nderlik etmi\u015f b\u00fcy\u00fck devlet adam\u0131, de\u011ferli insan Kurucu Cumhurba\u015fkan\u0131m\u0131z Merhum Rauf Raif Denkta\u015f\u2019\u0131 13. Y\u0131ld\u00f6n\u00fcm\u00fcnde sayg\u0131, minnet ve rahmetle\" \/>\n<meta property=\"og:url\" content=\"https:\/\/kibrisdakik.com\/?p=73415\" \/>\n<meta property=\"article:published_time\" content=\"2025-01-12T16:25:10+00:00\" \/>\n<meta property=\"og:image\" content=\"https:\/\/kibrisdakik.com\/wp-content\/uploads\/2025\/01\/hakan-dincyurek-saglik-bakani1-740x420.jpeg\" \/>\n\t<meta property=\"og:image:width\" content=\"1600\" \/>\n\t<meta property=\"og:image:height\" content=\"1067\" \/>\n\t<meta property=\"og:image:type\" content=\"image\/jpeg\" \/>\n<meta name=\"author\" content=\"admin\" \/>\n<meta name=\"twitter:card\" content=\"summary_large_image\" \/>\n<meta name=\"twitter:label1\" content=\"Yazan:\" \/>\n\t<meta name=\"twitter:data1\" content=\"admin\" \/>\n\t<meta name=\"twitter:label2\" content=\"Tahmini okuma s\u00fcresi\" \/>\n\t<meta name=\"twitter:data2\" content=\"1 dakika\" \/>\n<script type=\"application\/ld+json\" class=\"yoast-schema-graph\">{\"@context\":\"https:\\\/\\\/schema.org\",\"@graph\":[{\"@type\":\"Article\",\"@id\":\"https:\\\/\\\/kibrisdakik.com\\\/?p=73415#article\",\"isPartOf\":{\"@id\":\"https:\\\/\\\/kibrisdakik.com\\\/?p=73415\"},\"author\":{\"name\":\"admin\",\"@id\":\"https:\\\/\\\/kibrisdakik.com\\\/#\\\/schema\\\/person\\\/9cd9d437bbb44f72b73ba127e06d8e79\"},\"headline\":\"Sa\u011fl\u0131k Bakan\u0131 Din\u00e7y\u00fcrek, Kurucu Cumhurba\u015fkan\u0131 Denkta\u015f\u2019\u0131n 13. \u00d6l\u00fcm Y\u0131ld\u00f6n\u00fcm\u00fc nedeniyle mesaj yay\u0131mlad\u0131 .\",\"datePublished\":\"2025-01-12T16:25:10+00:00\",\"mainEntityOfPage\":{\"@id\":\"https:\\\/\\\/kibrisdakik.com\\\/?p=73415\"},\"wordCount\":265,\"commentCount\":0,\"image\":{\"@id\":\"https:\\\/\\\/kibrisdakik.com\\\/?p=73415#primaryimage\"},\"thumbnailUrl\":\"https:\\\/\\\/kibrisdakik.com\\\/wp-content\\\/uploads\\\/2025\\\/01\\\/hakan-dincyurek-saglik-bakani1-740x420.jpeg\",\"articleSection\":[\"K\u0131br\u0131s\",\"Man\u015fet\"],\"inLanguage\":\"tr\",\"potentialAction\":[{\"@type\":\"CommentAction\",\"name\":\"Comment\",\"target\":[\"https:\\\/\\\/kibrisdakik.com\\\/?p=73415#respond\"]}]},{\"@type\":\"WebPage\",\"@id\":\"https:\\\/\\\/kibrisdakik.com\\\/?p=73415\",\"url\":\"https:\\\/\\\/kibrisdakik.com\\\/?p=73415\",\"name\":\"Sa\u011fl\u0131k Bakan\u0131 Din\u00e7y\u00fcrek, Kurucu Cumhurba\u015fkan\u0131 Denkta\u015f\u2019\u0131n 13. \u00d6l\u00fcm Y\u0131ld\u00f6n\u00fcm\u00fc nedeniyle mesaj yay\u0131mlad\u0131 . -\",\"isPartOf\":{\"@id\":\"https:\\\/\\\/kibrisdakik.com\\\/#website\"},\"primaryImageOfPage\":{\"@id\":\"https:\\\/\\\/kibrisdakik.com\\\/?p=73415#primaryimage\"},\"image\":{\"@id\":\"https:\\\/\\\/kibrisdakik.com\\\/?p=73415#primaryimage\"},\"thumbnailUrl\":\"https:\\\/\\\/kibrisdakik.com\\\/wp-content\\\/uploads\\\/2025\\\/01\\\/hakan-dincyurek-saglik-bakani1-740x420.jpeg\",\"datePublished\":\"2025-01-12T16:25:10+00:00\",\"author\":{\"@id\":\"https:\\\/\\\/kibrisdakik.com\\\/#\\\/schema\\\/person\\\/9cd9d437bbb44f72b73ba127e06d8e79\"},\"breadcrumb\":{\"@id\":\"https:\\\/\\\/kibrisdakik.com\\\/?p=73415#breadcrumb\"},\"inLanguage\":\"tr\",\"potentialAction\":[{\"@type\":\"ReadAction\",\"target\":[\"https:\\\/\\\/kibrisdakik.com\\\/?p=73415\"]}]},{\"@type\":\"ImageObject\",\"inLanguage\":\"tr\",\"@id\":\"https:\\\/\\\/kibrisdakik.com\\\/?p=73415#primaryimage\",\"url\":\"https:\\\/\\\/kibrisdakik.com\\\/wp-content\\\/uploads\\\/2025\\\/01\\\/hakan-dincyurek-saglik-bakani1-740x420.jpeg\",\"contentUrl\":\"https:\\\/\\\/kibrisdakik.com\\\/wp-content\\\/uploads\\\/2025\\\/01\\\/hakan-dincyurek-saglik-bakani1-740x420.jpeg\",\"width\":1600,\"height\":1067},{\"@type\":\"BreadcrumbList\",\"@id\":\"https:\\\/\\\/kibrisdakik.com\\\/?p=73415#breadcrumb\",\"itemListElement\":[{\"@type\":\"ListItem\",\"position\":1,\"name\":\"Home\",\"item\":\"https:\\\/\\\/kibrisdakik.com\\\/\"},{\"@type\":\"ListItem\",\"position\":2,\"name\":\"Sa\u011fl\u0131k Bakan\u0131 Din\u00e7y\u00fcrek, Kurucu Cumhurba\u015fkan\u0131 Denkta\u015f\u2019\u0131n 13. \u00d6l\u00fcm Y\u0131ld\u00f6n\u00fcm\u00fc nedeniyle mesaj yay\u0131mlad\u0131 .\"}]},{\"@type\":\"WebSite\",\"@id\":\"https:\\\/\\\/kibrisdakik.com\\\/#website\",\"url\":\"https:\\\/\\\/kibrisdakik.com\\\/\",\"name\":\"\",\"description\":\"Tam vaktinde haber\",\"potentialAction\":[{\"@type\":\"SearchAction\",\"target\":{\"@type\":\"EntryPoint\",\"urlTemplate\":\"https:\\\/\\\/kibrisdakik.com\\\/?s={search_term_string}\"},\"query-input\":{\"@type\":\"PropertyValueSpecification\",\"valueRequired\":true,\"valueName\":\"search_term_string\"}}],\"inLanguage\":\"tr\"},{\"@type\":\"Person\",\"@id\":\"https:\\\/\\\/kibrisdakik.com\\\/#\\\/schema\\\/person\\\/9cd9d437bbb44f72b73ba127e06d8e79\",\"name\":\"admin\",\"image\":{\"@type\":\"ImageObject\",\"inLanguage\":\"tr\",\"@id\":\"https:\\\/\\\/secure.gravatar.com\\\/avatar\\\/ccc17943b9d660506c869530f897617f7cb1c21a4bf30023f252596d83e1f007?s=96&d=mm&r=g\",\"url\":\"https:\\\/\\\/secure.gravatar.com\\\/avatar\\\/ccc17943b9d660506c869530f897617f7cb1c21a4bf30023f252596d83e1f007?s=96&d=mm&r=g\",\"contentUrl\":\"https:\\\/\\\/secure.gravatar.com\\\/avatar\\\/ccc17943b9d660506c869530f897617f7cb1c21a4bf30023f252596d83e1f007?s=96&d=mm&r=g\",\"caption\":\"admin\"},\"sameAs\":[\"https:\\\/\\\/kibrisdakik.com\"],\"url\":\"https:\\\/\\\/kibrisdakik.com\\\/?author=1\"}]}<\/script>\n<!-- \/ Yoast SEO plugin. -->","yoast_head_json":{"title":"Sa\u011fl\u0131k Bakan\u0131 Din\u00e7y\u00fcrek, Kurucu Cumhurba\u015fkan\u0131 Denkta\u015f\u2019\u0131n 13. \u00d6l\u00fcm Y\u0131ld\u00f6n\u00fcm\u00fc nedeniyle mesaj yay\u0131mlad\u0131 . -","robots":{"index":"index","follow":"follow","max-snippet":"max-snippet:-1","max-image-preview":"max-image-preview:large","max-video-preview":"max-video-preview:-1"},"canonical":"https:\/\/kibrisdakik.com\/?p=73415","og_locale":"tr_TR","og_type":"article","og_title":"Sa\u011fl\u0131k Bakan\u0131 Din\u00e7y\u00fcrek, Kurucu Cumhurba\u015fkan\u0131 Denkta\u015f\u2019\u0131n 13. \u00d6l\u00fcm Y\u0131ld\u00f6n\u00fcm\u00fc nedeniyle mesaj yay\u0131mlad\u0131 . -","og_description":"Sa\u011fl\u0131k Bakan\u0131 Dr. Hakan Din\u00e7y\u00fcrek, Kurucu Cumhurba\u015fkan\u0131 Denkta\u015f\u2019\u0131n 13. \u00d6l\u00fcm Y\u0131ld\u00f6n\u00fcm\u00fc nedeniyle mesaj yay\u0131mlad\u0131 . Bakan Din\u00e7y\u00fcrek, \u015fu ifadelere yer verdi ; \u2018K\u0131br\u0131s T\u00fcrk halk\u0131n\u0131n varolu\u015f m\u00fccadelesinde tarihe ge\u00e7mi\u015f, b\u00fcy\u00fck \u00f6zveri ve fedakarl\u0131k ortaya koyarak Halk\u0131na \u00f6nderlik etmi\u015f b\u00fcy\u00fck devlet adam\u0131, de\u011ferli insan Kurucu Cumhurba\u015fkan\u0131m\u0131z Merhum Rauf Raif Denkta\u015f\u2019\u0131 13. Y\u0131ld\u00f6n\u00fcm\u00fcnde sayg\u0131, minnet ve rahmetle","og_url":"https:\/\/kibrisdakik.com\/?p=73415","article_published_time":"2025-01-12T16:25:10+00:00","og_image":[{"width":1600,"height":1067,"url":"https:\/\/kibrisdakik.com\/wp-content\/uploads\/2025\/01\/hakan-dincyurek-saglik-bakani1-740x420.jpeg","type":"image\/jpeg"}],"author":"admin","twitter_card":"summary_large_image","twitter_misc":{"Yazan:":"admin","Tahmini okuma s\u00fcresi":"1 dakika"},"schema":{"@context":"https:\/\/schema.org","@graph":[{"@type":"Article","@id":"https:\/\/kibrisdakik.com\/?p=73415#article","isPartOf":{"@id":"https:\/\/kibrisdakik.com\/?p=73415"},"author":{"name":"admin","@id":"https:\/\/kibrisdakik.com\/#\/schema\/person\/9cd9d437bbb44f72b73ba127e06d8e79"},"headline":"Sa\u011fl\u0131k Bakan\u0131 Din\u00e7y\u00fcrek, Kurucu Cumhurba\u015fkan\u0131 Denkta\u015f\u2019\u0131n 13. \u00d6l\u00fcm Y\u0131ld\u00f6n\u00fcm\u00fc nedeniyle mesaj yay\u0131mlad\u0131 .","datePublished":"2025-01-12T16:25:10+00:00","mainEntityOfPage":{"@id":"https:\/\/kibrisdakik.com\/?p=73415"},"wordCount":265,"commentCount":0,"image":{"@id":"https:\/\/kibrisdakik.com\/?p=73415#primaryimage"},"thumbnailUrl":"https:\/\/kibrisdakik.com\/wp-content\/uploads\/2025\/01\/hakan-dincyurek-saglik-bakani1-740x420.jpeg","articleSection":["K\u0131br\u0131s","Man\u015fet"],"inLanguage":"tr","potentialAction":[{"@type":"CommentAction","name":"Comment","target":["https:\/\/kibrisdakik.com\/?p=73415#respond"]}]},{"@type":"WebPage","@id":"https:\/\/kibrisdakik.com\/?p=73415","url":"https:\/\/kibrisdakik.com\/?p=73415","name":"Sa\u011fl\u0131k Bakan\u0131 Din\u00e7y\u00fcrek, Kurucu Cumhurba\u015fkan\u0131 Denkta\u015f\u2019\u0131n 13. \u00d6l\u00fcm Y\u0131ld\u00f6n\u00fcm\u00fc nedeniyle mesaj yay\u0131mlad\u0131 . -","isPartOf":{"@id":"https:\/\/kibrisdakik.com\/#website"},"primaryImageOfPage":{"@id":"https:\/\/kibrisdakik.com\/?p=73415#primaryimage"},"image":{"@id":"https:\/\/kibrisdakik.com\/?p=73415#primaryimage"},"thumbnailUrl":"https:\/\/kibrisdakik.com\/wp-content\/uploads\/2025\/01\/hakan-dincyurek-saglik-bakani1-740x420.jpeg","datePublished":"2025-01-12T16:25:10+00:00","author":{"@id":"https:\/\/kibrisdakik.com\/#\/schema\/person\/9cd9d437bbb44f72b73ba127e06d8e79"},"breadcrumb":{"@id":"https:\/\/kibrisdakik.com\/?p=73415#breadcrumb"},"inLanguage":"tr","potentialAction":[{"@type":"ReadAction","target":["https:\/\/kibrisdakik.com\/?p=73415"]}]},{"@type":"ImageObject","inLanguage":"tr","@id":"https:\/\/kibrisdakik.com\/?p=73415#primaryimage","url":"https:\/\/kibrisdakik.com\/wp-content\/uploads\/2025\/01\/hakan-dincyurek-saglik-bakani1-740x420.jpeg","contentUrl":"https:\/\/kibrisdakik.com\/wp-content\/uploads\/2025\/01\/hakan-dincyurek-saglik-bakani1-740x420.jpeg","width":1600,"height":1067},{"@type":"BreadcrumbList","@id":"https:\/\/kibrisdakik.com\/?p=73415#breadcrumb","itemListElement":[{"@type":"ListItem","position":1,"name":"Home","item":"https:\/\/kibrisdakik.com\/"},{"@type":"ListItem","position":2,"name":"Sa\u011fl\u0131k Bakan\u0131 Din\u00e7y\u00fcrek, Kurucu Cumhurba\u015fkan\u0131 Denkta\u015f\u2019\u0131n 13. \u00d6l\u00fcm Y\u0131ld\u00f6n\u00fcm\u00fc nedeniyle mesaj yay\u0131mlad\u0131 ."}]},{"@type":"WebSite","@id":"https:\/\/kibrisdakik.com\/#website","url":"https:\/\/kibrisdakik.com\/","name":"","description":"Tam vaktinde haber","potentialAction":[{"@type":"SearchAction","target":{"@type":"EntryPoint","urlTemplate":"https:\/\/kibrisdakik.com\/?s={search_term_string}"},"query-input":{"@type":"PropertyValueSpecification","valueRequired":true,"valueName":"search_term_string"}}],"inLanguage":"tr"},{"@type":"Person","@id":"https:\/\/kibrisdakik.com\/#\/schema\/person\/9cd9d437bbb44f72b73ba127e06d8e79","name":"admin","image":{"@type":"ImageObject","inLanguage":"tr","@id":"https:\/\/secure.gravatar.com\/avatar\/ccc17943b9d660506c869530f897617f7cb1c21a4bf30023f252596d83e1f007?s=96&d=mm&r=g","url":"https:\/\/secure.gravatar.com\/avatar\/ccc17943b9d660506c869530f897617f7cb1c21a4bf30023f252596d83e1f007?s=96&d=mm&r=g","contentUrl":"https:\/\/secure.gravatar.com\/avatar\/ccc17943b9d660506c869530f897617f7cb1c21a4bf30023f252596d83e1f007?s=96&d=mm&r=g","caption":"admin"},"sameAs":["https:\/\/kibrisdakik.com"],"url":"https:\/\/kibrisdakik.com\/?author=1"}]}},"_links":{"self":[{"href":"https:\/\/kibrisdakik.com\/index.php?rest_route=\/wp\/v2\/posts\/73415","targetHints":{"allow":["GET"]}}],"collection":[{"href":"https:\/\/kibrisdakik.com\/index.php?rest_route=\/wp\/v2\/posts"}],"about":[{"href":"https:\/\/kibrisdakik.com\/index.php?rest_route=\/wp\/v2\/types\/post"}],"author":[{"embeddable":true,"href":"https:\/\/kibrisdakik.com\/index.php?rest_route=\/wp\/v2\/users\/1"}],"replies":[{"embeddable":true,"href":"https:\/\/kibrisdakik.com\/index.php?rest_route=%2Fwp%2Fv2%2Fcomments&post=73415"}],"version-history":[{"count":0,"href":"https:\/\/kibrisdakik.com\/index.php?rest_route=\/wp\/v2\/posts\/73415\/revisions"}],"wp:featuredmedia":[{"embeddable":true,"href":"https:\/\/kibrisdakik.com\/index.php?rest_route=\/wp\/v2\/media\/73416"}],"wp:attachment":[{"href":"https:\/\/kibrisdakik.com\/index.php?rest_route=%2Fwp%2Fv2%2Fmedia&parent=73415"}],"wp:term":[{"taxonomy":"category","embeddable":true,"href":"https:\/\/kibrisdakik.com\/index.php?rest_route=%2Fwp%2Fv2%2Fcategories&post=73415"},{"taxonomy":"post_tag","embeddable":true,"href":"https:\/\/kibrisdakik.com\/index.php?rest_route=%2Fwp%2Fv2%2Ftags&post=73415"}],"curies":[{"name":"wp","href":"https:\/\/api.w.org\/{rel}","templated":true}]}}