{"id":73417,"date":"2025-01-12T19:40:43","date_gmt":"2025-01-12T16:40:43","guid":{"rendered":"https:\/\/kibrisdakik.com\/index.php\/2025\/01\/12\/begum-tekakpinar-gururlandirdi\/"},"modified":"2025-01-12T19:40:43","modified_gmt":"2025-01-12T16:40:43","slug":"begum-tekakpinar-gururlandirdi","status":"publish","type":"post","link":"https:\/\/kibrisdakik.com\/?p=73417","title":{"rendered":"Beg\u00fcm Tekakp\u0131nar gururland\u0131rd\u0131"},"content":{"rendered":"<p> <br \/>\n<\/p>\n<div>\n<div class=\"mariselle-image-container center\">\n                <img loading=\"lazy\" decoding=\"async\" width=\"2041\" height=\"882\" class=\"lazy-image\" alt=\"\" sizes=\"auto, (max-width: 2041px) 100vw, 2041px\" src=\"https:\/\/brtk.net\/wp-content\/uploads\/2025\/01\/12\/473418164_1055856059887167_1507311009198611919_n.jpg?ver=6702f89a2aabc6dc2f137717b971f9f3\" srcset=\"https:\/\/brtk.net\/wp-content\/uploads\/2025\/01\/12\/473418164_1055856059887167_1507311009198611919_n.jpg?ver=6702f89a2aabc6dc2f137717b971f9f3 2041w, https:\/\/brtk.net\/wp-content\/uploads\/2025\/01\/12\/473418164_1055856059887167_1507311009198611919_n-300x130.jpg?ver=3f31fa56719ba7ce031d55e674400c3d 300w, https:\/\/brtk.net\/wp-content\/uploads\/2025\/01\/12\/473418164_1055856059887167_1507311009198611919_n-1024x443.jpg?ver=3f31fa56719ba7ce031d55e674400c3d 1024w, https:\/\/brtk.net\/wp-content\/uploads\/2025\/01\/12\/473418164_1055856059887167_1507311009198611919_n-768x332.jpg?ver=e13adce8b37bb9073f2b1f795fad641d 768w, https:\/\/brtk.net\/wp-content\/uploads\/2025\/01\/12\/473418164_1055856059887167_1507311009198611919_n-1536x664.jpg?ver=e13adce8b37bb9073f2b1f795fad641d 1536w\"\/>                            <\/div>\n<p>\u00dclkemizin g\u00fc\u00e7l\u00fc seslerinden Beg\u00fcm Tekakp\u0131nar, Makedonya\u2019da d\u00fczenlenen The World Association of Festivals (WAF) Yar\u0131\u015fmas\u0131\u2019nda \u00f6d\u00fcl kazand\u0131.<\/p>\n<p>Beg\u00fcm Tekakp\u0131nar\u2019\u0131n yar\u0131\u015fma sonras\u0131 sosyal medya hesab\u0131ndan a\u00e7\u0131klama yapt\u0131.<\/p>\n<p>Tekakp\u0131nar\u2019\u0131n yapt\u0131\u011f\u0131 a\u00e7\u0131klama \u015f\u00f6yle:<\/p>\n<p>\u2018Makedonya\u2019da d\u00fczenlenen ve 16 \u00fclkeden 76 \u015fark\u0131c\u0131n\u0131n yar\u0131\u015ft\u0131\u011f\u0131, be\u015f sanat ve m\u00fczik profesyonelinden olu\u015fan uluslararas\u0131 bir j\u00fcri taraf\u0131ndan de\u011ferlendirilen The World Association of Festivals (WAF) Yar\u0131\u015fmas\u0131\u2019na kendi yazd\u0131\u011f\u0131m \u015fark\u0131yla kat\u0131larak GRAND PRIX \u00f6d\u00fcl\u00fcn\u00fc kazand\u0131m!<\/p>\n<p>Marjan Kataroski liderli\u011findeki festival organizasyonuna, misafirperverlik, adalet ve profesyonelliklerinden dolay\u0131; ayr\u0131ca bu yar\u0131\u015fma s\u00fcrecinde bana sponsor olan Basel Holding\u2019e derin \u015f\u00fckranlar\u0131m\u0131 sunar\u0131m.\u2019<\/p>\n<p><iframe loading=\"lazy\" src=\"https:\/\/www.facebook.com\/plugins\/post.php?href=https%3A%2F%2Fwww.facebook.com%2Ftekakpinarbegum%2Fposts%2Fpfbid0zv99sxNxbFN5pn3xTdk4wLiFGcMF2WTuPtNbCGgEnYQc5J9Ubd6GuKbyG85oxXxZl&amp;show_text=true&amp;width=500\" width=\"500\" height=\"250\" style=\"border:none;overflow:hidden\" scrolling=\"no\" frameborder=\"0\" allowfullscreen=\"true\" allow=\"autoplay; clipboard-write; encrypted-media; picture-in-picture; web-share\"><\/iframe><\/p>\n<\/p><\/div>\n<p><script async\n                    defer\n                    crossorigin=\"anonymous\"\n                    src=\"https:\/\/connect.facebook.net\/tr_TR\/sdk.js#xfbml=1&#038;version=v3.3\"\n            ><\/script><br \/>\n<br \/><br \/>\n<br \/><a href=\"https:\/\/brtk.net\/begum-tekakpinar-gururlandirdi\/\">kpostasi <\/a><\/p>\n","protected":false},"excerpt":{"rendered":"<p>\u00dclkemizin g\u00fc\u00e7l\u00fc seslerinden Beg\u00fcm Tekakp\u0131nar, Makedonya\u2019da d\u00fczenlenen The World Association of Festivals (WAF) Yar\u0131\u015fmas\u0131\u2019nda \u00f6d\u00fcl kazand\u0131. Beg\u00fcm Tekakp\u0131nar\u2019\u0131n yar\u0131\u015fma sonras\u0131 sosyal medya hesab\u0131ndan a\u00e7\u0131klama yapt\u0131. Tekakp\u0131nar\u2019\u0131n yapt\u0131\u011f\u0131 a\u00e7\u0131klama \u015f\u00f6yle: \u2018Makedonya\u2019da d\u00fczenlenen ve 16 \u00fclkeden 76 \u015fark\u0131c\u0131n\u0131n yar\u0131\u015ft\u0131\u011f\u0131, be\u015f sanat ve m\u00fczik profesyonelinden olu\u015fan uluslararas\u0131 bir j\u00fcri taraf\u0131ndan de\u011ferlendirilen The World Association of Festivals (WAF) Yar\u0131\u015fmas\u0131\u2019na<\/p>\n","protected":false},"author":1,"featured_media":73418,"comment_status":"open","ping_status":"open","sticky":false,"template":"","format":"standard","meta":{"footnotes":""},"categories":[1,81,101],"tags":[],"class_list":["post-73417","post","type-post","status-publish","format-standard","has-post-thumbnail","hentry","category-gundem","category-kibris","category-manset"],"yoast_head":"<!-- This site is optimized with the Yoast SEO plugin v27.5 - https:\/\/yoast.com\/product\/yoast-seo-wordpress\/ -->\n<title>Beg\u00fcm Tekakp\u0131nar gururland\u0131rd\u0131 -<\/title>\n<meta name=\"robots\" content=\"index, follow, max-snippet:-1, max-image-preview:large, max-video-preview:-1\" \/>\n<link rel=\"canonical\" href=\"https:\/\/kibrisdakik.com\/?p=73417\" \/>\n<meta property=\"og:locale\" content=\"tr_TR\" \/>\n<meta property=\"og:type\" content=\"article\" \/>\n<meta property=\"og:title\" content=\"Beg\u00fcm Tekakp\u0131nar gururland\u0131rd\u0131 -\" \/>\n<meta property=\"og:description\" content=\"\u00dclkemizin g\u00fc\u00e7l\u00fc seslerinden Beg\u00fcm Tekakp\u0131nar, Makedonya\u2019da d\u00fczenlenen The World Association of Festivals (WAF) Yar\u0131\u015fmas\u0131\u2019nda \u00f6d\u00fcl kazand\u0131. Beg\u00fcm Tekakp\u0131nar\u2019\u0131n yar\u0131\u015fma sonras\u0131 sosyal medya hesab\u0131ndan a\u00e7\u0131klama yapt\u0131. Tekakp\u0131nar\u2019\u0131n yapt\u0131\u011f\u0131 a\u00e7\u0131klama \u015f\u00f6yle: \u2018Makedonya\u2019da d\u00fczenlenen ve 16 \u00fclkeden 76 \u015fark\u0131c\u0131n\u0131n yar\u0131\u015ft\u0131\u011f\u0131, be\u015f sanat ve m\u00fczik profesyonelinden olu\u015fan uluslararas\u0131 bir j\u00fcri taraf\u0131ndan de\u011ferlendirilen The World Association of Festivals (WAF) Yar\u0131\u015fmas\u0131\u2019na\" \/>\n<meta property=\"og:url\" content=\"https:\/\/kibrisdakik.com\/?p=73417\" \/>\n<meta property=\"article:published_time\" content=\"2025-01-12T16:40:43+00:00\" \/>\n<meta property=\"og:image\" content=\"https:\/\/kibrisdakik.com\/wp-content\/uploads\/2025\/01\/473418164_1055856059887167_1507311009198611919_n-740x420.jpg\" \/>\n\t<meta property=\"og:image:width\" content=\"2041\" \/>\n\t<meta property=\"og:image:height\" content=\"882\" \/>\n\t<meta property=\"og:image:type\" content=\"image\/jpeg\" \/>\n<meta name=\"author\" content=\"admin\" \/>\n<meta name=\"twitter:card\" content=\"summary_large_image\" \/>\n<meta name=\"twitter:label1\" content=\"Yazan:\" \/>\n\t<meta name=\"twitter:data1\" content=\"admin\" \/>\n\t<meta name=\"twitter:label2\" content=\"Tahmini okuma s\u00fcresi\" \/>\n\t<meta name=\"twitter:data2\" content=\"1 dakika\" \/>\n<script type=\"application\/ld+json\" class=\"yoast-schema-graph\">{\"@context\":\"https:\\\/\\\/schema.org\",\"@graph\":[{\"@type\":\"Article\",\"@id\":\"https:\\\/\\\/kibrisdakik.com\\\/?p=73417#article\",\"isPartOf\":{\"@id\":\"https:\\\/\\\/kibrisdakik.com\\\/?p=73417\"},\"author\":{\"name\":\"admin\",\"@id\":\"https:\\\/\\\/kibrisdakik.com\\\/#\\\/schema\\\/person\\\/9cd9d437bbb44f72b73ba127e06d8e79\"},\"headline\":\"Beg\u00fcm Tekakp\u0131nar gururland\u0131rd\u0131\",\"datePublished\":\"2025-01-12T16:40:43+00:00\",\"mainEntityOfPage\":{\"@id\":\"https:\\\/\\\/kibrisdakik.com\\\/?p=73417\"},\"wordCount\":135,\"commentCount\":0,\"image\":{\"@id\":\"https:\\\/\\\/kibrisdakik.com\\\/?p=73417#primaryimage\"},\"thumbnailUrl\":\"https:\\\/\\\/kibrisdakik.com\\\/wp-content\\\/uploads\\\/2025\\\/01\\\/473418164_1055856059887167_1507311009198611919_n-740x420.jpg\",\"articleSection\":[\"G\u00fcndem\",\"K\u0131br\u0131s\",\"Man\u015fet\"],\"inLanguage\":\"tr\",\"potentialAction\":[{\"@type\":\"CommentAction\",\"name\":\"Comment\",\"target\":[\"https:\\\/\\\/kibrisdakik.com\\\/?p=73417#respond\"]}]},{\"@type\":\"WebPage\",\"@id\":\"https:\\\/\\\/kibrisdakik.com\\\/?p=73417\",\"url\":\"https:\\\/\\\/kibrisdakik.com\\\/?p=73417\",\"name\":\"Beg\u00fcm Tekakp\u0131nar gururland\u0131rd\u0131 -\",\"isPartOf\":{\"@id\":\"https:\\\/\\\/kibrisdakik.com\\\/#website\"},\"primaryImageOfPage\":{\"@id\":\"https:\\\/\\\/kibrisdakik.com\\\/?p=73417#primaryimage\"},\"image\":{\"@id\":\"https:\\\/\\\/kibrisdakik.com\\\/?p=73417#primaryimage\"},\"thumbnailUrl\":\"https:\\\/\\\/kibrisdakik.com\\\/wp-content\\\/uploads\\\/2025\\\/01\\\/473418164_1055856059887167_1507311009198611919_n-740x420.jpg\",\"datePublished\":\"2025-01-12T16:40:43+00:00\",\"author\":{\"@id\":\"https:\\\/\\\/kibrisdakik.com\\\/#\\\/schema\\\/person\\\/9cd9d437bbb44f72b73ba127e06d8e79\"},\"breadcrumb\":{\"@id\":\"https:\\\/\\\/kibrisdakik.com\\\/?p=73417#breadcrumb\"},\"inLanguage\":\"tr\",\"potentialAction\":[{\"@type\":\"ReadAction\",\"target\":[\"https:\\\/\\\/kibrisdakik.com\\\/?p=73417\"]}]},{\"@type\":\"ImageObject\",\"inLanguage\":\"tr\",\"@id\":\"https:\\\/\\\/kibrisdakik.com\\\/?p=73417#primaryimage\",\"url\":\"https:\\\/\\\/kibrisdakik.com\\\/wp-content\\\/uploads\\\/2025\\\/01\\\/473418164_1055856059887167_1507311009198611919_n-740x420.jpg\",\"contentUrl\":\"https:\\\/\\\/kibrisdakik.com\\\/wp-content\\\/uploads\\\/2025\\\/01\\\/473418164_1055856059887167_1507311009198611919_n-740x420.jpg\",\"width\":2041,\"height\":882},{\"@type\":\"BreadcrumbList\",\"@id\":\"https:\\\/\\\/kibrisdakik.com\\\/?p=73417#breadcrumb\",\"itemListElement\":[{\"@type\":\"ListItem\",\"position\":1,\"name\":\"Home\",\"item\":\"https:\\\/\\\/kibrisdakik.com\\\/\"},{\"@type\":\"ListItem\",\"position\":2,\"name\":\"Beg\u00fcm Tekakp\u0131nar gururland\u0131rd\u0131\"}]},{\"@type\":\"WebSite\",\"@id\":\"https:\\\/\\\/kibrisdakik.com\\\/#website\",\"url\":\"https:\\\/\\\/kibrisdakik.com\\\/\",\"name\":\"\",\"description\":\"Tam vaktinde haber\",\"potentialAction\":[{\"@type\":\"SearchAction\",\"target\":{\"@type\":\"EntryPoint\",\"urlTemplate\":\"https:\\\/\\\/kibrisdakik.com\\\/?s={search_term_string}\"},\"query-input\":{\"@type\":\"PropertyValueSpecification\",\"valueRequired\":true,\"valueName\":\"search_term_string\"}}],\"inLanguage\":\"tr\"},{\"@type\":\"Person\",\"@id\":\"https:\\\/\\\/kibrisdakik.com\\\/#\\\/schema\\\/person\\\/9cd9d437bbb44f72b73ba127e06d8e79\",\"name\":\"admin\",\"image\":{\"@type\":\"ImageObject\",\"inLanguage\":\"tr\",\"@id\":\"https:\\\/\\\/secure.gravatar.com\\\/avatar\\\/ccc17943b9d660506c869530f897617f7cb1c21a4bf30023f252596d83e1f007?s=96&d=mm&r=g\",\"url\":\"https:\\\/\\\/secure.gravatar.com\\\/avatar\\\/ccc17943b9d660506c869530f897617f7cb1c21a4bf30023f252596d83e1f007?s=96&d=mm&r=g\",\"contentUrl\":\"https:\\\/\\\/secure.gravatar.com\\\/avatar\\\/ccc17943b9d660506c869530f897617f7cb1c21a4bf30023f252596d83e1f007?s=96&d=mm&r=g\",\"caption\":\"admin\"},\"sameAs\":[\"https:\\\/\\\/kibrisdakik.com\"],\"url\":\"https:\\\/\\\/kibrisdakik.com\\\/?author=1\"}]}<\/script>\n<!-- \/ Yoast SEO plugin. -->","yoast_head_json":{"title":"Beg\u00fcm Tekakp\u0131nar gururland\u0131rd\u0131 -","robots":{"index":"index","follow":"follow","max-snippet":"max-snippet:-1","max-image-preview":"max-image-preview:large","max-video-preview":"max-video-preview:-1"},"canonical":"https:\/\/kibrisdakik.com\/?p=73417","og_locale":"tr_TR","og_type":"article","og_title":"Beg\u00fcm Tekakp\u0131nar gururland\u0131rd\u0131 -","og_description":"\u00dclkemizin g\u00fc\u00e7l\u00fc seslerinden Beg\u00fcm Tekakp\u0131nar, Makedonya\u2019da d\u00fczenlenen The World Association of Festivals (WAF) Yar\u0131\u015fmas\u0131\u2019nda \u00f6d\u00fcl kazand\u0131. Beg\u00fcm Tekakp\u0131nar\u2019\u0131n yar\u0131\u015fma sonras\u0131 sosyal medya hesab\u0131ndan a\u00e7\u0131klama yapt\u0131. Tekakp\u0131nar\u2019\u0131n yapt\u0131\u011f\u0131 a\u00e7\u0131klama \u015f\u00f6yle: \u2018Makedonya\u2019da d\u00fczenlenen ve 16 \u00fclkeden 76 \u015fark\u0131c\u0131n\u0131n yar\u0131\u015ft\u0131\u011f\u0131, be\u015f sanat ve m\u00fczik profesyonelinden olu\u015fan uluslararas\u0131 bir j\u00fcri taraf\u0131ndan de\u011ferlendirilen The World Association of Festivals (WAF) Yar\u0131\u015fmas\u0131\u2019na","og_url":"https:\/\/kibrisdakik.com\/?p=73417","article_published_time":"2025-01-12T16:40:43+00:00","og_image":[{"width":2041,"height":882,"url":"https:\/\/kibrisdakik.com\/wp-content\/uploads\/2025\/01\/473418164_1055856059887167_1507311009198611919_n-740x420.jpg","type":"image\/jpeg"}],"author":"admin","twitter_card":"summary_large_image","twitter_misc":{"Yazan:":"admin","Tahmini okuma s\u00fcresi":"1 dakika"},"schema":{"@context":"https:\/\/schema.org","@graph":[{"@type":"Article","@id":"https:\/\/kibrisdakik.com\/?p=73417#article","isPartOf":{"@id":"https:\/\/kibrisdakik.com\/?p=73417"},"author":{"name":"admin","@id":"https:\/\/kibrisdakik.com\/#\/schema\/person\/9cd9d437bbb44f72b73ba127e06d8e79"},"headline":"Beg\u00fcm Tekakp\u0131nar gururland\u0131rd\u0131","datePublished":"2025-01-12T16:40:43+00:00","mainEntityOfPage":{"@id":"https:\/\/kibrisdakik.com\/?p=73417"},"wordCount":135,"commentCount":0,"image":{"@id":"https:\/\/kibrisdakik.com\/?p=73417#primaryimage"},"thumbnailUrl":"https:\/\/kibrisdakik.com\/wp-content\/uploads\/2025\/01\/473418164_1055856059887167_1507311009198611919_n-740x420.jpg","articleSection":["G\u00fcndem","K\u0131br\u0131s","Man\u015fet"],"inLanguage":"tr","potentialAction":[{"@type":"CommentAction","name":"Comment","target":["https:\/\/kibrisdakik.com\/?p=73417#respond"]}]},{"@type":"WebPage","@id":"https:\/\/kibrisdakik.com\/?p=73417","url":"https:\/\/kibrisdakik.com\/?p=73417","name":"Beg\u00fcm Tekakp\u0131nar gururland\u0131rd\u0131 -","isPartOf":{"@id":"https:\/\/kibrisdakik.com\/#website"},"primaryImageOfPage":{"@id":"https:\/\/kibrisdakik.com\/?p=73417#primaryimage"},"image":{"@id":"https:\/\/kibrisdakik.com\/?p=73417#primaryimage"},"thumbnailUrl":"https:\/\/kibrisdakik.com\/wp-content\/uploads\/2025\/01\/473418164_1055856059887167_1507311009198611919_n-740x420.jpg","datePublished":"2025-01-12T16:40:43+00:00","author":{"@id":"https:\/\/kibrisdakik.com\/#\/schema\/person\/9cd9d437bbb44f72b73ba127e06d8e79"},"breadcrumb":{"@id":"https:\/\/kibrisdakik.com\/?p=73417#breadcrumb"},"inLanguage":"tr","potentialAction":[{"@type":"ReadAction","target":["https:\/\/kibrisdakik.com\/?p=73417"]}]},{"@type":"ImageObject","inLanguage":"tr","@id":"https:\/\/kibrisdakik.com\/?p=73417#primaryimage","url":"https:\/\/kibrisdakik.com\/wp-content\/uploads\/2025\/01\/473418164_1055856059887167_1507311009198611919_n-740x420.jpg","contentUrl":"https:\/\/kibrisdakik.com\/wp-content\/uploads\/2025\/01\/473418164_1055856059887167_1507311009198611919_n-740x420.jpg","width":2041,"height":882},{"@type":"BreadcrumbList","@id":"https:\/\/kibrisdakik.com\/?p=73417#breadcrumb","itemListElement":[{"@type":"ListItem","position":1,"name":"Home","item":"https:\/\/kibrisdakik.com\/"},{"@type":"ListItem","position":2,"name":"Beg\u00fcm Tekakp\u0131nar gururland\u0131rd\u0131"}]},{"@type":"WebSite","@id":"https:\/\/kibrisdakik.com\/#website","url":"https:\/\/kibrisdakik.com\/","name":"","description":"Tam vaktinde haber","potentialAction":[{"@type":"SearchAction","target":{"@type":"EntryPoint","urlTemplate":"https:\/\/kibrisdakik.com\/?s={search_term_string}"},"query-input":{"@type":"PropertyValueSpecification","valueRequired":true,"valueName":"search_term_string"}}],"inLanguage":"tr"},{"@type":"Person","@id":"https:\/\/kibrisdakik.com\/#\/schema\/person\/9cd9d437bbb44f72b73ba127e06d8e79","name":"admin","image":{"@type":"ImageObject","inLanguage":"tr","@id":"https:\/\/secure.gravatar.com\/avatar\/ccc17943b9d660506c869530f897617f7cb1c21a4bf30023f252596d83e1f007?s=96&d=mm&r=g","url":"https:\/\/secure.gravatar.com\/avatar\/ccc17943b9d660506c869530f897617f7cb1c21a4bf30023f252596d83e1f007?s=96&d=mm&r=g","contentUrl":"https:\/\/secure.gravatar.com\/avatar\/ccc17943b9d660506c869530f897617f7cb1c21a4bf30023f252596d83e1f007?s=96&d=mm&r=g","caption":"admin"},"sameAs":["https:\/\/kibrisdakik.com"],"url":"https:\/\/kibrisdakik.com\/?author=1"}]}},"_links":{"self":[{"href":"https:\/\/kibrisdakik.com\/index.php?rest_route=\/wp\/v2\/posts\/73417","targetHints":{"allow":["GET"]}}],"collection":[{"href":"https:\/\/kibrisdakik.com\/index.php?rest_route=\/wp\/v2\/posts"}],"about":[{"href":"https:\/\/kibrisdakik.com\/index.php?rest_route=\/wp\/v2\/types\/post"}],"author":[{"embeddable":true,"href":"https:\/\/kibrisdakik.com\/index.php?rest_route=\/wp\/v2\/users\/1"}],"replies":[{"embeddable":true,"href":"https:\/\/kibrisdakik.com\/index.php?rest_route=%2Fwp%2Fv2%2Fcomments&post=73417"}],"version-history":[{"count":0,"href":"https:\/\/kibrisdakik.com\/index.php?rest_route=\/wp\/v2\/posts\/73417\/revisions"}],"wp:featuredmedia":[{"embeddable":true,"href":"https:\/\/kibrisdakik.com\/index.php?rest_route=\/wp\/v2\/media\/73418"}],"wp:attachment":[{"href":"https:\/\/kibrisdakik.com\/index.php?rest_route=%2Fwp%2Fv2%2Fmedia&parent=73417"}],"wp:term":[{"taxonomy":"category","embeddable":true,"href":"https:\/\/kibrisdakik.com\/index.php?rest_route=%2Fwp%2Fv2%2Fcategories&post=73417"},{"taxonomy":"post_tag","embeddable":true,"href":"https:\/\/kibrisdakik.com\/index.php?rest_route=%2Fwp%2Fv2%2Ftags&post=73417"}],"curies":[{"name":"wp","href":"https:\/\/api.w.org\/{rel}","templated":true}]}}