{"id":73420,"date":"2025-01-12T21:24:01","date_gmt":"2025-01-12T18:24:01","guid":{"rendered":"https:\/\/kibrisdakik.com\/index.php\/2025\/01\/12\/cumhurbaskani-tatar-denktasin-ilke-ve-dusunceleri-mucadele-yolumuzu-aydinlatmaktadir\/"},"modified":"2025-01-12T21:24:01","modified_gmt":"2025-01-12T18:24:01","slug":"cumhurbaskani-tatar-denktasin-ilke-ve-dusunceleri-mucadele-yolumuzu-aydinlatmaktadir","status":"publish","type":"post","link":"https:\/\/kibrisdakik.com\/?p=73420","title":{"rendered":"Cumhurba\u015fkan\u0131 Tatar: Denkta\u015f\u2019\u0131n ilke ve d\u00fc\u015f\u00fcnceleri m\u00fccadele yolumuzu ayd\u0131nlatmaktad\u0131r"},"content":{"rendered":"<div>\n<div class=\"mariselle-image-container center\">\n                                            <\/div>\n<p>\nCumhurba\u015fkan\u0131 Ersin Tatar, \u201cK\u0131br\u0131s T\u00fcrk halk\u0131n\u0131n y\u00fcre\u011finde sonsuza dek ya\u015fayacak olan Kurucu Cumhurba\u015fkan\u0131m\u0131z Rauf Rair Denkta\u015f\u2019\u0131 asla unutmayacak ve unutturmayaca\u011f\u0131z. Bu bizlerin en b\u00fcy\u00fck ve vazge\u00e7ilemez g\u00f6revidir\u201d dedi.<\/p>\n<p>Cumhurba\u015fkan\u0131 Tatar, KKTC\u2019nin Kurucu Cumhurba\u015fkan\u0131 Denkta\u015f\u2019\u0131n 13\u2019\u00fcnc\u00fc \u00f6l\u00fcm y\u0131l d\u00f6nn\u00fcm\u00fc nedeniyle mesaj yay\u0131nlad\u0131.<\/p>\n<p>Tatar mesaj\u0131nda, \u201cK\u0131br\u0131s T\u00fcrk halk\u0131n\u0131n ba\u011f\u0131ms\u0131zl\u0131k lideri kurucu Cumhurba\u015fkan\u0131m\u0131z Rauf Raif Denkta\u015f\u2019\u0131n ebediyete intikalinin 13\u2019\u00fcnc\u00fc d\u00f6n\u00fcm\u00fcnde bir kez daha b\u00fcy\u00fck bir \u00f6zlem ,sayg\u0131 ve minnetle an\u0131yoruz\u201d ifadelerini kulland\u0131.<\/p>\n<p>Tatar mesaj\u0131n\u0131 \u015f\u00f6yle s\u00fcrd\u00fcrd\u00fc:<\/p>\n<p>\u201cK\u0131br\u0131s T\u00fcrk halk\u0131n\u0131n en karanl\u0131k g\u00fcnlerinde b\u00fcy\u00fck bir azimle kararl\u0131l\u0131kla halk\u0131m\u0131za \u00f6nderlik ederek dava ve silah arkada\u015flar\u0131 ile ba\u015flatt\u0131\u011f\u0131n\u0131z kutsal ve destans\u0131 m\u00fccadeleniz en b\u00fcy\u00fck g\u00fc\u00e7 ve ilham kayna\u011f\u0131m\u0131z\u0131 olu\u015fturmaktad\u0131r. \u00c7ok a\u011f\u0131r bedeller \u00f6denerek y\u00fcr\u00fct\u00fclen bu m\u00fccadelede halk\u0131m\u0131z evlatlar\u0131n\u0131 topra\u011fa verirken bir ad\u0131m bile gerilememi\u015f ve bu m\u00fccadele halk\u0131m\u0131za \u00f6zg\u00fcrl\u00fc\u011f\u00fcn\u00fc ve ba\u011f\u0131ms\u0131zl\u0131\u011f\u0131n\u0131 kazand\u0131r\u0131rken, bug\u00fcn kendi vatan\u0131m\u0131zda kendi devletimizin \u00e7at\u0131s\u0131 alt\u0131nda \u00f6zg\u00fcr , egemen ve g\u00fcven i\u00e7inde ya\u015f\u0131yoruz. Kurucu Cumhurba\u015fkan\u0131m\u0131z Denkta\u015f\u2019\u0131n bizlere emanet etti\u011fi Kuzey K\u0131br\u0131s T\u00fcrk Cumhuriyeti\u2019ni sonsuza dek ya\u015fatma kararl\u0131l\u0131\u011f\u0131m\u0131z s\u00fcrerken, Denkta\u015f\u2019\u0131n m\u00fccadelesi, ilke ve d\u00fc\u015f\u00fcnceleri bizlere rehber olmaya devam etmekte ve m\u00fccadele yolumuzu ayd\u0131nlatmaktad\u0131r.<\/p>\n<p>Kurucu Cumhurba\u015fkan\u0131m\u0131z Denkta\u015f\u2019\u0131n s\u00fcrekli olarak i\u015faret etti\u011fi ve son nefesinde bile sarfetti\u011fi \u2018Devletinize, egemenliginize ve anavatan T\u00fcrkiye\u2019ye d\u00f6rt elle sar\u0131l\u0131n\u0131z, T\u00fcrk askerinden asla vazge\u00e7meyiniz\u2019s\u00f6zleriyle bizlere kutsal bir miras olarak b\u0131rakt\u0131\u011f\u0131 vasiyetine her zaman ba\u011fl\u0131 kalaca\u011f\u0131z. Bu kutsal vasiyet halk\u0131m\u0131z\u0131n ve m\u00fccadelemizin en b\u00fcy\u00fck ilham ve g\u00fc\u00e7 kayna\u011f\u0131d\u0131r. Bunu her zaman hat\u0131rlayacak, ya\u015fatacak ve bu yolda ilerlemeye devam edece\u011fiz. Bug\u00fcn anavatan T\u00fcrkiye ile belirledi\u011fimiz yeni ve milli yolda b\u00fcy\u00fck bir azim ve kararl\u0131l\u0131kla y\u00fcr\u00fcrken devletimizden ve egemenli\u011fimizden asla vazge\u00e7meyece\u011fiz. K\u0131br\u0131s \u2018ta federal temele dayal\u0131 bir anla\u015fman\u0131n m\u00fcmk\u00fcn olmad\u0131\u011f\u0131 a\u00e7\u0131k ve net bir \u015fekilde g\u00f6r\u00fcl\u00fcrken K\u0131br\u0131s\u2019\u0131n ve b\u00f6lgenin yarar\u0131na olacak olan tek \u00e7\u00f6z\u00fcm \u015fekli iki ayr\u0131 devletin varl\u0131\u011f\u0131na dayal\u0131 adil ve kal\u0131c\u0131 s\u00fcrd\u00fcr\u00fclebilir \u00e7\u00f6z\u00fcm \u015feklidir. Bu arada bir kez daha belirtmek gerekir ki egemen e\u015fitli\u011fimiz ve uluslararas\u0131 e\u015fit stat\u00fcm\u00fcz kabul edilmeden, m\u00fczakere masalar\u0131nda bir kez daha Rum taraf\u0131n\u0131n esiri olmayaca\u011f\u0131z. Rum taraf\u0131n\u0131n federasyon anlay\u0131\u015f\u0131 T\u00fcrk askerini K\u0131br\u0131s tan uzakla\u015ft\u0131rmak, halk\u0131m\u0131z\u0131 az\u0131nl\u0131k yapmakt\u0131r. Bunlar asla kabul edilemez. Kurucu Cumhurba\u015fkan\u0131m\u0131z Denkta\u015f\u2019a ebediyete intikal edi\u015finin on\u00fc\u00e7\u00fcnc\u00fc y\u0131l d\u00f6n\u00fcm\u00fcnde \u015fahs\u0131m ve halk\u0131m ad\u0131na yeniden seslenirken devletimizden, egemenligimizden, \u00f6zg\u00fcrl\u00fc\u011f\u00fcm\u00fcz den ve anavatan T\u00fcrkiye\u2019den asla vazge\u00e7meyece\u011fimizi bir kez daha belirtirim. Anavatan T\u00fcrkiye ile belirledi\u011fimiz yeni ve milli yolda kararl\u0131l\u0131kla y\u00fcr\u00fcmeye devam ederken K\u0131br\u0131s T\u00fcrk halk\u0131n\u0131n onur ve \u015ferefini ayaklar alt\u0131nda \u00e7i\u011fnetmeyece\u011fiz . Rum\u2019un k\u00f6lesi ve az\u0131nl\u0131\u011f\u0131 olmayaca\u011f\u0131z. Bizler bu topraklarda misafir de\u011filiz ve en az Rumlar kadar her hakka sahibiz. Kurucu Cumhurba\u015fkan\u0131m\u0131z Denkta\u015f\u2019\u0131 bir kez daha b\u00fcy\u00fck bir \u00f6zlem, minnet ve rahmetle an\u0131yoruz. Kurucu Cumhurba\u015fkan\u0131m\u0131z Denkta\u015f, rahat uyuyunuz.  Bizlere emanetiniz olan Kuzey K\u0131br\u0131s T\u00fcrk Cumhuriyeti korunacak, daha da g\u00fc\u00e7lendirecek ve sonsuza dek ya\u015fat\u0131lacakt\u0131r. Vatan ve halk\u0131m\u0131z sizlere minettard\u0131r.\u201d<\/p>\n<\/p><\/div>\n<p><script async\n                    defer\n                    crossorigin=\"anonymous\"\n                    src=\"https:\/\/connect.facebook.net\/tr_TR\/sdk.js#xfbml=1&#038;version=v3.3\"\n            ><\/script><\/p>\n","protected":false},"excerpt":{"rendered":"<p>Cumhurba\u015fkan\u0131 Ersin Tatar, \u201cK\u0131br\u0131s T\u00fcrk halk\u0131n\u0131n y\u00fcre\u011finde sonsuza dek ya\u015fayacak olan Kurucu Cumhurba\u015fkan\u0131m\u0131z Rauf Rair Denkta\u015f\u2019\u0131 asla unutmayacak ve unutturmayaca\u011f\u0131z. Bu bizlerin en b\u00fcy\u00fck ve vazge\u00e7ilemez g\u00f6revidir\u201d dedi. Cumhurba\u015fkan\u0131 Tatar, KKTC\u2019nin Kurucu Cumhurba\u015fkan\u0131 Denkta\u015f\u2019\u0131n 13\u2019\u00fcnc\u00fc \u00f6l\u00fcm y\u0131l d\u00f6nn\u00fcm\u00fc nedeniyle mesaj yay\u0131nlad\u0131. Tatar mesaj\u0131nda, \u201cK\u0131br\u0131s T\u00fcrk halk\u0131n\u0131n ba\u011f\u0131ms\u0131zl\u0131k lideri kurucu Cumhurba\u015fkan\u0131m\u0131z Rauf Raif Denkta\u015f\u2019\u0131n ebediyete intikalinin<\/p>\n","protected":false},"author":1,"featured_media":73421,"comment_status":"open","ping_status":"open","sticky":false,"template":"","format":"standard","meta":{"footnotes":""},"categories":[81,101],"tags":[],"class_list":["post-73420","post","type-post","status-publish","format-standard","has-post-thumbnail","hentry","category-kibris","category-manset"],"yoast_head":"<!-- This site is optimized with the Yoast SEO plugin v27.5 - https:\/\/yoast.com\/product\/yoast-seo-wordpress\/ -->\n<title>Cumhurba\u015fkan\u0131 Tatar: Denkta\u015f\u2019\u0131n ilke ve d\u00fc\u015f\u00fcnceleri m\u00fccadele yolumuzu ayd\u0131nlatmaktad\u0131r -<\/title>\n<meta name=\"robots\" content=\"index, follow, max-snippet:-1, max-image-preview:large, max-video-preview:-1\" \/>\n<link rel=\"canonical\" href=\"https:\/\/kibrisdakik.com\/?p=73420\" \/>\n<meta property=\"og:locale\" content=\"tr_TR\" \/>\n<meta property=\"og:type\" content=\"article\" \/>\n<meta property=\"og:title\" content=\"Cumhurba\u015fkan\u0131 Tatar: Denkta\u015f\u2019\u0131n ilke ve d\u00fc\u015f\u00fcnceleri m\u00fccadele yolumuzu ayd\u0131nlatmaktad\u0131r -\" \/>\n<meta property=\"og:description\" content=\"Cumhurba\u015fkan\u0131 Ersin Tatar, \u201cK\u0131br\u0131s T\u00fcrk halk\u0131n\u0131n y\u00fcre\u011finde sonsuza dek ya\u015fayacak olan Kurucu Cumhurba\u015fkan\u0131m\u0131z Rauf Rair Denkta\u015f\u2019\u0131 asla unutmayacak ve unutturmayaca\u011f\u0131z. Bu bizlerin en b\u00fcy\u00fck ve vazge\u00e7ilemez g\u00f6revidir\u201d dedi. Cumhurba\u015fkan\u0131 Tatar, KKTC\u2019nin Kurucu Cumhurba\u015fkan\u0131 Denkta\u015f\u2019\u0131n 13\u2019\u00fcnc\u00fc \u00f6l\u00fcm y\u0131l d\u00f6nn\u00fcm\u00fc nedeniyle mesaj yay\u0131nlad\u0131. Tatar mesaj\u0131nda, \u201cK\u0131br\u0131s T\u00fcrk halk\u0131n\u0131n ba\u011f\u0131ms\u0131zl\u0131k lideri kurucu Cumhurba\u015fkan\u0131m\u0131z Rauf Raif Denkta\u015f\u2019\u0131n ebediyete intikalinin\" \/>\n<meta property=\"og:url\" content=\"https:\/\/kibrisdakik.com\/?p=73420\" \/>\n<meta property=\"article:published_time\" content=\"2025-01-12T18:24:01+00:00\" \/>\n<meta property=\"og:image\" content=\"https:\/\/kibrisdakik.com\/wp-content\/uploads\/2025\/01\/tad-740x420.jpg\" \/>\n\t<meta property=\"og:image:width\" content=\"899\" \/>\n\t<meta property=\"og:image:height\" content=\"450\" \/>\n\t<meta property=\"og:image:type\" content=\"image\/jpeg\" \/>\n<meta name=\"author\" content=\"admin\" \/>\n<meta name=\"twitter:card\" content=\"summary_large_image\" \/>\n<meta name=\"twitter:label1\" content=\"Yazan:\" \/>\n\t<meta name=\"twitter:data1\" content=\"admin\" \/>\n\t<meta name=\"twitter:label2\" content=\"Tahmini okuma s\u00fcresi\" \/>\n\t<meta name=\"twitter:data2\" content=\"3 dakika\" \/>\n<script type=\"application\/ld+json\" class=\"yoast-schema-graph\">{\"@context\":\"https:\\\/\\\/schema.org\",\"@graph\":[{\"@type\":\"Article\",\"@id\":\"https:\\\/\\\/kibrisdakik.com\\\/?p=73420#article\",\"isPartOf\":{\"@id\":\"https:\\\/\\\/kibrisdakik.com\\\/?p=73420\"},\"author\":{\"name\":\"admin\",\"@id\":\"https:\\\/\\\/kibrisdakik.com\\\/#\\\/schema\\\/person\\\/9cd9d437bbb44f72b73ba127e06d8e79\"},\"headline\":\"Cumhurba\u015fkan\u0131 Tatar: Denkta\u015f\u2019\u0131n ilke ve d\u00fc\u015f\u00fcnceleri m\u00fccadele yolumuzu ayd\u0131nlatmaktad\u0131r\",\"datePublished\":\"2025-01-12T18:24:01+00:00\",\"mainEntityOfPage\":{\"@id\":\"https:\\\/\\\/kibrisdakik.com\\\/?p=73420\"},\"wordCount\":709,\"commentCount\":0,\"image\":{\"@id\":\"https:\\\/\\\/kibrisdakik.com\\\/?p=73420#primaryimage\"},\"thumbnailUrl\":\"https:\\\/\\\/kibrisdakik.com\\\/wp-content\\\/uploads\\\/2025\\\/01\\\/tad-740x420.jpg\",\"articleSection\":[\"K\u0131br\u0131s\",\"Man\u015fet\"],\"inLanguage\":\"tr\",\"potentialAction\":[{\"@type\":\"CommentAction\",\"name\":\"Comment\",\"target\":[\"https:\\\/\\\/kibrisdakik.com\\\/?p=73420#respond\"]}]},{\"@type\":\"WebPage\",\"@id\":\"https:\\\/\\\/kibrisdakik.com\\\/?p=73420\",\"url\":\"https:\\\/\\\/kibrisdakik.com\\\/?p=73420\",\"name\":\"Cumhurba\u015fkan\u0131 Tatar: Denkta\u015f\u2019\u0131n ilke ve d\u00fc\u015f\u00fcnceleri m\u00fccadele yolumuzu ayd\u0131nlatmaktad\u0131r -\",\"isPartOf\":{\"@id\":\"https:\\\/\\\/kibrisdakik.com\\\/#website\"},\"primaryImageOfPage\":{\"@id\":\"https:\\\/\\\/kibrisdakik.com\\\/?p=73420#primaryimage\"},\"image\":{\"@id\":\"https:\\\/\\\/kibrisdakik.com\\\/?p=73420#primaryimage\"},\"thumbnailUrl\":\"https:\\\/\\\/kibrisdakik.com\\\/wp-content\\\/uploads\\\/2025\\\/01\\\/tad-740x420.jpg\",\"datePublished\":\"2025-01-12T18:24:01+00:00\",\"author\":{\"@id\":\"https:\\\/\\\/kibrisdakik.com\\\/#\\\/schema\\\/person\\\/9cd9d437bbb44f72b73ba127e06d8e79\"},\"breadcrumb\":{\"@id\":\"https:\\\/\\\/kibrisdakik.com\\\/?p=73420#breadcrumb\"},\"inLanguage\":\"tr\",\"potentialAction\":[{\"@type\":\"ReadAction\",\"target\":[\"https:\\\/\\\/kibrisdakik.com\\\/?p=73420\"]}]},{\"@type\":\"ImageObject\",\"inLanguage\":\"tr\",\"@id\":\"https:\\\/\\\/kibrisdakik.com\\\/?p=73420#primaryimage\",\"url\":\"https:\\\/\\\/kibrisdakik.com\\\/wp-content\\\/uploads\\\/2025\\\/01\\\/tad-740x420.jpg\",\"contentUrl\":\"https:\\\/\\\/kibrisdakik.com\\\/wp-content\\\/uploads\\\/2025\\\/01\\\/tad-740x420.jpg\",\"width\":899,\"height\":450},{\"@type\":\"BreadcrumbList\",\"@id\":\"https:\\\/\\\/kibrisdakik.com\\\/?p=73420#breadcrumb\",\"itemListElement\":[{\"@type\":\"ListItem\",\"position\":1,\"name\":\"Home\",\"item\":\"https:\\\/\\\/kibrisdakik.com\\\/\"},{\"@type\":\"ListItem\",\"position\":2,\"name\":\"Cumhurba\u015fkan\u0131 Tatar: Denkta\u015f\u2019\u0131n ilke ve d\u00fc\u015f\u00fcnceleri m\u00fccadele yolumuzu ayd\u0131nlatmaktad\u0131r\"}]},{\"@type\":\"WebSite\",\"@id\":\"https:\\\/\\\/kibrisdakik.com\\\/#website\",\"url\":\"https:\\\/\\\/kibrisdakik.com\\\/\",\"name\":\"\",\"description\":\"Tam vaktinde haber\",\"potentialAction\":[{\"@type\":\"SearchAction\",\"target\":{\"@type\":\"EntryPoint\",\"urlTemplate\":\"https:\\\/\\\/kibrisdakik.com\\\/?s={search_term_string}\"},\"query-input\":{\"@type\":\"PropertyValueSpecification\",\"valueRequired\":true,\"valueName\":\"search_term_string\"}}],\"inLanguage\":\"tr\"},{\"@type\":\"Person\",\"@id\":\"https:\\\/\\\/kibrisdakik.com\\\/#\\\/schema\\\/person\\\/9cd9d437bbb44f72b73ba127e06d8e79\",\"name\":\"admin\",\"image\":{\"@type\":\"ImageObject\",\"inLanguage\":\"tr\",\"@id\":\"https:\\\/\\\/secure.gravatar.com\\\/avatar\\\/ccc17943b9d660506c869530f897617f7cb1c21a4bf30023f252596d83e1f007?s=96&d=mm&r=g\",\"url\":\"https:\\\/\\\/secure.gravatar.com\\\/avatar\\\/ccc17943b9d660506c869530f897617f7cb1c21a4bf30023f252596d83e1f007?s=96&d=mm&r=g\",\"contentUrl\":\"https:\\\/\\\/secure.gravatar.com\\\/avatar\\\/ccc17943b9d660506c869530f897617f7cb1c21a4bf30023f252596d83e1f007?s=96&d=mm&r=g\",\"caption\":\"admin\"},\"sameAs\":[\"https:\\\/\\\/kibrisdakik.com\"],\"url\":\"https:\\\/\\\/kibrisdakik.com\\\/?author=1\"}]}<\/script>\n<!-- \/ Yoast SEO plugin. -->","yoast_head_json":{"title":"Cumhurba\u015fkan\u0131 Tatar: Denkta\u015f\u2019\u0131n ilke ve d\u00fc\u015f\u00fcnceleri m\u00fccadele yolumuzu ayd\u0131nlatmaktad\u0131r -","robots":{"index":"index","follow":"follow","max-snippet":"max-snippet:-1","max-image-preview":"max-image-preview:large","max-video-preview":"max-video-preview:-1"},"canonical":"https:\/\/kibrisdakik.com\/?p=73420","og_locale":"tr_TR","og_type":"article","og_title":"Cumhurba\u015fkan\u0131 Tatar: Denkta\u015f\u2019\u0131n ilke ve d\u00fc\u015f\u00fcnceleri m\u00fccadele yolumuzu ayd\u0131nlatmaktad\u0131r -","og_description":"Cumhurba\u015fkan\u0131 Ersin Tatar, \u201cK\u0131br\u0131s T\u00fcrk halk\u0131n\u0131n y\u00fcre\u011finde sonsuza dek ya\u015fayacak olan Kurucu Cumhurba\u015fkan\u0131m\u0131z Rauf Rair Denkta\u015f\u2019\u0131 asla unutmayacak ve unutturmayaca\u011f\u0131z. Bu bizlerin en b\u00fcy\u00fck ve vazge\u00e7ilemez g\u00f6revidir\u201d dedi. Cumhurba\u015fkan\u0131 Tatar, KKTC\u2019nin Kurucu Cumhurba\u015fkan\u0131 Denkta\u015f\u2019\u0131n 13\u2019\u00fcnc\u00fc \u00f6l\u00fcm y\u0131l d\u00f6nn\u00fcm\u00fc nedeniyle mesaj yay\u0131nlad\u0131. Tatar mesaj\u0131nda, \u201cK\u0131br\u0131s T\u00fcrk halk\u0131n\u0131n ba\u011f\u0131ms\u0131zl\u0131k lideri kurucu Cumhurba\u015fkan\u0131m\u0131z Rauf Raif Denkta\u015f\u2019\u0131n ebediyete intikalinin","og_url":"https:\/\/kibrisdakik.com\/?p=73420","article_published_time":"2025-01-12T18:24:01+00:00","og_image":[{"width":899,"height":450,"url":"https:\/\/kibrisdakik.com\/wp-content\/uploads\/2025\/01\/tad-740x420.jpg","type":"image\/jpeg"}],"author":"admin","twitter_card":"summary_large_image","twitter_misc":{"Yazan:":"admin","Tahmini okuma s\u00fcresi":"3 dakika"},"schema":{"@context":"https:\/\/schema.org","@graph":[{"@type":"Article","@id":"https:\/\/kibrisdakik.com\/?p=73420#article","isPartOf":{"@id":"https:\/\/kibrisdakik.com\/?p=73420"},"author":{"name":"admin","@id":"https:\/\/kibrisdakik.com\/#\/schema\/person\/9cd9d437bbb44f72b73ba127e06d8e79"},"headline":"Cumhurba\u015fkan\u0131 Tatar: Denkta\u015f\u2019\u0131n ilke ve d\u00fc\u015f\u00fcnceleri m\u00fccadele yolumuzu ayd\u0131nlatmaktad\u0131r","datePublished":"2025-01-12T18:24:01+00:00","mainEntityOfPage":{"@id":"https:\/\/kibrisdakik.com\/?p=73420"},"wordCount":709,"commentCount":0,"image":{"@id":"https:\/\/kibrisdakik.com\/?p=73420#primaryimage"},"thumbnailUrl":"https:\/\/kibrisdakik.com\/wp-content\/uploads\/2025\/01\/tad-740x420.jpg","articleSection":["K\u0131br\u0131s","Man\u015fet"],"inLanguage":"tr","potentialAction":[{"@type":"CommentAction","name":"Comment","target":["https:\/\/kibrisdakik.com\/?p=73420#respond"]}]},{"@type":"WebPage","@id":"https:\/\/kibrisdakik.com\/?p=73420","url":"https:\/\/kibrisdakik.com\/?p=73420","name":"Cumhurba\u015fkan\u0131 Tatar: Denkta\u015f\u2019\u0131n ilke ve d\u00fc\u015f\u00fcnceleri m\u00fccadele yolumuzu ayd\u0131nlatmaktad\u0131r -","isPartOf":{"@id":"https:\/\/kibrisdakik.com\/#website"},"primaryImageOfPage":{"@id":"https:\/\/kibrisdakik.com\/?p=73420#primaryimage"},"image":{"@id":"https:\/\/kibrisdakik.com\/?p=73420#primaryimage"},"thumbnailUrl":"https:\/\/kibrisdakik.com\/wp-content\/uploads\/2025\/01\/tad-740x420.jpg","datePublished":"2025-01-12T18:24:01+00:00","author":{"@id":"https:\/\/kibrisdakik.com\/#\/schema\/person\/9cd9d437bbb44f72b73ba127e06d8e79"},"breadcrumb":{"@id":"https:\/\/kibrisdakik.com\/?p=73420#breadcrumb"},"inLanguage":"tr","potentialAction":[{"@type":"ReadAction","target":["https:\/\/kibrisdakik.com\/?p=73420"]}]},{"@type":"ImageObject","inLanguage":"tr","@id":"https:\/\/kibrisdakik.com\/?p=73420#primaryimage","url":"https:\/\/kibrisdakik.com\/wp-content\/uploads\/2025\/01\/tad-740x420.jpg","contentUrl":"https:\/\/kibrisdakik.com\/wp-content\/uploads\/2025\/01\/tad-740x420.jpg","width":899,"height":450},{"@type":"BreadcrumbList","@id":"https:\/\/kibrisdakik.com\/?p=73420#breadcrumb","itemListElement":[{"@type":"ListItem","position":1,"name":"Home","item":"https:\/\/kibrisdakik.com\/"},{"@type":"ListItem","position":2,"name":"Cumhurba\u015fkan\u0131 Tatar: Denkta\u015f\u2019\u0131n ilke ve d\u00fc\u015f\u00fcnceleri m\u00fccadele yolumuzu ayd\u0131nlatmaktad\u0131r"}]},{"@type":"WebSite","@id":"https:\/\/kibrisdakik.com\/#website","url":"https:\/\/kibrisdakik.com\/","name":"","description":"Tam vaktinde haber","potentialAction":[{"@type":"SearchAction","target":{"@type":"EntryPoint","urlTemplate":"https:\/\/kibrisdakik.com\/?s={search_term_string}"},"query-input":{"@type":"PropertyValueSpecification","valueRequired":true,"valueName":"search_term_string"}}],"inLanguage":"tr"},{"@type":"Person","@id":"https:\/\/kibrisdakik.com\/#\/schema\/person\/9cd9d437bbb44f72b73ba127e06d8e79","name":"admin","image":{"@type":"ImageObject","inLanguage":"tr","@id":"https:\/\/secure.gravatar.com\/avatar\/ccc17943b9d660506c869530f897617f7cb1c21a4bf30023f252596d83e1f007?s=96&d=mm&r=g","url":"https:\/\/secure.gravatar.com\/avatar\/ccc17943b9d660506c869530f897617f7cb1c21a4bf30023f252596d83e1f007?s=96&d=mm&r=g","contentUrl":"https:\/\/secure.gravatar.com\/avatar\/ccc17943b9d660506c869530f897617f7cb1c21a4bf30023f252596d83e1f007?s=96&d=mm&r=g","caption":"admin"},"sameAs":["https:\/\/kibrisdakik.com"],"url":"https:\/\/kibrisdakik.com\/?author=1"}]}},"_links":{"self":[{"href":"https:\/\/kibrisdakik.com\/index.php?rest_route=\/wp\/v2\/posts\/73420","targetHints":{"allow":["GET"]}}],"collection":[{"href":"https:\/\/kibrisdakik.com\/index.php?rest_route=\/wp\/v2\/posts"}],"about":[{"href":"https:\/\/kibrisdakik.com\/index.php?rest_route=\/wp\/v2\/types\/post"}],"author":[{"embeddable":true,"href":"https:\/\/kibrisdakik.com\/index.php?rest_route=\/wp\/v2\/users\/1"}],"replies":[{"embeddable":true,"href":"https:\/\/kibrisdakik.com\/index.php?rest_route=%2Fwp%2Fv2%2Fcomments&post=73420"}],"version-history":[{"count":0,"href":"https:\/\/kibrisdakik.com\/index.php?rest_route=\/wp\/v2\/posts\/73420\/revisions"}],"wp:featuredmedia":[{"embeddable":true,"href":"https:\/\/kibrisdakik.com\/index.php?rest_route=\/wp\/v2\/media\/73421"}],"wp:attachment":[{"href":"https:\/\/kibrisdakik.com\/index.php?rest_route=%2Fwp%2Fv2%2Fmedia&parent=73420"}],"wp:term":[{"taxonomy":"category","embeddable":true,"href":"https:\/\/kibrisdakik.com\/index.php?rest_route=%2Fwp%2Fv2%2Fcategories&post=73420"},{"taxonomy":"post_tag","embeddable":true,"href":"https:\/\/kibrisdakik.com\/index.php?rest_route=%2Fwp%2Fv2%2Ftags&post=73420"}],"curies":[{"name":"wp","href":"https:\/\/api.w.org\/{rel}","templated":true}]}}