{"id":73431,"date":"2025-01-13T08:18:13","date_gmt":"2025-01-13T05:18:13","guid":{"rendered":"https:\/\/kibrisdakik.com\/index.php\/2025\/01\/13\/arikli-kararliligi-ve-liderligiyle-halkinin-kaderini-degistirdi\/"},"modified":"2025-01-13T08:18:13","modified_gmt":"2025-01-13T05:18:13","slug":"arikli-kararliligi-ve-liderligiyle-halkinin-kaderini-degistirdi","status":"publish","type":"post","link":"https:\/\/kibrisdakik.com\/?p=73431","title":{"rendered":"Ar\u0131kl\u0131: \u201cKararl\u0131l\u0131\u011f\u0131 ve liderli\u011fiyle halk\u0131n\u0131n kaderini de\u011fi\u015ftirdi\u201d"},"content":{"rendered":"<div>\n<div class=\"mariselle-image-container center\">\n                                            <\/div>\n<p>\nBay\u0131nd\u0131rl\u0131k ve Ula\u015ft\u0131rma Bakan\u0131 Ar\u0131kl\u0131, Kurucu Cumhurba\u015fkan\u0131 Rauf Raif Denkta\u015f\u2019\u0131n, kararl\u0131l\u0131\u011f\u0131 ve liderli\u011fiyle bir halk\u0131n\u0131n tarihini de\u011fi\u015ftiren e\u015fsiz bir devlet adam\u0131 oldu\u011funu s\u00f6yledi.<\/p>\n<p>\u201cKuzey K\u0131br\u0131s T\u00fcrk Cumhuriyeti\u2019nin Kurucu Cumhurba\u015fkan\u0131 ve K\u0131br\u0131s T\u00fcrk halk\u0131n\u0131n ba\u011f\u0131ms\u0131zl\u0131k m\u00fccadelesinin \u00f6nderi Rauf Raif Denkta\u015f\u2019\u0131, vefat\u0131n\u0131n 13\u2019\u00fcnc\u00fc y\u0131l d\u00f6n\u00fcm\u00fcnde rahmet, minnet ve \u00f6zlemle an\u0131yoruz\u201d diyen Ar\u0131kl\u0131, mesaj\u0131nda \u015fu ifadelere yer verdi:<\/p>\n<p>\u201cRauf Raif Denkta\u015f, \u00f6mr\u00fcn\u00fc K\u0131br\u0131s T\u00fcrk halk\u0131n\u0131n varolu\u015f m\u00fccadelesine adam\u0131\u015f, kararl\u0131l\u0131\u011f\u0131 ve liderli\u011fiyle bir halk\u0131n tarihini de\u011fi\u015ftiren e\u015fsiz bir devlet adam\u0131d\u0131r. Denkta\u015f, yaln\u0131zca ba\u011f\u0131ms\u0131z bir devletin temellerini atmakla kalmam\u0131\u015f; hak, hukuk ve adalet yolunda y\u0131lmadan y\u00fcr\u00fcyerek K\u0131br\u0131s T\u00fcrklerinin sesini t\u00fcm d\u00fcnyaya duyurmu\u015ftur.<\/p>\n<p>Onun \u00fcst\u00fcn zek\u00e2s\u0131, diplomasi yetene\u011fi ve sars\u0131lmaz inanc\u0131 sayesinde, K\u0131br\u0131s T\u00fcrk halk\u0131 bug\u00fcn kendi kimli\u011fi ve varl\u0131\u011f\u0131yla \u00f6zg\u00fcrce ya\u015famaktad\u0131r. Denkta\u015f\u2019\u0131n verdi\u011fi bu m\u00fccadele, yaln\u0131zca bir siyasi liderlik de\u011fil, ayn\u0131 zamanda halk\u0131n\u0131n gelece\u011fine duydu\u011fu b\u00fcy\u00fck bir inanc\u0131n tezah\u00fcr\u00fcd\u00fcr. Rauf Raif Denkta\u015f\u2019\u0131n miras\u0131, bizlere yaln\u0131zca bir tarih de\u011fil, ayn\u0131 zamanda gelece\u011fe \u0131\u015f\u0131k tutan bir rehberdir. Bu miras\u0131 ya\u015fatmak ve daha ileri ta\u015f\u0131mak hepimizin ortak sorumlulu\u011fudur. Bu vesileyle, kendisini bir kez daha sayg\u0131, rahmet ve minnetle an\u0131yorum. Ruhu \u015fad olsun.\u201d<\/p>\n<\/p><\/div>\n<p><script async\n                    defer\n                    crossorigin=\"anonymous\"\n                    src=\"https:\/\/connect.facebook.net\/tr_TR\/sdk.js#xfbml=1&#038;version=v3.3\"\n            ><\/script><\/p>\n","protected":false},"excerpt":{"rendered":"<p>Bay\u0131nd\u0131rl\u0131k ve Ula\u015ft\u0131rma Bakan\u0131 Ar\u0131kl\u0131, Kurucu Cumhurba\u015fkan\u0131 Rauf Raif Denkta\u015f\u2019\u0131n, kararl\u0131l\u0131\u011f\u0131 ve liderli\u011fiyle bir halk\u0131n\u0131n tarihini de\u011fi\u015ftiren e\u015fsiz bir devlet adam\u0131 oldu\u011funu s\u00f6yledi. \u201cKuzey K\u0131br\u0131s T\u00fcrk Cumhuriyeti\u2019nin Kurucu Cumhurba\u015fkan\u0131 ve K\u0131br\u0131s T\u00fcrk halk\u0131n\u0131n ba\u011f\u0131ms\u0131zl\u0131k m\u00fccadelesinin \u00f6nderi Rauf Raif Denkta\u015f\u2019\u0131, vefat\u0131n\u0131n 13\u2019\u00fcnc\u00fc y\u0131l d\u00f6n\u00fcm\u00fcnde rahmet, minnet ve \u00f6zlemle an\u0131yoruz\u201d diyen Ar\u0131kl\u0131, mesaj\u0131nda \u015fu ifadelere yer verdi:<\/p>\n","protected":false},"author":1,"featured_media":73432,"comment_status":"open","ping_status":"open","sticky":false,"template":"","format":"standard","meta":{"footnotes":""},"categories":[81,101],"tags":[],"class_list":["post-73431","post","type-post","status-publish","format-standard","has-post-thumbnail","hentry","category-kibris","category-manset"],"yoast_head":"<!-- This site is optimized with the Yoast SEO plugin v27.5 - https:\/\/yoast.com\/product\/yoast-seo-wordpress\/ -->\n<title>Ar\u0131kl\u0131: \u201cKararl\u0131l\u0131\u011f\u0131 ve liderli\u011fiyle halk\u0131n\u0131n kaderini de\u011fi\u015ftirdi\u201d -<\/title>\n<meta name=\"robots\" content=\"index, follow, max-snippet:-1, max-image-preview:large, max-video-preview:-1\" \/>\n<link rel=\"canonical\" href=\"https:\/\/kibrisdakik.com\/?p=73431\" \/>\n<meta property=\"og:locale\" content=\"tr_TR\" \/>\n<meta property=\"og:type\" content=\"article\" \/>\n<meta property=\"og:title\" content=\"Ar\u0131kl\u0131: \u201cKararl\u0131l\u0131\u011f\u0131 ve liderli\u011fiyle halk\u0131n\u0131n kaderini de\u011fi\u015ftirdi\u201d -\" \/>\n<meta property=\"og:description\" content=\"Bay\u0131nd\u0131rl\u0131k ve Ula\u015ft\u0131rma Bakan\u0131 Ar\u0131kl\u0131, Kurucu Cumhurba\u015fkan\u0131 Rauf Raif Denkta\u015f\u2019\u0131n, kararl\u0131l\u0131\u011f\u0131 ve liderli\u011fiyle bir halk\u0131n\u0131n tarihini de\u011fi\u015ftiren e\u015fsiz bir devlet adam\u0131 oldu\u011funu s\u00f6yledi. \u201cKuzey K\u0131br\u0131s T\u00fcrk Cumhuriyeti\u2019nin Kurucu Cumhurba\u015fkan\u0131 ve K\u0131br\u0131s T\u00fcrk halk\u0131n\u0131n ba\u011f\u0131ms\u0131zl\u0131k m\u00fccadelesinin \u00f6nderi Rauf Raif Denkta\u015f\u2019\u0131, vefat\u0131n\u0131n 13\u2019\u00fcnc\u00fc y\u0131l d\u00f6n\u00fcm\u00fcnde rahmet, minnet ve \u00f6zlemle an\u0131yoruz\u201d diyen Ar\u0131kl\u0131, mesaj\u0131nda \u015fu ifadelere yer verdi:\" \/>\n<meta property=\"og:url\" content=\"https:\/\/kibrisdakik.com\/?p=73431\" \/>\n<meta property=\"article:published_time\" content=\"2025-01-13T05:18:13+00:00\" \/>\n<meta property=\"og:image\" content=\"https:\/\/kibrisdakik.com\/wp-content\/uploads\/2025\/01\/1736706936514erhan-arikli-740x420.jpg\" \/>\n\t<meta property=\"og:image:width\" content=\"1654\" \/>\n\t<meta property=\"og:image:height\" content=\"1104\" \/>\n\t<meta property=\"og:image:type\" content=\"image\/jpeg\" \/>\n<meta name=\"author\" content=\"admin\" \/>\n<meta name=\"twitter:card\" content=\"summary_large_image\" \/>\n<meta name=\"twitter:label1\" content=\"Yazan:\" \/>\n\t<meta name=\"twitter:data1\" content=\"admin\" \/>\n\t<meta name=\"twitter:label2\" content=\"Tahmini okuma s\u00fcresi\" \/>\n\t<meta name=\"twitter:data2\" content=\"1 dakika\" \/>\n<script type=\"application\/ld+json\" class=\"yoast-schema-graph\">{\"@context\":\"https:\\\/\\\/schema.org\",\"@graph\":[{\"@type\":\"Article\",\"@id\":\"https:\\\/\\\/kibrisdakik.com\\\/?p=73431#article\",\"isPartOf\":{\"@id\":\"https:\\\/\\\/kibrisdakik.com\\\/?p=73431\"},\"author\":{\"name\":\"admin\",\"@id\":\"https:\\\/\\\/kibrisdakik.com\\\/#\\\/schema\\\/person\\\/9cd9d437bbb44f72b73ba127e06d8e79\"},\"headline\":\"Ar\u0131kl\u0131: \u201cKararl\u0131l\u0131\u011f\u0131 ve liderli\u011fiyle halk\u0131n\u0131n kaderini de\u011fi\u015ftirdi\u201d\",\"datePublished\":\"2025-01-13T05:18:13+00:00\",\"mainEntityOfPage\":{\"@id\":\"https:\\\/\\\/kibrisdakik.com\\\/?p=73431\"},\"wordCount\":291,\"commentCount\":0,\"image\":{\"@id\":\"https:\\\/\\\/kibrisdakik.com\\\/?p=73431#primaryimage\"},\"thumbnailUrl\":\"https:\\\/\\\/kibrisdakik.com\\\/wp-content\\\/uploads\\\/2025\\\/01\\\/1736706936514erhan-arikli-740x420.jpg\",\"articleSection\":[\"K\u0131br\u0131s\",\"Man\u015fet\"],\"inLanguage\":\"tr\",\"potentialAction\":[{\"@type\":\"CommentAction\",\"name\":\"Comment\",\"target\":[\"https:\\\/\\\/kibrisdakik.com\\\/?p=73431#respond\"]}]},{\"@type\":\"WebPage\",\"@id\":\"https:\\\/\\\/kibrisdakik.com\\\/?p=73431\",\"url\":\"https:\\\/\\\/kibrisdakik.com\\\/?p=73431\",\"name\":\"Ar\u0131kl\u0131: \u201cKararl\u0131l\u0131\u011f\u0131 ve liderli\u011fiyle halk\u0131n\u0131n kaderini de\u011fi\u015ftirdi\u201d -\",\"isPartOf\":{\"@id\":\"https:\\\/\\\/kibrisdakik.com\\\/#website\"},\"primaryImageOfPage\":{\"@id\":\"https:\\\/\\\/kibrisdakik.com\\\/?p=73431#primaryimage\"},\"image\":{\"@id\":\"https:\\\/\\\/kibrisdakik.com\\\/?p=73431#primaryimage\"},\"thumbnailUrl\":\"https:\\\/\\\/kibrisdakik.com\\\/wp-content\\\/uploads\\\/2025\\\/01\\\/1736706936514erhan-arikli-740x420.jpg\",\"datePublished\":\"2025-01-13T05:18:13+00:00\",\"author\":{\"@id\":\"https:\\\/\\\/kibrisdakik.com\\\/#\\\/schema\\\/person\\\/9cd9d437bbb44f72b73ba127e06d8e79\"},\"breadcrumb\":{\"@id\":\"https:\\\/\\\/kibrisdakik.com\\\/?p=73431#breadcrumb\"},\"inLanguage\":\"tr\",\"potentialAction\":[{\"@type\":\"ReadAction\",\"target\":[\"https:\\\/\\\/kibrisdakik.com\\\/?p=73431\"]}]},{\"@type\":\"ImageObject\",\"inLanguage\":\"tr\",\"@id\":\"https:\\\/\\\/kibrisdakik.com\\\/?p=73431#primaryimage\",\"url\":\"https:\\\/\\\/kibrisdakik.com\\\/wp-content\\\/uploads\\\/2025\\\/01\\\/1736706936514erhan-arikli-740x420.jpg\",\"contentUrl\":\"https:\\\/\\\/kibrisdakik.com\\\/wp-content\\\/uploads\\\/2025\\\/01\\\/1736706936514erhan-arikli-740x420.jpg\",\"width\":1654,\"height\":1104},{\"@type\":\"BreadcrumbList\",\"@id\":\"https:\\\/\\\/kibrisdakik.com\\\/?p=73431#breadcrumb\",\"itemListElement\":[{\"@type\":\"ListItem\",\"position\":1,\"name\":\"Home\",\"item\":\"https:\\\/\\\/kibrisdakik.com\\\/\"},{\"@type\":\"ListItem\",\"position\":2,\"name\":\"Ar\u0131kl\u0131: \u201cKararl\u0131l\u0131\u011f\u0131 ve liderli\u011fiyle halk\u0131n\u0131n kaderini de\u011fi\u015ftirdi\u201d\"}]},{\"@type\":\"WebSite\",\"@id\":\"https:\\\/\\\/kibrisdakik.com\\\/#website\",\"url\":\"https:\\\/\\\/kibrisdakik.com\\\/\",\"name\":\"\",\"description\":\"Tam vaktinde haber\",\"potentialAction\":[{\"@type\":\"SearchAction\",\"target\":{\"@type\":\"EntryPoint\",\"urlTemplate\":\"https:\\\/\\\/kibrisdakik.com\\\/?s={search_term_string}\"},\"query-input\":{\"@type\":\"PropertyValueSpecification\",\"valueRequired\":true,\"valueName\":\"search_term_string\"}}],\"inLanguage\":\"tr\"},{\"@type\":\"Person\",\"@id\":\"https:\\\/\\\/kibrisdakik.com\\\/#\\\/schema\\\/person\\\/9cd9d437bbb44f72b73ba127e06d8e79\",\"name\":\"admin\",\"image\":{\"@type\":\"ImageObject\",\"inLanguage\":\"tr\",\"@id\":\"https:\\\/\\\/secure.gravatar.com\\\/avatar\\\/ccc17943b9d660506c869530f897617f7cb1c21a4bf30023f252596d83e1f007?s=96&d=mm&r=g\",\"url\":\"https:\\\/\\\/secure.gravatar.com\\\/avatar\\\/ccc17943b9d660506c869530f897617f7cb1c21a4bf30023f252596d83e1f007?s=96&d=mm&r=g\",\"contentUrl\":\"https:\\\/\\\/secure.gravatar.com\\\/avatar\\\/ccc17943b9d660506c869530f897617f7cb1c21a4bf30023f252596d83e1f007?s=96&d=mm&r=g\",\"caption\":\"admin\"},\"sameAs\":[\"https:\\\/\\\/kibrisdakik.com\"],\"url\":\"https:\\\/\\\/kibrisdakik.com\\\/?author=1\"}]}<\/script>\n<!-- \/ Yoast SEO plugin. -->","yoast_head_json":{"title":"Ar\u0131kl\u0131: \u201cKararl\u0131l\u0131\u011f\u0131 ve liderli\u011fiyle halk\u0131n\u0131n kaderini de\u011fi\u015ftirdi\u201d -","robots":{"index":"index","follow":"follow","max-snippet":"max-snippet:-1","max-image-preview":"max-image-preview:large","max-video-preview":"max-video-preview:-1"},"canonical":"https:\/\/kibrisdakik.com\/?p=73431","og_locale":"tr_TR","og_type":"article","og_title":"Ar\u0131kl\u0131: \u201cKararl\u0131l\u0131\u011f\u0131 ve liderli\u011fiyle halk\u0131n\u0131n kaderini de\u011fi\u015ftirdi\u201d -","og_description":"Bay\u0131nd\u0131rl\u0131k ve Ula\u015ft\u0131rma Bakan\u0131 Ar\u0131kl\u0131, Kurucu Cumhurba\u015fkan\u0131 Rauf Raif Denkta\u015f\u2019\u0131n, kararl\u0131l\u0131\u011f\u0131 ve liderli\u011fiyle bir halk\u0131n\u0131n tarihini de\u011fi\u015ftiren e\u015fsiz bir devlet adam\u0131 oldu\u011funu s\u00f6yledi. \u201cKuzey K\u0131br\u0131s T\u00fcrk Cumhuriyeti\u2019nin Kurucu Cumhurba\u015fkan\u0131 ve K\u0131br\u0131s T\u00fcrk halk\u0131n\u0131n ba\u011f\u0131ms\u0131zl\u0131k m\u00fccadelesinin \u00f6nderi Rauf Raif Denkta\u015f\u2019\u0131, vefat\u0131n\u0131n 13\u2019\u00fcnc\u00fc y\u0131l d\u00f6n\u00fcm\u00fcnde rahmet, minnet ve \u00f6zlemle an\u0131yoruz\u201d diyen Ar\u0131kl\u0131, mesaj\u0131nda \u015fu ifadelere yer verdi:","og_url":"https:\/\/kibrisdakik.com\/?p=73431","article_published_time":"2025-01-13T05:18:13+00:00","og_image":[{"width":1654,"height":1104,"url":"https:\/\/kibrisdakik.com\/wp-content\/uploads\/2025\/01\/1736706936514erhan-arikli-740x420.jpg","type":"image\/jpeg"}],"author":"admin","twitter_card":"summary_large_image","twitter_misc":{"Yazan:":"admin","Tahmini okuma s\u00fcresi":"1 dakika"},"schema":{"@context":"https:\/\/schema.org","@graph":[{"@type":"Article","@id":"https:\/\/kibrisdakik.com\/?p=73431#article","isPartOf":{"@id":"https:\/\/kibrisdakik.com\/?p=73431"},"author":{"name":"admin","@id":"https:\/\/kibrisdakik.com\/#\/schema\/person\/9cd9d437bbb44f72b73ba127e06d8e79"},"headline":"Ar\u0131kl\u0131: \u201cKararl\u0131l\u0131\u011f\u0131 ve liderli\u011fiyle halk\u0131n\u0131n kaderini de\u011fi\u015ftirdi\u201d","datePublished":"2025-01-13T05:18:13+00:00","mainEntityOfPage":{"@id":"https:\/\/kibrisdakik.com\/?p=73431"},"wordCount":291,"commentCount":0,"image":{"@id":"https:\/\/kibrisdakik.com\/?p=73431#primaryimage"},"thumbnailUrl":"https:\/\/kibrisdakik.com\/wp-content\/uploads\/2025\/01\/1736706936514erhan-arikli-740x420.jpg","articleSection":["K\u0131br\u0131s","Man\u015fet"],"inLanguage":"tr","potentialAction":[{"@type":"CommentAction","name":"Comment","target":["https:\/\/kibrisdakik.com\/?p=73431#respond"]}]},{"@type":"WebPage","@id":"https:\/\/kibrisdakik.com\/?p=73431","url":"https:\/\/kibrisdakik.com\/?p=73431","name":"Ar\u0131kl\u0131: \u201cKararl\u0131l\u0131\u011f\u0131 ve liderli\u011fiyle halk\u0131n\u0131n kaderini de\u011fi\u015ftirdi\u201d -","isPartOf":{"@id":"https:\/\/kibrisdakik.com\/#website"},"primaryImageOfPage":{"@id":"https:\/\/kibrisdakik.com\/?p=73431#primaryimage"},"image":{"@id":"https:\/\/kibrisdakik.com\/?p=73431#primaryimage"},"thumbnailUrl":"https:\/\/kibrisdakik.com\/wp-content\/uploads\/2025\/01\/1736706936514erhan-arikli-740x420.jpg","datePublished":"2025-01-13T05:18:13+00:00","author":{"@id":"https:\/\/kibrisdakik.com\/#\/schema\/person\/9cd9d437bbb44f72b73ba127e06d8e79"},"breadcrumb":{"@id":"https:\/\/kibrisdakik.com\/?p=73431#breadcrumb"},"inLanguage":"tr","potentialAction":[{"@type":"ReadAction","target":["https:\/\/kibrisdakik.com\/?p=73431"]}]},{"@type":"ImageObject","inLanguage":"tr","@id":"https:\/\/kibrisdakik.com\/?p=73431#primaryimage","url":"https:\/\/kibrisdakik.com\/wp-content\/uploads\/2025\/01\/1736706936514erhan-arikli-740x420.jpg","contentUrl":"https:\/\/kibrisdakik.com\/wp-content\/uploads\/2025\/01\/1736706936514erhan-arikli-740x420.jpg","width":1654,"height":1104},{"@type":"BreadcrumbList","@id":"https:\/\/kibrisdakik.com\/?p=73431#breadcrumb","itemListElement":[{"@type":"ListItem","position":1,"name":"Home","item":"https:\/\/kibrisdakik.com\/"},{"@type":"ListItem","position":2,"name":"Ar\u0131kl\u0131: \u201cKararl\u0131l\u0131\u011f\u0131 ve liderli\u011fiyle halk\u0131n\u0131n kaderini de\u011fi\u015ftirdi\u201d"}]},{"@type":"WebSite","@id":"https:\/\/kibrisdakik.com\/#website","url":"https:\/\/kibrisdakik.com\/","name":"","description":"Tam vaktinde haber","potentialAction":[{"@type":"SearchAction","target":{"@type":"EntryPoint","urlTemplate":"https:\/\/kibrisdakik.com\/?s={search_term_string}"},"query-input":{"@type":"PropertyValueSpecification","valueRequired":true,"valueName":"search_term_string"}}],"inLanguage":"tr"},{"@type":"Person","@id":"https:\/\/kibrisdakik.com\/#\/schema\/person\/9cd9d437bbb44f72b73ba127e06d8e79","name":"admin","image":{"@type":"ImageObject","inLanguage":"tr","@id":"https:\/\/secure.gravatar.com\/avatar\/ccc17943b9d660506c869530f897617f7cb1c21a4bf30023f252596d83e1f007?s=96&d=mm&r=g","url":"https:\/\/secure.gravatar.com\/avatar\/ccc17943b9d660506c869530f897617f7cb1c21a4bf30023f252596d83e1f007?s=96&d=mm&r=g","contentUrl":"https:\/\/secure.gravatar.com\/avatar\/ccc17943b9d660506c869530f897617f7cb1c21a4bf30023f252596d83e1f007?s=96&d=mm&r=g","caption":"admin"},"sameAs":["https:\/\/kibrisdakik.com"],"url":"https:\/\/kibrisdakik.com\/?author=1"}]}},"_links":{"self":[{"href":"https:\/\/kibrisdakik.com\/index.php?rest_route=\/wp\/v2\/posts\/73431","targetHints":{"allow":["GET"]}}],"collection":[{"href":"https:\/\/kibrisdakik.com\/index.php?rest_route=\/wp\/v2\/posts"}],"about":[{"href":"https:\/\/kibrisdakik.com\/index.php?rest_route=\/wp\/v2\/types\/post"}],"author":[{"embeddable":true,"href":"https:\/\/kibrisdakik.com\/index.php?rest_route=\/wp\/v2\/users\/1"}],"replies":[{"embeddable":true,"href":"https:\/\/kibrisdakik.com\/index.php?rest_route=%2Fwp%2Fv2%2Fcomments&post=73431"}],"version-history":[{"count":0,"href":"https:\/\/kibrisdakik.com\/index.php?rest_route=\/wp\/v2\/posts\/73431\/revisions"}],"wp:featuredmedia":[{"embeddable":true,"href":"https:\/\/kibrisdakik.com\/index.php?rest_route=\/wp\/v2\/media\/73432"}],"wp:attachment":[{"href":"https:\/\/kibrisdakik.com\/index.php?rest_route=%2Fwp%2Fv2%2Fmedia&parent=73431"}],"wp:term":[{"taxonomy":"category","embeddable":true,"href":"https:\/\/kibrisdakik.com\/index.php?rest_route=%2Fwp%2Fv2%2Fcategories&post=73431"},{"taxonomy":"post_tag","embeddable":true,"href":"https:\/\/kibrisdakik.com\/index.php?rest_route=%2Fwp%2Fv2%2Ftags&post=73431"}],"curies":[{"name":"wp","href":"https:\/\/api.w.org\/{rel}","templated":true}]}}