{"id":73444,"date":"2025-01-13T12:21:14","date_gmt":"2025-01-13T09:21:14","guid":{"rendered":"https:\/\/kibrisdakik.com\/index.php\/2025\/01\/13\/kibtes-kucuk-ve-denktasi-andi\/"},"modified":"2025-01-13T12:21:14","modified_gmt":"2025-01-13T09:21:14","slug":"kibtes-kucuk-ve-denktasi-andi","status":"publish","type":"post","link":"https:\/\/kibrisdakik.com\/?p=73444","title":{"rendered":"KIBTES, K\u00fc\u00e7\u00fck ve Denkta\u015f\u2019\u0131 and\u0131"},"content":{"rendered":"<div>\n<div class=\"mariselle-image-container center\">\n                                            <\/div>\n<p> K\u0131br\u0131s T\u00fcrk E\u011fitimciler Sendikas\u0131 (KIBTES), K\u0131br\u0131s T\u00fcrk toplumunun bug\u00fcnlere gelmesi s\u00fcrecinde asla unutulmayacak bir \u00e7\u0131\u011f\u0131r a\u00e7an Dr. Faz\u0131l K\u00fc\u00e7\u00fck ile Kurucu Cumhurba\u015fkan\u0131 Rauf Raif Denkta\u015f\u2019\u0131 \u00f6l\u00fcm y\u0131l d\u00f6n\u00fcmlerinde sayg\u0131 ve minnetle and\u0131.<\/p>\n<p>K\u0131br\u0131s T\u00fcrk E\u011fitimciler Sendikas\u0131 Ba\u015fkan\u0131 Himmet Turgut, \u201cK\u0131br\u0131s T\u00fcrk \u00f6\u011fretmenleri, a\u00e7t\u0131\u011f\u0131n\u0131z \u00e7\u0131\u011f\u0131rda emin ad\u0131mlarla y\u00fcr\u00fcmekte, aziz m\u00fccadele ruhunuzu sayg\u0131yla selamlamaktad\u0131r\u201d dedi.<\/p>\n<p>Turgut, K\u0131br\u0131s T\u00fcrk\u00fc\u2019n\u00fcn ba\u011fr\u0131ndan \u00e7\u0131kan bu iki sayg\u0131n ve unutulmaz liderlerin, s\u00f6m\u00fcrge y\u00f6netimine kar\u015f\u0131 halk\u0131n haklar\u0131n\u0131 savundu\u011funu ve dava arkada\u015flar\u0131 ile birlikte verdi\u011fi m\u00fccadele sonunda Enosisi engelledi\u011fine i\u015faret etti.<\/p>\n<p>Her iki liderin de \u201cK\u0131br\u0131s davas\u0131n\u0131n T\u00fcrkiyesiz \u00e7\u00f6z\u00fclemeyece\u011fine\u201d inanarak hareket etti\u011fini ve K\u0131br\u0131s T\u00fcrklerinin Anavatan\u0131na ba\u011fl\u0131 bir halk olmas\u0131 i\u00e7in \u00e7al\u0131\u015ft\u0131\u011f\u0131na i\u015faret eden Turgut, \u015funlar\u0131 kaydetti:<\/p>\n<p>\u201cK\u0131br\u0131s T\u00fcrk \u00f6\u011fretmenlerinin \u00f6zg\u00fcn ve \u00f6zg\u00fcr sesi K\u0131br\u0131s T\u00fcrk E\u011fitimciler Sendikas\u0131 olarak, aziz ve sayg\u0131n m\u00fccadele ruhlar\u0131n\u0131 \u00f6rnek ald\u0131\u011f\u0131m\u0131z dava \u00f6nderlerimizin s\u00f6zlerinde ve eylemlerinde de i\u015faret etti\u011fi gibi gen\u00e7lerimizin \u00f6z de\u011ferlerine ba\u011fl\u0131 ve y\u00fcce T\u00fcrk milletinin bir ferdi olmaktan gurur duyan gen\u00e7ler olarak yeti\u015fmesi i\u00e7in durmadan \u00e7al\u0131\u015faca\u011f\u0131m\u0131z\u0131 belirtiyor, K\u0131br\u0131s T\u00fcrk toplumunun bug\u00fcnlere gelmesi s\u00fcrecinde asla unutulmayacak bir \u00e7\u0131\u011f\u0131r a\u00e7an Dr. Faz\u0131l K\u00fc\u00e7\u00fck\u2019\u00fc, Kurucu Cumhurba\u015fkan\u0131m\u0131z Rauf Raif Denkta\u015f\u2019\u0131 \u00f6l\u00fcm y\u0131l d\u00f6n\u00fcmlerinde sayg\u0131 ve minnetle an\u0131yoruz.\u201d<\/p>\n<\/p><\/div>\n<p><script async\n                    defer\n                    crossorigin=\"anonymous\"\n                    src=\"https:\/\/connect.facebook.net\/tr_TR\/sdk.js#xfbml=1&#038;version=v3.3\"\n            ><\/script><\/p>\n","protected":false},"excerpt":{"rendered":"<p>K\u0131br\u0131s T\u00fcrk E\u011fitimciler Sendikas\u0131 (KIBTES), K\u0131br\u0131s T\u00fcrk toplumunun bug\u00fcnlere gelmesi s\u00fcrecinde asla unutulmayacak bir \u00e7\u0131\u011f\u0131r a\u00e7an Dr. Faz\u0131l K\u00fc\u00e7\u00fck ile Kurucu Cumhurba\u015fkan\u0131 Rauf Raif Denkta\u015f\u2019\u0131 \u00f6l\u00fcm y\u0131l d\u00f6n\u00fcmlerinde sayg\u0131 ve minnetle and\u0131. K\u0131br\u0131s T\u00fcrk E\u011fitimciler Sendikas\u0131 Ba\u015fkan\u0131 Himmet Turgut, \u201cK\u0131br\u0131s T\u00fcrk \u00f6\u011fretmenleri, a\u00e7t\u0131\u011f\u0131n\u0131z \u00e7\u0131\u011f\u0131rda emin ad\u0131mlarla y\u00fcr\u00fcmekte, aziz m\u00fccadele ruhunuzu sayg\u0131yla selamlamaktad\u0131r\u201d dedi. Turgut, K\u0131br\u0131s<\/p>\n","protected":false},"author":1,"featured_media":73445,"comment_status":"open","ping_status":"open","sticky":false,"template":"","format":"standard","meta":{"footnotes":""},"categories":[81,101],"tags":[],"class_list":["post-73444","post","type-post","status-publish","format-standard","has-post-thumbnail","hentry","category-kibris","category-manset"],"yoast_head":"<!-- This site is optimized with the Yoast SEO plugin v27.5 - https:\/\/yoast.com\/product\/yoast-seo-wordpress\/ -->\n<title>KIBTES, K\u00fc\u00e7\u00fck ve Denkta\u015f\u2019\u0131 and\u0131 -<\/title>\n<meta name=\"robots\" content=\"index, follow, max-snippet:-1, max-image-preview:large, max-video-preview:-1\" \/>\n<link rel=\"canonical\" href=\"https:\/\/kibrisdakik.com\/?p=73444\" \/>\n<meta property=\"og:locale\" content=\"tr_TR\" \/>\n<meta property=\"og:type\" content=\"article\" \/>\n<meta property=\"og:title\" content=\"KIBTES, K\u00fc\u00e7\u00fck ve Denkta\u015f\u2019\u0131 and\u0131 -\" \/>\n<meta property=\"og:description\" content=\"K\u0131br\u0131s T\u00fcrk E\u011fitimciler Sendikas\u0131 (KIBTES), K\u0131br\u0131s T\u00fcrk toplumunun bug\u00fcnlere gelmesi s\u00fcrecinde asla unutulmayacak bir \u00e7\u0131\u011f\u0131r a\u00e7an Dr. Faz\u0131l K\u00fc\u00e7\u00fck ile Kurucu Cumhurba\u015fkan\u0131 Rauf Raif Denkta\u015f\u2019\u0131 \u00f6l\u00fcm y\u0131l d\u00f6n\u00fcmlerinde sayg\u0131 ve minnetle and\u0131. K\u0131br\u0131s T\u00fcrk E\u011fitimciler Sendikas\u0131 Ba\u015fkan\u0131 Himmet Turgut, \u201cK\u0131br\u0131s T\u00fcrk \u00f6\u011fretmenleri, a\u00e7t\u0131\u011f\u0131n\u0131z \u00e7\u0131\u011f\u0131rda emin ad\u0131mlarla y\u00fcr\u00fcmekte, aziz m\u00fccadele ruhunuzu sayg\u0131yla selamlamaktad\u0131r\u201d dedi. Turgut, K\u0131br\u0131s\" \/>\n<meta property=\"og:url\" content=\"https:\/\/kibrisdakik.com\/?p=73444\" \/>\n<meta property=\"article:published_time\" content=\"2025-01-13T09:21:14+00:00\" \/>\n<meta property=\"og:image\" content=\"https:\/\/kibrisdakik.com\/wp-content\/uploads\/2025\/01\/denktas-kucuk-22-740x420.jpg\" \/>\n\t<meta property=\"og:image:width\" content=\"971\" \/>\n\t<meta property=\"og:image:height\" content=\"551\" \/>\n\t<meta property=\"og:image:type\" content=\"image\/jpeg\" \/>\n<meta name=\"author\" content=\"admin\" \/>\n<meta name=\"twitter:card\" content=\"summary_large_image\" \/>\n<meta name=\"twitter:label1\" content=\"Yazan:\" \/>\n\t<meta name=\"twitter:data1\" content=\"admin\" \/>\n\t<meta name=\"twitter:label2\" content=\"Tahmini okuma s\u00fcresi\" \/>\n\t<meta name=\"twitter:data2\" content=\"1 dakika\" \/>\n<script type=\"application\/ld+json\" class=\"yoast-schema-graph\">{\"@context\":\"https:\\\/\\\/schema.org\",\"@graph\":[{\"@type\":\"Article\",\"@id\":\"https:\\\/\\\/kibrisdakik.com\\\/?p=73444#article\",\"isPartOf\":{\"@id\":\"https:\\\/\\\/kibrisdakik.com\\\/?p=73444\"},\"author\":{\"name\":\"admin\",\"@id\":\"https:\\\/\\\/kibrisdakik.com\\\/#\\\/schema\\\/person\\\/9cd9d437bbb44f72b73ba127e06d8e79\"},\"headline\":\"KIBTES, K\u00fc\u00e7\u00fck ve Denkta\u015f\u2019\u0131 and\u0131\",\"datePublished\":\"2025-01-13T09:21:14+00:00\",\"mainEntityOfPage\":{\"@id\":\"https:\\\/\\\/kibrisdakik.com\\\/?p=73444\"},\"wordCount\":302,\"commentCount\":0,\"image\":{\"@id\":\"https:\\\/\\\/kibrisdakik.com\\\/?p=73444#primaryimage\"},\"thumbnailUrl\":\"https:\\\/\\\/kibrisdakik.com\\\/wp-content\\\/uploads\\\/2025\\\/01\\\/denktas-kucuk-22-740x420.jpg\",\"articleSection\":[\"K\u0131br\u0131s\",\"Man\u015fet\"],\"inLanguage\":\"tr\",\"potentialAction\":[{\"@type\":\"CommentAction\",\"name\":\"Comment\",\"target\":[\"https:\\\/\\\/kibrisdakik.com\\\/?p=73444#respond\"]}]},{\"@type\":\"WebPage\",\"@id\":\"https:\\\/\\\/kibrisdakik.com\\\/?p=73444\",\"url\":\"https:\\\/\\\/kibrisdakik.com\\\/?p=73444\",\"name\":\"KIBTES, K\u00fc\u00e7\u00fck ve Denkta\u015f\u2019\u0131 and\u0131 -\",\"isPartOf\":{\"@id\":\"https:\\\/\\\/kibrisdakik.com\\\/#website\"},\"primaryImageOfPage\":{\"@id\":\"https:\\\/\\\/kibrisdakik.com\\\/?p=73444#primaryimage\"},\"image\":{\"@id\":\"https:\\\/\\\/kibrisdakik.com\\\/?p=73444#primaryimage\"},\"thumbnailUrl\":\"https:\\\/\\\/kibrisdakik.com\\\/wp-content\\\/uploads\\\/2025\\\/01\\\/denktas-kucuk-22-740x420.jpg\",\"datePublished\":\"2025-01-13T09:21:14+00:00\",\"author\":{\"@id\":\"https:\\\/\\\/kibrisdakik.com\\\/#\\\/schema\\\/person\\\/9cd9d437bbb44f72b73ba127e06d8e79\"},\"breadcrumb\":{\"@id\":\"https:\\\/\\\/kibrisdakik.com\\\/?p=73444#breadcrumb\"},\"inLanguage\":\"tr\",\"potentialAction\":[{\"@type\":\"ReadAction\",\"target\":[\"https:\\\/\\\/kibrisdakik.com\\\/?p=73444\"]}]},{\"@type\":\"ImageObject\",\"inLanguage\":\"tr\",\"@id\":\"https:\\\/\\\/kibrisdakik.com\\\/?p=73444#primaryimage\",\"url\":\"https:\\\/\\\/kibrisdakik.com\\\/wp-content\\\/uploads\\\/2025\\\/01\\\/denktas-kucuk-22-740x420.jpg\",\"contentUrl\":\"https:\\\/\\\/kibrisdakik.com\\\/wp-content\\\/uploads\\\/2025\\\/01\\\/denktas-kucuk-22-740x420.jpg\",\"width\":971,\"height\":551},{\"@type\":\"BreadcrumbList\",\"@id\":\"https:\\\/\\\/kibrisdakik.com\\\/?p=73444#breadcrumb\",\"itemListElement\":[{\"@type\":\"ListItem\",\"position\":1,\"name\":\"Home\",\"item\":\"https:\\\/\\\/kibrisdakik.com\\\/\"},{\"@type\":\"ListItem\",\"position\":2,\"name\":\"KIBTES, K\u00fc\u00e7\u00fck ve Denkta\u015f\u2019\u0131 and\u0131\"}]},{\"@type\":\"WebSite\",\"@id\":\"https:\\\/\\\/kibrisdakik.com\\\/#website\",\"url\":\"https:\\\/\\\/kibrisdakik.com\\\/\",\"name\":\"\",\"description\":\"Tam vaktinde haber\",\"potentialAction\":[{\"@type\":\"SearchAction\",\"target\":{\"@type\":\"EntryPoint\",\"urlTemplate\":\"https:\\\/\\\/kibrisdakik.com\\\/?s={search_term_string}\"},\"query-input\":{\"@type\":\"PropertyValueSpecification\",\"valueRequired\":true,\"valueName\":\"search_term_string\"}}],\"inLanguage\":\"tr\"},{\"@type\":\"Person\",\"@id\":\"https:\\\/\\\/kibrisdakik.com\\\/#\\\/schema\\\/person\\\/9cd9d437bbb44f72b73ba127e06d8e79\",\"name\":\"admin\",\"image\":{\"@type\":\"ImageObject\",\"inLanguage\":\"tr\",\"@id\":\"https:\\\/\\\/secure.gravatar.com\\\/avatar\\\/ccc17943b9d660506c869530f897617f7cb1c21a4bf30023f252596d83e1f007?s=96&d=mm&r=g\",\"url\":\"https:\\\/\\\/secure.gravatar.com\\\/avatar\\\/ccc17943b9d660506c869530f897617f7cb1c21a4bf30023f252596d83e1f007?s=96&d=mm&r=g\",\"contentUrl\":\"https:\\\/\\\/secure.gravatar.com\\\/avatar\\\/ccc17943b9d660506c869530f897617f7cb1c21a4bf30023f252596d83e1f007?s=96&d=mm&r=g\",\"caption\":\"admin\"},\"sameAs\":[\"https:\\\/\\\/kibrisdakik.com\"],\"url\":\"https:\\\/\\\/kibrisdakik.com\\\/?author=1\"}]}<\/script>\n<!-- \/ Yoast SEO plugin. -->","yoast_head_json":{"title":"KIBTES, K\u00fc\u00e7\u00fck ve Denkta\u015f\u2019\u0131 and\u0131 -","robots":{"index":"index","follow":"follow","max-snippet":"max-snippet:-1","max-image-preview":"max-image-preview:large","max-video-preview":"max-video-preview:-1"},"canonical":"https:\/\/kibrisdakik.com\/?p=73444","og_locale":"tr_TR","og_type":"article","og_title":"KIBTES, K\u00fc\u00e7\u00fck ve Denkta\u015f\u2019\u0131 and\u0131 -","og_description":"K\u0131br\u0131s T\u00fcrk E\u011fitimciler Sendikas\u0131 (KIBTES), K\u0131br\u0131s T\u00fcrk toplumunun bug\u00fcnlere gelmesi s\u00fcrecinde asla unutulmayacak bir \u00e7\u0131\u011f\u0131r a\u00e7an Dr. Faz\u0131l K\u00fc\u00e7\u00fck ile Kurucu Cumhurba\u015fkan\u0131 Rauf Raif Denkta\u015f\u2019\u0131 \u00f6l\u00fcm y\u0131l d\u00f6n\u00fcmlerinde sayg\u0131 ve minnetle and\u0131. K\u0131br\u0131s T\u00fcrk E\u011fitimciler Sendikas\u0131 Ba\u015fkan\u0131 Himmet Turgut, \u201cK\u0131br\u0131s T\u00fcrk \u00f6\u011fretmenleri, a\u00e7t\u0131\u011f\u0131n\u0131z \u00e7\u0131\u011f\u0131rda emin ad\u0131mlarla y\u00fcr\u00fcmekte, aziz m\u00fccadele ruhunuzu sayg\u0131yla selamlamaktad\u0131r\u201d dedi. Turgut, K\u0131br\u0131s","og_url":"https:\/\/kibrisdakik.com\/?p=73444","article_published_time":"2025-01-13T09:21:14+00:00","og_image":[{"width":971,"height":551,"url":"https:\/\/kibrisdakik.com\/wp-content\/uploads\/2025\/01\/denktas-kucuk-22-740x420.jpg","type":"image\/jpeg"}],"author":"admin","twitter_card":"summary_large_image","twitter_misc":{"Yazan:":"admin","Tahmini okuma s\u00fcresi":"1 dakika"},"schema":{"@context":"https:\/\/schema.org","@graph":[{"@type":"Article","@id":"https:\/\/kibrisdakik.com\/?p=73444#article","isPartOf":{"@id":"https:\/\/kibrisdakik.com\/?p=73444"},"author":{"name":"admin","@id":"https:\/\/kibrisdakik.com\/#\/schema\/person\/9cd9d437bbb44f72b73ba127e06d8e79"},"headline":"KIBTES, K\u00fc\u00e7\u00fck ve Denkta\u015f\u2019\u0131 and\u0131","datePublished":"2025-01-13T09:21:14+00:00","mainEntityOfPage":{"@id":"https:\/\/kibrisdakik.com\/?p=73444"},"wordCount":302,"commentCount":0,"image":{"@id":"https:\/\/kibrisdakik.com\/?p=73444#primaryimage"},"thumbnailUrl":"https:\/\/kibrisdakik.com\/wp-content\/uploads\/2025\/01\/denktas-kucuk-22-740x420.jpg","articleSection":["K\u0131br\u0131s","Man\u015fet"],"inLanguage":"tr","potentialAction":[{"@type":"CommentAction","name":"Comment","target":["https:\/\/kibrisdakik.com\/?p=73444#respond"]}]},{"@type":"WebPage","@id":"https:\/\/kibrisdakik.com\/?p=73444","url":"https:\/\/kibrisdakik.com\/?p=73444","name":"KIBTES, K\u00fc\u00e7\u00fck ve Denkta\u015f\u2019\u0131 and\u0131 -","isPartOf":{"@id":"https:\/\/kibrisdakik.com\/#website"},"primaryImageOfPage":{"@id":"https:\/\/kibrisdakik.com\/?p=73444#primaryimage"},"image":{"@id":"https:\/\/kibrisdakik.com\/?p=73444#primaryimage"},"thumbnailUrl":"https:\/\/kibrisdakik.com\/wp-content\/uploads\/2025\/01\/denktas-kucuk-22-740x420.jpg","datePublished":"2025-01-13T09:21:14+00:00","author":{"@id":"https:\/\/kibrisdakik.com\/#\/schema\/person\/9cd9d437bbb44f72b73ba127e06d8e79"},"breadcrumb":{"@id":"https:\/\/kibrisdakik.com\/?p=73444#breadcrumb"},"inLanguage":"tr","potentialAction":[{"@type":"ReadAction","target":["https:\/\/kibrisdakik.com\/?p=73444"]}]},{"@type":"ImageObject","inLanguage":"tr","@id":"https:\/\/kibrisdakik.com\/?p=73444#primaryimage","url":"https:\/\/kibrisdakik.com\/wp-content\/uploads\/2025\/01\/denktas-kucuk-22-740x420.jpg","contentUrl":"https:\/\/kibrisdakik.com\/wp-content\/uploads\/2025\/01\/denktas-kucuk-22-740x420.jpg","width":971,"height":551},{"@type":"BreadcrumbList","@id":"https:\/\/kibrisdakik.com\/?p=73444#breadcrumb","itemListElement":[{"@type":"ListItem","position":1,"name":"Home","item":"https:\/\/kibrisdakik.com\/"},{"@type":"ListItem","position":2,"name":"KIBTES, K\u00fc\u00e7\u00fck ve Denkta\u015f\u2019\u0131 and\u0131"}]},{"@type":"WebSite","@id":"https:\/\/kibrisdakik.com\/#website","url":"https:\/\/kibrisdakik.com\/","name":"","description":"Tam vaktinde haber","potentialAction":[{"@type":"SearchAction","target":{"@type":"EntryPoint","urlTemplate":"https:\/\/kibrisdakik.com\/?s={search_term_string}"},"query-input":{"@type":"PropertyValueSpecification","valueRequired":true,"valueName":"search_term_string"}}],"inLanguage":"tr"},{"@type":"Person","@id":"https:\/\/kibrisdakik.com\/#\/schema\/person\/9cd9d437bbb44f72b73ba127e06d8e79","name":"admin","image":{"@type":"ImageObject","inLanguage":"tr","@id":"https:\/\/secure.gravatar.com\/avatar\/ccc17943b9d660506c869530f897617f7cb1c21a4bf30023f252596d83e1f007?s=96&d=mm&r=g","url":"https:\/\/secure.gravatar.com\/avatar\/ccc17943b9d660506c869530f897617f7cb1c21a4bf30023f252596d83e1f007?s=96&d=mm&r=g","contentUrl":"https:\/\/secure.gravatar.com\/avatar\/ccc17943b9d660506c869530f897617f7cb1c21a4bf30023f252596d83e1f007?s=96&d=mm&r=g","caption":"admin"},"sameAs":["https:\/\/kibrisdakik.com"],"url":"https:\/\/kibrisdakik.com\/?author=1"}]}},"_links":{"self":[{"href":"https:\/\/kibrisdakik.com\/index.php?rest_route=\/wp\/v2\/posts\/73444","targetHints":{"allow":["GET"]}}],"collection":[{"href":"https:\/\/kibrisdakik.com\/index.php?rest_route=\/wp\/v2\/posts"}],"about":[{"href":"https:\/\/kibrisdakik.com\/index.php?rest_route=\/wp\/v2\/types\/post"}],"author":[{"embeddable":true,"href":"https:\/\/kibrisdakik.com\/index.php?rest_route=\/wp\/v2\/users\/1"}],"replies":[{"embeddable":true,"href":"https:\/\/kibrisdakik.com\/index.php?rest_route=%2Fwp%2Fv2%2Fcomments&post=73444"}],"version-history":[{"count":0,"href":"https:\/\/kibrisdakik.com\/index.php?rest_route=\/wp\/v2\/posts\/73444\/revisions"}],"wp:featuredmedia":[{"embeddable":true,"href":"https:\/\/kibrisdakik.com\/index.php?rest_route=\/wp\/v2\/media\/73445"}],"wp:attachment":[{"href":"https:\/\/kibrisdakik.com\/index.php?rest_route=%2Fwp%2Fv2%2Fmedia&parent=73444"}],"wp:term":[{"taxonomy":"category","embeddable":true,"href":"https:\/\/kibrisdakik.com\/index.php?rest_route=%2Fwp%2Fv2%2Fcategories&post=73444"},{"taxonomy":"post_tag","embeddable":true,"href":"https:\/\/kibrisdakik.com\/index.php?rest_route=%2Fwp%2Fv2%2Ftags&post=73444"}],"curies":[{"name":"wp","href":"https:\/\/api.w.org\/{rel}","templated":true}]}}