{"id":73466,"date":"2025-01-13T14:23:28","date_gmt":"2025-01-13T11:23:28","guid":{"rendered":"https:\/\/kibrisdakik.com\/index.php\/2025\/01\/13\/ercan-iskele-anayolunda-feci-kaza1ki%e1%b9%a3i-hayatini-kaybetti\/"},"modified":"2025-01-13T14:23:28","modified_gmt":"2025-01-13T11:23:28","slug":"ercan-iskele-anayolunda-feci-kaza1ki%e1%b9%a3i-hayatini-kaybetti","status":"publish","type":"post","link":"https:\/\/kibrisdakik.com\/?p=73466","title":{"rendered":"Ercan- \u0130skele anayolunda feci kaza:1ki\u1e63i hayat\u0131n\u0131 kaybetti"},"content":{"rendered":"<div>\n<div class=\"mariselle-image-container center\">\n                                            <\/div>\n<p>Polis Bas\u0131n Subayl\u0131\u011f\u0131\u2019ndan verilen bilgiye g\u00f6re saat 11.50 s\u0131ralar\u0131nda, Ercan- \u0130skele anayolunun 2-3\u2019\u00fcnc\u00fc km\u2019leri aras\u0131nda, Bo\u011fazi\u00e7i\u2019nde sakin \u0130lmiza Y\u0130\u011e\u0130T (E-73), y\u00f6netimindeki MY 951 plakal\u0131 motosiklet ile anayolda seyreden ara\u00e7lara \u00f6ncelik hakk\u0131 vermeden \u0130skele birinci yol kav\u015fa\u011f\u0131ndan dikkatsizce \u0130skele \u2013 Ercan anayoluna \u00e7\u0131k\u0131\u015f yapt\u0131\u011f\u0131 s\u0131rada, o esnada anayol \u00fczerinde Ercan istikametinden \u0130skele istikametine do\u011fru  dikkatsizce seyreden Azat BABAKURYEV (E-37) y\u00f6netimindeki SN 552 plakal\u0131 kamyon arac\u0131n \u00f6n\u00fcn\u00fc t\u0131kamas\u0131 sonucu \u00e7arp\u0131\u015fm\u0131\u015flard\u0131r.<\/p>\n<p> Kaza sonucu a\u011f\u0131r \u015fekilde yaralanan motosiklet s\u00fcr\u00fcc\u00fcs\u00fc  \u0130lmiza Y\u0130\u011e\u0130T, Gazima\u011fusa Devlet Hastanesine kald\u0131r\u0131ld\u0131\u011f\u0131 s\u0131rada yap\u0131lan t\u00fcm m\u00fcdahalelere ra\u011fmen kurtar\u0131lmayarak ya\u015fam\u0131n\u0131 yitirmi\u015ftir. <\/p>\n<p>Y\u00fcr\u00fct\u00fclen soru\u015fturma kapsam\u0131nda SN 552 plakal\u0131 kamyon s\u00fcr\u00fcc\u00fcs\u00fc Azat BABAKURYEV tutuklanm\u0131\u015f olup, soru\u015fturma devam etmektedir.<\/p>\n<\/p><\/div>\n<p><script async\n                    defer\n                    crossorigin=\"anonymous\"\n                    src=\"https:\/\/connect.facebook.net\/tr_TR\/sdk.js#xfbml=1&#038;version=v3.3\"\n            ><\/script><\/p>\n","protected":false},"excerpt":{"rendered":"<p>Polis Bas\u0131n Subayl\u0131\u011f\u0131\u2019ndan verilen bilgiye g\u00f6re saat 11.50 s\u0131ralar\u0131nda, Ercan- \u0130skele anayolunun 2-3\u2019\u00fcnc\u00fc km\u2019leri aras\u0131nda, Bo\u011fazi\u00e7i\u2019nde sakin \u0130lmiza Y\u0130\u011e\u0130T (E-73), y\u00f6netimindeki MY 951 plakal\u0131 motosiklet ile anayolda seyreden ara\u00e7lara \u00f6ncelik hakk\u0131 vermeden \u0130skele birinci yol kav\u015fa\u011f\u0131ndan dikkatsizce \u0130skele \u2013 Ercan anayoluna \u00e7\u0131k\u0131\u015f yapt\u0131\u011f\u0131 s\u0131rada, o esnada anayol \u00fczerinde Ercan istikametinden \u0130skele istikametine do\u011fru dikkatsizce seyreden<\/p>\n","protected":false},"author":1,"featured_media":73467,"comment_status":"open","ping_status":"open","sticky":false,"template":"","format":"standard","meta":{"footnotes":""},"categories":[81,101],"tags":[],"class_list":["post-73466","post","type-post","status-publish","format-standard","has-post-thumbnail","hentry","category-kibris","category-manset"],"yoast_head":"<!-- This site is optimized with the Yoast SEO plugin v27.5 - https:\/\/yoast.com\/product\/yoast-seo-wordpress\/ -->\n<title>Ercan- \u0130skele anayolunda feci kaza:1ki\u1e63i hayat\u0131n\u0131 kaybetti -<\/title>\n<meta name=\"robots\" content=\"index, follow, max-snippet:-1, max-image-preview:large, max-video-preview:-1\" \/>\n<link rel=\"canonical\" href=\"https:\/\/kibrisdakik.com\/?p=73466\" \/>\n<meta property=\"og:locale\" content=\"tr_TR\" \/>\n<meta property=\"og:type\" content=\"article\" \/>\n<meta property=\"og:title\" content=\"Ercan- \u0130skele anayolunda feci kaza:1ki\u1e63i hayat\u0131n\u0131 kaybetti -\" \/>\n<meta property=\"og:description\" content=\"Polis Bas\u0131n Subayl\u0131\u011f\u0131\u2019ndan verilen bilgiye g\u00f6re saat 11.50 s\u0131ralar\u0131nda, Ercan- \u0130skele anayolunun 2-3\u2019\u00fcnc\u00fc km\u2019leri aras\u0131nda, Bo\u011fazi\u00e7i\u2019nde sakin \u0130lmiza Y\u0130\u011e\u0130T (E-73), y\u00f6netimindeki MY 951 plakal\u0131 motosiklet ile anayolda seyreden ara\u00e7lara \u00f6ncelik hakk\u0131 vermeden \u0130skele birinci yol kav\u015fa\u011f\u0131ndan dikkatsizce \u0130skele \u2013 Ercan anayoluna \u00e7\u0131k\u0131\u015f yapt\u0131\u011f\u0131 s\u0131rada, o esnada anayol \u00fczerinde Ercan istikametinden \u0130skele istikametine do\u011fru dikkatsizce seyreden\" \/>\n<meta property=\"og:url\" content=\"https:\/\/kibrisdakik.com\/?p=73466\" \/>\n<meta property=\"article:published_time\" content=\"2025-01-13T11:23:28+00:00\" \/>\n<meta property=\"og:image\" content=\"https:\/\/kibrisdakik.com\/wp-content\/uploads\/2025\/01\/Screenshot_20250113_132901_WhatsApp.jpg\" \/>\n\t<meta property=\"og:image:width\" content=\"635\" \/>\n\t<meta property=\"og:image:height\" content=\"240\" \/>\n\t<meta property=\"og:image:type\" content=\"image\/jpeg\" \/>\n<meta name=\"author\" content=\"admin\" \/>\n<meta name=\"twitter:card\" content=\"summary_large_image\" \/>\n<meta name=\"twitter:label1\" content=\"Yazan:\" \/>\n\t<meta name=\"twitter:data1\" content=\"admin\" \/>\n\t<meta name=\"twitter:label2\" content=\"Tahmini okuma s\u00fcresi\" \/>\n\t<meta name=\"twitter:data2\" content=\"1 dakika\" \/>\n<script type=\"application\/ld+json\" class=\"yoast-schema-graph\">{\"@context\":\"https:\\\/\\\/schema.org\",\"@graph\":[{\"@type\":\"Article\",\"@id\":\"https:\\\/\\\/kibrisdakik.com\\\/?p=73466#article\",\"isPartOf\":{\"@id\":\"https:\\\/\\\/kibrisdakik.com\\\/?p=73466\"},\"author\":{\"name\":\"admin\",\"@id\":\"https:\\\/\\\/kibrisdakik.com\\\/#\\\/schema\\\/person\\\/9cd9d437bbb44f72b73ba127e06d8e79\"},\"headline\":\"Ercan- \u0130skele anayolunda feci kaza:1ki\u1e63i hayat\u0131n\u0131 kaybetti\",\"datePublished\":\"2025-01-13T11:23:28+00:00\",\"mainEntityOfPage\":{\"@id\":\"https:\\\/\\\/kibrisdakik.com\\\/?p=73466\"},\"wordCount\":160,\"commentCount\":0,\"image\":{\"@id\":\"https:\\\/\\\/kibrisdakik.com\\\/?p=73466#primaryimage\"},\"thumbnailUrl\":\"https:\\\/\\\/kibrisdakik.com\\\/wp-content\\\/uploads\\\/2025\\\/01\\\/Screenshot_20250113_132901_WhatsApp.jpg\",\"articleSection\":[\"K\u0131br\u0131s\",\"Man\u015fet\"],\"inLanguage\":\"tr\",\"potentialAction\":[{\"@type\":\"CommentAction\",\"name\":\"Comment\",\"target\":[\"https:\\\/\\\/kibrisdakik.com\\\/?p=73466#respond\"]}]},{\"@type\":\"WebPage\",\"@id\":\"https:\\\/\\\/kibrisdakik.com\\\/?p=73466\",\"url\":\"https:\\\/\\\/kibrisdakik.com\\\/?p=73466\",\"name\":\"Ercan- \u0130skele anayolunda feci kaza:1ki\u1e63i hayat\u0131n\u0131 kaybetti -\",\"isPartOf\":{\"@id\":\"https:\\\/\\\/kibrisdakik.com\\\/#website\"},\"primaryImageOfPage\":{\"@id\":\"https:\\\/\\\/kibrisdakik.com\\\/?p=73466#primaryimage\"},\"image\":{\"@id\":\"https:\\\/\\\/kibrisdakik.com\\\/?p=73466#primaryimage\"},\"thumbnailUrl\":\"https:\\\/\\\/kibrisdakik.com\\\/wp-content\\\/uploads\\\/2025\\\/01\\\/Screenshot_20250113_132901_WhatsApp.jpg\",\"datePublished\":\"2025-01-13T11:23:28+00:00\",\"author\":{\"@id\":\"https:\\\/\\\/kibrisdakik.com\\\/#\\\/schema\\\/person\\\/9cd9d437bbb44f72b73ba127e06d8e79\"},\"breadcrumb\":{\"@id\":\"https:\\\/\\\/kibrisdakik.com\\\/?p=73466#breadcrumb\"},\"inLanguage\":\"tr\",\"potentialAction\":[{\"@type\":\"ReadAction\",\"target\":[\"https:\\\/\\\/kibrisdakik.com\\\/?p=73466\"]}]},{\"@type\":\"ImageObject\",\"inLanguage\":\"tr\",\"@id\":\"https:\\\/\\\/kibrisdakik.com\\\/?p=73466#primaryimage\",\"url\":\"https:\\\/\\\/kibrisdakik.com\\\/wp-content\\\/uploads\\\/2025\\\/01\\\/Screenshot_20250113_132901_WhatsApp.jpg\",\"contentUrl\":\"https:\\\/\\\/kibrisdakik.com\\\/wp-content\\\/uploads\\\/2025\\\/01\\\/Screenshot_20250113_132901_WhatsApp.jpg\",\"width\":635,\"height\":240},{\"@type\":\"BreadcrumbList\",\"@id\":\"https:\\\/\\\/kibrisdakik.com\\\/?p=73466#breadcrumb\",\"itemListElement\":[{\"@type\":\"ListItem\",\"position\":1,\"name\":\"Home\",\"item\":\"https:\\\/\\\/kibrisdakik.com\\\/\"},{\"@type\":\"ListItem\",\"position\":2,\"name\":\"Ercan- \u0130skele anayolunda feci kaza:1ki\u1e63i hayat\u0131n\u0131 kaybetti\"}]},{\"@type\":\"WebSite\",\"@id\":\"https:\\\/\\\/kibrisdakik.com\\\/#website\",\"url\":\"https:\\\/\\\/kibrisdakik.com\\\/\",\"name\":\"\",\"description\":\"Tam vaktinde haber\",\"potentialAction\":[{\"@type\":\"SearchAction\",\"target\":{\"@type\":\"EntryPoint\",\"urlTemplate\":\"https:\\\/\\\/kibrisdakik.com\\\/?s={search_term_string}\"},\"query-input\":{\"@type\":\"PropertyValueSpecification\",\"valueRequired\":true,\"valueName\":\"search_term_string\"}}],\"inLanguage\":\"tr\"},{\"@type\":\"Person\",\"@id\":\"https:\\\/\\\/kibrisdakik.com\\\/#\\\/schema\\\/person\\\/9cd9d437bbb44f72b73ba127e06d8e79\",\"name\":\"admin\",\"image\":{\"@type\":\"ImageObject\",\"inLanguage\":\"tr\",\"@id\":\"https:\\\/\\\/secure.gravatar.com\\\/avatar\\\/ccc17943b9d660506c869530f897617f7cb1c21a4bf30023f252596d83e1f007?s=96&d=mm&r=g\",\"url\":\"https:\\\/\\\/secure.gravatar.com\\\/avatar\\\/ccc17943b9d660506c869530f897617f7cb1c21a4bf30023f252596d83e1f007?s=96&d=mm&r=g\",\"contentUrl\":\"https:\\\/\\\/secure.gravatar.com\\\/avatar\\\/ccc17943b9d660506c869530f897617f7cb1c21a4bf30023f252596d83e1f007?s=96&d=mm&r=g\",\"caption\":\"admin\"},\"sameAs\":[\"https:\\\/\\\/kibrisdakik.com\"],\"url\":\"https:\\\/\\\/kibrisdakik.com\\\/?author=1\"}]}<\/script>\n<!-- \/ Yoast SEO plugin. -->","yoast_head_json":{"title":"Ercan- \u0130skele anayolunda feci kaza:1ki\u1e63i hayat\u0131n\u0131 kaybetti -","robots":{"index":"index","follow":"follow","max-snippet":"max-snippet:-1","max-image-preview":"max-image-preview:large","max-video-preview":"max-video-preview:-1"},"canonical":"https:\/\/kibrisdakik.com\/?p=73466","og_locale":"tr_TR","og_type":"article","og_title":"Ercan- \u0130skele anayolunda feci kaza:1ki\u1e63i hayat\u0131n\u0131 kaybetti -","og_description":"Polis Bas\u0131n Subayl\u0131\u011f\u0131\u2019ndan verilen bilgiye g\u00f6re saat 11.50 s\u0131ralar\u0131nda, Ercan- \u0130skele anayolunun 2-3\u2019\u00fcnc\u00fc km\u2019leri aras\u0131nda, Bo\u011fazi\u00e7i\u2019nde sakin \u0130lmiza Y\u0130\u011e\u0130T (E-73), y\u00f6netimindeki MY 951 plakal\u0131 motosiklet ile anayolda seyreden ara\u00e7lara \u00f6ncelik hakk\u0131 vermeden \u0130skele birinci yol kav\u015fa\u011f\u0131ndan dikkatsizce \u0130skele \u2013 Ercan anayoluna \u00e7\u0131k\u0131\u015f yapt\u0131\u011f\u0131 s\u0131rada, o esnada anayol \u00fczerinde Ercan istikametinden \u0130skele istikametine do\u011fru dikkatsizce seyreden","og_url":"https:\/\/kibrisdakik.com\/?p=73466","article_published_time":"2025-01-13T11:23:28+00:00","og_image":[{"width":635,"height":240,"url":"https:\/\/kibrisdakik.com\/wp-content\/uploads\/2025\/01\/Screenshot_20250113_132901_WhatsApp.jpg","type":"image\/jpeg"}],"author":"admin","twitter_card":"summary_large_image","twitter_misc":{"Yazan:":"admin","Tahmini okuma s\u00fcresi":"1 dakika"},"schema":{"@context":"https:\/\/schema.org","@graph":[{"@type":"Article","@id":"https:\/\/kibrisdakik.com\/?p=73466#article","isPartOf":{"@id":"https:\/\/kibrisdakik.com\/?p=73466"},"author":{"name":"admin","@id":"https:\/\/kibrisdakik.com\/#\/schema\/person\/9cd9d437bbb44f72b73ba127e06d8e79"},"headline":"Ercan- \u0130skele anayolunda feci kaza:1ki\u1e63i hayat\u0131n\u0131 kaybetti","datePublished":"2025-01-13T11:23:28+00:00","mainEntityOfPage":{"@id":"https:\/\/kibrisdakik.com\/?p=73466"},"wordCount":160,"commentCount":0,"image":{"@id":"https:\/\/kibrisdakik.com\/?p=73466#primaryimage"},"thumbnailUrl":"https:\/\/kibrisdakik.com\/wp-content\/uploads\/2025\/01\/Screenshot_20250113_132901_WhatsApp.jpg","articleSection":["K\u0131br\u0131s","Man\u015fet"],"inLanguage":"tr","potentialAction":[{"@type":"CommentAction","name":"Comment","target":["https:\/\/kibrisdakik.com\/?p=73466#respond"]}]},{"@type":"WebPage","@id":"https:\/\/kibrisdakik.com\/?p=73466","url":"https:\/\/kibrisdakik.com\/?p=73466","name":"Ercan- \u0130skele anayolunda feci kaza:1ki\u1e63i hayat\u0131n\u0131 kaybetti -","isPartOf":{"@id":"https:\/\/kibrisdakik.com\/#website"},"primaryImageOfPage":{"@id":"https:\/\/kibrisdakik.com\/?p=73466#primaryimage"},"image":{"@id":"https:\/\/kibrisdakik.com\/?p=73466#primaryimage"},"thumbnailUrl":"https:\/\/kibrisdakik.com\/wp-content\/uploads\/2025\/01\/Screenshot_20250113_132901_WhatsApp.jpg","datePublished":"2025-01-13T11:23:28+00:00","author":{"@id":"https:\/\/kibrisdakik.com\/#\/schema\/person\/9cd9d437bbb44f72b73ba127e06d8e79"},"breadcrumb":{"@id":"https:\/\/kibrisdakik.com\/?p=73466#breadcrumb"},"inLanguage":"tr","potentialAction":[{"@type":"ReadAction","target":["https:\/\/kibrisdakik.com\/?p=73466"]}]},{"@type":"ImageObject","inLanguage":"tr","@id":"https:\/\/kibrisdakik.com\/?p=73466#primaryimage","url":"https:\/\/kibrisdakik.com\/wp-content\/uploads\/2025\/01\/Screenshot_20250113_132901_WhatsApp.jpg","contentUrl":"https:\/\/kibrisdakik.com\/wp-content\/uploads\/2025\/01\/Screenshot_20250113_132901_WhatsApp.jpg","width":635,"height":240},{"@type":"BreadcrumbList","@id":"https:\/\/kibrisdakik.com\/?p=73466#breadcrumb","itemListElement":[{"@type":"ListItem","position":1,"name":"Home","item":"https:\/\/kibrisdakik.com\/"},{"@type":"ListItem","position":2,"name":"Ercan- \u0130skele anayolunda feci kaza:1ki\u1e63i hayat\u0131n\u0131 kaybetti"}]},{"@type":"WebSite","@id":"https:\/\/kibrisdakik.com\/#website","url":"https:\/\/kibrisdakik.com\/","name":"","description":"Tam vaktinde haber","potentialAction":[{"@type":"SearchAction","target":{"@type":"EntryPoint","urlTemplate":"https:\/\/kibrisdakik.com\/?s={search_term_string}"},"query-input":{"@type":"PropertyValueSpecification","valueRequired":true,"valueName":"search_term_string"}}],"inLanguage":"tr"},{"@type":"Person","@id":"https:\/\/kibrisdakik.com\/#\/schema\/person\/9cd9d437bbb44f72b73ba127e06d8e79","name":"admin","image":{"@type":"ImageObject","inLanguage":"tr","@id":"https:\/\/secure.gravatar.com\/avatar\/ccc17943b9d660506c869530f897617f7cb1c21a4bf30023f252596d83e1f007?s=96&d=mm&r=g","url":"https:\/\/secure.gravatar.com\/avatar\/ccc17943b9d660506c869530f897617f7cb1c21a4bf30023f252596d83e1f007?s=96&d=mm&r=g","contentUrl":"https:\/\/secure.gravatar.com\/avatar\/ccc17943b9d660506c869530f897617f7cb1c21a4bf30023f252596d83e1f007?s=96&d=mm&r=g","caption":"admin"},"sameAs":["https:\/\/kibrisdakik.com"],"url":"https:\/\/kibrisdakik.com\/?author=1"}]}},"_links":{"self":[{"href":"https:\/\/kibrisdakik.com\/index.php?rest_route=\/wp\/v2\/posts\/73466","targetHints":{"allow":["GET"]}}],"collection":[{"href":"https:\/\/kibrisdakik.com\/index.php?rest_route=\/wp\/v2\/posts"}],"about":[{"href":"https:\/\/kibrisdakik.com\/index.php?rest_route=\/wp\/v2\/types\/post"}],"author":[{"embeddable":true,"href":"https:\/\/kibrisdakik.com\/index.php?rest_route=\/wp\/v2\/users\/1"}],"replies":[{"embeddable":true,"href":"https:\/\/kibrisdakik.com\/index.php?rest_route=%2Fwp%2Fv2%2Fcomments&post=73466"}],"version-history":[{"count":0,"href":"https:\/\/kibrisdakik.com\/index.php?rest_route=\/wp\/v2\/posts\/73466\/revisions"}],"wp:featuredmedia":[{"embeddable":true,"href":"https:\/\/kibrisdakik.com\/index.php?rest_route=\/wp\/v2\/media\/73467"}],"wp:attachment":[{"href":"https:\/\/kibrisdakik.com\/index.php?rest_route=%2Fwp%2Fv2%2Fmedia&parent=73466"}],"wp:term":[{"taxonomy":"category","embeddable":true,"href":"https:\/\/kibrisdakik.com\/index.php?rest_route=%2Fwp%2Fv2%2Fcategories&post=73466"},{"taxonomy":"post_tag","embeddable":true,"href":"https:\/\/kibrisdakik.com\/index.php?rest_route=%2Fwp%2Fv2%2Ftags&post=73466"}],"curies":[{"name":"wp","href":"https:\/\/api.w.org\/{rel}","templated":true}]}}