{"id":73473,"date":"2025-01-13T15:32:46","date_gmt":"2025-01-13T12:32:46","guid":{"rendered":"https:\/\/kibrisdakik.com\/index.php\/2025\/01\/13\/akpinar-kurucu-cumhurbaskani-rauf-raif-denktasi-andi\/"},"modified":"2025-01-13T15:32:46","modified_gmt":"2025-01-13T12:32:46","slug":"akpinar-kurucu-cumhurbaskani-rauf-raif-denktasi-andi","status":"publish","type":"post","link":"https:\/\/kibrisdakik.com\/?p=73473","title":{"rendered":"Akp\u0131nar, Kurucu Cumhurba\u015fkan\u0131 Rauf Raif Denkta\u015f\u2019\u0131 and\u0131"},"content":{"rendered":"<div>\n<div class=\"mariselle-image-container center\">\n                                            <\/div>\n<p> Demokrat Parti Girne Milletvekili ve Girne Amerikan \u00dcniversitesi (GA\u00dc)-  K\u0131br\u0131s Amerikan \u00dcniversitesi (KA\u00dc) Kurucu Rekt\u00f6r\u00fc Serhat Akp\u0131nar, merhum Kurucu Cumhurba\u015fkan\u0131 Rauf Raif Denkta\u015f\u2019\u0131 and\u0131.<\/p>\n<p>Akp\u0131nar, anma mesaj\u0131nda \u015fu ifadelere yer verdi:  <\/p>\n<p>\u201cKurucusu oldu\u011fum \u00fcniversiteler ve kurumlar\u0131m\u0131z\u0131n, ba\u011fr\u0131nda te\u015fekk\u00fcl etti\u011fi ve sonsuza kadar varl\u0131\u011f\u0131n\u0131 devam ettirece\u011fi vatan topra\u011f\u0131nda, onu vatan yapabilmek ad\u0131na ger\u00e7ekle\u015ftirilmi\u015f, \u2018Milli M\u00fccadele ve onun \u00f6l\u00fcms\u00fcz kahraman\u0131\u2019  Kurucu Cumhurba\u015fkan\u0131m\u0131z Rauf Raif Denkta\u015f\u2019\u0131, ebediyete intikalinin 13\u2019\u00fcnc\u00fc y\u0131l\u0131nda \u015f\u00fckran ve minnet ile yad ediyor, rahmet diliyorum.<\/p>\n<p>Girne Amerikan \u00dcniversitesi, K\u0131br\u0131s Amerikan \u00dcniversitesi, GA\u00dc Okullar Grubu ve ba\u011fl\u0131 kurumlar olarak ana misyonumuzun, onun en b\u00fcy\u00fck \u00fclk\u00fcs\u00fc olan devletimizi sonsuza kadar devam ettirmek, aziz hat\u0131rat\u0131n\u0131 unutturmamak, toplumsal ve siyasal emanetleri ile manevi miras\u0131n\u0131n gereklerini yerine getirebilmek oldu\u011funu da bir kez daha  teyit ediyoruz. <\/p>\n<p>Gelece\u011fimizin teminat\u0131 olan, bize b\u0131rakt\u0131\u011f\u0131 en b\u00fcy\u00fck miras\u0131, \u2018devletimizi\u2019 ileriye g\u00f6t\u00fcrmek ve ya\u015fatmak i\u00e7in verdi\u011fimiz yemin ile yolumuzda y\u00fcr\u00fcyoruz. Yolunuz yolumuz, and\u0131n\u0131z and\u0131m\u0131z\u2026Davan\u0131z davam\u0131zd\u0131r. Rahat uyu \u2018Toros\u2019\u2026\u201d<\/p>\n<\/p><\/div>\n<p><script async\n                    defer\n                    crossorigin=\"anonymous\"\n                    src=\"https:\/\/connect.facebook.net\/tr_TR\/sdk.js#xfbml=1&#038;version=v3.3\"\n            ><\/script><\/p>\n","protected":false},"excerpt":{"rendered":"<p>Demokrat Parti Girne Milletvekili ve Girne Amerikan \u00dcniversitesi (GA\u00dc)- K\u0131br\u0131s Amerikan \u00dcniversitesi (KA\u00dc) Kurucu Rekt\u00f6r\u00fc Serhat Akp\u0131nar, merhum Kurucu Cumhurba\u015fkan\u0131 Rauf Raif Denkta\u015f\u2019\u0131 and\u0131. Akp\u0131nar, anma mesaj\u0131nda \u015fu ifadelere yer verdi: \u201cKurucusu oldu\u011fum \u00fcniversiteler ve kurumlar\u0131m\u0131z\u0131n, ba\u011fr\u0131nda te\u015fekk\u00fcl etti\u011fi ve sonsuza kadar varl\u0131\u011f\u0131n\u0131 devam ettirece\u011fi vatan topra\u011f\u0131nda, onu vatan yapabilmek ad\u0131na ger\u00e7ekle\u015ftirilmi\u015f, \u2018Milli M\u00fccadele ve<\/p>\n","protected":false},"author":1,"featured_media":73052,"comment_status":"open","ping_status":"open","sticky":false,"template":"","format":"standard","meta":{"footnotes":""},"categories":[81,101],"tags":[],"class_list":["post-73473","post","type-post","status-publish","format-standard","has-post-thumbnail","hentry","category-kibris","category-manset"],"yoast_head":"<!-- This site is optimized with the Yoast SEO plugin v27.4 - https:\/\/yoast.com\/product\/yoast-seo-wordpress\/ -->\n<title>Akp\u0131nar, Kurucu Cumhurba\u015fkan\u0131 Rauf Raif Denkta\u015f\u2019\u0131 and\u0131 -<\/title>\n<meta name=\"robots\" content=\"index, follow, max-snippet:-1, max-image-preview:large, max-video-preview:-1\" \/>\n<link rel=\"canonical\" href=\"https:\/\/kibrisdakik.com\/?p=73473\" \/>\n<meta property=\"og:locale\" content=\"tr_TR\" \/>\n<meta property=\"og:type\" content=\"article\" \/>\n<meta property=\"og:title\" content=\"Akp\u0131nar, Kurucu Cumhurba\u015fkan\u0131 Rauf Raif Denkta\u015f\u2019\u0131 and\u0131 -\" \/>\n<meta property=\"og:description\" content=\"Demokrat Parti Girne Milletvekili ve Girne Amerikan \u00dcniversitesi (GA\u00dc)- K\u0131br\u0131s Amerikan \u00dcniversitesi (KA\u00dc) Kurucu Rekt\u00f6r\u00fc Serhat Akp\u0131nar, merhum Kurucu Cumhurba\u015fkan\u0131 Rauf Raif Denkta\u015f\u2019\u0131 and\u0131. Akp\u0131nar, anma mesaj\u0131nda \u015fu ifadelere yer verdi: \u201cKurucusu oldu\u011fum \u00fcniversiteler ve kurumlar\u0131m\u0131z\u0131n, ba\u011fr\u0131nda te\u015fekk\u00fcl etti\u011fi ve sonsuza kadar varl\u0131\u011f\u0131n\u0131 devam ettirece\u011fi vatan topra\u011f\u0131nda, onu vatan yapabilmek ad\u0131na ger\u00e7ekle\u015ftirilmi\u015f, \u2018Milli M\u00fccadele ve\" \/>\n<meta property=\"og:url\" content=\"https:\/\/kibrisdakik.com\/?p=73473\" \/>\n<meta property=\"article:published_time\" content=\"2025-01-13T12:32:46+00:00\" \/>\n<meta property=\"og:image\" content=\"https:\/\/kibrisdakik.com\/wp-content\/uploads\/2025\/01\/serhatakpinar-740x403.jpg\" \/>\n\t<meta property=\"og:image:width\" content=\"929\" \/>\n\t<meta property=\"og:image:height\" content=\"403\" \/>\n\t<meta property=\"og:image:type\" content=\"image\/jpeg\" \/>\n<meta name=\"author\" content=\"admin\" \/>\n<meta name=\"twitter:card\" content=\"summary_large_image\" \/>\n<meta name=\"twitter:label1\" content=\"Yazan:\" \/>\n\t<meta name=\"twitter:data1\" content=\"admin\" \/>\n\t<meta name=\"twitter:label2\" content=\"Tahmini okuma s\u00fcresi\" \/>\n\t<meta name=\"twitter:data2\" content=\"1 dakika\" \/>\n<script type=\"application\/ld+json\" class=\"yoast-schema-graph\">{\"@context\":\"https:\\\/\\\/schema.org\",\"@graph\":[{\"@type\":\"Article\",\"@id\":\"https:\\\/\\\/kibrisdakik.com\\\/?p=73473#article\",\"isPartOf\":{\"@id\":\"https:\\\/\\\/kibrisdakik.com\\\/?p=73473\"},\"author\":{\"name\":\"admin\",\"@id\":\"https:\\\/\\\/kibrisdakik.com\\\/#\\\/schema\\\/person\\\/9cd9d437bbb44f72b73ba127e06d8e79\"},\"headline\":\"Akp\u0131nar, Kurucu Cumhurba\u015fkan\u0131 Rauf Raif Denkta\u015f\u2019\u0131 and\u0131\",\"datePublished\":\"2025-01-13T12:32:46+00:00\",\"mainEntityOfPage\":{\"@id\":\"https:\\\/\\\/kibrisdakik.com\\\/?p=73473\"},\"wordCount\":217,\"commentCount\":0,\"image\":{\"@id\":\"https:\\\/\\\/kibrisdakik.com\\\/?p=73473#primaryimage\"},\"thumbnailUrl\":\"https:\\\/\\\/kibrisdakik.com\\\/wp-content\\\/uploads\\\/2025\\\/01\\\/serhatakpinar-740x403.jpg\",\"articleSection\":[\"K\u0131br\u0131s\",\"Man\u015fet\"],\"inLanguage\":\"tr\",\"potentialAction\":[{\"@type\":\"CommentAction\",\"name\":\"Comment\",\"target\":[\"https:\\\/\\\/kibrisdakik.com\\\/?p=73473#respond\"]}]},{\"@type\":\"WebPage\",\"@id\":\"https:\\\/\\\/kibrisdakik.com\\\/?p=73473\",\"url\":\"https:\\\/\\\/kibrisdakik.com\\\/?p=73473\",\"name\":\"Akp\u0131nar, Kurucu Cumhurba\u015fkan\u0131 Rauf Raif Denkta\u015f\u2019\u0131 and\u0131 -\",\"isPartOf\":{\"@id\":\"https:\\\/\\\/kibrisdakik.com\\\/#website\"},\"primaryImageOfPage\":{\"@id\":\"https:\\\/\\\/kibrisdakik.com\\\/?p=73473#primaryimage\"},\"image\":{\"@id\":\"https:\\\/\\\/kibrisdakik.com\\\/?p=73473#primaryimage\"},\"thumbnailUrl\":\"https:\\\/\\\/kibrisdakik.com\\\/wp-content\\\/uploads\\\/2025\\\/01\\\/serhatakpinar-740x403.jpg\",\"datePublished\":\"2025-01-13T12:32:46+00:00\",\"author\":{\"@id\":\"https:\\\/\\\/kibrisdakik.com\\\/#\\\/schema\\\/person\\\/9cd9d437bbb44f72b73ba127e06d8e79\"},\"breadcrumb\":{\"@id\":\"https:\\\/\\\/kibrisdakik.com\\\/?p=73473#breadcrumb\"},\"inLanguage\":\"tr\",\"potentialAction\":[{\"@type\":\"ReadAction\",\"target\":[\"https:\\\/\\\/kibrisdakik.com\\\/?p=73473\"]}]},{\"@type\":\"ImageObject\",\"inLanguage\":\"tr\",\"@id\":\"https:\\\/\\\/kibrisdakik.com\\\/?p=73473#primaryimage\",\"url\":\"https:\\\/\\\/kibrisdakik.com\\\/wp-content\\\/uploads\\\/2025\\\/01\\\/serhatakpinar-740x403.jpg\",\"contentUrl\":\"https:\\\/\\\/kibrisdakik.com\\\/wp-content\\\/uploads\\\/2025\\\/01\\\/serhatakpinar-740x403.jpg\",\"width\":929,\"height\":403},{\"@type\":\"BreadcrumbList\",\"@id\":\"https:\\\/\\\/kibrisdakik.com\\\/?p=73473#breadcrumb\",\"itemListElement\":[{\"@type\":\"ListItem\",\"position\":1,\"name\":\"Home\",\"item\":\"https:\\\/\\\/kibrisdakik.com\\\/\"},{\"@type\":\"ListItem\",\"position\":2,\"name\":\"Akp\u0131nar, Kurucu Cumhurba\u015fkan\u0131 Rauf Raif Denkta\u015f\u2019\u0131 and\u0131\"}]},{\"@type\":\"WebSite\",\"@id\":\"https:\\\/\\\/kibrisdakik.com\\\/#website\",\"url\":\"https:\\\/\\\/kibrisdakik.com\\\/\",\"name\":\"\",\"description\":\"Tam vaktinde haber\",\"potentialAction\":[{\"@type\":\"SearchAction\",\"target\":{\"@type\":\"EntryPoint\",\"urlTemplate\":\"https:\\\/\\\/kibrisdakik.com\\\/?s={search_term_string}\"},\"query-input\":{\"@type\":\"PropertyValueSpecification\",\"valueRequired\":true,\"valueName\":\"search_term_string\"}}],\"inLanguage\":\"tr\"},{\"@type\":\"Person\",\"@id\":\"https:\\\/\\\/kibrisdakik.com\\\/#\\\/schema\\\/person\\\/9cd9d437bbb44f72b73ba127e06d8e79\",\"name\":\"admin\",\"image\":{\"@type\":\"ImageObject\",\"inLanguage\":\"tr\",\"@id\":\"https:\\\/\\\/secure.gravatar.com\\\/avatar\\\/ccc17943b9d660506c869530f897617f7cb1c21a4bf30023f252596d83e1f007?s=96&d=mm&r=g\",\"url\":\"https:\\\/\\\/secure.gravatar.com\\\/avatar\\\/ccc17943b9d660506c869530f897617f7cb1c21a4bf30023f252596d83e1f007?s=96&d=mm&r=g\",\"contentUrl\":\"https:\\\/\\\/secure.gravatar.com\\\/avatar\\\/ccc17943b9d660506c869530f897617f7cb1c21a4bf30023f252596d83e1f007?s=96&d=mm&r=g\",\"caption\":\"admin\"},\"sameAs\":[\"https:\\\/\\\/kibrisdakik.com\"],\"url\":\"https:\\\/\\\/kibrisdakik.com\\\/?author=1\"}]}<\/script>\n<!-- \/ Yoast SEO plugin. -->","yoast_head_json":{"title":"Akp\u0131nar, Kurucu Cumhurba\u015fkan\u0131 Rauf Raif Denkta\u015f\u2019\u0131 and\u0131 -","robots":{"index":"index","follow":"follow","max-snippet":"max-snippet:-1","max-image-preview":"max-image-preview:large","max-video-preview":"max-video-preview:-1"},"canonical":"https:\/\/kibrisdakik.com\/?p=73473","og_locale":"tr_TR","og_type":"article","og_title":"Akp\u0131nar, Kurucu Cumhurba\u015fkan\u0131 Rauf Raif Denkta\u015f\u2019\u0131 and\u0131 -","og_description":"Demokrat Parti Girne Milletvekili ve Girne Amerikan \u00dcniversitesi (GA\u00dc)- K\u0131br\u0131s Amerikan \u00dcniversitesi (KA\u00dc) Kurucu Rekt\u00f6r\u00fc Serhat Akp\u0131nar, merhum Kurucu Cumhurba\u015fkan\u0131 Rauf Raif Denkta\u015f\u2019\u0131 and\u0131. Akp\u0131nar, anma mesaj\u0131nda \u015fu ifadelere yer verdi: \u201cKurucusu oldu\u011fum \u00fcniversiteler ve kurumlar\u0131m\u0131z\u0131n, ba\u011fr\u0131nda te\u015fekk\u00fcl etti\u011fi ve sonsuza kadar varl\u0131\u011f\u0131n\u0131 devam ettirece\u011fi vatan topra\u011f\u0131nda, onu vatan yapabilmek ad\u0131na ger\u00e7ekle\u015ftirilmi\u015f, \u2018Milli M\u00fccadele ve","og_url":"https:\/\/kibrisdakik.com\/?p=73473","article_published_time":"2025-01-13T12:32:46+00:00","og_image":[{"width":929,"height":403,"url":"https:\/\/kibrisdakik.com\/wp-content\/uploads\/2025\/01\/serhatakpinar-740x403.jpg","type":"image\/jpeg"}],"author":"admin","twitter_card":"summary_large_image","twitter_misc":{"Yazan:":"admin","Tahmini okuma s\u00fcresi":"1 dakika"},"schema":{"@context":"https:\/\/schema.org","@graph":[{"@type":"Article","@id":"https:\/\/kibrisdakik.com\/?p=73473#article","isPartOf":{"@id":"https:\/\/kibrisdakik.com\/?p=73473"},"author":{"name":"admin","@id":"https:\/\/kibrisdakik.com\/#\/schema\/person\/9cd9d437bbb44f72b73ba127e06d8e79"},"headline":"Akp\u0131nar, Kurucu Cumhurba\u015fkan\u0131 Rauf Raif Denkta\u015f\u2019\u0131 and\u0131","datePublished":"2025-01-13T12:32:46+00:00","mainEntityOfPage":{"@id":"https:\/\/kibrisdakik.com\/?p=73473"},"wordCount":217,"commentCount":0,"image":{"@id":"https:\/\/kibrisdakik.com\/?p=73473#primaryimage"},"thumbnailUrl":"https:\/\/kibrisdakik.com\/wp-content\/uploads\/2025\/01\/serhatakpinar-740x403.jpg","articleSection":["K\u0131br\u0131s","Man\u015fet"],"inLanguage":"tr","potentialAction":[{"@type":"CommentAction","name":"Comment","target":["https:\/\/kibrisdakik.com\/?p=73473#respond"]}]},{"@type":"WebPage","@id":"https:\/\/kibrisdakik.com\/?p=73473","url":"https:\/\/kibrisdakik.com\/?p=73473","name":"Akp\u0131nar, Kurucu Cumhurba\u015fkan\u0131 Rauf Raif Denkta\u015f\u2019\u0131 and\u0131 -","isPartOf":{"@id":"https:\/\/kibrisdakik.com\/#website"},"primaryImageOfPage":{"@id":"https:\/\/kibrisdakik.com\/?p=73473#primaryimage"},"image":{"@id":"https:\/\/kibrisdakik.com\/?p=73473#primaryimage"},"thumbnailUrl":"https:\/\/kibrisdakik.com\/wp-content\/uploads\/2025\/01\/serhatakpinar-740x403.jpg","datePublished":"2025-01-13T12:32:46+00:00","author":{"@id":"https:\/\/kibrisdakik.com\/#\/schema\/person\/9cd9d437bbb44f72b73ba127e06d8e79"},"breadcrumb":{"@id":"https:\/\/kibrisdakik.com\/?p=73473#breadcrumb"},"inLanguage":"tr","potentialAction":[{"@type":"ReadAction","target":["https:\/\/kibrisdakik.com\/?p=73473"]}]},{"@type":"ImageObject","inLanguage":"tr","@id":"https:\/\/kibrisdakik.com\/?p=73473#primaryimage","url":"https:\/\/kibrisdakik.com\/wp-content\/uploads\/2025\/01\/serhatakpinar-740x403.jpg","contentUrl":"https:\/\/kibrisdakik.com\/wp-content\/uploads\/2025\/01\/serhatakpinar-740x403.jpg","width":929,"height":403},{"@type":"BreadcrumbList","@id":"https:\/\/kibrisdakik.com\/?p=73473#breadcrumb","itemListElement":[{"@type":"ListItem","position":1,"name":"Home","item":"https:\/\/kibrisdakik.com\/"},{"@type":"ListItem","position":2,"name":"Akp\u0131nar, Kurucu Cumhurba\u015fkan\u0131 Rauf Raif Denkta\u015f\u2019\u0131 and\u0131"}]},{"@type":"WebSite","@id":"https:\/\/kibrisdakik.com\/#website","url":"https:\/\/kibrisdakik.com\/","name":"","description":"Tam vaktinde haber","potentialAction":[{"@type":"SearchAction","target":{"@type":"EntryPoint","urlTemplate":"https:\/\/kibrisdakik.com\/?s={search_term_string}"},"query-input":{"@type":"PropertyValueSpecification","valueRequired":true,"valueName":"search_term_string"}}],"inLanguage":"tr"},{"@type":"Person","@id":"https:\/\/kibrisdakik.com\/#\/schema\/person\/9cd9d437bbb44f72b73ba127e06d8e79","name":"admin","image":{"@type":"ImageObject","inLanguage":"tr","@id":"https:\/\/secure.gravatar.com\/avatar\/ccc17943b9d660506c869530f897617f7cb1c21a4bf30023f252596d83e1f007?s=96&d=mm&r=g","url":"https:\/\/secure.gravatar.com\/avatar\/ccc17943b9d660506c869530f897617f7cb1c21a4bf30023f252596d83e1f007?s=96&d=mm&r=g","contentUrl":"https:\/\/secure.gravatar.com\/avatar\/ccc17943b9d660506c869530f897617f7cb1c21a4bf30023f252596d83e1f007?s=96&d=mm&r=g","caption":"admin"},"sameAs":["https:\/\/kibrisdakik.com"],"url":"https:\/\/kibrisdakik.com\/?author=1"}]}},"_links":{"self":[{"href":"https:\/\/kibrisdakik.com\/index.php?rest_route=\/wp\/v2\/posts\/73473","targetHints":{"allow":["GET"]}}],"collection":[{"href":"https:\/\/kibrisdakik.com\/index.php?rest_route=\/wp\/v2\/posts"}],"about":[{"href":"https:\/\/kibrisdakik.com\/index.php?rest_route=\/wp\/v2\/types\/post"}],"author":[{"embeddable":true,"href":"https:\/\/kibrisdakik.com\/index.php?rest_route=\/wp\/v2\/users\/1"}],"replies":[{"embeddable":true,"href":"https:\/\/kibrisdakik.com\/index.php?rest_route=%2Fwp%2Fv2%2Fcomments&post=73473"}],"version-history":[{"count":0,"href":"https:\/\/kibrisdakik.com\/index.php?rest_route=\/wp\/v2\/posts\/73473\/revisions"}],"wp:featuredmedia":[{"embeddable":true,"href":"https:\/\/kibrisdakik.com\/index.php?rest_route=\/wp\/v2\/media\/73052"}],"wp:attachment":[{"href":"https:\/\/kibrisdakik.com\/index.php?rest_route=%2Fwp%2Fv2%2Fmedia&parent=73473"}],"wp:term":[{"taxonomy":"category","embeddable":true,"href":"https:\/\/kibrisdakik.com\/index.php?rest_route=%2Fwp%2Fv2%2Fcategories&post=73473"},{"taxonomy":"post_tag","embeddable":true,"href":"https:\/\/kibrisdakik.com\/index.php?rest_route=%2Fwp%2Fv2%2Ftags&post=73473"}],"curies":[{"name":"wp","href":"https:\/\/api.w.org\/{rel}","templated":true}]}}