{"id":73505,"date":"2025-01-13T21:03:33","date_gmt":"2025-01-13T18:03:33","guid":{"rendered":"https:\/\/kibrisdakik.com\/index.php\/2025\/01\/13\/gazimagusa-belediye-baskani-ulucay-sinyalizasyon-projesi-calismalarini-inceledi\/"},"modified":"2025-01-13T21:03:33","modified_gmt":"2025-01-13T18:03:33","slug":"gazimagusa-belediye-baskani-ulucay-sinyalizasyon-projesi-calismalarini-inceledi","status":"publish","type":"post","link":"https:\/\/kibrisdakik.com\/?p=73505","title":{"rendered":"Gazima\u011fusa Belediye Ba\u015fkan\u0131 Ulu\u00e7ay sinyalizasyon projesi \u00e7al\u0131\u015fmalar\u0131n\u0131 inceledi"},"content":{"rendered":"<div>\n<div class=\"mariselle-image-container center\">\n                                            <\/div>\n<p>Gazima\u011fusa Belediye Ba\u015fkan\u0131 S\u00fcleyman Ulu\u00e7ay, Mustafa Kemal Bulvar\u0131-otob\u00fcs terminali kav\u015fa\u011f\u0131nda yap\u0131lan sinyalizasyon projesini yerinde izledi.<\/p>\n<p>Gazima\u011fusa Belediyesi\u2019nden yap\u0131lan a\u00e7\u0131klamaya g\u00f6re, Gazima\u011fusa Belediye Ba\u015fkan\u0131 S\u00fcleyman Ulu\u00e7ay\u2019\u0131n yan\u0131 s\u0131ra Trafik Komisyonu\u2019nda \u00e7al\u0131\u015fmalar y\u00fcr\u00fcten Belediye Meclis \u00fcyeleri Mine Karaca, H\u00fcseyin Aran\u0131r ile Gazima\u011fusa Belediyesi Trafik Master Plan\u0131 \u00e7al\u0131\u015fmalar\u0131 konusunda i\u015f birli\u011fi y\u00fcr\u00fcten Trafik Uzman\u0131 Dan\u0131\u015fman \u015eehir Planc\u0131s\u0131 Do\u00e7. Dr. Can Kara sinyalizasyon projesini inceledi.  <\/p>\n<p>Ocak ay\u0131 itibari ile ba\u015flat\u0131lan proje kapsam\u0131nda gerek ara\u00e7lar\u0131n gerekse yayalar\u0131n g\u00fcvenli ge\u00e7i\u015flerini sa\u011flamak ad\u0131na Mustafa Kemal Bulvar\u0131- otob\u00fcs terminali kav\u015fa\u011f\u0131nda sinyalli kav\u015fak uygulamas\u0131 yap\u0131lacak. Sinyalli kav\u015fak uygulamas\u0131 ayn\u0131 zamanda yayalar\u0131n g\u00fcvenli\u011fi i\u00e7in bas-ge\u00e7 opsiyonuna sahip olacak.<\/p>\n<p>Sinyalli kav\u015fak ile birlikte Mustafa Kemal Bulvar\u0131\u2019nda 4 \u015ferit uygulamas\u0131n\u0131n hayata ge\u00e7irilmesi planlan\u0131yor. Bu sayede \u00f6zellikle per\u015fembe g\u00fcnleri pazar yeri yo\u011funlu\u011fu ile otob\u00fcs terminalinin sebep oldu\u011fu trafik y\u00fck\u00fcn\u00fcn hafifletilmesi hedefleniyor.<\/p>\n<\/p><\/div>\n<p><script async\n                    defer\n                    crossorigin=\"anonymous\"\n                    src=\"https:\/\/connect.facebook.net\/tr_TR\/sdk.js#xfbml=1&#038;version=v3.3\"\n            ><\/script><\/p>\n","protected":false},"excerpt":{"rendered":"<p>Gazima\u011fusa Belediye Ba\u015fkan\u0131 S\u00fcleyman Ulu\u00e7ay, Mustafa Kemal Bulvar\u0131-otob\u00fcs terminali kav\u015fa\u011f\u0131nda yap\u0131lan sinyalizasyon projesini yerinde izledi. Gazima\u011fusa Belediyesi\u2019nden yap\u0131lan a\u00e7\u0131klamaya g\u00f6re, Gazima\u011fusa Belediye Ba\u015fkan\u0131 S\u00fcleyman Ulu\u00e7ay\u2019\u0131n yan\u0131 s\u0131ra Trafik Komisyonu\u2019nda \u00e7al\u0131\u015fmalar y\u00fcr\u00fcten Belediye Meclis \u00fcyeleri Mine Karaca, H\u00fcseyin Aran\u0131r ile Gazima\u011fusa Belediyesi Trafik Master Plan\u0131 \u00e7al\u0131\u015fmalar\u0131 konusunda i\u015f birli\u011fi y\u00fcr\u00fcten Trafik Uzman\u0131 Dan\u0131\u015fman \u015eehir Planc\u0131s\u0131 Do\u00e7.<\/p>\n","protected":false},"author":1,"featured_media":73506,"comment_status":"open","ping_status":"open","sticky":false,"template":"","format":"standard","meta":{"footnotes":""},"categories":[81,101],"tags":[],"class_list":["post-73505","post","type-post","status-publish","format-standard","has-post-thumbnail","hentry","category-kibris","category-manset"],"yoast_head":"<!-- This site is optimized with the Yoast SEO plugin v27.4 - https:\/\/yoast.com\/product\/yoast-seo-wordpress\/ -->\n<title>Gazima\u011fusa Belediye Ba\u015fkan\u0131 Ulu\u00e7ay sinyalizasyon projesi \u00e7al\u0131\u015fmalar\u0131n\u0131 inceledi -<\/title>\n<meta name=\"robots\" content=\"index, follow, max-snippet:-1, max-image-preview:large, max-video-preview:-1\" \/>\n<link rel=\"canonical\" href=\"https:\/\/kibrisdakik.com\/?p=73505\" \/>\n<meta property=\"og:locale\" content=\"tr_TR\" \/>\n<meta property=\"og:type\" content=\"article\" \/>\n<meta property=\"og:title\" content=\"Gazima\u011fusa Belediye Ba\u015fkan\u0131 Ulu\u00e7ay sinyalizasyon projesi \u00e7al\u0131\u015fmalar\u0131n\u0131 inceledi -\" \/>\n<meta property=\"og:description\" content=\"Gazima\u011fusa Belediye Ba\u015fkan\u0131 S\u00fcleyman Ulu\u00e7ay, Mustafa Kemal Bulvar\u0131-otob\u00fcs terminali kav\u015fa\u011f\u0131nda yap\u0131lan sinyalizasyon projesini yerinde izledi. Gazima\u011fusa Belediyesi\u2019nden yap\u0131lan a\u00e7\u0131klamaya g\u00f6re, Gazima\u011fusa Belediye Ba\u015fkan\u0131 S\u00fcleyman Ulu\u00e7ay\u2019\u0131n yan\u0131 s\u0131ra Trafik Komisyonu\u2019nda \u00e7al\u0131\u015fmalar y\u00fcr\u00fcten Belediye Meclis \u00fcyeleri Mine Karaca, H\u00fcseyin Aran\u0131r ile Gazima\u011fusa Belediyesi Trafik Master Plan\u0131 \u00e7al\u0131\u015fmalar\u0131 konusunda i\u015f birli\u011fi y\u00fcr\u00fcten Trafik Uzman\u0131 Dan\u0131\u015fman \u015eehir Planc\u0131s\u0131 Do\u00e7.\" \/>\n<meta property=\"og:url\" content=\"https:\/\/kibrisdakik.com\/?p=73505\" \/>\n<meta property=\"article:published_time\" content=\"2025-01-13T18:03:33+00:00\" \/>\n<meta property=\"og:image\" content=\"https:\/\/kibrisdakik.com\/wp-content\/uploads\/2025\/01\/afskak-scaled-740x420.jpg\" \/>\n\t<meta property=\"og:image:width\" content=\"2560\" \/>\n\t<meta property=\"og:image:height\" content=\"1707\" \/>\n\t<meta property=\"og:image:type\" content=\"image\/jpeg\" \/>\n<meta name=\"author\" content=\"admin\" \/>\n<meta name=\"twitter:card\" content=\"summary_large_image\" \/>\n<meta name=\"twitter:label1\" content=\"Yazan:\" \/>\n\t<meta name=\"twitter:data1\" content=\"admin\" \/>\n\t<meta name=\"twitter:label2\" content=\"Tahmini okuma s\u00fcresi\" \/>\n\t<meta name=\"twitter:data2\" content=\"1 dakika\" \/>\n<script type=\"application\/ld+json\" class=\"yoast-schema-graph\">{\"@context\":\"https:\\\/\\\/schema.org\",\"@graph\":[{\"@type\":\"Article\",\"@id\":\"https:\\\/\\\/kibrisdakik.com\\\/?p=73505#article\",\"isPartOf\":{\"@id\":\"https:\\\/\\\/kibrisdakik.com\\\/?p=73505\"},\"author\":{\"name\":\"admin\",\"@id\":\"https:\\\/\\\/kibrisdakik.com\\\/#\\\/schema\\\/person\\\/9cd9d437bbb44f72b73ba127e06d8e79\"},\"headline\":\"Gazima\u011fusa Belediye Ba\u015fkan\u0131 Ulu\u00e7ay sinyalizasyon projesi \u00e7al\u0131\u015fmalar\u0131n\u0131 inceledi\",\"datePublished\":\"2025-01-13T18:03:33+00:00\",\"mainEntityOfPage\":{\"@id\":\"https:\\\/\\\/kibrisdakik.com\\\/?p=73505\"},\"wordCount\":210,\"commentCount\":0,\"image\":{\"@id\":\"https:\\\/\\\/kibrisdakik.com\\\/?p=73505#primaryimage\"},\"thumbnailUrl\":\"https:\\\/\\\/kibrisdakik.com\\\/wp-content\\\/uploads\\\/2025\\\/01\\\/afskak-scaled-740x420.jpg\",\"articleSection\":[\"K\u0131br\u0131s\",\"Man\u015fet\"],\"inLanguage\":\"tr\",\"potentialAction\":[{\"@type\":\"CommentAction\",\"name\":\"Comment\",\"target\":[\"https:\\\/\\\/kibrisdakik.com\\\/?p=73505#respond\"]}]},{\"@type\":\"WebPage\",\"@id\":\"https:\\\/\\\/kibrisdakik.com\\\/?p=73505\",\"url\":\"https:\\\/\\\/kibrisdakik.com\\\/?p=73505\",\"name\":\"Gazima\u011fusa Belediye Ba\u015fkan\u0131 Ulu\u00e7ay sinyalizasyon projesi \u00e7al\u0131\u015fmalar\u0131n\u0131 inceledi -\",\"isPartOf\":{\"@id\":\"https:\\\/\\\/kibrisdakik.com\\\/#website\"},\"primaryImageOfPage\":{\"@id\":\"https:\\\/\\\/kibrisdakik.com\\\/?p=73505#primaryimage\"},\"image\":{\"@id\":\"https:\\\/\\\/kibrisdakik.com\\\/?p=73505#primaryimage\"},\"thumbnailUrl\":\"https:\\\/\\\/kibrisdakik.com\\\/wp-content\\\/uploads\\\/2025\\\/01\\\/afskak-scaled-740x420.jpg\",\"datePublished\":\"2025-01-13T18:03:33+00:00\",\"author\":{\"@id\":\"https:\\\/\\\/kibrisdakik.com\\\/#\\\/schema\\\/person\\\/9cd9d437bbb44f72b73ba127e06d8e79\"},\"breadcrumb\":{\"@id\":\"https:\\\/\\\/kibrisdakik.com\\\/?p=73505#breadcrumb\"},\"inLanguage\":\"tr\",\"potentialAction\":[{\"@type\":\"ReadAction\",\"target\":[\"https:\\\/\\\/kibrisdakik.com\\\/?p=73505\"]}]},{\"@type\":\"ImageObject\",\"inLanguage\":\"tr\",\"@id\":\"https:\\\/\\\/kibrisdakik.com\\\/?p=73505#primaryimage\",\"url\":\"https:\\\/\\\/kibrisdakik.com\\\/wp-content\\\/uploads\\\/2025\\\/01\\\/afskak-scaled-740x420.jpg\",\"contentUrl\":\"https:\\\/\\\/kibrisdakik.com\\\/wp-content\\\/uploads\\\/2025\\\/01\\\/afskak-scaled-740x420.jpg\",\"width\":2560,\"height\":1707},{\"@type\":\"BreadcrumbList\",\"@id\":\"https:\\\/\\\/kibrisdakik.com\\\/?p=73505#breadcrumb\",\"itemListElement\":[{\"@type\":\"ListItem\",\"position\":1,\"name\":\"Home\",\"item\":\"https:\\\/\\\/kibrisdakik.com\\\/\"},{\"@type\":\"ListItem\",\"position\":2,\"name\":\"Gazima\u011fusa Belediye Ba\u015fkan\u0131 Ulu\u00e7ay sinyalizasyon projesi \u00e7al\u0131\u015fmalar\u0131n\u0131 inceledi\"}]},{\"@type\":\"WebSite\",\"@id\":\"https:\\\/\\\/kibrisdakik.com\\\/#website\",\"url\":\"https:\\\/\\\/kibrisdakik.com\\\/\",\"name\":\"\",\"description\":\"Tam vaktinde haber\",\"potentialAction\":[{\"@type\":\"SearchAction\",\"target\":{\"@type\":\"EntryPoint\",\"urlTemplate\":\"https:\\\/\\\/kibrisdakik.com\\\/?s={search_term_string}\"},\"query-input\":{\"@type\":\"PropertyValueSpecification\",\"valueRequired\":true,\"valueName\":\"search_term_string\"}}],\"inLanguage\":\"tr\"},{\"@type\":\"Person\",\"@id\":\"https:\\\/\\\/kibrisdakik.com\\\/#\\\/schema\\\/person\\\/9cd9d437bbb44f72b73ba127e06d8e79\",\"name\":\"admin\",\"image\":{\"@type\":\"ImageObject\",\"inLanguage\":\"tr\",\"@id\":\"https:\\\/\\\/secure.gravatar.com\\\/avatar\\\/ccc17943b9d660506c869530f897617f7cb1c21a4bf30023f252596d83e1f007?s=96&d=mm&r=g\",\"url\":\"https:\\\/\\\/secure.gravatar.com\\\/avatar\\\/ccc17943b9d660506c869530f897617f7cb1c21a4bf30023f252596d83e1f007?s=96&d=mm&r=g\",\"contentUrl\":\"https:\\\/\\\/secure.gravatar.com\\\/avatar\\\/ccc17943b9d660506c869530f897617f7cb1c21a4bf30023f252596d83e1f007?s=96&d=mm&r=g\",\"caption\":\"admin\"},\"sameAs\":[\"https:\\\/\\\/kibrisdakik.com\"],\"url\":\"https:\\\/\\\/kibrisdakik.com\\\/?author=1\"}]}<\/script>\n<!-- \/ Yoast SEO plugin. -->","yoast_head_json":{"title":"Gazima\u011fusa Belediye Ba\u015fkan\u0131 Ulu\u00e7ay sinyalizasyon projesi \u00e7al\u0131\u015fmalar\u0131n\u0131 inceledi -","robots":{"index":"index","follow":"follow","max-snippet":"max-snippet:-1","max-image-preview":"max-image-preview:large","max-video-preview":"max-video-preview:-1"},"canonical":"https:\/\/kibrisdakik.com\/?p=73505","og_locale":"tr_TR","og_type":"article","og_title":"Gazima\u011fusa Belediye Ba\u015fkan\u0131 Ulu\u00e7ay sinyalizasyon projesi \u00e7al\u0131\u015fmalar\u0131n\u0131 inceledi -","og_description":"Gazima\u011fusa Belediye Ba\u015fkan\u0131 S\u00fcleyman Ulu\u00e7ay, Mustafa Kemal Bulvar\u0131-otob\u00fcs terminali kav\u015fa\u011f\u0131nda yap\u0131lan sinyalizasyon projesini yerinde izledi. Gazima\u011fusa Belediyesi\u2019nden yap\u0131lan a\u00e7\u0131klamaya g\u00f6re, Gazima\u011fusa Belediye Ba\u015fkan\u0131 S\u00fcleyman Ulu\u00e7ay\u2019\u0131n yan\u0131 s\u0131ra Trafik Komisyonu\u2019nda \u00e7al\u0131\u015fmalar y\u00fcr\u00fcten Belediye Meclis \u00fcyeleri Mine Karaca, H\u00fcseyin Aran\u0131r ile Gazima\u011fusa Belediyesi Trafik Master Plan\u0131 \u00e7al\u0131\u015fmalar\u0131 konusunda i\u015f birli\u011fi y\u00fcr\u00fcten Trafik Uzman\u0131 Dan\u0131\u015fman \u015eehir Planc\u0131s\u0131 Do\u00e7.","og_url":"https:\/\/kibrisdakik.com\/?p=73505","article_published_time":"2025-01-13T18:03:33+00:00","og_image":[{"width":2560,"height":1707,"url":"https:\/\/kibrisdakik.com\/wp-content\/uploads\/2025\/01\/afskak-scaled-740x420.jpg","type":"image\/jpeg"}],"author":"admin","twitter_card":"summary_large_image","twitter_misc":{"Yazan:":"admin","Tahmini okuma s\u00fcresi":"1 dakika"},"schema":{"@context":"https:\/\/schema.org","@graph":[{"@type":"Article","@id":"https:\/\/kibrisdakik.com\/?p=73505#article","isPartOf":{"@id":"https:\/\/kibrisdakik.com\/?p=73505"},"author":{"name":"admin","@id":"https:\/\/kibrisdakik.com\/#\/schema\/person\/9cd9d437bbb44f72b73ba127e06d8e79"},"headline":"Gazima\u011fusa Belediye Ba\u015fkan\u0131 Ulu\u00e7ay sinyalizasyon projesi \u00e7al\u0131\u015fmalar\u0131n\u0131 inceledi","datePublished":"2025-01-13T18:03:33+00:00","mainEntityOfPage":{"@id":"https:\/\/kibrisdakik.com\/?p=73505"},"wordCount":210,"commentCount":0,"image":{"@id":"https:\/\/kibrisdakik.com\/?p=73505#primaryimage"},"thumbnailUrl":"https:\/\/kibrisdakik.com\/wp-content\/uploads\/2025\/01\/afskak-scaled-740x420.jpg","articleSection":["K\u0131br\u0131s","Man\u015fet"],"inLanguage":"tr","potentialAction":[{"@type":"CommentAction","name":"Comment","target":["https:\/\/kibrisdakik.com\/?p=73505#respond"]}]},{"@type":"WebPage","@id":"https:\/\/kibrisdakik.com\/?p=73505","url":"https:\/\/kibrisdakik.com\/?p=73505","name":"Gazima\u011fusa Belediye Ba\u015fkan\u0131 Ulu\u00e7ay sinyalizasyon projesi \u00e7al\u0131\u015fmalar\u0131n\u0131 inceledi -","isPartOf":{"@id":"https:\/\/kibrisdakik.com\/#website"},"primaryImageOfPage":{"@id":"https:\/\/kibrisdakik.com\/?p=73505#primaryimage"},"image":{"@id":"https:\/\/kibrisdakik.com\/?p=73505#primaryimage"},"thumbnailUrl":"https:\/\/kibrisdakik.com\/wp-content\/uploads\/2025\/01\/afskak-scaled-740x420.jpg","datePublished":"2025-01-13T18:03:33+00:00","author":{"@id":"https:\/\/kibrisdakik.com\/#\/schema\/person\/9cd9d437bbb44f72b73ba127e06d8e79"},"breadcrumb":{"@id":"https:\/\/kibrisdakik.com\/?p=73505#breadcrumb"},"inLanguage":"tr","potentialAction":[{"@type":"ReadAction","target":["https:\/\/kibrisdakik.com\/?p=73505"]}]},{"@type":"ImageObject","inLanguage":"tr","@id":"https:\/\/kibrisdakik.com\/?p=73505#primaryimage","url":"https:\/\/kibrisdakik.com\/wp-content\/uploads\/2025\/01\/afskak-scaled-740x420.jpg","contentUrl":"https:\/\/kibrisdakik.com\/wp-content\/uploads\/2025\/01\/afskak-scaled-740x420.jpg","width":2560,"height":1707},{"@type":"BreadcrumbList","@id":"https:\/\/kibrisdakik.com\/?p=73505#breadcrumb","itemListElement":[{"@type":"ListItem","position":1,"name":"Home","item":"https:\/\/kibrisdakik.com\/"},{"@type":"ListItem","position":2,"name":"Gazima\u011fusa Belediye Ba\u015fkan\u0131 Ulu\u00e7ay sinyalizasyon projesi \u00e7al\u0131\u015fmalar\u0131n\u0131 inceledi"}]},{"@type":"WebSite","@id":"https:\/\/kibrisdakik.com\/#website","url":"https:\/\/kibrisdakik.com\/","name":"","description":"Tam vaktinde haber","potentialAction":[{"@type":"SearchAction","target":{"@type":"EntryPoint","urlTemplate":"https:\/\/kibrisdakik.com\/?s={search_term_string}"},"query-input":{"@type":"PropertyValueSpecification","valueRequired":true,"valueName":"search_term_string"}}],"inLanguage":"tr"},{"@type":"Person","@id":"https:\/\/kibrisdakik.com\/#\/schema\/person\/9cd9d437bbb44f72b73ba127e06d8e79","name":"admin","image":{"@type":"ImageObject","inLanguage":"tr","@id":"https:\/\/secure.gravatar.com\/avatar\/ccc17943b9d660506c869530f897617f7cb1c21a4bf30023f252596d83e1f007?s=96&d=mm&r=g","url":"https:\/\/secure.gravatar.com\/avatar\/ccc17943b9d660506c869530f897617f7cb1c21a4bf30023f252596d83e1f007?s=96&d=mm&r=g","contentUrl":"https:\/\/secure.gravatar.com\/avatar\/ccc17943b9d660506c869530f897617f7cb1c21a4bf30023f252596d83e1f007?s=96&d=mm&r=g","caption":"admin"},"sameAs":["https:\/\/kibrisdakik.com"],"url":"https:\/\/kibrisdakik.com\/?author=1"}]}},"_links":{"self":[{"href":"https:\/\/kibrisdakik.com\/index.php?rest_route=\/wp\/v2\/posts\/73505","targetHints":{"allow":["GET"]}}],"collection":[{"href":"https:\/\/kibrisdakik.com\/index.php?rest_route=\/wp\/v2\/posts"}],"about":[{"href":"https:\/\/kibrisdakik.com\/index.php?rest_route=\/wp\/v2\/types\/post"}],"author":[{"embeddable":true,"href":"https:\/\/kibrisdakik.com\/index.php?rest_route=\/wp\/v2\/users\/1"}],"replies":[{"embeddable":true,"href":"https:\/\/kibrisdakik.com\/index.php?rest_route=%2Fwp%2Fv2%2Fcomments&post=73505"}],"version-history":[{"count":0,"href":"https:\/\/kibrisdakik.com\/index.php?rest_route=\/wp\/v2\/posts\/73505\/revisions"}],"wp:featuredmedia":[{"embeddable":true,"href":"https:\/\/kibrisdakik.com\/index.php?rest_route=\/wp\/v2\/media\/73506"}],"wp:attachment":[{"href":"https:\/\/kibrisdakik.com\/index.php?rest_route=%2Fwp%2Fv2%2Fmedia&parent=73505"}],"wp:term":[{"taxonomy":"category","embeddable":true,"href":"https:\/\/kibrisdakik.com\/index.php?rest_route=%2Fwp%2Fv2%2Fcategories&post=73505"},{"taxonomy":"post_tag","embeddable":true,"href":"https:\/\/kibrisdakik.com\/index.php?rest_route=%2Fwp%2Fv2%2Ftags&post=73505"}],"curies":[{"name":"wp","href":"https:\/\/api.w.org\/{rel}","templated":true}]}}