{"id":73538,"date":"2025-01-14T11:49:56","date_gmt":"2025-01-14T08:49:56","guid":{"rendered":"https:\/\/kibrisdakik.com\/index.php\/2025\/01\/14\/kibris-turk-izcilik-federasyonuizci-genclerle-birlikte-kurucu-cumhurbaskani-denktasin-olum-yildonumu-dolayisiyla-kabri-basinda-mesaleli-anma-toreni-gerceklestirdi\/"},"modified":"2025-01-14T11:49:56","modified_gmt":"2025-01-14T08:49:56","slug":"kibris-turk-izcilik-federasyonuizci-genclerle-birlikte-kurucu-cumhurbaskani-denktasin-olum-yildonumu-dolayisiyla-kabri-basinda-mesaleli-anma-toreni-gerceklestirdi","status":"publish","type":"post","link":"https:\/\/kibrisdakik.com\/?p=73538","title":{"rendered":"K\u0131br\u0131s T\u00fcrk \u0130zcilik Federasyonu,izci gen\u00e7lerle birlikte Kurucu Cumhurba\u015fkan\u0131 Denkta\u015f\u2019\u0131n \u00f6l\u00fcm y\u0131ld\u00f6n\u00fcm\u00fc dolay\u0131s\u0131yla kabri ba\u015f\u0131nda me\u015faleli anma t\u00f6reni ger\u00e7ekle\u015ftirdi"},"content":{"rendered":"<div>\n<div class=\"mariselle-image-container center\">\n                                            <\/div>\n<p>Ba\u015fbakan Yard\u0131mc\u0131l\u0131\u011f\u0131 Turizm K\u00fclt\u00fcr Gen\u00e7lik ve \u00c7evre Bakanl\u0131\u011f\u0131na ba\u011fl\u0131 Gen\u00e7lik Dairesi M\u00fcd\u00fcr\u00fc H\u00fcseyin Ozano\u011flu, daireye ba\u011fl\u0131 K\u0131br\u0131s T\u00fcrk \u0130zcilik Federasyonu Ba\u015fkan\u0131 Hakan \u0130nce ve izci gen\u00e7lerle birlikte Kurucu Cumhurba\u015fkan\u0131 Rauf Raif Denkta\u015f\u2019\u0131n \u00f6l\u00fcm y\u0131ld\u00f6n\u00fcm\u00fc dolay\u0131s\u0131yla d\u00fcn ak\u015fam kabri ba\u015f\u0131nda me\u015faleli anma t\u00f6reni ger\u00e7ekle\u015ftirdi. <\/p>\n<p>Me\u015falelerle Denkta\u015f\u2019\u0131n kabri ba\u015f\u0131na y\u00fcr\u00fcy\u00fc\u015f ger\u00e7ekle\u015ftiren heyet, sayg\u0131 duru\u015funun ard\u0131ndan mozoleye \u00e7elenk b\u0131rak\u0131ld\u0131.  <\/p>\n<p>Gen\u00e7lik Dairesi M\u00fcd\u00fcr\u00fc H\u00fcseyin Ozano\u011flu, K\u0131br\u0131s T\u00fcrk Toplumunun varolu\u015f m\u00fccadelesi i\u00e7in rol oynayan isimlerin ba\u015f\u0131nda Kurucu Cumhurba\u015fkan\u0131 Denkta\u015f\u2019\u0131n da geldi\u011fini ifade ederek \u00f6l\u00fcm y\u0131ld\u00f6n\u00fcm\u00fcnde gen\u00e7 izcilerle anma t\u00f6reni ger\u00e7ekle\u015ftirdiklerini kaydetti. <\/p>\n<p>Ozano\u011flu, bizlere miras b\u0131rak\u0131lan Cumhuriyetimizi daha ileriye g\u00f6t\u00fcrmek i\u00e7in \u00e7al\u0131\u015ft\u0131klar\u0131n\u0131 gen\u00e7lerin ise kurulan Cumhuriyetin garantisi olduklar\u0131n\u0131 belirtti.<\/p>\n<\/p><\/div>\n<p><script async\n                    defer\n                    crossorigin=\"anonymous\"\n                    src=\"https:\/\/connect.facebook.net\/tr_TR\/sdk.js#xfbml=1&#038;version=v3.3\"\n            ><\/script><\/p>\n","protected":false},"excerpt":{"rendered":"<p>Ba\u015fbakan Yard\u0131mc\u0131l\u0131\u011f\u0131 Turizm K\u00fclt\u00fcr Gen\u00e7lik ve \u00c7evre Bakanl\u0131\u011f\u0131na ba\u011fl\u0131 Gen\u00e7lik Dairesi M\u00fcd\u00fcr\u00fc H\u00fcseyin Ozano\u011flu, daireye ba\u011fl\u0131 K\u0131br\u0131s T\u00fcrk \u0130zcilik Federasyonu Ba\u015fkan\u0131 Hakan \u0130nce ve izci gen\u00e7lerle birlikte Kurucu Cumhurba\u015fkan\u0131 Rauf Raif Denkta\u015f\u2019\u0131n \u00f6l\u00fcm y\u0131ld\u00f6n\u00fcm\u00fc dolay\u0131s\u0131yla d\u00fcn ak\u015fam kabri ba\u015f\u0131nda me\u015faleli anma t\u00f6reni ger\u00e7ekle\u015ftirdi. Me\u015falelerle Denkta\u015f\u2019\u0131n kabri ba\u015f\u0131na y\u00fcr\u00fcy\u00fc\u015f ger\u00e7ekle\u015ftiren heyet, sayg\u0131 duru\u015funun ard\u0131ndan mozoleye \u00e7elenk<\/p>\n","protected":false},"author":1,"featured_media":73539,"comment_status":"open","ping_status":"open","sticky":false,"template":"","format":"standard","meta":{"footnotes":""},"categories":[81,101],"tags":[],"class_list":["post-73538","post","type-post","status-publish","format-standard","has-post-thumbnail","hentry","category-kibris","category-manset"],"yoast_head":"<!-- This site is optimized with the Yoast SEO plugin v27.5 - https:\/\/yoast.com\/product\/yoast-seo-wordpress\/ -->\n<title>K\u0131br\u0131s T\u00fcrk \u0130zcilik Federasyonu,izci gen\u00e7lerle birlikte Kurucu Cumhurba\u015fkan\u0131 Denkta\u015f\u2019\u0131n \u00f6l\u00fcm y\u0131ld\u00f6n\u00fcm\u00fc dolay\u0131s\u0131yla kabri ba\u015f\u0131nda me\u015faleli anma t\u00f6reni ger\u00e7ekle\u015ftirdi -<\/title>\n<meta name=\"robots\" content=\"index, follow, max-snippet:-1, max-image-preview:large, max-video-preview:-1\" \/>\n<link rel=\"canonical\" href=\"https:\/\/kibrisdakik.com\/?p=73538\" \/>\n<meta property=\"og:locale\" content=\"tr_TR\" \/>\n<meta property=\"og:type\" content=\"article\" \/>\n<meta property=\"og:title\" content=\"K\u0131br\u0131s T\u00fcrk \u0130zcilik Federasyonu,izci gen\u00e7lerle birlikte Kurucu Cumhurba\u015fkan\u0131 Denkta\u015f\u2019\u0131n \u00f6l\u00fcm y\u0131ld\u00f6n\u00fcm\u00fc dolay\u0131s\u0131yla kabri ba\u015f\u0131nda me\u015faleli anma t\u00f6reni ger\u00e7ekle\u015ftirdi -\" \/>\n<meta property=\"og:description\" content=\"Ba\u015fbakan Yard\u0131mc\u0131l\u0131\u011f\u0131 Turizm K\u00fclt\u00fcr Gen\u00e7lik ve \u00c7evre Bakanl\u0131\u011f\u0131na ba\u011fl\u0131 Gen\u00e7lik Dairesi M\u00fcd\u00fcr\u00fc H\u00fcseyin Ozano\u011flu, daireye ba\u011fl\u0131 K\u0131br\u0131s T\u00fcrk \u0130zcilik Federasyonu Ba\u015fkan\u0131 Hakan \u0130nce ve izci gen\u00e7lerle birlikte Kurucu Cumhurba\u015fkan\u0131 Rauf Raif Denkta\u015f\u2019\u0131n \u00f6l\u00fcm y\u0131ld\u00f6n\u00fcm\u00fc dolay\u0131s\u0131yla d\u00fcn ak\u015fam kabri ba\u015f\u0131nda me\u015faleli anma t\u00f6reni ger\u00e7ekle\u015ftirdi. Me\u015falelerle Denkta\u015f\u2019\u0131n kabri ba\u015f\u0131na y\u00fcr\u00fcy\u00fc\u015f ger\u00e7ekle\u015ftiren heyet, sayg\u0131 duru\u015funun ard\u0131ndan mozoleye \u00e7elenk\" \/>\n<meta property=\"og:url\" content=\"https:\/\/kibrisdakik.com\/?p=73538\" \/>\n<meta property=\"article:published_time\" content=\"2025-01-14T08:49:56+00:00\" \/>\n<meta property=\"og:image\" content=\"https:\/\/kibrisdakik.com\/wp-content\/uploads\/2025\/01\/IMG_2853mmmmmmmmmmmmmmmmm-scaled-740x420.jpeg\" \/>\n\t<meta property=\"og:image:width\" content=\"2560\" \/>\n\t<meta property=\"og:image:height\" content=\"1170\" \/>\n\t<meta property=\"og:image:type\" content=\"image\/jpeg\" \/>\n<meta name=\"author\" content=\"admin\" \/>\n<meta name=\"twitter:card\" content=\"summary_large_image\" \/>\n<meta name=\"twitter:label1\" content=\"Yazan:\" \/>\n\t<meta name=\"twitter:data1\" content=\"admin\" \/>\n\t<meta name=\"twitter:label2\" content=\"Tahmini okuma s\u00fcresi\" \/>\n\t<meta name=\"twitter:data2\" content=\"1 dakika\" \/>\n<script type=\"application\/ld+json\" class=\"yoast-schema-graph\">{\"@context\":\"https:\\\/\\\/schema.org\",\"@graph\":[{\"@type\":\"Article\",\"@id\":\"https:\\\/\\\/kibrisdakik.com\\\/?p=73538#article\",\"isPartOf\":{\"@id\":\"https:\\\/\\\/kibrisdakik.com\\\/?p=73538\"},\"author\":{\"name\":\"admin\",\"@id\":\"https:\\\/\\\/kibrisdakik.com\\\/#\\\/schema\\\/person\\\/9cd9d437bbb44f72b73ba127e06d8e79\"},\"headline\":\"K\u0131br\u0131s T\u00fcrk \u0130zcilik Federasyonu,izci gen\u00e7lerle birlikte Kurucu Cumhurba\u015fkan\u0131 Denkta\u015f\u2019\u0131n \u00f6l\u00fcm y\u0131ld\u00f6n\u00fcm\u00fc dolay\u0131s\u0131yla kabri ba\u015f\u0131nda me\u015faleli anma t\u00f6reni ger\u00e7ekle\u015ftirdi\",\"datePublished\":\"2025-01-14T08:49:56+00:00\",\"mainEntityOfPage\":{\"@id\":\"https:\\\/\\\/kibrisdakik.com\\\/?p=73538\"},\"wordCount\":217,\"commentCount\":0,\"image\":{\"@id\":\"https:\\\/\\\/kibrisdakik.com\\\/?p=73538#primaryimage\"},\"thumbnailUrl\":\"https:\\\/\\\/kibrisdakik.com\\\/wp-content\\\/uploads\\\/2025\\\/01\\\/IMG_2853mmmmmmmmmmmmmmmmm-scaled-740x420.jpeg\",\"articleSection\":[\"K\u0131br\u0131s\",\"Man\u015fet\"],\"inLanguage\":\"tr\",\"potentialAction\":[{\"@type\":\"CommentAction\",\"name\":\"Comment\",\"target\":[\"https:\\\/\\\/kibrisdakik.com\\\/?p=73538#respond\"]}]},{\"@type\":\"WebPage\",\"@id\":\"https:\\\/\\\/kibrisdakik.com\\\/?p=73538\",\"url\":\"https:\\\/\\\/kibrisdakik.com\\\/?p=73538\",\"name\":\"K\u0131br\u0131s T\u00fcrk \u0130zcilik Federasyonu,izci gen\u00e7lerle birlikte Kurucu Cumhurba\u015fkan\u0131 Denkta\u015f\u2019\u0131n \u00f6l\u00fcm y\u0131ld\u00f6n\u00fcm\u00fc dolay\u0131s\u0131yla kabri ba\u015f\u0131nda me\u015faleli anma t\u00f6reni ger\u00e7ekle\u015ftirdi -\",\"isPartOf\":{\"@id\":\"https:\\\/\\\/kibrisdakik.com\\\/#website\"},\"primaryImageOfPage\":{\"@id\":\"https:\\\/\\\/kibrisdakik.com\\\/?p=73538#primaryimage\"},\"image\":{\"@id\":\"https:\\\/\\\/kibrisdakik.com\\\/?p=73538#primaryimage\"},\"thumbnailUrl\":\"https:\\\/\\\/kibrisdakik.com\\\/wp-content\\\/uploads\\\/2025\\\/01\\\/IMG_2853mmmmmmmmmmmmmmmmm-scaled-740x420.jpeg\",\"datePublished\":\"2025-01-14T08:49:56+00:00\",\"author\":{\"@id\":\"https:\\\/\\\/kibrisdakik.com\\\/#\\\/schema\\\/person\\\/9cd9d437bbb44f72b73ba127e06d8e79\"},\"breadcrumb\":{\"@id\":\"https:\\\/\\\/kibrisdakik.com\\\/?p=73538#breadcrumb\"},\"inLanguage\":\"tr\",\"potentialAction\":[{\"@type\":\"ReadAction\",\"target\":[\"https:\\\/\\\/kibrisdakik.com\\\/?p=73538\"]}]},{\"@type\":\"ImageObject\",\"inLanguage\":\"tr\",\"@id\":\"https:\\\/\\\/kibrisdakik.com\\\/?p=73538#primaryimage\",\"url\":\"https:\\\/\\\/kibrisdakik.com\\\/wp-content\\\/uploads\\\/2025\\\/01\\\/IMG_2853mmmmmmmmmmmmmmmmm-scaled-740x420.jpeg\",\"contentUrl\":\"https:\\\/\\\/kibrisdakik.com\\\/wp-content\\\/uploads\\\/2025\\\/01\\\/IMG_2853mmmmmmmmmmmmmmmmm-scaled-740x420.jpeg\",\"width\":2560,\"height\":1170},{\"@type\":\"BreadcrumbList\",\"@id\":\"https:\\\/\\\/kibrisdakik.com\\\/?p=73538#breadcrumb\",\"itemListElement\":[{\"@type\":\"ListItem\",\"position\":1,\"name\":\"Home\",\"item\":\"https:\\\/\\\/kibrisdakik.com\\\/\"},{\"@type\":\"ListItem\",\"position\":2,\"name\":\"K\u0131br\u0131s T\u00fcrk \u0130zcilik Federasyonu,izci gen\u00e7lerle birlikte Kurucu Cumhurba\u015fkan\u0131 Denkta\u015f\u2019\u0131n \u00f6l\u00fcm y\u0131ld\u00f6n\u00fcm\u00fc dolay\u0131s\u0131yla kabri ba\u015f\u0131nda me\u015faleli anma t\u00f6reni ger\u00e7ekle\u015ftirdi\"}]},{\"@type\":\"WebSite\",\"@id\":\"https:\\\/\\\/kibrisdakik.com\\\/#website\",\"url\":\"https:\\\/\\\/kibrisdakik.com\\\/\",\"name\":\"\",\"description\":\"Tam vaktinde haber\",\"potentialAction\":[{\"@type\":\"SearchAction\",\"target\":{\"@type\":\"EntryPoint\",\"urlTemplate\":\"https:\\\/\\\/kibrisdakik.com\\\/?s={search_term_string}\"},\"query-input\":{\"@type\":\"PropertyValueSpecification\",\"valueRequired\":true,\"valueName\":\"search_term_string\"}}],\"inLanguage\":\"tr\"},{\"@type\":\"Person\",\"@id\":\"https:\\\/\\\/kibrisdakik.com\\\/#\\\/schema\\\/person\\\/9cd9d437bbb44f72b73ba127e06d8e79\",\"name\":\"admin\",\"image\":{\"@type\":\"ImageObject\",\"inLanguage\":\"tr\",\"@id\":\"https:\\\/\\\/secure.gravatar.com\\\/avatar\\\/ccc17943b9d660506c869530f897617f7cb1c21a4bf30023f252596d83e1f007?s=96&d=mm&r=g\",\"url\":\"https:\\\/\\\/secure.gravatar.com\\\/avatar\\\/ccc17943b9d660506c869530f897617f7cb1c21a4bf30023f252596d83e1f007?s=96&d=mm&r=g\",\"contentUrl\":\"https:\\\/\\\/secure.gravatar.com\\\/avatar\\\/ccc17943b9d660506c869530f897617f7cb1c21a4bf30023f252596d83e1f007?s=96&d=mm&r=g\",\"caption\":\"admin\"},\"sameAs\":[\"https:\\\/\\\/kibrisdakik.com\"],\"url\":\"https:\\\/\\\/kibrisdakik.com\\\/?author=1\"}]}<\/script>\n<!-- \/ Yoast SEO plugin. -->","yoast_head_json":{"title":"K\u0131br\u0131s T\u00fcrk \u0130zcilik Federasyonu,izci gen\u00e7lerle birlikte Kurucu Cumhurba\u015fkan\u0131 Denkta\u015f\u2019\u0131n \u00f6l\u00fcm y\u0131ld\u00f6n\u00fcm\u00fc dolay\u0131s\u0131yla kabri ba\u015f\u0131nda me\u015faleli anma t\u00f6reni ger\u00e7ekle\u015ftirdi -","robots":{"index":"index","follow":"follow","max-snippet":"max-snippet:-1","max-image-preview":"max-image-preview:large","max-video-preview":"max-video-preview:-1"},"canonical":"https:\/\/kibrisdakik.com\/?p=73538","og_locale":"tr_TR","og_type":"article","og_title":"K\u0131br\u0131s T\u00fcrk \u0130zcilik Federasyonu,izci gen\u00e7lerle birlikte Kurucu Cumhurba\u015fkan\u0131 Denkta\u015f\u2019\u0131n \u00f6l\u00fcm y\u0131ld\u00f6n\u00fcm\u00fc dolay\u0131s\u0131yla kabri ba\u015f\u0131nda me\u015faleli anma t\u00f6reni ger\u00e7ekle\u015ftirdi -","og_description":"Ba\u015fbakan Yard\u0131mc\u0131l\u0131\u011f\u0131 Turizm K\u00fclt\u00fcr Gen\u00e7lik ve \u00c7evre Bakanl\u0131\u011f\u0131na ba\u011fl\u0131 Gen\u00e7lik Dairesi M\u00fcd\u00fcr\u00fc H\u00fcseyin Ozano\u011flu, daireye ba\u011fl\u0131 K\u0131br\u0131s T\u00fcrk \u0130zcilik Federasyonu Ba\u015fkan\u0131 Hakan \u0130nce ve izci gen\u00e7lerle birlikte Kurucu Cumhurba\u015fkan\u0131 Rauf Raif Denkta\u015f\u2019\u0131n \u00f6l\u00fcm y\u0131ld\u00f6n\u00fcm\u00fc dolay\u0131s\u0131yla d\u00fcn ak\u015fam kabri ba\u015f\u0131nda me\u015faleli anma t\u00f6reni ger\u00e7ekle\u015ftirdi. Me\u015falelerle Denkta\u015f\u2019\u0131n kabri ba\u015f\u0131na y\u00fcr\u00fcy\u00fc\u015f ger\u00e7ekle\u015ftiren heyet, sayg\u0131 duru\u015funun ard\u0131ndan mozoleye \u00e7elenk","og_url":"https:\/\/kibrisdakik.com\/?p=73538","article_published_time":"2025-01-14T08:49:56+00:00","og_image":[{"width":2560,"height":1170,"url":"https:\/\/kibrisdakik.com\/wp-content\/uploads\/2025\/01\/IMG_2853mmmmmmmmmmmmmmmmm-scaled-740x420.jpeg","type":"image\/jpeg"}],"author":"admin","twitter_card":"summary_large_image","twitter_misc":{"Yazan:":"admin","Tahmini okuma s\u00fcresi":"1 dakika"},"schema":{"@context":"https:\/\/schema.org","@graph":[{"@type":"Article","@id":"https:\/\/kibrisdakik.com\/?p=73538#article","isPartOf":{"@id":"https:\/\/kibrisdakik.com\/?p=73538"},"author":{"name":"admin","@id":"https:\/\/kibrisdakik.com\/#\/schema\/person\/9cd9d437bbb44f72b73ba127e06d8e79"},"headline":"K\u0131br\u0131s T\u00fcrk \u0130zcilik Federasyonu,izci gen\u00e7lerle birlikte Kurucu Cumhurba\u015fkan\u0131 Denkta\u015f\u2019\u0131n \u00f6l\u00fcm y\u0131ld\u00f6n\u00fcm\u00fc dolay\u0131s\u0131yla kabri ba\u015f\u0131nda me\u015faleli anma t\u00f6reni ger\u00e7ekle\u015ftirdi","datePublished":"2025-01-14T08:49:56+00:00","mainEntityOfPage":{"@id":"https:\/\/kibrisdakik.com\/?p=73538"},"wordCount":217,"commentCount":0,"image":{"@id":"https:\/\/kibrisdakik.com\/?p=73538#primaryimage"},"thumbnailUrl":"https:\/\/kibrisdakik.com\/wp-content\/uploads\/2025\/01\/IMG_2853mmmmmmmmmmmmmmmmm-scaled-740x420.jpeg","articleSection":["K\u0131br\u0131s","Man\u015fet"],"inLanguage":"tr","potentialAction":[{"@type":"CommentAction","name":"Comment","target":["https:\/\/kibrisdakik.com\/?p=73538#respond"]}]},{"@type":"WebPage","@id":"https:\/\/kibrisdakik.com\/?p=73538","url":"https:\/\/kibrisdakik.com\/?p=73538","name":"K\u0131br\u0131s T\u00fcrk \u0130zcilik Federasyonu,izci gen\u00e7lerle birlikte Kurucu Cumhurba\u015fkan\u0131 Denkta\u015f\u2019\u0131n \u00f6l\u00fcm y\u0131ld\u00f6n\u00fcm\u00fc dolay\u0131s\u0131yla kabri ba\u015f\u0131nda me\u015faleli anma t\u00f6reni ger\u00e7ekle\u015ftirdi -","isPartOf":{"@id":"https:\/\/kibrisdakik.com\/#website"},"primaryImageOfPage":{"@id":"https:\/\/kibrisdakik.com\/?p=73538#primaryimage"},"image":{"@id":"https:\/\/kibrisdakik.com\/?p=73538#primaryimage"},"thumbnailUrl":"https:\/\/kibrisdakik.com\/wp-content\/uploads\/2025\/01\/IMG_2853mmmmmmmmmmmmmmmmm-scaled-740x420.jpeg","datePublished":"2025-01-14T08:49:56+00:00","author":{"@id":"https:\/\/kibrisdakik.com\/#\/schema\/person\/9cd9d437bbb44f72b73ba127e06d8e79"},"breadcrumb":{"@id":"https:\/\/kibrisdakik.com\/?p=73538#breadcrumb"},"inLanguage":"tr","potentialAction":[{"@type":"ReadAction","target":["https:\/\/kibrisdakik.com\/?p=73538"]}]},{"@type":"ImageObject","inLanguage":"tr","@id":"https:\/\/kibrisdakik.com\/?p=73538#primaryimage","url":"https:\/\/kibrisdakik.com\/wp-content\/uploads\/2025\/01\/IMG_2853mmmmmmmmmmmmmmmmm-scaled-740x420.jpeg","contentUrl":"https:\/\/kibrisdakik.com\/wp-content\/uploads\/2025\/01\/IMG_2853mmmmmmmmmmmmmmmmm-scaled-740x420.jpeg","width":2560,"height":1170},{"@type":"BreadcrumbList","@id":"https:\/\/kibrisdakik.com\/?p=73538#breadcrumb","itemListElement":[{"@type":"ListItem","position":1,"name":"Home","item":"https:\/\/kibrisdakik.com\/"},{"@type":"ListItem","position":2,"name":"K\u0131br\u0131s T\u00fcrk \u0130zcilik Federasyonu,izci gen\u00e7lerle birlikte Kurucu Cumhurba\u015fkan\u0131 Denkta\u015f\u2019\u0131n \u00f6l\u00fcm y\u0131ld\u00f6n\u00fcm\u00fc dolay\u0131s\u0131yla kabri ba\u015f\u0131nda me\u015faleli anma t\u00f6reni ger\u00e7ekle\u015ftirdi"}]},{"@type":"WebSite","@id":"https:\/\/kibrisdakik.com\/#website","url":"https:\/\/kibrisdakik.com\/","name":"","description":"Tam vaktinde haber","potentialAction":[{"@type":"SearchAction","target":{"@type":"EntryPoint","urlTemplate":"https:\/\/kibrisdakik.com\/?s={search_term_string}"},"query-input":{"@type":"PropertyValueSpecification","valueRequired":true,"valueName":"search_term_string"}}],"inLanguage":"tr"},{"@type":"Person","@id":"https:\/\/kibrisdakik.com\/#\/schema\/person\/9cd9d437bbb44f72b73ba127e06d8e79","name":"admin","image":{"@type":"ImageObject","inLanguage":"tr","@id":"https:\/\/secure.gravatar.com\/avatar\/ccc17943b9d660506c869530f897617f7cb1c21a4bf30023f252596d83e1f007?s=96&d=mm&r=g","url":"https:\/\/secure.gravatar.com\/avatar\/ccc17943b9d660506c869530f897617f7cb1c21a4bf30023f252596d83e1f007?s=96&d=mm&r=g","contentUrl":"https:\/\/secure.gravatar.com\/avatar\/ccc17943b9d660506c869530f897617f7cb1c21a4bf30023f252596d83e1f007?s=96&d=mm&r=g","caption":"admin"},"sameAs":["https:\/\/kibrisdakik.com"],"url":"https:\/\/kibrisdakik.com\/?author=1"}]}},"_links":{"self":[{"href":"https:\/\/kibrisdakik.com\/index.php?rest_route=\/wp\/v2\/posts\/73538","targetHints":{"allow":["GET"]}}],"collection":[{"href":"https:\/\/kibrisdakik.com\/index.php?rest_route=\/wp\/v2\/posts"}],"about":[{"href":"https:\/\/kibrisdakik.com\/index.php?rest_route=\/wp\/v2\/types\/post"}],"author":[{"embeddable":true,"href":"https:\/\/kibrisdakik.com\/index.php?rest_route=\/wp\/v2\/users\/1"}],"replies":[{"embeddable":true,"href":"https:\/\/kibrisdakik.com\/index.php?rest_route=%2Fwp%2Fv2%2Fcomments&post=73538"}],"version-history":[{"count":0,"href":"https:\/\/kibrisdakik.com\/index.php?rest_route=\/wp\/v2\/posts\/73538\/revisions"}],"wp:featuredmedia":[{"embeddable":true,"href":"https:\/\/kibrisdakik.com\/index.php?rest_route=\/wp\/v2\/media\/73539"}],"wp:attachment":[{"href":"https:\/\/kibrisdakik.com\/index.php?rest_route=%2Fwp%2Fv2%2Fmedia&parent=73538"}],"wp:term":[{"taxonomy":"category","embeddable":true,"href":"https:\/\/kibrisdakik.com\/index.php?rest_route=%2Fwp%2Fv2%2Fcategories&post=73538"},{"taxonomy":"post_tag","embeddable":true,"href":"https:\/\/kibrisdakik.com\/index.php?rest_route=%2Fwp%2Fv2%2Ftags&post=73538"}],"curies":[{"name":"wp","href":"https:\/\/api.w.org\/{rel}","templated":true}]}}