{"id":73551,"date":"2025-01-14T14:54:15","date_gmt":"2025-01-14T11:54:15","guid":{"rendered":"https:\/\/kibrisdakik.com\/index.php\/2025\/01\/14\/hasan-kucuk-dr-fazil-kucukun-mirasi-bugun-de-yasatiliyor\/"},"modified":"2025-01-14T14:54:15","modified_gmt":"2025-01-14T11:54:15","slug":"hasan-kucuk-dr-fazil-kucukun-mirasi-bugun-de-yasatiliyor","status":"publish","type":"post","link":"https:\/\/kibrisdakik.com\/?p=73551","title":{"rendered":"Hasan K\u00fc\u00e7\u00fck: Dr. Faz\u0131l K\u00fc\u00e7\u00fck\u2019\u00fcn miras\u0131 bug\u00fcn de ya\u015fat\u0131l\u0131yor"},"content":{"rendered":"<div>\n<div class=\"mariselle-image-container none\">\n                                            <\/div>\n<p style=\"font-weight: 300;\"><span style=\"font-weight: 300 !important;\">Ulusal Birlik Partisi (UBP) Girne Milletvekili Hasan K\u00fc\u00e7\u00fck, K\u0131br\u0131s T\u00fcrk halk\u0131n\u0131n varolu\u015f m\u00fccadelesi liderlerinden Dr. Faz\u0131l K\u00fc\u00e7\u00fck\u2019\u00fcn miras\u0131n\u0131n bug\u00fcn de ya\u015fat\u0131ld\u0131\u011f\u0131n\u0131 vurgulad\u0131.<\/span><\/p>\n<p style=\"font-weight: 300;\"><span style=\"font-weight: 300 !important;\">Dr. Faz\u0131l K\u00fc\u00e7\u00fck\u2019\u00fcn 41\u2019inci \u00f6l\u00fcm y\u0131l d\u00f6n\u00fcm\u00fc nedeniyle mesaj yay\u0131nlayan Hasan K\u00fc\u00e7\u00fck, O\u2019nun K\u0131br\u0131s T\u00fcrk halk\u0131na yapt\u0131\u011f\u0131 katk\u0131lar\u0131 ve liderlik vas\u0131flar\u0131n\u0131 vurgulad\u0131.<\/span><\/p>\n<p style=\"font-weight: 300;\"><span style=\"font-weight: 300 !important;\">Dr. Faz\u0131l K\u00fc\u00e7\u00fck\u2019\u00fcn K\u0131br\u0131s T\u00fcrk halk\u0131n\u0131n haklar\u0131n\u0131 savunma konusundaki kararl\u0131l\u0131\u011f\u0131n\u0131 ve m\u00fccadelesini hat\u0131rlatan Hasan K\u00fc\u00e7\u00fck, mesaj\u0131nda \u015fu ifadelere yer verdi:<\/span><\/p>\n<p style=\"font-weight: 300;\"><span style=\"font-weight: 300 !important;\">\u201cDr. Faz\u0131l K\u00fc\u00e7\u00fck, K\u0131br\u0131s T\u00fcrk halk\u0131n\u0131n ba\u011f\u0131ms\u0131zl\u0131k m\u00fccadelesinde \u00f6nemli bir rol oynayan ve halk\u0131m\u0131z\u0131n haklar\u0131n\u0131 savunmada \u00f6nc\u00fcl\u00fck eden bir liderdir. O\u2019nun m\u00fccadelesi ve b\u0131rakt\u0131\u011f\u0131 miras, bug\u00fcn de halk\u0131m\u0131z taraf\u0131ndan ya\u015fat\u0131lmakta ve gelecek nesillere ilham vermektedir.\u201d<\/span><\/p>\n<p>TAK\/BRT<\/p>\n<\/p><\/div>\n<p><script async\n                    defer\n                    crossorigin=\"anonymous\"\n                    src=\"https:\/\/connect.facebook.net\/tr_TR\/sdk.js#xfbml=1&#038;version=v3.3\"\n            ><\/script><\/p>\n","protected":false},"excerpt":{"rendered":"<p>Ulusal Birlik Partisi (UBP) Girne Milletvekili Hasan K\u00fc\u00e7\u00fck, K\u0131br\u0131s T\u00fcrk halk\u0131n\u0131n varolu\u015f m\u00fccadelesi liderlerinden Dr. Faz\u0131l K\u00fc\u00e7\u00fck\u2019\u00fcn miras\u0131n\u0131n bug\u00fcn de ya\u015fat\u0131ld\u0131\u011f\u0131n\u0131 vurgulad\u0131. Dr. Faz\u0131l K\u00fc\u00e7\u00fck\u2019\u00fcn 41\u2019inci \u00f6l\u00fcm y\u0131l d\u00f6n\u00fcm\u00fc nedeniyle mesaj yay\u0131nlayan Hasan K\u00fc\u00e7\u00fck, O\u2019nun K\u0131br\u0131s T\u00fcrk halk\u0131na yapt\u0131\u011f\u0131 katk\u0131lar\u0131 ve liderlik vas\u0131flar\u0131n\u0131 vurgulad\u0131. Dr. Faz\u0131l K\u00fc\u00e7\u00fck\u2019\u00fcn K\u0131br\u0131s T\u00fcrk halk\u0131n\u0131n haklar\u0131n\u0131 savunma konusundaki kararl\u0131l\u0131\u011f\u0131n\u0131 ve<\/p>\n","protected":false},"author":1,"featured_media":73552,"comment_status":"open","ping_status":"open","sticky":false,"template":"","format":"standard","meta":{"footnotes":""},"categories":[81,101],"tags":[],"class_list":["post-73551","post","type-post","status-publish","format-standard","has-post-thumbnail","hentry","category-kibris","category-manset"],"yoast_head":"<!-- This site is optimized with the Yoast SEO plugin v27.5 - https:\/\/yoast.com\/product\/yoast-seo-wordpress\/ -->\n<title>Hasan K\u00fc\u00e7\u00fck: Dr. Faz\u0131l K\u00fc\u00e7\u00fck\u2019\u00fcn miras\u0131 bug\u00fcn de ya\u015fat\u0131l\u0131yor -<\/title>\n<meta name=\"robots\" content=\"index, follow, max-snippet:-1, max-image-preview:large, max-video-preview:-1\" \/>\n<link rel=\"canonical\" href=\"https:\/\/kibrisdakik.com\/?p=73551\" \/>\n<meta property=\"og:locale\" content=\"tr_TR\" \/>\n<meta property=\"og:type\" content=\"article\" \/>\n<meta property=\"og:title\" content=\"Hasan K\u00fc\u00e7\u00fck: Dr. Faz\u0131l K\u00fc\u00e7\u00fck\u2019\u00fcn miras\u0131 bug\u00fcn de ya\u015fat\u0131l\u0131yor -\" \/>\n<meta property=\"og:description\" content=\"Ulusal Birlik Partisi (UBP) Girne Milletvekili Hasan K\u00fc\u00e7\u00fck, K\u0131br\u0131s T\u00fcrk halk\u0131n\u0131n varolu\u015f m\u00fccadelesi liderlerinden Dr. Faz\u0131l K\u00fc\u00e7\u00fck\u2019\u00fcn miras\u0131n\u0131n bug\u00fcn de ya\u015fat\u0131ld\u0131\u011f\u0131n\u0131 vurgulad\u0131. Dr. Faz\u0131l K\u00fc\u00e7\u00fck\u2019\u00fcn 41\u2019inci \u00f6l\u00fcm y\u0131l d\u00f6n\u00fcm\u00fc nedeniyle mesaj yay\u0131nlayan Hasan K\u00fc\u00e7\u00fck, O\u2019nun K\u0131br\u0131s T\u00fcrk halk\u0131na yapt\u0131\u011f\u0131 katk\u0131lar\u0131 ve liderlik vas\u0131flar\u0131n\u0131 vurgulad\u0131. Dr. Faz\u0131l K\u00fc\u00e7\u00fck\u2019\u00fcn K\u0131br\u0131s T\u00fcrk halk\u0131n\u0131n haklar\u0131n\u0131 savunma konusundaki kararl\u0131l\u0131\u011f\u0131n\u0131 ve\" \/>\n<meta property=\"og:url\" content=\"https:\/\/kibrisdakik.com\/?p=73551\" \/>\n<meta property=\"article:published_time\" content=\"2025-01-14T11:54:15+00:00\" \/>\n<meta property=\"og:image\" content=\"https:\/\/kibrisdakik.com\/wp-content\/uploads\/2025\/01\/hasan-kucuk1-740x420.jpg\" \/>\n\t<meta property=\"og:image:width\" content=\"929\" \/>\n\t<meta property=\"og:image:height\" content=\"468\" \/>\n\t<meta property=\"og:image:type\" content=\"image\/jpeg\" \/>\n<meta name=\"author\" content=\"admin\" \/>\n<meta name=\"twitter:card\" content=\"summary_large_image\" \/>\n<meta name=\"twitter:label1\" content=\"Yazan:\" \/>\n\t<meta name=\"twitter:data1\" content=\"admin\" \/>\n\t<meta name=\"twitter:label2\" content=\"Tahmini okuma s\u00fcresi\" \/>\n\t<meta name=\"twitter:data2\" content=\"1 dakika\" \/>\n<script type=\"application\/ld+json\" class=\"yoast-schema-graph\">{\"@context\":\"https:\\\/\\\/schema.org\",\"@graph\":[{\"@type\":\"Article\",\"@id\":\"https:\\\/\\\/kibrisdakik.com\\\/?p=73551#article\",\"isPartOf\":{\"@id\":\"https:\\\/\\\/kibrisdakik.com\\\/?p=73551\"},\"author\":{\"name\":\"admin\",\"@id\":\"https:\\\/\\\/kibrisdakik.com\\\/#\\\/schema\\\/person\\\/9cd9d437bbb44f72b73ba127e06d8e79\"},\"headline\":\"Hasan K\u00fc\u00e7\u00fck: Dr. Faz\u0131l K\u00fc\u00e7\u00fck\u2019\u00fcn miras\u0131 bug\u00fcn de ya\u015fat\u0131l\u0131yor\",\"datePublished\":\"2025-01-14T11:54:15+00:00\",\"mainEntityOfPage\":{\"@id\":\"https:\\\/\\\/kibrisdakik.com\\\/?p=73551\"},\"wordCount\":192,\"commentCount\":0,\"image\":{\"@id\":\"https:\\\/\\\/kibrisdakik.com\\\/?p=73551#primaryimage\"},\"thumbnailUrl\":\"https:\\\/\\\/kibrisdakik.com\\\/wp-content\\\/uploads\\\/2025\\\/01\\\/hasan-kucuk1-740x420.jpg\",\"articleSection\":[\"K\u0131br\u0131s\",\"Man\u015fet\"],\"inLanguage\":\"tr\",\"potentialAction\":[{\"@type\":\"CommentAction\",\"name\":\"Comment\",\"target\":[\"https:\\\/\\\/kibrisdakik.com\\\/?p=73551#respond\"]}]},{\"@type\":\"WebPage\",\"@id\":\"https:\\\/\\\/kibrisdakik.com\\\/?p=73551\",\"url\":\"https:\\\/\\\/kibrisdakik.com\\\/?p=73551\",\"name\":\"Hasan K\u00fc\u00e7\u00fck: Dr. Faz\u0131l K\u00fc\u00e7\u00fck\u2019\u00fcn miras\u0131 bug\u00fcn de ya\u015fat\u0131l\u0131yor -\",\"isPartOf\":{\"@id\":\"https:\\\/\\\/kibrisdakik.com\\\/#website\"},\"primaryImageOfPage\":{\"@id\":\"https:\\\/\\\/kibrisdakik.com\\\/?p=73551#primaryimage\"},\"image\":{\"@id\":\"https:\\\/\\\/kibrisdakik.com\\\/?p=73551#primaryimage\"},\"thumbnailUrl\":\"https:\\\/\\\/kibrisdakik.com\\\/wp-content\\\/uploads\\\/2025\\\/01\\\/hasan-kucuk1-740x420.jpg\",\"datePublished\":\"2025-01-14T11:54:15+00:00\",\"author\":{\"@id\":\"https:\\\/\\\/kibrisdakik.com\\\/#\\\/schema\\\/person\\\/9cd9d437bbb44f72b73ba127e06d8e79\"},\"breadcrumb\":{\"@id\":\"https:\\\/\\\/kibrisdakik.com\\\/?p=73551#breadcrumb\"},\"inLanguage\":\"tr\",\"potentialAction\":[{\"@type\":\"ReadAction\",\"target\":[\"https:\\\/\\\/kibrisdakik.com\\\/?p=73551\"]}]},{\"@type\":\"ImageObject\",\"inLanguage\":\"tr\",\"@id\":\"https:\\\/\\\/kibrisdakik.com\\\/?p=73551#primaryimage\",\"url\":\"https:\\\/\\\/kibrisdakik.com\\\/wp-content\\\/uploads\\\/2025\\\/01\\\/hasan-kucuk1-740x420.jpg\",\"contentUrl\":\"https:\\\/\\\/kibrisdakik.com\\\/wp-content\\\/uploads\\\/2025\\\/01\\\/hasan-kucuk1-740x420.jpg\",\"width\":929,\"height\":468},{\"@type\":\"BreadcrumbList\",\"@id\":\"https:\\\/\\\/kibrisdakik.com\\\/?p=73551#breadcrumb\",\"itemListElement\":[{\"@type\":\"ListItem\",\"position\":1,\"name\":\"Home\",\"item\":\"https:\\\/\\\/kibrisdakik.com\\\/\"},{\"@type\":\"ListItem\",\"position\":2,\"name\":\"Hasan K\u00fc\u00e7\u00fck: Dr. Faz\u0131l K\u00fc\u00e7\u00fck\u2019\u00fcn miras\u0131 bug\u00fcn de ya\u015fat\u0131l\u0131yor\"}]},{\"@type\":\"WebSite\",\"@id\":\"https:\\\/\\\/kibrisdakik.com\\\/#website\",\"url\":\"https:\\\/\\\/kibrisdakik.com\\\/\",\"name\":\"\",\"description\":\"Tam vaktinde haber\",\"potentialAction\":[{\"@type\":\"SearchAction\",\"target\":{\"@type\":\"EntryPoint\",\"urlTemplate\":\"https:\\\/\\\/kibrisdakik.com\\\/?s={search_term_string}\"},\"query-input\":{\"@type\":\"PropertyValueSpecification\",\"valueRequired\":true,\"valueName\":\"search_term_string\"}}],\"inLanguage\":\"tr\"},{\"@type\":\"Person\",\"@id\":\"https:\\\/\\\/kibrisdakik.com\\\/#\\\/schema\\\/person\\\/9cd9d437bbb44f72b73ba127e06d8e79\",\"name\":\"admin\",\"image\":{\"@type\":\"ImageObject\",\"inLanguage\":\"tr\",\"@id\":\"https:\\\/\\\/secure.gravatar.com\\\/avatar\\\/ccc17943b9d660506c869530f897617f7cb1c21a4bf30023f252596d83e1f007?s=96&d=mm&r=g\",\"url\":\"https:\\\/\\\/secure.gravatar.com\\\/avatar\\\/ccc17943b9d660506c869530f897617f7cb1c21a4bf30023f252596d83e1f007?s=96&d=mm&r=g\",\"contentUrl\":\"https:\\\/\\\/secure.gravatar.com\\\/avatar\\\/ccc17943b9d660506c869530f897617f7cb1c21a4bf30023f252596d83e1f007?s=96&d=mm&r=g\",\"caption\":\"admin\"},\"sameAs\":[\"https:\\\/\\\/kibrisdakik.com\"],\"url\":\"https:\\\/\\\/kibrisdakik.com\\\/?author=1\"}]}<\/script>\n<!-- \/ Yoast SEO plugin. -->","yoast_head_json":{"title":"Hasan K\u00fc\u00e7\u00fck: Dr. Faz\u0131l K\u00fc\u00e7\u00fck\u2019\u00fcn miras\u0131 bug\u00fcn de ya\u015fat\u0131l\u0131yor -","robots":{"index":"index","follow":"follow","max-snippet":"max-snippet:-1","max-image-preview":"max-image-preview:large","max-video-preview":"max-video-preview:-1"},"canonical":"https:\/\/kibrisdakik.com\/?p=73551","og_locale":"tr_TR","og_type":"article","og_title":"Hasan K\u00fc\u00e7\u00fck: Dr. Faz\u0131l K\u00fc\u00e7\u00fck\u2019\u00fcn miras\u0131 bug\u00fcn de ya\u015fat\u0131l\u0131yor -","og_description":"Ulusal Birlik Partisi (UBP) Girne Milletvekili Hasan K\u00fc\u00e7\u00fck, K\u0131br\u0131s T\u00fcrk halk\u0131n\u0131n varolu\u015f m\u00fccadelesi liderlerinden Dr. Faz\u0131l K\u00fc\u00e7\u00fck\u2019\u00fcn miras\u0131n\u0131n bug\u00fcn de ya\u015fat\u0131ld\u0131\u011f\u0131n\u0131 vurgulad\u0131. Dr. Faz\u0131l K\u00fc\u00e7\u00fck\u2019\u00fcn 41\u2019inci \u00f6l\u00fcm y\u0131l d\u00f6n\u00fcm\u00fc nedeniyle mesaj yay\u0131nlayan Hasan K\u00fc\u00e7\u00fck, O\u2019nun K\u0131br\u0131s T\u00fcrk halk\u0131na yapt\u0131\u011f\u0131 katk\u0131lar\u0131 ve liderlik vas\u0131flar\u0131n\u0131 vurgulad\u0131. Dr. Faz\u0131l K\u00fc\u00e7\u00fck\u2019\u00fcn K\u0131br\u0131s T\u00fcrk halk\u0131n\u0131n haklar\u0131n\u0131 savunma konusundaki kararl\u0131l\u0131\u011f\u0131n\u0131 ve","og_url":"https:\/\/kibrisdakik.com\/?p=73551","article_published_time":"2025-01-14T11:54:15+00:00","og_image":[{"width":929,"height":468,"url":"https:\/\/kibrisdakik.com\/wp-content\/uploads\/2025\/01\/hasan-kucuk1-740x420.jpg","type":"image\/jpeg"}],"author":"admin","twitter_card":"summary_large_image","twitter_misc":{"Yazan:":"admin","Tahmini okuma s\u00fcresi":"1 dakika"},"schema":{"@context":"https:\/\/schema.org","@graph":[{"@type":"Article","@id":"https:\/\/kibrisdakik.com\/?p=73551#article","isPartOf":{"@id":"https:\/\/kibrisdakik.com\/?p=73551"},"author":{"name":"admin","@id":"https:\/\/kibrisdakik.com\/#\/schema\/person\/9cd9d437bbb44f72b73ba127e06d8e79"},"headline":"Hasan K\u00fc\u00e7\u00fck: Dr. Faz\u0131l K\u00fc\u00e7\u00fck\u2019\u00fcn miras\u0131 bug\u00fcn de ya\u015fat\u0131l\u0131yor","datePublished":"2025-01-14T11:54:15+00:00","mainEntityOfPage":{"@id":"https:\/\/kibrisdakik.com\/?p=73551"},"wordCount":192,"commentCount":0,"image":{"@id":"https:\/\/kibrisdakik.com\/?p=73551#primaryimage"},"thumbnailUrl":"https:\/\/kibrisdakik.com\/wp-content\/uploads\/2025\/01\/hasan-kucuk1-740x420.jpg","articleSection":["K\u0131br\u0131s","Man\u015fet"],"inLanguage":"tr","potentialAction":[{"@type":"CommentAction","name":"Comment","target":["https:\/\/kibrisdakik.com\/?p=73551#respond"]}]},{"@type":"WebPage","@id":"https:\/\/kibrisdakik.com\/?p=73551","url":"https:\/\/kibrisdakik.com\/?p=73551","name":"Hasan K\u00fc\u00e7\u00fck: Dr. Faz\u0131l K\u00fc\u00e7\u00fck\u2019\u00fcn miras\u0131 bug\u00fcn de ya\u015fat\u0131l\u0131yor -","isPartOf":{"@id":"https:\/\/kibrisdakik.com\/#website"},"primaryImageOfPage":{"@id":"https:\/\/kibrisdakik.com\/?p=73551#primaryimage"},"image":{"@id":"https:\/\/kibrisdakik.com\/?p=73551#primaryimage"},"thumbnailUrl":"https:\/\/kibrisdakik.com\/wp-content\/uploads\/2025\/01\/hasan-kucuk1-740x420.jpg","datePublished":"2025-01-14T11:54:15+00:00","author":{"@id":"https:\/\/kibrisdakik.com\/#\/schema\/person\/9cd9d437bbb44f72b73ba127e06d8e79"},"breadcrumb":{"@id":"https:\/\/kibrisdakik.com\/?p=73551#breadcrumb"},"inLanguage":"tr","potentialAction":[{"@type":"ReadAction","target":["https:\/\/kibrisdakik.com\/?p=73551"]}]},{"@type":"ImageObject","inLanguage":"tr","@id":"https:\/\/kibrisdakik.com\/?p=73551#primaryimage","url":"https:\/\/kibrisdakik.com\/wp-content\/uploads\/2025\/01\/hasan-kucuk1-740x420.jpg","contentUrl":"https:\/\/kibrisdakik.com\/wp-content\/uploads\/2025\/01\/hasan-kucuk1-740x420.jpg","width":929,"height":468},{"@type":"BreadcrumbList","@id":"https:\/\/kibrisdakik.com\/?p=73551#breadcrumb","itemListElement":[{"@type":"ListItem","position":1,"name":"Home","item":"https:\/\/kibrisdakik.com\/"},{"@type":"ListItem","position":2,"name":"Hasan K\u00fc\u00e7\u00fck: Dr. Faz\u0131l K\u00fc\u00e7\u00fck\u2019\u00fcn miras\u0131 bug\u00fcn de ya\u015fat\u0131l\u0131yor"}]},{"@type":"WebSite","@id":"https:\/\/kibrisdakik.com\/#website","url":"https:\/\/kibrisdakik.com\/","name":"","description":"Tam vaktinde haber","potentialAction":[{"@type":"SearchAction","target":{"@type":"EntryPoint","urlTemplate":"https:\/\/kibrisdakik.com\/?s={search_term_string}"},"query-input":{"@type":"PropertyValueSpecification","valueRequired":true,"valueName":"search_term_string"}}],"inLanguage":"tr"},{"@type":"Person","@id":"https:\/\/kibrisdakik.com\/#\/schema\/person\/9cd9d437bbb44f72b73ba127e06d8e79","name":"admin","image":{"@type":"ImageObject","inLanguage":"tr","@id":"https:\/\/secure.gravatar.com\/avatar\/ccc17943b9d660506c869530f897617f7cb1c21a4bf30023f252596d83e1f007?s=96&d=mm&r=g","url":"https:\/\/secure.gravatar.com\/avatar\/ccc17943b9d660506c869530f897617f7cb1c21a4bf30023f252596d83e1f007?s=96&d=mm&r=g","contentUrl":"https:\/\/secure.gravatar.com\/avatar\/ccc17943b9d660506c869530f897617f7cb1c21a4bf30023f252596d83e1f007?s=96&d=mm&r=g","caption":"admin"},"sameAs":["https:\/\/kibrisdakik.com"],"url":"https:\/\/kibrisdakik.com\/?author=1"}]}},"_links":{"self":[{"href":"https:\/\/kibrisdakik.com\/index.php?rest_route=\/wp\/v2\/posts\/73551","targetHints":{"allow":["GET"]}}],"collection":[{"href":"https:\/\/kibrisdakik.com\/index.php?rest_route=\/wp\/v2\/posts"}],"about":[{"href":"https:\/\/kibrisdakik.com\/index.php?rest_route=\/wp\/v2\/types\/post"}],"author":[{"embeddable":true,"href":"https:\/\/kibrisdakik.com\/index.php?rest_route=\/wp\/v2\/users\/1"}],"replies":[{"embeddable":true,"href":"https:\/\/kibrisdakik.com\/index.php?rest_route=%2Fwp%2Fv2%2Fcomments&post=73551"}],"version-history":[{"count":0,"href":"https:\/\/kibrisdakik.com\/index.php?rest_route=\/wp\/v2\/posts\/73551\/revisions"}],"wp:featuredmedia":[{"embeddable":true,"href":"https:\/\/kibrisdakik.com\/index.php?rest_route=\/wp\/v2\/media\/73552"}],"wp:attachment":[{"href":"https:\/\/kibrisdakik.com\/index.php?rest_route=%2Fwp%2Fv2%2Fmedia&parent=73551"}],"wp:term":[{"taxonomy":"category","embeddable":true,"href":"https:\/\/kibrisdakik.com\/index.php?rest_route=%2Fwp%2Fv2%2Fcategories&post=73551"},{"taxonomy":"post_tag","embeddable":true,"href":"https:\/\/kibrisdakik.com\/index.php?rest_route=%2Fwp%2Fv2%2Ftags&post=73551"}],"curies":[{"name":"wp","href":"https:\/\/api.w.org\/{rel}","templated":true}]}}