{"id":73566,"date":"2025-01-14T17:38:07","date_gmt":"2025-01-14T14:38:07","guid":{"rendered":"https:\/\/kibrisdakik.com\/index.php\/2025\/01\/14\/maliye-bakani-berova-dr-fazil-kucukun-vefatinin-41inci-yildonumu-dolayisiyla-mesaj-yayimladi\/"},"modified":"2025-01-14T17:38:07","modified_gmt":"2025-01-14T14:38:07","slug":"maliye-bakani-berova-dr-fazil-kucukun-vefatinin-41inci-yildonumu-dolayisiyla-mesaj-yayimladi","status":"publish","type":"post","link":"https:\/\/kibrisdakik.com\/?p=73566","title":{"rendered":"Maliye Bakan\u0131 Berova, Dr. Faz\u0131l K\u00fc\u00e7\u00fck\u2019\u00fcn vefat\u0131n\u0131n 41\u2019inci y\u0131ld\u00f6n\u00fcm\u00fc dolay\u0131s\u0131yla mesaj yay\u0131mlad\u0131"},"content":{"rendered":"<div>\n<div class=\"mariselle-image-container none\">\n                                            <\/div>\n<p style=\"font-weight: 300;\"><span style=\"font-weight: 300 !important;\">Maliye Bakan\u0131 \u00d6zdemir Berova, K\u0131br\u0131s T\u00fcrk halk\u0131n\u0131n v<\/span><span style=\"font-weight: 300 !important;\">arolu\u015f ve \u00f6zg\u00fcrl\u00fck m\u00fccadelesi Lideri Dr. Faz\u0131l K\u00fc\u00e7\u00fck\u2019\u00fcn en umutsuz ve karanl\u0131k g\u00fcnlerde halk\u0131na \u00f6nc\u00fcl\u00fck etti\u011fini, varolu\u015f i\u00e7in verdi\u011fi m\u00fccadelenin K\u0131br\u0131s\u2019ta tarihin ak\u0131\u015f\u0131n\u0131 de\u011fi\u015ftirdi\u011fini ve K\u0131br\u0131s T\u00fcrk Halk\u0131\u2019n\u0131n kaderine y\u00f6n verdi\u011fini vurgulad\u0131.<\/span><\/p>\n<p style=\"font-weight: 300;\"><span style=\"font-weight: 300 !important;\">Berova,\u00a0<\/span><span style=\"font-weight: 300 !important;\">Dr. Faz\u0131l K\u00fc\u00e7\u00fck\u2019\u00fcn vefat\u0131n\u0131n 41\u2019inci y\u0131ld\u00f6n\u00fcm\u00fc dolay\u0131s\u0131yla mesaj yay\u0131mlad\u0131.<\/span><\/p>\n<p style=\"font-weight: 300;\"><span style=\"font-weight: 300 !important;\">Maliye Bakan\u0131 Berova mesaj\u0131nda \u015fu ifadelere yer verdi:<\/span><\/p>\n<p style=\"font-weight: 300;\"><span style=\"font-weight: 300 !important;\">\u201cK\u0131br\u0131s T\u00fcrk Halk\u0131\u2019n\u0131n \u00f6zg\u00fcrl\u00fc\u011f\u00fc, ba\u011f\u0131ms\u0131zl\u0131\u011f\u0131, egemenli\u011fi u\u011fruna hayat\u0131n\u0131 adam\u0131\u015f, halk\u0131yla \u00f6zde\u015fle\u015fmi\u015f \u00f6rnek bir lider olan Dr. Faz\u0131l K\u00fc\u00e7\u00fck, \u00f6zverili bir doktor, ba\u015far\u0131l\u0131 bir devlet adam\u0131 ve halk\u0131n\u0131n sesi olarak halk\u0131 ayd\u0131nlatan yaz\u0131lar\u0131yla, ad\u0131n\u0131 tarihe alt\u0131n harflerle yazd\u0131rd\u0131.<\/span><\/p>\n<p style=\"font-weight: 300;\"><span style=\"font-weight: 300 !important;\">Varolu\u015f ve \u00f6zg\u00fcrl\u00fck m\u00fccadelesi Liderimiz Dr. Faz\u0131l K\u00fc\u00e7\u00fck, en umutsuz ve karanl\u0131k g\u00fcnlerde halk\u0131na \u00f6nc\u00fcl\u00fck etmi\u015f, varolu\u015f i\u00e7in vermi\u015f oldu\u011fu m\u00fccadelesi, K\u0131br\u0131s\u2019ta tarihin ak\u0131\u015f\u0131n\u0131 de\u011fi\u015ftirmi\u015f, K\u0131br\u0131s T\u00fcrk Halk\u0131\u2019n\u0131n kaderine y\u00f6n vermi\u015ftir.<\/span><\/p>\n<p style=\"font-weight: 300;\"><span style=\"font-weight: 300 !important;\">Vatan sevdas\u0131 ve kararl\u0131l\u0131\u011f\u0131yla \u00fcstlendi\u011fi toplum liderli\u011fi g\u00f6revini lay\u0131\u011f\u0131yla yerine getirmi\u015f, bunun yan\u0131 s\u0131ra, kimi zaman bir hekim, kimi zaman gazeteci, kimi zaman halktan biri olarak, halk\u0131 ile birlikte varolu\u015f m\u00fccadelesinde tarihteki yerini alm\u0131\u015f, halk\u0131na rehber olmu\u015ftur.<\/span><\/p>\n<p style=\"font-weight: 300;\"><span style=\"font-weight: 300 !important;\">Varolu\u015f ve \u00f6zg\u00fcrl\u00fck m\u00fccadelesi Liderimiz Dr. Faz\u0131l K\u00fc\u00e7\u00fck unutulmayacak, vermi\u015f oldu\u011fu m\u00fccadeleler bize yol g\u00f6stermeye devam edecektir.<\/span><\/p>\n<p style=\"font-weight: 300;\"><span style=\"font-weight: 300 !important;\">Aram\u0131zdan bedenen ayr\u0131l\u0131\u015f\u0131n\u0131n 41. y\u0131l\u0131nda Liderimizi sayg\u0131, rahmet ve minnetle an\u0131yorum. Mek\u00e2n\u0131 cennet olsun.\u201d<\/span><\/p>\n<\/p><\/div>\n<p><script async\n                    defer\n                    crossorigin=\"anonymous\"\n                    src=\"https:\/\/connect.facebook.net\/tr_TR\/sdk.js#xfbml=1&#038;version=v3.3\"\n            ><\/script><\/p>\n","protected":false},"excerpt":{"rendered":"<p>Maliye Bakan\u0131 \u00d6zdemir Berova, K\u0131br\u0131s T\u00fcrk halk\u0131n\u0131n varolu\u015f ve \u00f6zg\u00fcrl\u00fck m\u00fccadelesi Lideri Dr. Faz\u0131l K\u00fc\u00e7\u00fck\u2019\u00fcn en umutsuz ve karanl\u0131k g\u00fcnlerde halk\u0131na \u00f6nc\u00fcl\u00fck etti\u011fini, varolu\u015f i\u00e7in verdi\u011fi m\u00fccadelenin K\u0131br\u0131s\u2019ta tarihin ak\u0131\u015f\u0131n\u0131 de\u011fi\u015ftirdi\u011fini ve K\u0131br\u0131s T\u00fcrk Halk\u0131\u2019n\u0131n kaderine y\u00f6n verdi\u011fini vurgulad\u0131. Berova,\u00a0Dr. Faz\u0131l K\u00fc\u00e7\u00fck\u2019\u00fcn vefat\u0131n\u0131n 41\u2019inci y\u0131ld\u00f6n\u00fcm\u00fc dolay\u0131s\u0131yla mesaj yay\u0131mlad\u0131. Maliye Bakan\u0131 Berova mesaj\u0131nda \u015fu ifadelere yer<\/p>\n","protected":false},"author":1,"featured_media":49370,"comment_status":"open","ping_status":"open","sticky":false,"template":"","format":"standard","meta":{"footnotes":""},"categories":[81,101],"tags":[],"class_list":["post-73566","post","type-post","status-publish","format-standard","has-post-thumbnail","hentry","category-kibris","category-manset"],"yoast_head":"<!-- This site is optimized with the Yoast SEO plugin v27.5 - https:\/\/yoast.com\/product\/yoast-seo-wordpress\/ -->\n<title>Maliye Bakan\u0131 Berova, Dr. Faz\u0131l K\u00fc\u00e7\u00fck\u2019\u00fcn vefat\u0131n\u0131n 41\u2019inci y\u0131ld\u00f6n\u00fcm\u00fc dolay\u0131s\u0131yla mesaj yay\u0131mlad\u0131 -<\/title>\n<meta name=\"robots\" content=\"index, follow, max-snippet:-1, max-image-preview:large, max-video-preview:-1\" \/>\n<link rel=\"canonical\" href=\"https:\/\/kibrisdakik.com\/?p=73566\" \/>\n<meta property=\"og:locale\" content=\"tr_TR\" \/>\n<meta property=\"og:type\" content=\"article\" \/>\n<meta property=\"og:title\" content=\"Maliye Bakan\u0131 Berova, Dr. Faz\u0131l K\u00fc\u00e7\u00fck\u2019\u00fcn vefat\u0131n\u0131n 41\u2019inci y\u0131ld\u00f6n\u00fcm\u00fc dolay\u0131s\u0131yla mesaj yay\u0131mlad\u0131 -\" \/>\n<meta property=\"og:description\" content=\"Maliye Bakan\u0131 \u00d6zdemir Berova, K\u0131br\u0131s T\u00fcrk halk\u0131n\u0131n varolu\u015f ve \u00f6zg\u00fcrl\u00fck m\u00fccadelesi Lideri Dr. Faz\u0131l K\u00fc\u00e7\u00fck\u2019\u00fcn en umutsuz ve karanl\u0131k g\u00fcnlerde halk\u0131na \u00f6nc\u00fcl\u00fck etti\u011fini, varolu\u015f i\u00e7in verdi\u011fi m\u00fccadelenin K\u0131br\u0131s\u2019ta tarihin ak\u0131\u015f\u0131n\u0131 de\u011fi\u015ftirdi\u011fini ve K\u0131br\u0131s T\u00fcrk Halk\u0131\u2019n\u0131n kaderine y\u00f6n verdi\u011fini vurgulad\u0131. Berova,\u00a0Dr. Faz\u0131l K\u00fc\u00e7\u00fck\u2019\u00fcn vefat\u0131n\u0131n 41\u2019inci y\u0131ld\u00f6n\u00fcm\u00fc dolay\u0131s\u0131yla mesaj yay\u0131mlad\u0131. Maliye Bakan\u0131 Berova mesaj\u0131nda \u015fu ifadelere yer\" \/>\n<meta property=\"og:url\" content=\"https:\/\/kibrisdakik.com\/?p=73566\" \/>\n<meta property=\"article:published_time\" content=\"2025-01-14T14:38:07+00:00\" \/>\n<meta property=\"og:image\" content=\"https:\/\/kibrisdakik.com\/wp-content\/uploads\/2024\/07\/ozdemir-berova-740x420.jpeg\" \/>\n\t<meta property=\"og:image:width\" content=\"1024\" \/>\n\t<meta property=\"og:image:height\" content=\"723\" \/>\n\t<meta property=\"og:image:type\" content=\"image\/jpeg\" \/>\n<meta name=\"author\" content=\"admin\" \/>\n<meta name=\"twitter:card\" content=\"summary_large_image\" \/>\n<meta name=\"twitter:label1\" content=\"Yazan:\" \/>\n\t<meta name=\"twitter:data1\" content=\"admin\" \/>\n\t<meta name=\"twitter:label2\" content=\"Tahmini okuma s\u00fcresi\" \/>\n\t<meta name=\"twitter:data2\" content=\"2 dakika\" \/>\n<script type=\"application\/ld+json\" class=\"yoast-schema-graph\">{\"@context\":\"https:\\\/\\\/schema.org\",\"@graph\":[{\"@type\":\"Article\",\"@id\":\"https:\\\/\\\/kibrisdakik.com\\\/?p=73566#article\",\"isPartOf\":{\"@id\":\"https:\\\/\\\/kibrisdakik.com\\\/?p=73566\"},\"author\":{\"name\":\"admin\",\"@id\":\"https:\\\/\\\/kibrisdakik.com\\\/#\\\/schema\\\/person\\\/9cd9d437bbb44f72b73ba127e06d8e79\"},\"headline\":\"Maliye Bakan\u0131 Berova, Dr. Faz\u0131l K\u00fc\u00e7\u00fck\u2019\u00fcn vefat\u0131n\u0131n 41\u2019inci y\u0131ld\u00f6n\u00fcm\u00fc dolay\u0131s\u0131yla mesaj yay\u0131mlad\u0131\",\"datePublished\":\"2025-01-14T14:38:07+00:00\",\"mainEntityOfPage\":{\"@id\":\"https:\\\/\\\/kibrisdakik.com\\\/?p=73566\"},\"wordCount\":340,\"commentCount\":0,\"image\":{\"@id\":\"https:\\\/\\\/kibrisdakik.com\\\/?p=73566#primaryimage\"},\"thumbnailUrl\":\"https:\\\/\\\/kibrisdakik.com\\\/wp-content\\\/uploads\\\/2024\\\/07\\\/ozdemir-berova-740x420.jpeg\",\"articleSection\":[\"K\u0131br\u0131s\",\"Man\u015fet\"],\"inLanguage\":\"tr\",\"potentialAction\":[{\"@type\":\"CommentAction\",\"name\":\"Comment\",\"target\":[\"https:\\\/\\\/kibrisdakik.com\\\/?p=73566#respond\"]}]},{\"@type\":\"WebPage\",\"@id\":\"https:\\\/\\\/kibrisdakik.com\\\/?p=73566\",\"url\":\"https:\\\/\\\/kibrisdakik.com\\\/?p=73566\",\"name\":\"Maliye Bakan\u0131 Berova, Dr. Faz\u0131l K\u00fc\u00e7\u00fck\u2019\u00fcn vefat\u0131n\u0131n 41\u2019inci y\u0131ld\u00f6n\u00fcm\u00fc dolay\u0131s\u0131yla mesaj yay\u0131mlad\u0131 -\",\"isPartOf\":{\"@id\":\"https:\\\/\\\/kibrisdakik.com\\\/#website\"},\"primaryImageOfPage\":{\"@id\":\"https:\\\/\\\/kibrisdakik.com\\\/?p=73566#primaryimage\"},\"image\":{\"@id\":\"https:\\\/\\\/kibrisdakik.com\\\/?p=73566#primaryimage\"},\"thumbnailUrl\":\"https:\\\/\\\/kibrisdakik.com\\\/wp-content\\\/uploads\\\/2024\\\/07\\\/ozdemir-berova-740x420.jpeg\",\"datePublished\":\"2025-01-14T14:38:07+00:00\",\"author\":{\"@id\":\"https:\\\/\\\/kibrisdakik.com\\\/#\\\/schema\\\/person\\\/9cd9d437bbb44f72b73ba127e06d8e79\"},\"breadcrumb\":{\"@id\":\"https:\\\/\\\/kibrisdakik.com\\\/?p=73566#breadcrumb\"},\"inLanguage\":\"tr\",\"potentialAction\":[{\"@type\":\"ReadAction\",\"target\":[\"https:\\\/\\\/kibrisdakik.com\\\/?p=73566\"]}]},{\"@type\":\"ImageObject\",\"inLanguage\":\"tr\",\"@id\":\"https:\\\/\\\/kibrisdakik.com\\\/?p=73566#primaryimage\",\"url\":\"https:\\\/\\\/kibrisdakik.com\\\/wp-content\\\/uploads\\\/2024\\\/07\\\/ozdemir-berova-740x420.jpeg\",\"contentUrl\":\"https:\\\/\\\/kibrisdakik.com\\\/wp-content\\\/uploads\\\/2024\\\/07\\\/ozdemir-berova-740x420.jpeg\",\"width\":1024,\"height\":723},{\"@type\":\"BreadcrumbList\",\"@id\":\"https:\\\/\\\/kibrisdakik.com\\\/?p=73566#breadcrumb\",\"itemListElement\":[{\"@type\":\"ListItem\",\"position\":1,\"name\":\"Home\",\"item\":\"https:\\\/\\\/kibrisdakik.com\\\/\"},{\"@type\":\"ListItem\",\"position\":2,\"name\":\"Maliye Bakan\u0131 Berova, Dr. Faz\u0131l K\u00fc\u00e7\u00fck\u2019\u00fcn vefat\u0131n\u0131n 41\u2019inci y\u0131ld\u00f6n\u00fcm\u00fc dolay\u0131s\u0131yla mesaj yay\u0131mlad\u0131\"}]},{\"@type\":\"WebSite\",\"@id\":\"https:\\\/\\\/kibrisdakik.com\\\/#website\",\"url\":\"https:\\\/\\\/kibrisdakik.com\\\/\",\"name\":\"\",\"description\":\"Tam vaktinde haber\",\"potentialAction\":[{\"@type\":\"SearchAction\",\"target\":{\"@type\":\"EntryPoint\",\"urlTemplate\":\"https:\\\/\\\/kibrisdakik.com\\\/?s={search_term_string}\"},\"query-input\":{\"@type\":\"PropertyValueSpecification\",\"valueRequired\":true,\"valueName\":\"search_term_string\"}}],\"inLanguage\":\"tr\"},{\"@type\":\"Person\",\"@id\":\"https:\\\/\\\/kibrisdakik.com\\\/#\\\/schema\\\/person\\\/9cd9d437bbb44f72b73ba127e06d8e79\",\"name\":\"admin\",\"image\":{\"@type\":\"ImageObject\",\"inLanguage\":\"tr\",\"@id\":\"https:\\\/\\\/secure.gravatar.com\\\/avatar\\\/ccc17943b9d660506c869530f897617f7cb1c21a4bf30023f252596d83e1f007?s=96&d=mm&r=g\",\"url\":\"https:\\\/\\\/secure.gravatar.com\\\/avatar\\\/ccc17943b9d660506c869530f897617f7cb1c21a4bf30023f252596d83e1f007?s=96&d=mm&r=g\",\"contentUrl\":\"https:\\\/\\\/secure.gravatar.com\\\/avatar\\\/ccc17943b9d660506c869530f897617f7cb1c21a4bf30023f252596d83e1f007?s=96&d=mm&r=g\",\"caption\":\"admin\"},\"sameAs\":[\"https:\\\/\\\/kibrisdakik.com\"],\"url\":\"https:\\\/\\\/kibrisdakik.com\\\/?author=1\"}]}<\/script>\n<!-- \/ Yoast SEO plugin. -->","yoast_head_json":{"title":"Maliye Bakan\u0131 Berova, Dr. Faz\u0131l K\u00fc\u00e7\u00fck\u2019\u00fcn vefat\u0131n\u0131n 41\u2019inci y\u0131ld\u00f6n\u00fcm\u00fc dolay\u0131s\u0131yla mesaj yay\u0131mlad\u0131 -","robots":{"index":"index","follow":"follow","max-snippet":"max-snippet:-1","max-image-preview":"max-image-preview:large","max-video-preview":"max-video-preview:-1"},"canonical":"https:\/\/kibrisdakik.com\/?p=73566","og_locale":"tr_TR","og_type":"article","og_title":"Maliye Bakan\u0131 Berova, Dr. Faz\u0131l K\u00fc\u00e7\u00fck\u2019\u00fcn vefat\u0131n\u0131n 41\u2019inci y\u0131ld\u00f6n\u00fcm\u00fc dolay\u0131s\u0131yla mesaj yay\u0131mlad\u0131 -","og_description":"Maliye Bakan\u0131 \u00d6zdemir Berova, K\u0131br\u0131s T\u00fcrk halk\u0131n\u0131n varolu\u015f ve \u00f6zg\u00fcrl\u00fck m\u00fccadelesi Lideri Dr. Faz\u0131l K\u00fc\u00e7\u00fck\u2019\u00fcn en umutsuz ve karanl\u0131k g\u00fcnlerde halk\u0131na \u00f6nc\u00fcl\u00fck etti\u011fini, varolu\u015f i\u00e7in verdi\u011fi m\u00fccadelenin K\u0131br\u0131s\u2019ta tarihin ak\u0131\u015f\u0131n\u0131 de\u011fi\u015ftirdi\u011fini ve K\u0131br\u0131s T\u00fcrk Halk\u0131\u2019n\u0131n kaderine y\u00f6n verdi\u011fini vurgulad\u0131. Berova,\u00a0Dr. Faz\u0131l K\u00fc\u00e7\u00fck\u2019\u00fcn vefat\u0131n\u0131n 41\u2019inci y\u0131ld\u00f6n\u00fcm\u00fc dolay\u0131s\u0131yla mesaj yay\u0131mlad\u0131. Maliye Bakan\u0131 Berova mesaj\u0131nda \u015fu ifadelere yer","og_url":"https:\/\/kibrisdakik.com\/?p=73566","article_published_time":"2025-01-14T14:38:07+00:00","og_image":[{"width":1024,"height":723,"url":"https:\/\/kibrisdakik.com\/wp-content\/uploads\/2024\/07\/ozdemir-berova-740x420.jpeg","type":"image\/jpeg"}],"author":"admin","twitter_card":"summary_large_image","twitter_misc":{"Yazan:":"admin","Tahmini okuma s\u00fcresi":"2 dakika"},"schema":{"@context":"https:\/\/schema.org","@graph":[{"@type":"Article","@id":"https:\/\/kibrisdakik.com\/?p=73566#article","isPartOf":{"@id":"https:\/\/kibrisdakik.com\/?p=73566"},"author":{"name":"admin","@id":"https:\/\/kibrisdakik.com\/#\/schema\/person\/9cd9d437bbb44f72b73ba127e06d8e79"},"headline":"Maliye Bakan\u0131 Berova, Dr. Faz\u0131l K\u00fc\u00e7\u00fck\u2019\u00fcn vefat\u0131n\u0131n 41\u2019inci y\u0131ld\u00f6n\u00fcm\u00fc dolay\u0131s\u0131yla mesaj yay\u0131mlad\u0131","datePublished":"2025-01-14T14:38:07+00:00","mainEntityOfPage":{"@id":"https:\/\/kibrisdakik.com\/?p=73566"},"wordCount":340,"commentCount":0,"image":{"@id":"https:\/\/kibrisdakik.com\/?p=73566#primaryimage"},"thumbnailUrl":"https:\/\/kibrisdakik.com\/wp-content\/uploads\/2024\/07\/ozdemir-berova-740x420.jpeg","articleSection":["K\u0131br\u0131s","Man\u015fet"],"inLanguage":"tr","potentialAction":[{"@type":"CommentAction","name":"Comment","target":["https:\/\/kibrisdakik.com\/?p=73566#respond"]}]},{"@type":"WebPage","@id":"https:\/\/kibrisdakik.com\/?p=73566","url":"https:\/\/kibrisdakik.com\/?p=73566","name":"Maliye Bakan\u0131 Berova, Dr. Faz\u0131l K\u00fc\u00e7\u00fck\u2019\u00fcn vefat\u0131n\u0131n 41\u2019inci y\u0131ld\u00f6n\u00fcm\u00fc dolay\u0131s\u0131yla mesaj yay\u0131mlad\u0131 -","isPartOf":{"@id":"https:\/\/kibrisdakik.com\/#website"},"primaryImageOfPage":{"@id":"https:\/\/kibrisdakik.com\/?p=73566#primaryimage"},"image":{"@id":"https:\/\/kibrisdakik.com\/?p=73566#primaryimage"},"thumbnailUrl":"https:\/\/kibrisdakik.com\/wp-content\/uploads\/2024\/07\/ozdemir-berova-740x420.jpeg","datePublished":"2025-01-14T14:38:07+00:00","author":{"@id":"https:\/\/kibrisdakik.com\/#\/schema\/person\/9cd9d437bbb44f72b73ba127e06d8e79"},"breadcrumb":{"@id":"https:\/\/kibrisdakik.com\/?p=73566#breadcrumb"},"inLanguage":"tr","potentialAction":[{"@type":"ReadAction","target":["https:\/\/kibrisdakik.com\/?p=73566"]}]},{"@type":"ImageObject","inLanguage":"tr","@id":"https:\/\/kibrisdakik.com\/?p=73566#primaryimage","url":"https:\/\/kibrisdakik.com\/wp-content\/uploads\/2024\/07\/ozdemir-berova-740x420.jpeg","contentUrl":"https:\/\/kibrisdakik.com\/wp-content\/uploads\/2024\/07\/ozdemir-berova-740x420.jpeg","width":1024,"height":723},{"@type":"BreadcrumbList","@id":"https:\/\/kibrisdakik.com\/?p=73566#breadcrumb","itemListElement":[{"@type":"ListItem","position":1,"name":"Home","item":"https:\/\/kibrisdakik.com\/"},{"@type":"ListItem","position":2,"name":"Maliye Bakan\u0131 Berova, Dr. Faz\u0131l K\u00fc\u00e7\u00fck\u2019\u00fcn vefat\u0131n\u0131n 41\u2019inci y\u0131ld\u00f6n\u00fcm\u00fc dolay\u0131s\u0131yla mesaj yay\u0131mlad\u0131"}]},{"@type":"WebSite","@id":"https:\/\/kibrisdakik.com\/#website","url":"https:\/\/kibrisdakik.com\/","name":"","description":"Tam vaktinde haber","potentialAction":[{"@type":"SearchAction","target":{"@type":"EntryPoint","urlTemplate":"https:\/\/kibrisdakik.com\/?s={search_term_string}"},"query-input":{"@type":"PropertyValueSpecification","valueRequired":true,"valueName":"search_term_string"}}],"inLanguage":"tr"},{"@type":"Person","@id":"https:\/\/kibrisdakik.com\/#\/schema\/person\/9cd9d437bbb44f72b73ba127e06d8e79","name":"admin","image":{"@type":"ImageObject","inLanguage":"tr","@id":"https:\/\/secure.gravatar.com\/avatar\/ccc17943b9d660506c869530f897617f7cb1c21a4bf30023f252596d83e1f007?s=96&d=mm&r=g","url":"https:\/\/secure.gravatar.com\/avatar\/ccc17943b9d660506c869530f897617f7cb1c21a4bf30023f252596d83e1f007?s=96&d=mm&r=g","contentUrl":"https:\/\/secure.gravatar.com\/avatar\/ccc17943b9d660506c869530f897617f7cb1c21a4bf30023f252596d83e1f007?s=96&d=mm&r=g","caption":"admin"},"sameAs":["https:\/\/kibrisdakik.com"],"url":"https:\/\/kibrisdakik.com\/?author=1"}]}},"_links":{"self":[{"href":"https:\/\/kibrisdakik.com\/index.php?rest_route=\/wp\/v2\/posts\/73566","targetHints":{"allow":["GET"]}}],"collection":[{"href":"https:\/\/kibrisdakik.com\/index.php?rest_route=\/wp\/v2\/posts"}],"about":[{"href":"https:\/\/kibrisdakik.com\/index.php?rest_route=\/wp\/v2\/types\/post"}],"author":[{"embeddable":true,"href":"https:\/\/kibrisdakik.com\/index.php?rest_route=\/wp\/v2\/users\/1"}],"replies":[{"embeddable":true,"href":"https:\/\/kibrisdakik.com\/index.php?rest_route=%2Fwp%2Fv2%2Fcomments&post=73566"}],"version-history":[{"count":0,"href":"https:\/\/kibrisdakik.com\/index.php?rest_route=\/wp\/v2\/posts\/73566\/revisions"}],"wp:featuredmedia":[{"embeddable":true,"href":"https:\/\/kibrisdakik.com\/index.php?rest_route=\/wp\/v2\/media\/49370"}],"wp:attachment":[{"href":"https:\/\/kibrisdakik.com\/index.php?rest_route=%2Fwp%2Fv2%2Fmedia&parent=73566"}],"wp:term":[{"taxonomy":"category","embeddable":true,"href":"https:\/\/kibrisdakik.com\/index.php?rest_route=%2Fwp%2Fv2%2Fcategories&post=73566"},{"taxonomy":"post_tag","embeddable":true,"href":"https:\/\/kibrisdakik.com\/index.php?rest_route=%2Fwp%2Fv2%2Ftags&post=73566"}],"curies":[{"name":"wp","href":"https:\/\/api.w.org\/{rel}","templated":true}]}}