{"id":7357,"date":"2023-05-21T17:40:44","date_gmt":"2023-05-21T17:40:44","guid":{"rendered":"https:\/\/kibrisdakik.com\/index.php\/2023\/05\/21\/yarin-firtina-bekleniyor-persembeye-kadar-da-hava-yagmurlu-olacak\/"},"modified":"2023-05-21T17:40:44","modified_gmt":"2023-05-21T17:40:44","slug":"yarin-firtina-bekleniyor-persembeye-kadar-da-hava-yagmurlu-olacak","status":"publish","type":"post","link":"https:\/\/kibrisdakik.com\/?p=7357","title":{"rendered":"Yar\u0131n f\u0131rt\u0131na bekleniyor, Per\u015fembe\u2019ye kadar da hava ya\u011fmurlu olacak"},"content":{"rendered":"<p><\/p>\n<div>\n<div class=\"mariselle-image-container center\">\n                <img width=\"1600\" height=\"900\" class=\"lazy-image\" alt=\"\" decoding=\"async\" loading=\"lazy\" sizes=\"auto, (max-width: 1600px) 100vw, 1600px\" src=\"https:\/\/brtk.net\/wp-content\/uploads\/2023\/05\/19\/YAGMUR.jpg?ver=27c1eeb599be6eadfd1dfdc0c0dfbf06\" srcset=\"https:\/\/brtk.net\/wp-content\/uploads\/2023\/05\/19\/YAGMUR.jpg?ver=27c1eeb599be6eadfd1dfdc0c0dfbf06 1600w, https:\/\/brtk.net\/wp-content\/uploads\/2023\/05\/19\/YAGMUR-300x169.jpg?ver=a910c5669863d86f0a89972c54f171bd 300w, https:\/\/brtk.net\/wp-content\/uploads\/2023\/05\/19\/YAGMUR-1024x576.jpg?ver=a910c5669863d86f0a89972c54f171bd 1024w, https:\/\/brtk.net\/wp-content\/uploads\/2023\/05\/19\/YAGMUR-768x432.jpg?ver=a910c5669863d86f0a89972c54f171bd 768w, https:\/\/brtk.net\/wp-content\/uploads\/2023\/05\/19\/YAGMUR-1536x864.jpg?ver=865df91db9ec1e1fa3bef3c1118bd347 1536w\"\/>                            <\/div>\n<p>Meteoroloji Dairesi, yar\u0131n f\u0131rt\u0131na beklendi\u011fi, Per\u015fembe g\u00fcn\u00fcne kadar da havan\u0131n ya\u011fmurlu olaca\u011f\u0131 tahmininde bulundu.<br \/>Meteoroloji Dairesi, Per\u015fembe g\u00fcn\u00fcne kadar havan\u0131n ya\u011fmurlu olaca\u011f\u0131n\u0131 bildirdi. Hava s\u0131cakl\u0131\u011f\u0131n\u0131n ise 26 \u2013 29 \u00baC dolaylar\u0131nda seyretmesi bekleniyor.<\/p>\n<p>Daireden yap\u0131lan a\u00e7\u0131klamaya g\u00f6re, 20 \u2013 26 May\u0131s tarihleri aras\u0131nda b\u00f6lge, genellikle al\u00e7ak bas\u0131n\u00e7 sistemi ile ise \u00fcst atmosferdeki so\u011fuk ve nemli hava k\u00fctlesinin etkisi alt\u0131nda kalacak. Yar\u0131n ise f\u0131rt\u0131na bekleniyor.<\/p>\n<p>En y\u00fcksek hava s\u0131cakl\u0131\u011f\u0131n\u0131n ise i\u00e7 kesimler ve sahillerde 26 \u2013 29 \u00baC dolaylar\u0131nda seyredece\u011fi belirtildi.<\/p>\n<\/p><\/div>\n<p><script async\n                    defer\n                    crossorigin=\"anonymous\"\n                    src=\"https:\/\/connect.facebook.net\/tr_TR\/sdk.js#xfbml=1&#038;version=v3.3\"\n            ><\/script><\/p>\n","protected":false},"excerpt":{"rendered":"<p>Meteoroloji Dairesi, yar\u0131n f\u0131rt\u0131na beklendi\u011fi, Per\u015fembe g\u00fcn\u00fcne kadar da havan\u0131n ya\u011fmurlu olaca\u011f\u0131 tahmininde bulundu.Meteoroloji Dairesi, Per\u015fembe g\u00fcn\u00fcne kadar havan\u0131n ya\u011fmurlu olaca\u011f\u0131n\u0131 bildirdi. Hava s\u0131cakl\u0131\u011f\u0131n\u0131n ise 26 \u2013 29 \u00baC dolaylar\u0131nda seyretmesi bekleniyor. Daireden yap\u0131lan a\u00e7\u0131klamaya g\u00f6re, 20 \u2013 26 May\u0131s tarihleri aras\u0131nda b\u00f6lge, genellikle al\u00e7ak bas\u0131n\u00e7 sistemi ile ise \u00fcst atmosferdeki so\u011fuk ve nemli hava<\/p>\n","protected":false},"author":1,"featured_media":7229,"comment_status":"open","ping_status":"open","sticky":false,"template":"","format":"standard","meta":{"footnotes":""},"categories":[1],"tags":[],"class_list":["post-7357","post","type-post","status-publish","format-standard","has-post-thumbnail","hentry","category-gundem"],"yoast_head":"<!-- This site is optimized with the Yoast SEO plugin v27.5 - https:\/\/yoast.com\/product\/yoast-seo-wordpress\/ -->\n<title>Yar\u0131n f\u0131rt\u0131na bekleniyor, Per\u015fembe\u2019ye kadar da hava ya\u011fmurlu olacak -<\/title>\n<meta name=\"robots\" content=\"index, follow, max-snippet:-1, max-image-preview:large, max-video-preview:-1\" \/>\n<link rel=\"canonical\" href=\"https:\/\/kibrisdakik.com\/?p=7357\" \/>\n<meta property=\"og:locale\" content=\"tr_TR\" \/>\n<meta property=\"og:type\" content=\"article\" \/>\n<meta property=\"og:title\" content=\"Yar\u0131n f\u0131rt\u0131na bekleniyor, Per\u015fembe\u2019ye kadar da hava ya\u011fmurlu olacak -\" \/>\n<meta property=\"og:description\" content=\"Meteoroloji Dairesi, yar\u0131n f\u0131rt\u0131na beklendi\u011fi, Per\u015fembe g\u00fcn\u00fcne kadar da havan\u0131n ya\u011fmurlu olaca\u011f\u0131 tahmininde bulundu.Meteoroloji Dairesi, Per\u015fembe g\u00fcn\u00fcne kadar havan\u0131n ya\u011fmurlu olaca\u011f\u0131n\u0131 bildirdi. Hava s\u0131cakl\u0131\u011f\u0131n\u0131n ise 26 \u2013 29 \u00baC dolaylar\u0131nda seyretmesi bekleniyor. Daireden yap\u0131lan a\u00e7\u0131klamaya g\u00f6re, 20 \u2013 26 May\u0131s tarihleri aras\u0131nda b\u00f6lge, genellikle al\u00e7ak bas\u0131n\u00e7 sistemi ile ise \u00fcst atmosferdeki so\u011fuk ve nemli hava\" \/>\n<meta property=\"og:url\" content=\"https:\/\/kibrisdakik.com\/?p=7357\" \/>\n<meta property=\"article:published_time\" content=\"2023-05-21T17:40:44+00:00\" \/>\n<meta property=\"og:image\" content=\"https:\/\/kibrisdakik.com\/wp-content\/uploads\/2023\/05\/YAGMUR-740x420.jpg\" \/>\n\t<meta property=\"og:image:width\" content=\"1600\" \/>\n\t<meta property=\"og:image:height\" content=\"900\" \/>\n\t<meta property=\"og:image:type\" content=\"image\/jpeg\" \/>\n<meta name=\"author\" content=\"admin\" \/>\n<meta name=\"twitter:card\" content=\"summary_large_image\" \/>\n<meta name=\"twitter:label1\" content=\"Yazan:\" \/>\n\t<meta name=\"twitter:data1\" content=\"admin\" \/>\n\t<meta name=\"twitter:label2\" content=\"Tahmini okuma s\u00fcresi\" \/>\n\t<meta name=\"twitter:data2\" content=\"1 dakika\" \/>\n<script type=\"application\/ld+json\" class=\"yoast-schema-graph\">{\"@context\":\"https:\\\/\\\/schema.org\",\"@graph\":[{\"@type\":\"Article\",\"@id\":\"https:\\\/\\\/kibrisdakik.com\\\/?p=7357#article\",\"isPartOf\":{\"@id\":\"https:\\\/\\\/kibrisdakik.com\\\/?p=7357\"},\"author\":{\"name\":\"admin\",\"@id\":\"https:\\\/\\\/kibrisdakik.com\\\/#\\\/schema\\\/person\\\/9cd9d437bbb44f72b73ba127e06d8e79\"},\"headline\":\"Yar\u0131n f\u0131rt\u0131na bekleniyor, Per\u015fembe\u2019ye kadar da hava ya\u011fmurlu olacak\",\"datePublished\":\"2023-05-21T17:40:44+00:00\",\"mainEntityOfPage\":{\"@id\":\"https:\\\/\\\/kibrisdakik.com\\\/?p=7357\"},\"wordCount\":125,\"commentCount\":0,\"image\":{\"@id\":\"https:\\\/\\\/kibrisdakik.com\\\/?p=7357#primaryimage\"},\"thumbnailUrl\":\"https:\\\/\\\/kibrisdakik.com\\\/wp-content\\\/uploads\\\/2023\\\/05\\\/YAGMUR-740x420.jpg\",\"articleSection\":[\"G\u00fcndem\"],\"inLanguage\":\"tr\",\"potentialAction\":[{\"@type\":\"CommentAction\",\"name\":\"Comment\",\"target\":[\"https:\\\/\\\/kibrisdakik.com\\\/?p=7357#respond\"]}]},{\"@type\":\"WebPage\",\"@id\":\"https:\\\/\\\/kibrisdakik.com\\\/?p=7357\",\"url\":\"https:\\\/\\\/kibrisdakik.com\\\/?p=7357\",\"name\":\"Yar\u0131n f\u0131rt\u0131na bekleniyor, Per\u015fembe\u2019ye kadar da hava ya\u011fmurlu olacak -\",\"isPartOf\":{\"@id\":\"https:\\\/\\\/kibrisdakik.com\\\/#website\"},\"primaryImageOfPage\":{\"@id\":\"https:\\\/\\\/kibrisdakik.com\\\/?p=7357#primaryimage\"},\"image\":{\"@id\":\"https:\\\/\\\/kibrisdakik.com\\\/?p=7357#primaryimage\"},\"thumbnailUrl\":\"https:\\\/\\\/kibrisdakik.com\\\/wp-content\\\/uploads\\\/2023\\\/05\\\/YAGMUR-740x420.jpg\",\"datePublished\":\"2023-05-21T17:40:44+00:00\",\"author\":{\"@id\":\"https:\\\/\\\/kibrisdakik.com\\\/#\\\/schema\\\/person\\\/9cd9d437bbb44f72b73ba127e06d8e79\"},\"breadcrumb\":{\"@id\":\"https:\\\/\\\/kibrisdakik.com\\\/?p=7357#breadcrumb\"},\"inLanguage\":\"tr\",\"potentialAction\":[{\"@type\":\"ReadAction\",\"target\":[\"https:\\\/\\\/kibrisdakik.com\\\/?p=7357\"]}]},{\"@type\":\"ImageObject\",\"inLanguage\":\"tr\",\"@id\":\"https:\\\/\\\/kibrisdakik.com\\\/?p=7357#primaryimage\",\"url\":\"https:\\\/\\\/kibrisdakik.com\\\/wp-content\\\/uploads\\\/2023\\\/05\\\/YAGMUR-740x420.jpg\",\"contentUrl\":\"https:\\\/\\\/kibrisdakik.com\\\/wp-content\\\/uploads\\\/2023\\\/05\\\/YAGMUR-740x420.jpg\",\"width\":1600,\"height\":900},{\"@type\":\"BreadcrumbList\",\"@id\":\"https:\\\/\\\/kibrisdakik.com\\\/?p=7357#breadcrumb\",\"itemListElement\":[{\"@type\":\"ListItem\",\"position\":1,\"name\":\"Home\",\"item\":\"https:\\\/\\\/kibrisdakik.com\\\/\"},{\"@type\":\"ListItem\",\"position\":2,\"name\":\"Yar\u0131n f\u0131rt\u0131na bekleniyor, Per\u015fembe\u2019ye kadar da hava ya\u011fmurlu olacak\"}]},{\"@type\":\"WebSite\",\"@id\":\"https:\\\/\\\/kibrisdakik.com\\\/#website\",\"url\":\"https:\\\/\\\/kibrisdakik.com\\\/\",\"name\":\"\",\"description\":\"Tam vaktinde haber\",\"potentialAction\":[{\"@type\":\"SearchAction\",\"target\":{\"@type\":\"EntryPoint\",\"urlTemplate\":\"https:\\\/\\\/kibrisdakik.com\\\/?s={search_term_string}\"},\"query-input\":{\"@type\":\"PropertyValueSpecification\",\"valueRequired\":true,\"valueName\":\"search_term_string\"}}],\"inLanguage\":\"tr\"},{\"@type\":\"Person\",\"@id\":\"https:\\\/\\\/kibrisdakik.com\\\/#\\\/schema\\\/person\\\/9cd9d437bbb44f72b73ba127e06d8e79\",\"name\":\"admin\",\"image\":{\"@type\":\"ImageObject\",\"inLanguage\":\"tr\",\"@id\":\"https:\\\/\\\/secure.gravatar.com\\\/avatar\\\/ccc17943b9d660506c869530f897617f7cb1c21a4bf30023f252596d83e1f007?s=96&d=mm&r=g\",\"url\":\"https:\\\/\\\/secure.gravatar.com\\\/avatar\\\/ccc17943b9d660506c869530f897617f7cb1c21a4bf30023f252596d83e1f007?s=96&d=mm&r=g\",\"contentUrl\":\"https:\\\/\\\/secure.gravatar.com\\\/avatar\\\/ccc17943b9d660506c869530f897617f7cb1c21a4bf30023f252596d83e1f007?s=96&d=mm&r=g\",\"caption\":\"admin\"},\"sameAs\":[\"https:\\\/\\\/kibrisdakik.com\"],\"url\":\"https:\\\/\\\/kibrisdakik.com\\\/?author=1\"}]}<\/script>\n<!-- \/ Yoast SEO plugin. -->","yoast_head_json":{"title":"Yar\u0131n f\u0131rt\u0131na bekleniyor, Per\u015fembe\u2019ye kadar da hava ya\u011fmurlu olacak -","robots":{"index":"index","follow":"follow","max-snippet":"max-snippet:-1","max-image-preview":"max-image-preview:large","max-video-preview":"max-video-preview:-1"},"canonical":"https:\/\/kibrisdakik.com\/?p=7357","og_locale":"tr_TR","og_type":"article","og_title":"Yar\u0131n f\u0131rt\u0131na bekleniyor, Per\u015fembe\u2019ye kadar da hava ya\u011fmurlu olacak -","og_description":"Meteoroloji Dairesi, yar\u0131n f\u0131rt\u0131na beklendi\u011fi, Per\u015fembe g\u00fcn\u00fcne kadar da havan\u0131n ya\u011fmurlu olaca\u011f\u0131 tahmininde bulundu.Meteoroloji Dairesi, Per\u015fembe g\u00fcn\u00fcne kadar havan\u0131n ya\u011fmurlu olaca\u011f\u0131n\u0131 bildirdi. Hava s\u0131cakl\u0131\u011f\u0131n\u0131n ise 26 \u2013 29 \u00baC dolaylar\u0131nda seyretmesi bekleniyor. Daireden yap\u0131lan a\u00e7\u0131klamaya g\u00f6re, 20 \u2013 26 May\u0131s tarihleri aras\u0131nda b\u00f6lge, genellikle al\u00e7ak bas\u0131n\u00e7 sistemi ile ise \u00fcst atmosferdeki so\u011fuk ve nemli hava","og_url":"https:\/\/kibrisdakik.com\/?p=7357","article_published_time":"2023-05-21T17:40:44+00:00","og_image":[{"width":1600,"height":900,"url":"https:\/\/kibrisdakik.com\/wp-content\/uploads\/2023\/05\/YAGMUR-740x420.jpg","type":"image\/jpeg"}],"author":"admin","twitter_card":"summary_large_image","twitter_misc":{"Yazan:":"admin","Tahmini okuma s\u00fcresi":"1 dakika"},"schema":{"@context":"https:\/\/schema.org","@graph":[{"@type":"Article","@id":"https:\/\/kibrisdakik.com\/?p=7357#article","isPartOf":{"@id":"https:\/\/kibrisdakik.com\/?p=7357"},"author":{"name":"admin","@id":"https:\/\/kibrisdakik.com\/#\/schema\/person\/9cd9d437bbb44f72b73ba127e06d8e79"},"headline":"Yar\u0131n f\u0131rt\u0131na bekleniyor, Per\u015fembe\u2019ye kadar da hava ya\u011fmurlu olacak","datePublished":"2023-05-21T17:40:44+00:00","mainEntityOfPage":{"@id":"https:\/\/kibrisdakik.com\/?p=7357"},"wordCount":125,"commentCount":0,"image":{"@id":"https:\/\/kibrisdakik.com\/?p=7357#primaryimage"},"thumbnailUrl":"https:\/\/kibrisdakik.com\/wp-content\/uploads\/2023\/05\/YAGMUR-740x420.jpg","articleSection":["G\u00fcndem"],"inLanguage":"tr","potentialAction":[{"@type":"CommentAction","name":"Comment","target":["https:\/\/kibrisdakik.com\/?p=7357#respond"]}]},{"@type":"WebPage","@id":"https:\/\/kibrisdakik.com\/?p=7357","url":"https:\/\/kibrisdakik.com\/?p=7357","name":"Yar\u0131n f\u0131rt\u0131na bekleniyor, Per\u015fembe\u2019ye kadar da hava ya\u011fmurlu olacak -","isPartOf":{"@id":"https:\/\/kibrisdakik.com\/#website"},"primaryImageOfPage":{"@id":"https:\/\/kibrisdakik.com\/?p=7357#primaryimage"},"image":{"@id":"https:\/\/kibrisdakik.com\/?p=7357#primaryimage"},"thumbnailUrl":"https:\/\/kibrisdakik.com\/wp-content\/uploads\/2023\/05\/YAGMUR-740x420.jpg","datePublished":"2023-05-21T17:40:44+00:00","author":{"@id":"https:\/\/kibrisdakik.com\/#\/schema\/person\/9cd9d437bbb44f72b73ba127e06d8e79"},"breadcrumb":{"@id":"https:\/\/kibrisdakik.com\/?p=7357#breadcrumb"},"inLanguage":"tr","potentialAction":[{"@type":"ReadAction","target":["https:\/\/kibrisdakik.com\/?p=7357"]}]},{"@type":"ImageObject","inLanguage":"tr","@id":"https:\/\/kibrisdakik.com\/?p=7357#primaryimage","url":"https:\/\/kibrisdakik.com\/wp-content\/uploads\/2023\/05\/YAGMUR-740x420.jpg","contentUrl":"https:\/\/kibrisdakik.com\/wp-content\/uploads\/2023\/05\/YAGMUR-740x420.jpg","width":1600,"height":900},{"@type":"BreadcrumbList","@id":"https:\/\/kibrisdakik.com\/?p=7357#breadcrumb","itemListElement":[{"@type":"ListItem","position":1,"name":"Home","item":"https:\/\/kibrisdakik.com\/"},{"@type":"ListItem","position":2,"name":"Yar\u0131n f\u0131rt\u0131na bekleniyor, Per\u015fembe\u2019ye kadar da hava ya\u011fmurlu olacak"}]},{"@type":"WebSite","@id":"https:\/\/kibrisdakik.com\/#website","url":"https:\/\/kibrisdakik.com\/","name":"","description":"Tam vaktinde haber","potentialAction":[{"@type":"SearchAction","target":{"@type":"EntryPoint","urlTemplate":"https:\/\/kibrisdakik.com\/?s={search_term_string}"},"query-input":{"@type":"PropertyValueSpecification","valueRequired":true,"valueName":"search_term_string"}}],"inLanguage":"tr"},{"@type":"Person","@id":"https:\/\/kibrisdakik.com\/#\/schema\/person\/9cd9d437bbb44f72b73ba127e06d8e79","name":"admin","image":{"@type":"ImageObject","inLanguage":"tr","@id":"https:\/\/secure.gravatar.com\/avatar\/ccc17943b9d660506c869530f897617f7cb1c21a4bf30023f252596d83e1f007?s=96&d=mm&r=g","url":"https:\/\/secure.gravatar.com\/avatar\/ccc17943b9d660506c869530f897617f7cb1c21a4bf30023f252596d83e1f007?s=96&d=mm&r=g","contentUrl":"https:\/\/secure.gravatar.com\/avatar\/ccc17943b9d660506c869530f897617f7cb1c21a4bf30023f252596d83e1f007?s=96&d=mm&r=g","caption":"admin"},"sameAs":["https:\/\/kibrisdakik.com"],"url":"https:\/\/kibrisdakik.com\/?author=1"}]}},"_links":{"self":[{"href":"https:\/\/kibrisdakik.com\/index.php?rest_route=\/wp\/v2\/posts\/7357","targetHints":{"allow":["GET"]}}],"collection":[{"href":"https:\/\/kibrisdakik.com\/index.php?rest_route=\/wp\/v2\/posts"}],"about":[{"href":"https:\/\/kibrisdakik.com\/index.php?rest_route=\/wp\/v2\/types\/post"}],"author":[{"embeddable":true,"href":"https:\/\/kibrisdakik.com\/index.php?rest_route=\/wp\/v2\/users\/1"}],"replies":[{"embeddable":true,"href":"https:\/\/kibrisdakik.com\/index.php?rest_route=%2Fwp%2Fv2%2Fcomments&post=7357"}],"version-history":[{"count":0,"href":"https:\/\/kibrisdakik.com\/index.php?rest_route=\/wp\/v2\/posts\/7357\/revisions"}],"wp:featuredmedia":[{"embeddable":true,"href":"https:\/\/kibrisdakik.com\/index.php?rest_route=\/wp\/v2\/media\/7229"}],"wp:attachment":[{"href":"https:\/\/kibrisdakik.com\/index.php?rest_route=%2Fwp%2Fv2%2Fmedia&parent=7357"}],"wp:term":[{"taxonomy":"category","embeddable":true,"href":"https:\/\/kibrisdakik.com\/index.php?rest_route=%2Fwp%2Fv2%2Fcategories&post=7357"},{"taxonomy":"post_tag","embeddable":true,"href":"https:\/\/kibrisdakik.com\/index.php?rest_route=%2Fwp%2Fv2%2Ftags&post=7357"}],"curies":[{"name":"wp","href":"https:\/\/api.w.org\/{rel}","templated":true}]}}