{"id":73582,"date":"2025-01-14T21:00:36","date_gmt":"2025-01-14T18:00:36","guid":{"rendered":"https:\/\/kibrisdakik.com\/index.php\/2025\/01\/14\/cumhurbaskani-ersin-tatar-tbmm-guvenlik-ve-istihbarat-komisyonu-heyetini-kabul-etti\/"},"modified":"2025-01-14T21:00:36","modified_gmt":"2025-01-14T18:00:36","slug":"cumhurbaskani-ersin-tatar-tbmm-guvenlik-ve-istihbarat-komisyonu-heyetini-kabul-etti","status":"publish","type":"post","link":"https:\/\/kibrisdakik.com\/?p=73582","title":{"rendered":"Cumhurba\u015fkan\u0131 Ersin Tatar TBMM G\u00fcvenlik ve \u0130stihbarat Komisyonu heyetini kabul etti"},"content":{"rendered":"<div>\n<div class=\"mariselle-image-container center\">\n                                            <\/div>\n<p>Cumhurba\u015fkan\u0131 Ersin Tatar TBMM G\u00fcvenlik ve \u0130stihbarat Komisyonu heyetini kabul etti.<\/p>\n<p>Cumhurba\u015fkanl\u0131\u011f\u0131\u2019ndan verilen bilgiye g\u00f6re, ziyaretten duydu\u011fu memnuniyeti ifade eden Cumhurba\u015fkan\u0131 Tatar, Kuzey K\u0131br\u0131s T\u00fcrk Cumhuriyeti\u2019ne g\u00f6sterdikleri yak\u0131n ilgiden\u00a0 dolay\u0131 heyette te\u015fekk\u00fcr etti.<\/p>\n<p>G\u00fcvenlik konusunun \u00f6nemli oldu\u011funu belirten Cumhurba\u015fkan\u0131 Tatar, T\u00fcrkiye ile i\u015fbirli\u011finin bu noktada \u00f6nemli oldu\u011fu, teknoloji ile de bunun peki\u015ftirilmesinin gerekti\u011fini kaydetti.<\/p>\n<p>G\u00fcvenli\u011fin art\u0131r\u0131lmas\u0131 noktas\u0131nda, T\u00fcrkiye\u2019nin deste\u011finin \u00f6neminin alt\u0131n\u0131 \u00e7izen Cumhurba\u015fkan\u0131 Tatar, ulusal g\u00fcvenli\u011fin korunmas\u0131 konusunda s\u00fcrd\u00fcr\u00fclen \u00e7al\u0131\u015fmalardan dolay\u0131 heyete te\u015fekk\u00fcr ederek, ba\u015far\u0131lar diledi.<\/p>\n<div class=\"mariselle-image-container center\">\n                <img loading=\"lazy\" decoding=\"async\" width=\"930\" height=\"569\" class=\"lazy-image\" alt=\"\" sizes=\"auto, (max-width: 930px) 100vw, 930px\" src=\"https:\/\/brtk.net\/wp-content\/uploads\/2025\/01\/14\/TATAR-TBMM-HEYETI-2.jpg?ver=95f8432240f6e738eac2afa7b035ee8c\" srcset=\"https:\/\/brtk.net\/wp-content\/uploads\/2025\/01\/14\/TATAR-TBMM-HEYETI-2.jpg?ver=95f8432240f6e738eac2afa7b035ee8c 930w, https:\/\/brtk.net\/wp-content\/uploads\/2025\/01\/14\/TATAR-TBMM-HEYETI-2-300x184.jpg?ver=25cb2a1375304ec2add7fe39edd04b3b 300w, https:\/\/brtk.net\/wp-content\/uploads\/2025\/01\/14\/TATAR-TBMM-HEYETI-2-768x470.jpg?ver=25cb2a1375304ec2add7fe39edd04b3b 768w\"\/>                            <\/div>\n<p>TBMM G\u00fcvenlik ve \u0130stihbarat Komisyonu Ba\u015fkan\u0131 Veysal Tipio\u011flu ise, KKTC\u2019nin uluslararas\u0131 alanda g\u00f6r\u00fcn\u00fcrl\u00fc\u011f\u00fcn\u00fc parlamenterler seviyesindeki temaslarla art\u0131rma \u00e7abas\u0131 i\u00e7erisinde olduklar\u0131n\u0131 kaydederek, Azerbaycan Milli Meclisinde oy birli\u011fiyle KKTC ile Dostluk Grubu kurulmas\u0131 karar\u0131n\u0131n al\u0131nmas\u0131ndan duyduklar\u0131 mutlulu\u011fu ifade etti.<\/p>\n<p>Azerbaycan ile ili\u015fkilerin \u201c\u00fc\u00e7 devlet tek millet\u201d \u015fiar\u0131yla geli\u015ferek ilerleyece\u011fine dair inan\u00e7lar\u0131n\u0131n tam oldu\u011funu vurgulayan Tipio\u011flu, KKTC Cumhuriyet Meclisi\u2019nin Avrupa Konseyi Parlamenterler Meclisi (AKPM), \u0130slam \u0130\u015fbirli\u011fi Te\u015fkilat\u0131 Parlamenterler Asamblesi (\u0130S\u0130PAB), Parlamentolararas\u0131 Birlik (PAB) ve T\u00fcrk Devletleri Parlamenter Asamblesi (T\u00dcRKPA) gibi uluslararas\u0131 platformlar\u0131n \u00e7al\u0131\u015fmalar\u0131na kat\u0131lmas\u0131n\u0131 son derece \u00f6nemli g\u00f6rd\u00fcklerini kaydetti.<br \/>Veysal Tipio\u011flu, \u201c6 Kas\u0131m\u2019da d\u00fczenlenen T\u00fcrk Devletleri Te\u015fkilat\u0131 (TDT) Bi\u015fkek Zirvesi\u2019ne onur konu\u011fu olarak davet edilmi\u015f olman\u0131zdan b\u00fcy\u00fck bir memnuniyet duyduk. T\u00fcrk devletleriyle TDT yoluyla temaslar\u0131n\u0131z\u0131 artt\u0131rman\u0131z ve ili\u015fkilerinizi geli\u015ftirmeniz, K\u0131br\u0131s T\u00fcrk\u00fcn\u00fcn hakl\u0131 davas\u0131n\u0131 d\u00fcnyaya duyurman\u0131z\u0131 sa\u011flayacakt\u0131r. Bundan sonra da Kuzey K\u0131br\u0131s T\u00fcrk Cumhuriyeti\u2019nin TDT toplant\u0131lar\u0131na kat\u0131l\u0131m\u0131 i\u00e7in var\u00a0 g\u00fcc\u00fcm\u00fczle \u00e7al\u0131\u015fmaya devam edece\u011fiz. T\u00fcrkiye, hakl\u0131 m\u00fccadelesinde her zaman ve her ko\u015fulda K\u0131br\u0131s T\u00fcrk\u00fc\u2019n\u00fcn yan\u0131nda olacakt\u0131r. Gazi Meclisimizin kap\u0131lar\u0131 sizlere her daim a\u00e7\u0131kt\u0131r\u201d dedi<\/p>\n<\/p><\/div>\n<p><script async\n                    defer\n                    crossorigin=\"anonymous\"\n                    src=\"https:\/\/connect.facebook.net\/tr_TR\/sdk.js#xfbml=1&#038;version=v3.3\"\n            ><\/script><\/p>\n","protected":false},"excerpt":{"rendered":"<p>Cumhurba\u015fkan\u0131 Ersin Tatar TBMM G\u00fcvenlik ve \u0130stihbarat Komisyonu heyetini kabul etti. Cumhurba\u015fkanl\u0131\u011f\u0131\u2019ndan verilen bilgiye g\u00f6re, ziyaretten duydu\u011fu memnuniyeti ifade eden Cumhurba\u015fkan\u0131 Tatar, Kuzey K\u0131br\u0131s T\u00fcrk Cumhuriyeti\u2019ne g\u00f6sterdikleri yak\u0131n ilgiden\u00a0 dolay\u0131 heyette te\u015fekk\u00fcr etti. G\u00fcvenlik konusunun \u00f6nemli oldu\u011funu belirten Cumhurba\u015fkan\u0131 Tatar, T\u00fcrkiye ile i\u015fbirli\u011finin bu noktada \u00f6nemli oldu\u011fu, teknoloji ile de bunun peki\u015ftirilmesinin gerekti\u011fini kaydetti. G\u00fcvenli\u011fin<\/p>\n","protected":false},"author":1,"featured_media":73583,"comment_status":"open","ping_status":"open","sticky":false,"template":"","format":"standard","meta":{"footnotes":""},"categories":[81,101],"tags":[],"class_list":["post-73582","post","type-post","status-publish","format-standard","has-post-thumbnail","hentry","category-kibris","category-manset"],"yoast_head":"<!-- This site is optimized with the Yoast SEO plugin v27.4 - https:\/\/yoast.com\/product\/yoast-seo-wordpress\/ -->\n<title>Cumhurba\u015fkan\u0131 Ersin Tatar TBMM G\u00fcvenlik ve \u0130stihbarat Komisyonu heyetini kabul etti -<\/title>\n<meta name=\"robots\" content=\"index, follow, max-snippet:-1, max-image-preview:large, max-video-preview:-1\" \/>\n<link rel=\"canonical\" href=\"https:\/\/kibrisdakik.com\/?p=73582\" \/>\n<meta property=\"og:locale\" content=\"tr_TR\" \/>\n<meta property=\"og:type\" content=\"article\" \/>\n<meta property=\"og:title\" content=\"Cumhurba\u015fkan\u0131 Ersin Tatar TBMM G\u00fcvenlik ve \u0130stihbarat Komisyonu heyetini kabul etti -\" \/>\n<meta property=\"og:description\" content=\"Cumhurba\u015fkan\u0131 Ersin Tatar TBMM G\u00fcvenlik ve \u0130stihbarat Komisyonu heyetini kabul etti. Cumhurba\u015fkanl\u0131\u011f\u0131\u2019ndan verilen bilgiye g\u00f6re, ziyaretten duydu\u011fu memnuniyeti ifade eden Cumhurba\u015fkan\u0131 Tatar, Kuzey K\u0131br\u0131s T\u00fcrk Cumhuriyeti\u2019ne g\u00f6sterdikleri yak\u0131n ilgiden\u00a0 dolay\u0131 heyette te\u015fekk\u00fcr etti. G\u00fcvenlik konusunun \u00f6nemli oldu\u011funu belirten Cumhurba\u015fkan\u0131 Tatar, T\u00fcrkiye ile i\u015fbirli\u011finin bu noktada \u00f6nemli oldu\u011fu, teknoloji ile de bunun peki\u015ftirilmesinin gerekti\u011fini kaydetti. G\u00fcvenli\u011fin\" \/>\n<meta property=\"og:url\" content=\"https:\/\/kibrisdakik.com\/?p=73582\" \/>\n<meta property=\"article:published_time\" content=\"2025-01-14T18:00:36+00:00\" \/>\n<meta property=\"og:image\" content=\"https:\/\/kibrisdakik.com\/wp-content\/uploads\/2025\/01\/f523442c-aa61-4ad1-bee9-2e74a50e6050-740x420.jpg\" \/>\n\t<meta property=\"og:image:width\" content=\"1600\" \/>\n\t<meta property=\"og:image:height\" content=\"615\" \/>\n\t<meta property=\"og:image:type\" content=\"image\/jpeg\" \/>\n<meta name=\"author\" content=\"admin\" \/>\n<meta name=\"twitter:card\" content=\"summary_large_image\" \/>\n<meta name=\"twitter:label1\" content=\"Yazan:\" \/>\n\t<meta name=\"twitter:data1\" content=\"admin\" \/>\n\t<meta name=\"twitter:label2\" content=\"Tahmini okuma s\u00fcresi\" \/>\n\t<meta name=\"twitter:data2\" content=\"2 dakika\" \/>\n<script type=\"application\/ld+json\" class=\"yoast-schema-graph\">{\"@context\":\"https:\\\/\\\/schema.org\",\"@graph\":[{\"@type\":\"Article\",\"@id\":\"https:\\\/\\\/kibrisdakik.com\\\/?p=73582#article\",\"isPartOf\":{\"@id\":\"https:\\\/\\\/kibrisdakik.com\\\/?p=73582\"},\"author\":{\"name\":\"admin\",\"@id\":\"https:\\\/\\\/kibrisdakik.com\\\/#\\\/schema\\\/person\\\/9cd9d437bbb44f72b73ba127e06d8e79\"},\"headline\":\"Cumhurba\u015fkan\u0131 Ersin Tatar TBMM G\u00fcvenlik ve \u0130stihbarat Komisyonu heyetini kabul etti\",\"datePublished\":\"2025-01-14T18:00:36+00:00\",\"mainEntityOfPage\":{\"@id\":\"https:\\\/\\\/kibrisdakik.com\\\/?p=73582\"},\"wordCount\":385,\"commentCount\":0,\"image\":{\"@id\":\"https:\\\/\\\/kibrisdakik.com\\\/?p=73582#primaryimage\"},\"thumbnailUrl\":\"https:\\\/\\\/kibrisdakik.com\\\/wp-content\\\/uploads\\\/2025\\\/01\\\/f523442c-aa61-4ad1-bee9-2e74a50e6050-740x420.jpg\",\"articleSection\":[\"K\u0131br\u0131s\",\"Man\u015fet\"],\"inLanguage\":\"tr\",\"potentialAction\":[{\"@type\":\"CommentAction\",\"name\":\"Comment\",\"target\":[\"https:\\\/\\\/kibrisdakik.com\\\/?p=73582#respond\"]}]},{\"@type\":\"WebPage\",\"@id\":\"https:\\\/\\\/kibrisdakik.com\\\/?p=73582\",\"url\":\"https:\\\/\\\/kibrisdakik.com\\\/?p=73582\",\"name\":\"Cumhurba\u015fkan\u0131 Ersin Tatar TBMM G\u00fcvenlik ve \u0130stihbarat Komisyonu heyetini kabul etti -\",\"isPartOf\":{\"@id\":\"https:\\\/\\\/kibrisdakik.com\\\/#website\"},\"primaryImageOfPage\":{\"@id\":\"https:\\\/\\\/kibrisdakik.com\\\/?p=73582#primaryimage\"},\"image\":{\"@id\":\"https:\\\/\\\/kibrisdakik.com\\\/?p=73582#primaryimage\"},\"thumbnailUrl\":\"https:\\\/\\\/kibrisdakik.com\\\/wp-content\\\/uploads\\\/2025\\\/01\\\/f523442c-aa61-4ad1-bee9-2e74a50e6050-740x420.jpg\",\"datePublished\":\"2025-01-14T18:00:36+00:00\",\"author\":{\"@id\":\"https:\\\/\\\/kibrisdakik.com\\\/#\\\/schema\\\/person\\\/9cd9d437bbb44f72b73ba127e06d8e79\"},\"breadcrumb\":{\"@id\":\"https:\\\/\\\/kibrisdakik.com\\\/?p=73582#breadcrumb\"},\"inLanguage\":\"tr\",\"potentialAction\":[{\"@type\":\"ReadAction\",\"target\":[\"https:\\\/\\\/kibrisdakik.com\\\/?p=73582\"]}]},{\"@type\":\"ImageObject\",\"inLanguage\":\"tr\",\"@id\":\"https:\\\/\\\/kibrisdakik.com\\\/?p=73582#primaryimage\",\"url\":\"https:\\\/\\\/kibrisdakik.com\\\/wp-content\\\/uploads\\\/2025\\\/01\\\/f523442c-aa61-4ad1-bee9-2e74a50e6050-740x420.jpg\",\"contentUrl\":\"https:\\\/\\\/kibrisdakik.com\\\/wp-content\\\/uploads\\\/2025\\\/01\\\/f523442c-aa61-4ad1-bee9-2e74a50e6050-740x420.jpg\",\"width\":1600,\"height\":615},{\"@type\":\"BreadcrumbList\",\"@id\":\"https:\\\/\\\/kibrisdakik.com\\\/?p=73582#breadcrumb\",\"itemListElement\":[{\"@type\":\"ListItem\",\"position\":1,\"name\":\"Home\",\"item\":\"https:\\\/\\\/kibrisdakik.com\\\/\"},{\"@type\":\"ListItem\",\"position\":2,\"name\":\"Cumhurba\u015fkan\u0131 Ersin Tatar TBMM G\u00fcvenlik ve \u0130stihbarat Komisyonu heyetini kabul etti\"}]},{\"@type\":\"WebSite\",\"@id\":\"https:\\\/\\\/kibrisdakik.com\\\/#website\",\"url\":\"https:\\\/\\\/kibrisdakik.com\\\/\",\"name\":\"\",\"description\":\"Tam vaktinde haber\",\"potentialAction\":[{\"@type\":\"SearchAction\",\"target\":{\"@type\":\"EntryPoint\",\"urlTemplate\":\"https:\\\/\\\/kibrisdakik.com\\\/?s={search_term_string}\"},\"query-input\":{\"@type\":\"PropertyValueSpecification\",\"valueRequired\":true,\"valueName\":\"search_term_string\"}}],\"inLanguage\":\"tr\"},{\"@type\":\"Person\",\"@id\":\"https:\\\/\\\/kibrisdakik.com\\\/#\\\/schema\\\/person\\\/9cd9d437bbb44f72b73ba127e06d8e79\",\"name\":\"admin\",\"image\":{\"@type\":\"ImageObject\",\"inLanguage\":\"tr\",\"@id\":\"https:\\\/\\\/secure.gravatar.com\\\/avatar\\\/ccc17943b9d660506c869530f897617f7cb1c21a4bf30023f252596d83e1f007?s=96&d=mm&r=g\",\"url\":\"https:\\\/\\\/secure.gravatar.com\\\/avatar\\\/ccc17943b9d660506c869530f897617f7cb1c21a4bf30023f252596d83e1f007?s=96&d=mm&r=g\",\"contentUrl\":\"https:\\\/\\\/secure.gravatar.com\\\/avatar\\\/ccc17943b9d660506c869530f897617f7cb1c21a4bf30023f252596d83e1f007?s=96&d=mm&r=g\",\"caption\":\"admin\"},\"sameAs\":[\"https:\\\/\\\/kibrisdakik.com\"],\"url\":\"https:\\\/\\\/kibrisdakik.com\\\/?author=1\"}]}<\/script>\n<!-- \/ Yoast SEO plugin. -->","yoast_head_json":{"title":"Cumhurba\u015fkan\u0131 Ersin Tatar TBMM G\u00fcvenlik ve \u0130stihbarat Komisyonu heyetini kabul etti -","robots":{"index":"index","follow":"follow","max-snippet":"max-snippet:-1","max-image-preview":"max-image-preview:large","max-video-preview":"max-video-preview:-1"},"canonical":"https:\/\/kibrisdakik.com\/?p=73582","og_locale":"tr_TR","og_type":"article","og_title":"Cumhurba\u015fkan\u0131 Ersin Tatar TBMM G\u00fcvenlik ve \u0130stihbarat Komisyonu heyetini kabul etti -","og_description":"Cumhurba\u015fkan\u0131 Ersin Tatar TBMM G\u00fcvenlik ve \u0130stihbarat Komisyonu heyetini kabul etti. Cumhurba\u015fkanl\u0131\u011f\u0131\u2019ndan verilen bilgiye g\u00f6re, ziyaretten duydu\u011fu memnuniyeti ifade eden Cumhurba\u015fkan\u0131 Tatar, Kuzey K\u0131br\u0131s T\u00fcrk Cumhuriyeti\u2019ne g\u00f6sterdikleri yak\u0131n ilgiden\u00a0 dolay\u0131 heyette te\u015fekk\u00fcr etti. G\u00fcvenlik konusunun \u00f6nemli oldu\u011funu belirten Cumhurba\u015fkan\u0131 Tatar, T\u00fcrkiye ile i\u015fbirli\u011finin bu noktada \u00f6nemli oldu\u011fu, teknoloji ile de bunun peki\u015ftirilmesinin gerekti\u011fini kaydetti. G\u00fcvenli\u011fin","og_url":"https:\/\/kibrisdakik.com\/?p=73582","article_published_time":"2025-01-14T18:00:36+00:00","og_image":[{"width":1600,"height":615,"url":"https:\/\/kibrisdakik.com\/wp-content\/uploads\/2025\/01\/f523442c-aa61-4ad1-bee9-2e74a50e6050-740x420.jpg","type":"image\/jpeg"}],"author":"admin","twitter_card":"summary_large_image","twitter_misc":{"Yazan:":"admin","Tahmini okuma s\u00fcresi":"2 dakika"},"schema":{"@context":"https:\/\/schema.org","@graph":[{"@type":"Article","@id":"https:\/\/kibrisdakik.com\/?p=73582#article","isPartOf":{"@id":"https:\/\/kibrisdakik.com\/?p=73582"},"author":{"name":"admin","@id":"https:\/\/kibrisdakik.com\/#\/schema\/person\/9cd9d437bbb44f72b73ba127e06d8e79"},"headline":"Cumhurba\u015fkan\u0131 Ersin Tatar TBMM G\u00fcvenlik ve \u0130stihbarat Komisyonu heyetini kabul etti","datePublished":"2025-01-14T18:00:36+00:00","mainEntityOfPage":{"@id":"https:\/\/kibrisdakik.com\/?p=73582"},"wordCount":385,"commentCount":0,"image":{"@id":"https:\/\/kibrisdakik.com\/?p=73582#primaryimage"},"thumbnailUrl":"https:\/\/kibrisdakik.com\/wp-content\/uploads\/2025\/01\/f523442c-aa61-4ad1-bee9-2e74a50e6050-740x420.jpg","articleSection":["K\u0131br\u0131s","Man\u015fet"],"inLanguage":"tr","potentialAction":[{"@type":"CommentAction","name":"Comment","target":["https:\/\/kibrisdakik.com\/?p=73582#respond"]}]},{"@type":"WebPage","@id":"https:\/\/kibrisdakik.com\/?p=73582","url":"https:\/\/kibrisdakik.com\/?p=73582","name":"Cumhurba\u015fkan\u0131 Ersin Tatar TBMM G\u00fcvenlik ve \u0130stihbarat Komisyonu heyetini kabul etti -","isPartOf":{"@id":"https:\/\/kibrisdakik.com\/#website"},"primaryImageOfPage":{"@id":"https:\/\/kibrisdakik.com\/?p=73582#primaryimage"},"image":{"@id":"https:\/\/kibrisdakik.com\/?p=73582#primaryimage"},"thumbnailUrl":"https:\/\/kibrisdakik.com\/wp-content\/uploads\/2025\/01\/f523442c-aa61-4ad1-bee9-2e74a50e6050-740x420.jpg","datePublished":"2025-01-14T18:00:36+00:00","author":{"@id":"https:\/\/kibrisdakik.com\/#\/schema\/person\/9cd9d437bbb44f72b73ba127e06d8e79"},"breadcrumb":{"@id":"https:\/\/kibrisdakik.com\/?p=73582#breadcrumb"},"inLanguage":"tr","potentialAction":[{"@type":"ReadAction","target":["https:\/\/kibrisdakik.com\/?p=73582"]}]},{"@type":"ImageObject","inLanguage":"tr","@id":"https:\/\/kibrisdakik.com\/?p=73582#primaryimage","url":"https:\/\/kibrisdakik.com\/wp-content\/uploads\/2025\/01\/f523442c-aa61-4ad1-bee9-2e74a50e6050-740x420.jpg","contentUrl":"https:\/\/kibrisdakik.com\/wp-content\/uploads\/2025\/01\/f523442c-aa61-4ad1-bee9-2e74a50e6050-740x420.jpg","width":1600,"height":615},{"@type":"BreadcrumbList","@id":"https:\/\/kibrisdakik.com\/?p=73582#breadcrumb","itemListElement":[{"@type":"ListItem","position":1,"name":"Home","item":"https:\/\/kibrisdakik.com\/"},{"@type":"ListItem","position":2,"name":"Cumhurba\u015fkan\u0131 Ersin Tatar TBMM G\u00fcvenlik ve \u0130stihbarat Komisyonu heyetini kabul etti"}]},{"@type":"WebSite","@id":"https:\/\/kibrisdakik.com\/#website","url":"https:\/\/kibrisdakik.com\/","name":"","description":"Tam vaktinde haber","potentialAction":[{"@type":"SearchAction","target":{"@type":"EntryPoint","urlTemplate":"https:\/\/kibrisdakik.com\/?s={search_term_string}"},"query-input":{"@type":"PropertyValueSpecification","valueRequired":true,"valueName":"search_term_string"}}],"inLanguage":"tr"},{"@type":"Person","@id":"https:\/\/kibrisdakik.com\/#\/schema\/person\/9cd9d437bbb44f72b73ba127e06d8e79","name":"admin","image":{"@type":"ImageObject","inLanguage":"tr","@id":"https:\/\/secure.gravatar.com\/avatar\/ccc17943b9d660506c869530f897617f7cb1c21a4bf30023f252596d83e1f007?s=96&d=mm&r=g","url":"https:\/\/secure.gravatar.com\/avatar\/ccc17943b9d660506c869530f897617f7cb1c21a4bf30023f252596d83e1f007?s=96&d=mm&r=g","contentUrl":"https:\/\/secure.gravatar.com\/avatar\/ccc17943b9d660506c869530f897617f7cb1c21a4bf30023f252596d83e1f007?s=96&d=mm&r=g","caption":"admin"},"sameAs":["https:\/\/kibrisdakik.com"],"url":"https:\/\/kibrisdakik.com\/?author=1"}]}},"_links":{"self":[{"href":"https:\/\/kibrisdakik.com\/index.php?rest_route=\/wp\/v2\/posts\/73582","targetHints":{"allow":["GET"]}}],"collection":[{"href":"https:\/\/kibrisdakik.com\/index.php?rest_route=\/wp\/v2\/posts"}],"about":[{"href":"https:\/\/kibrisdakik.com\/index.php?rest_route=\/wp\/v2\/types\/post"}],"author":[{"embeddable":true,"href":"https:\/\/kibrisdakik.com\/index.php?rest_route=\/wp\/v2\/users\/1"}],"replies":[{"embeddable":true,"href":"https:\/\/kibrisdakik.com\/index.php?rest_route=%2Fwp%2Fv2%2Fcomments&post=73582"}],"version-history":[{"count":0,"href":"https:\/\/kibrisdakik.com\/index.php?rest_route=\/wp\/v2\/posts\/73582\/revisions"}],"wp:featuredmedia":[{"embeddable":true,"href":"https:\/\/kibrisdakik.com\/index.php?rest_route=\/wp\/v2\/media\/73583"}],"wp:attachment":[{"href":"https:\/\/kibrisdakik.com\/index.php?rest_route=%2Fwp%2Fv2%2Fmedia&parent=73582"}],"wp:term":[{"taxonomy":"category","embeddable":true,"href":"https:\/\/kibrisdakik.com\/index.php?rest_route=%2Fwp%2Fv2%2Fcategories&post=73582"},{"taxonomy":"post_tag","embeddable":true,"href":"https:\/\/kibrisdakik.com\/index.php?rest_route=%2Fwp%2Fv2%2Ftags&post=73582"}],"curies":[{"name":"wp","href":"https:\/\/api.w.org\/{rel}","templated":true}]}}