{"id":73594,"date":"2025-01-14T22:21:39","date_gmt":"2025-01-14T19:21:39","guid":{"rendered":"https:\/\/kibrisdakik.com\/index.php\/2025\/01\/14\/bakan-gardiyanoglu-2025-yilinin-ilk-asgari-ucretini-belirlemek-uzere-persembe-veya-cuma-gunu-icin-toplanti-cagrisi-yapacagim\/"},"modified":"2025-01-14T22:21:39","modified_gmt":"2025-01-14T19:21:39","slug":"bakan-gardiyanoglu-2025-yilinin-ilk-asgari-ucretini-belirlemek-uzere-persembe-veya-cuma-gunu-icin-toplanti-cagrisi-yapacagim","status":"publish","type":"post","link":"https:\/\/kibrisdakik.com\/?p=73594","title":{"rendered":"Bakan Gardiyano\u011flu: 2025 y\u0131l\u0131n\u0131n ilk asgari \u00fccretini belirlemek \u00fczere Per\u015fembe veya Cuma g\u00fcn\u00fc i\u00e7in toplant\u0131 \u00e7a\u011fr\u0131s\u0131 yapaca\u011f\u0131m"},"content":{"rendered":"<div>\n<div class=\"mariselle-image-container center\">\n                                            <\/div>\n<p>\u00c7al\u0131\u015fma ve Sosyal G\u00fcvenlik Bakan\u0131 Sad\u0131k Gardiyano\u011flu, BRT\u2019de yay\u0131nlanan \u201918. Saat\u2019 program\u0131nda asgari \u00fccret konusunu de\u011ferlendirdi.<\/p>\n<p>Gardiyano\u011flu 2025 y\u0131l\u0131n\u0131n ilk asgari \u00fccretini belirlemek \u00fczere Per\u015fembe veya  Cuma g\u00fcn\u00fc i\u00e7in toplant\u0131 \u00e7a\u011fr\u0131s\u0131 yapaca\u011f\u0131n\u0131 a\u00e7\u0131klad\u0131.<\/p>\n<p>Bakan Gardiyano\u011flu, asgari \u00fccret masas\u0131n\u0131n bir denge masas\u0131 oldu\u011funu belirtti ve t\u00fcm taraflar\u0131n korumas\u0131n\u0131n \u00f6nemine i\u015faret etti.<\/p>\n<p><iframe loading=\"lazy\" title=\"18. Saat 14.01.2025\" width=\"960\" height=\"540\" src=\"https:\/\/www.youtube.com\/embed\/fxbIUXbo6yM?feature=oembed\" frameborder=\"0\" allow=\"accelerometer; autoplay; clipboard-write; encrypted-media; gyroscope; picture-in-picture; web-share\" referrerpolicy=\"strict-origin-when-cross-origin\" allowfullscreen><\/iframe><\/p>\n<\/p><\/div>\n<p><script async\n                    defer\n                    crossorigin=\"anonymous\"\n                    src=\"https:\/\/connect.facebook.net\/tr_TR\/sdk.js#xfbml=1&#038;version=v3.3\"\n            ><\/script><\/p>\n","protected":false},"excerpt":{"rendered":"<p>\u00c7al\u0131\u015fma ve Sosyal G\u00fcvenlik Bakan\u0131 Sad\u0131k Gardiyano\u011flu, BRT\u2019de yay\u0131nlanan \u201918. Saat\u2019 program\u0131nda asgari \u00fccret konusunu de\u011ferlendirdi. Gardiyano\u011flu 2025 y\u0131l\u0131n\u0131n ilk asgari \u00fccretini belirlemek \u00fczere Per\u015fembe veya Cuma g\u00fcn\u00fc i\u00e7in toplant\u0131 \u00e7a\u011fr\u0131s\u0131 yapaca\u011f\u0131n\u0131 a\u00e7\u0131klad\u0131. Bakan Gardiyano\u011flu, asgari \u00fccret masas\u0131n\u0131n bir denge masas\u0131 oldu\u011funu belirtti ve t\u00fcm taraflar\u0131n korumas\u0131n\u0131n \u00f6nemine i\u015faret etti.<\/p>\n","protected":false},"author":1,"featured_media":69442,"comment_status":"open","ping_status":"open","sticky":false,"template":"","format":"standard","meta":{"footnotes":""},"categories":[81,101],"tags":[],"class_list":["post-73594","post","type-post","status-publish","format-standard","has-post-thumbnail","hentry","category-kibris","category-manset"],"yoast_head":"<!-- This site is optimized with the Yoast SEO plugin v27.5 - https:\/\/yoast.com\/product\/yoast-seo-wordpress\/ -->\n<title>Bakan Gardiyano\u011flu: 2025 y\u0131l\u0131n\u0131n ilk asgari \u00fccretini belirlemek \u00fczere Per\u015fembe veya Cuma g\u00fcn\u00fc i\u00e7in toplant\u0131 \u00e7a\u011fr\u0131s\u0131 yapaca\u011f\u0131m -<\/title>\n<meta name=\"robots\" content=\"index, follow, max-snippet:-1, max-image-preview:large, max-video-preview:-1\" \/>\n<link rel=\"canonical\" href=\"https:\/\/kibrisdakik.com\/?p=73594\" \/>\n<meta property=\"og:locale\" content=\"tr_TR\" \/>\n<meta property=\"og:type\" content=\"article\" \/>\n<meta property=\"og:title\" content=\"Bakan Gardiyano\u011flu: 2025 y\u0131l\u0131n\u0131n ilk asgari \u00fccretini belirlemek \u00fczere Per\u015fembe veya Cuma g\u00fcn\u00fc i\u00e7in toplant\u0131 \u00e7a\u011fr\u0131s\u0131 yapaca\u011f\u0131m -\" \/>\n<meta property=\"og:description\" content=\"\u00c7al\u0131\u015fma ve Sosyal G\u00fcvenlik Bakan\u0131 Sad\u0131k Gardiyano\u011flu, BRT\u2019de yay\u0131nlanan \u201918. Saat\u2019 program\u0131nda asgari \u00fccret konusunu de\u011ferlendirdi. Gardiyano\u011flu 2025 y\u0131l\u0131n\u0131n ilk asgari \u00fccretini belirlemek \u00fczere Per\u015fembe veya Cuma g\u00fcn\u00fc i\u00e7in toplant\u0131 \u00e7a\u011fr\u0131s\u0131 yapaca\u011f\u0131n\u0131 a\u00e7\u0131klad\u0131. Bakan Gardiyano\u011flu, asgari \u00fccret masas\u0131n\u0131n bir denge masas\u0131 oldu\u011funu belirtti ve t\u00fcm taraflar\u0131n korumas\u0131n\u0131n \u00f6nemine i\u015faret etti.\" \/>\n<meta property=\"og:url\" content=\"https:\/\/kibrisdakik.com\/?p=73594\" \/>\n<meta property=\"article:published_time\" content=\"2025-01-14T19:21:39+00:00\" \/>\n<meta property=\"og:image\" content=\"https:\/\/kibrisdakik.com\/wp-content\/uploads\/2024\/11\/gardiyanoglu-740x420.jpg\" \/>\n\t<meta property=\"og:image:width\" content=\"1504\" \/>\n\t<meta property=\"og:image:height\" content=\"1004\" \/>\n\t<meta property=\"og:image:type\" content=\"image\/jpeg\" \/>\n<meta name=\"author\" content=\"admin\" \/>\n<meta name=\"twitter:card\" content=\"summary_large_image\" \/>\n<meta name=\"twitter:label1\" content=\"Yazan:\" \/>\n\t<meta name=\"twitter:data1\" content=\"admin\" \/>\n<script type=\"application\/ld+json\" class=\"yoast-schema-graph\">{\"@context\":\"https:\\\/\\\/schema.org\",\"@graph\":[{\"@type\":\"Article\",\"@id\":\"https:\\\/\\\/kibrisdakik.com\\\/?p=73594#article\",\"isPartOf\":{\"@id\":\"https:\\\/\\\/kibrisdakik.com\\\/?p=73594\"},\"author\":{\"name\":\"admin\",\"@id\":\"https:\\\/\\\/kibrisdakik.com\\\/#\\\/schema\\\/person\\\/9cd9d437bbb44f72b73ba127e06d8e79\"},\"headline\":\"Bakan Gardiyano\u011flu: 2025 y\u0131l\u0131n\u0131n ilk asgari \u00fccretini belirlemek \u00fczere Per\u015fembe veya Cuma g\u00fcn\u00fc i\u00e7in toplant\u0131 \u00e7a\u011fr\u0131s\u0131 yapaca\u011f\u0131m\",\"datePublished\":\"2025-01-14T19:21:39+00:00\",\"mainEntityOfPage\":{\"@id\":\"https:\\\/\\\/kibrisdakik.com\\\/?p=73594\"},\"wordCount\":112,\"commentCount\":0,\"image\":{\"@id\":\"https:\\\/\\\/kibrisdakik.com\\\/?p=73594#primaryimage\"},\"thumbnailUrl\":\"https:\\\/\\\/kibrisdakik.com\\\/wp-content\\\/uploads\\\/2024\\\/11\\\/gardiyanoglu-740x420.jpg\",\"articleSection\":[\"K\u0131br\u0131s\",\"Man\u015fet\"],\"inLanguage\":\"tr\",\"potentialAction\":[{\"@type\":\"CommentAction\",\"name\":\"Comment\",\"target\":[\"https:\\\/\\\/kibrisdakik.com\\\/?p=73594#respond\"]}]},{\"@type\":\"WebPage\",\"@id\":\"https:\\\/\\\/kibrisdakik.com\\\/?p=73594\",\"url\":\"https:\\\/\\\/kibrisdakik.com\\\/?p=73594\",\"name\":\"Bakan Gardiyano\u011flu: 2025 y\u0131l\u0131n\u0131n ilk asgari \u00fccretini belirlemek \u00fczere Per\u015fembe veya Cuma g\u00fcn\u00fc i\u00e7in toplant\u0131 \u00e7a\u011fr\u0131s\u0131 yapaca\u011f\u0131m -\",\"isPartOf\":{\"@id\":\"https:\\\/\\\/kibrisdakik.com\\\/#website\"},\"primaryImageOfPage\":{\"@id\":\"https:\\\/\\\/kibrisdakik.com\\\/?p=73594#primaryimage\"},\"image\":{\"@id\":\"https:\\\/\\\/kibrisdakik.com\\\/?p=73594#primaryimage\"},\"thumbnailUrl\":\"https:\\\/\\\/kibrisdakik.com\\\/wp-content\\\/uploads\\\/2024\\\/11\\\/gardiyanoglu-740x420.jpg\",\"datePublished\":\"2025-01-14T19:21:39+00:00\",\"author\":{\"@id\":\"https:\\\/\\\/kibrisdakik.com\\\/#\\\/schema\\\/person\\\/9cd9d437bbb44f72b73ba127e06d8e79\"},\"breadcrumb\":{\"@id\":\"https:\\\/\\\/kibrisdakik.com\\\/?p=73594#breadcrumb\"},\"inLanguage\":\"tr\",\"potentialAction\":[{\"@type\":\"ReadAction\",\"target\":[\"https:\\\/\\\/kibrisdakik.com\\\/?p=73594\"]}]},{\"@type\":\"ImageObject\",\"inLanguage\":\"tr\",\"@id\":\"https:\\\/\\\/kibrisdakik.com\\\/?p=73594#primaryimage\",\"url\":\"https:\\\/\\\/kibrisdakik.com\\\/wp-content\\\/uploads\\\/2024\\\/11\\\/gardiyanoglu-740x420.jpg\",\"contentUrl\":\"https:\\\/\\\/kibrisdakik.com\\\/wp-content\\\/uploads\\\/2024\\\/11\\\/gardiyanoglu-740x420.jpg\",\"width\":1504,\"height\":1004},{\"@type\":\"BreadcrumbList\",\"@id\":\"https:\\\/\\\/kibrisdakik.com\\\/?p=73594#breadcrumb\",\"itemListElement\":[{\"@type\":\"ListItem\",\"position\":1,\"name\":\"Home\",\"item\":\"https:\\\/\\\/kibrisdakik.com\\\/\"},{\"@type\":\"ListItem\",\"position\":2,\"name\":\"Bakan Gardiyano\u011flu: 2025 y\u0131l\u0131n\u0131n ilk asgari \u00fccretini belirlemek \u00fczere Per\u015fembe veya Cuma g\u00fcn\u00fc i\u00e7in toplant\u0131 \u00e7a\u011fr\u0131s\u0131 yapaca\u011f\u0131m\"}]},{\"@type\":\"WebSite\",\"@id\":\"https:\\\/\\\/kibrisdakik.com\\\/#website\",\"url\":\"https:\\\/\\\/kibrisdakik.com\\\/\",\"name\":\"\",\"description\":\"Tam vaktinde haber\",\"potentialAction\":[{\"@type\":\"SearchAction\",\"target\":{\"@type\":\"EntryPoint\",\"urlTemplate\":\"https:\\\/\\\/kibrisdakik.com\\\/?s={search_term_string}\"},\"query-input\":{\"@type\":\"PropertyValueSpecification\",\"valueRequired\":true,\"valueName\":\"search_term_string\"}}],\"inLanguage\":\"tr\"},{\"@type\":\"Person\",\"@id\":\"https:\\\/\\\/kibrisdakik.com\\\/#\\\/schema\\\/person\\\/9cd9d437bbb44f72b73ba127e06d8e79\",\"name\":\"admin\",\"image\":{\"@type\":\"ImageObject\",\"inLanguage\":\"tr\",\"@id\":\"https:\\\/\\\/secure.gravatar.com\\\/avatar\\\/ccc17943b9d660506c869530f897617f7cb1c21a4bf30023f252596d83e1f007?s=96&d=mm&r=g\",\"url\":\"https:\\\/\\\/secure.gravatar.com\\\/avatar\\\/ccc17943b9d660506c869530f897617f7cb1c21a4bf30023f252596d83e1f007?s=96&d=mm&r=g\",\"contentUrl\":\"https:\\\/\\\/secure.gravatar.com\\\/avatar\\\/ccc17943b9d660506c869530f897617f7cb1c21a4bf30023f252596d83e1f007?s=96&d=mm&r=g\",\"caption\":\"admin\"},\"sameAs\":[\"https:\\\/\\\/kibrisdakik.com\"],\"url\":\"https:\\\/\\\/kibrisdakik.com\\\/?author=1\"}]}<\/script>\n<!-- \/ Yoast SEO plugin. -->","yoast_head_json":{"title":"Bakan Gardiyano\u011flu: 2025 y\u0131l\u0131n\u0131n ilk asgari \u00fccretini belirlemek \u00fczere Per\u015fembe veya Cuma g\u00fcn\u00fc i\u00e7in toplant\u0131 \u00e7a\u011fr\u0131s\u0131 yapaca\u011f\u0131m -","robots":{"index":"index","follow":"follow","max-snippet":"max-snippet:-1","max-image-preview":"max-image-preview:large","max-video-preview":"max-video-preview:-1"},"canonical":"https:\/\/kibrisdakik.com\/?p=73594","og_locale":"tr_TR","og_type":"article","og_title":"Bakan Gardiyano\u011flu: 2025 y\u0131l\u0131n\u0131n ilk asgari \u00fccretini belirlemek \u00fczere Per\u015fembe veya Cuma g\u00fcn\u00fc i\u00e7in toplant\u0131 \u00e7a\u011fr\u0131s\u0131 yapaca\u011f\u0131m -","og_description":"\u00c7al\u0131\u015fma ve Sosyal G\u00fcvenlik Bakan\u0131 Sad\u0131k Gardiyano\u011flu, BRT\u2019de yay\u0131nlanan \u201918. Saat\u2019 program\u0131nda asgari \u00fccret konusunu de\u011ferlendirdi. Gardiyano\u011flu 2025 y\u0131l\u0131n\u0131n ilk asgari \u00fccretini belirlemek \u00fczere Per\u015fembe veya Cuma g\u00fcn\u00fc i\u00e7in toplant\u0131 \u00e7a\u011fr\u0131s\u0131 yapaca\u011f\u0131n\u0131 a\u00e7\u0131klad\u0131. Bakan Gardiyano\u011flu, asgari \u00fccret masas\u0131n\u0131n bir denge masas\u0131 oldu\u011funu belirtti ve t\u00fcm taraflar\u0131n korumas\u0131n\u0131n \u00f6nemine i\u015faret etti.","og_url":"https:\/\/kibrisdakik.com\/?p=73594","article_published_time":"2025-01-14T19:21:39+00:00","og_image":[{"width":1504,"height":1004,"url":"https:\/\/kibrisdakik.com\/wp-content\/uploads\/2024\/11\/gardiyanoglu-740x420.jpg","type":"image\/jpeg"}],"author":"admin","twitter_card":"summary_large_image","twitter_misc":{"Yazan:":"admin"},"schema":{"@context":"https:\/\/schema.org","@graph":[{"@type":"Article","@id":"https:\/\/kibrisdakik.com\/?p=73594#article","isPartOf":{"@id":"https:\/\/kibrisdakik.com\/?p=73594"},"author":{"name":"admin","@id":"https:\/\/kibrisdakik.com\/#\/schema\/person\/9cd9d437bbb44f72b73ba127e06d8e79"},"headline":"Bakan Gardiyano\u011flu: 2025 y\u0131l\u0131n\u0131n ilk asgari \u00fccretini belirlemek \u00fczere Per\u015fembe veya Cuma g\u00fcn\u00fc i\u00e7in toplant\u0131 \u00e7a\u011fr\u0131s\u0131 yapaca\u011f\u0131m","datePublished":"2025-01-14T19:21:39+00:00","mainEntityOfPage":{"@id":"https:\/\/kibrisdakik.com\/?p=73594"},"wordCount":112,"commentCount":0,"image":{"@id":"https:\/\/kibrisdakik.com\/?p=73594#primaryimage"},"thumbnailUrl":"https:\/\/kibrisdakik.com\/wp-content\/uploads\/2024\/11\/gardiyanoglu-740x420.jpg","articleSection":["K\u0131br\u0131s","Man\u015fet"],"inLanguage":"tr","potentialAction":[{"@type":"CommentAction","name":"Comment","target":["https:\/\/kibrisdakik.com\/?p=73594#respond"]}]},{"@type":"WebPage","@id":"https:\/\/kibrisdakik.com\/?p=73594","url":"https:\/\/kibrisdakik.com\/?p=73594","name":"Bakan Gardiyano\u011flu: 2025 y\u0131l\u0131n\u0131n ilk asgari \u00fccretini belirlemek \u00fczere Per\u015fembe veya Cuma g\u00fcn\u00fc i\u00e7in toplant\u0131 \u00e7a\u011fr\u0131s\u0131 yapaca\u011f\u0131m -","isPartOf":{"@id":"https:\/\/kibrisdakik.com\/#website"},"primaryImageOfPage":{"@id":"https:\/\/kibrisdakik.com\/?p=73594#primaryimage"},"image":{"@id":"https:\/\/kibrisdakik.com\/?p=73594#primaryimage"},"thumbnailUrl":"https:\/\/kibrisdakik.com\/wp-content\/uploads\/2024\/11\/gardiyanoglu-740x420.jpg","datePublished":"2025-01-14T19:21:39+00:00","author":{"@id":"https:\/\/kibrisdakik.com\/#\/schema\/person\/9cd9d437bbb44f72b73ba127e06d8e79"},"breadcrumb":{"@id":"https:\/\/kibrisdakik.com\/?p=73594#breadcrumb"},"inLanguage":"tr","potentialAction":[{"@type":"ReadAction","target":["https:\/\/kibrisdakik.com\/?p=73594"]}]},{"@type":"ImageObject","inLanguage":"tr","@id":"https:\/\/kibrisdakik.com\/?p=73594#primaryimage","url":"https:\/\/kibrisdakik.com\/wp-content\/uploads\/2024\/11\/gardiyanoglu-740x420.jpg","contentUrl":"https:\/\/kibrisdakik.com\/wp-content\/uploads\/2024\/11\/gardiyanoglu-740x420.jpg","width":1504,"height":1004},{"@type":"BreadcrumbList","@id":"https:\/\/kibrisdakik.com\/?p=73594#breadcrumb","itemListElement":[{"@type":"ListItem","position":1,"name":"Home","item":"https:\/\/kibrisdakik.com\/"},{"@type":"ListItem","position":2,"name":"Bakan Gardiyano\u011flu: 2025 y\u0131l\u0131n\u0131n ilk asgari \u00fccretini belirlemek \u00fczere Per\u015fembe veya Cuma g\u00fcn\u00fc i\u00e7in toplant\u0131 \u00e7a\u011fr\u0131s\u0131 yapaca\u011f\u0131m"}]},{"@type":"WebSite","@id":"https:\/\/kibrisdakik.com\/#website","url":"https:\/\/kibrisdakik.com\/","name":"","description":"Tam vaktinde haber","potentialAction":[{"@type":"SearchAction","target":{"@type":"EntryPoint","urlTemplate":"https:\/\/kibrisdakik.com\/?s={search_term_string}"},"query-input":{"@type":"PropertyValueSpecification","valueRequired":true,"valueName":"search_term_string"}}],"inLanguage":"tr"},{"@type":"Person","@id":"https:\/\/kibrisdakik.com\/#\/schema\/person\/9cd9d437bbb44f72b73ba127e06d8e79","name":"admin","image":{"@type":"ImageObject","inLanguage":"tr","@id":"https:\/\/secure.gravatar.com\/avatar\/ccc17943b9d660506c869530f897617f7cb1c21a4bf30023f252596d83e1f007?s=96&d=mm&r=g","url":"https:\/\/secure.gravatar.com\/avatar\/ccc17943b9d660506c869530f897617f7cb1c21a4bf30023f252596d83e1f007?s=96&d=mm&r=g","contentUrl":"https:\/\/secure.gravatar.com\/avatar\/ccc17943b9d660506c869530f897617f7cb1c21a4bf30023f252596d83e1f007?s=96&d=mm&r=g","caption":"admin"},"sameAs":["https:\/\/kibrisdakik.com"],"url":"https:\/\/kibrisdakik.com\/?author=1"}]}},"_links":{"self":[{"href":"https:\/\/kibrisdakik.com\/index.php?rest_route=\/wp\/v2\/posts\/73594","targetHints":{"allow":["GET"]}}],"collection":[{"href":"https:\/\/kibrisdakik.com\/index.php?rest_route=\/wp\/v2\/posts"}],"about":[{"href":"https:\/\/kibrisdakik.com\/index.php?rest_route=\/wp\/v2\/types\/post"}],"author":[{"embeddable":true,"href":"https:\/\/kibrisdakik.com\/index.php?rest_route=\/wp\/v2\/users\/1"}],"replies":[{"embeddable":true,"href":"https:\/\/kibrisdakik.com\/index.php?rest_route=%2Fwp%2Fv2%2Fcomments&post=73594"}],"version-history":[{"count":0,"href":"https:\/\/kibrisdakik.com\/index.php?rest_route=\/wp\/v2\/posts\/73594\/revisions"}],"wp:featuredmedia":[{"embeddable":true,"href":"https:\/\/kibrisdakik.com\/index.php?rest_route=\/wp\/v2\/media\/69442"}],"wp:attachment":[{"href":"https:\/\/kibrisdakik.com\/index.php?rest_route=%2Fwp%2Fv2%2Fmedia&parent=73594"}],"wp:term":[{"taxonomy":"category","embeddable":true,"href":"https:\/\/kibrisdakik.com\/index.php?rest_route=%2Fwp%2Fv2%2Fcategories&post=73594"},{"taxonomy":"post_tag","embeddable":true,"href":"https:\/\/kibrisdakik.com\/index.php?rest_route=%2Fwp%2Fv2%2Ftags&post=73594"}],"curies":[{"name":"wp","href":"https:\/\/api.w.org\/{rel}","templated":true}]}}