{"id":73599,"date":"2025-01-14T23:33:18","date_gmt":"2025-01-14T20:33:18","guid":{"rendered":"https:\/\/kibrisdakik.com\/index.php\/2025\/01\/14\/serdaroglumasada-yuzde-11-2lik-hayat-pahaliligina-evet-demeyecegiz\/"},"modified":"2025-01-14T23:33:18","modified_gmt":"2025-01-14T20:33:18","slug":"serdaroglumasada-yuzde-11-2lik-hayat-pahaliligina-evet-demeyecegiz","status":"publish","type":"post","link":"https:\/\/kibrisdakik.com\/?p=73599","title":{"rendered":"Serdaro\u011flu:Masada y\u00fczde 11.2\u2019lik hayat pahal\u0131l\u0131\u011f\u0131na \u2018evet\u2019 demeyece\u011fiz"},"content":{"rendered":"<div>\n<div class=\"mariselle-image-container center\">\n                                            <\/div>\n<p>H\u00fcr-\u0130\u015f  Federasyonu Ba\u015fkan\u0131 Ahmet Serdaro\u011flu BRT\u2019de 18. Saat program\u0131na kat\u0131larak, Asgari \u00dccret masas\u0131nda H\u00fcr-\u0130\u015f Federasyonu olarak tav\u0131rlar\u0131n\u0131n y\u00fczde 11.2\u2019lik hayat pahal\u0131l\u0131\u011f\u0131na \u2018evet\u2019 dememe y\u00f6n\u00fcnde olaca\u011f\u0131n\u0131 a\u00e7\u0131klad\u0131.<\/p>\n<p>Serdaro\u011flu, \u201cHerhangi bir rakam \u015fuan s\u00f6yleyeyem ancak h\u00fck\u00fcmetin karar\u0131n\u0131 g\u00f6rd\u00fckten sonra asgari \u00fccret rakam\u0131n\u0131 masada a\u00e7\u0131klayaca\u011f\u0131z. Ald\u0131\u011f\u0131m\u0131z karar da bu y\u00f6ndedir. Ancak \u015funu s\u00f6yleyebilirim, y\u00fczde 11.2\u2019lik hayat pahal\u0131l\u0131\u011f\u0131na H\u00fcr \u0130\u015f Fedarasyonu kesinlikle evet demeyecektir\u201ddedi.<\/p>\n<p>\u201cGer\u00e7e\u011fi yans\u0131tmayan bir hayat pahal\u0131l\u0131\u011f\u0131 oran\u0131ndaki maa\u015fa yans\u0131tmaya bizim evet dememiz o ger\u00e7ek d\u0131\u015f\u0131l\u0131\u011f\u0131 onaylad\u0131\u011f\u0131m\u0131z anlam\u0131na gelir\u201d diyen Ahmet Serdaro\u011flu, rakamlar\u0131 taraflarla tart\u0131\u015fman\u0131n en do\u011fru yerinin masa oldu\u011funu ve y\u00f6nde hareket edeceklerini belirtti.<\/p>\n<p>Serdaro\u011flu, \u201cBu hayat pahal\u0131l\u0131\u011f\u0131 oran\u0131 kar\u015f\u0131s\u0131nda asgari \u00fccrete \u00f6zellikle de zamlar\u0131n hi\u00e7 durmad\u0131\u011f\u0131 bir ortamda ve T\u00fcrkiye\u2019deki oranlar\u0131n da alt\u0131nda oranlar a\u00e7\u0131kland\u0131. Yani Kas\u0131m ay\u0131 ger\u00e7ekten \u00fcz\u00fclerek izledik. \u0130statistik Kurumunun ba\u011f\u0131ms\u0131z bir kurum haline gelmesi laz\u0131m ki ger\u00e7ek enflasyonu herkes bilsin. H\u00fck\u00fcmette, i\u015fverende, \u00e7al\u0131\u015fan da bilsin. Toplum olarak en do\u011fal hakk\u0131m\u0131z de\u011fil midir? Enflasyon Kas\u0131m ay\u0131nda 0.78 ve 1.13 Aral\u0131k ay\u0131nda tamamen ger\u00e7ek d\u0131\u015f\u0131d\u0131r. Resmen g\u00f6z\u00fcm\u00fcze g\u00f6stere g\u00f6stere biz eme\u011fi \u00e7al\u0131yoruz diyorlar\u201ddedi. <\/p>\n<p>Asgari \u00fccret konusunda kar\u015f\u0131 taraf\u0131n niyetinin hen\u00fcz bilinmedi\u011fini de s\u00f6yleyen Serdaro\u011flu, \u201cbelki bizi yan\u0131lt\u0131rlar, \u015fa\u015f\u0131rt\u0131rlar. Tek tesellimiz biran \u00f6nce farkl\u0131 y\u00f6nlere federasyonu ta\u015f\u0131madan, farkl\u0131 \u015feylere girmeden masay\u0131 kendi g\u00f6n\u00fcllerince toplamalar\u0131d\u0131r. G\u00fcn ge\u00e7i\u015ftirme ile bu i\u015fler olmuyor\u201d diye konu\u015ftu.<\/p>\n<p><iframe loading=\"lazy\" title=\"18. Saat 14.01.2025\" width=\"960\" height=\"540\" src=\"https:\/\/www.youtube.com\/embed\/fxbIUXbo6yM?feature=oembed\" frameborder=\"0\" allow=\"accelerometer; autoplay; clipboard-write; encrypted-media; gyroscope; picture-in-picture; web-share\" referrerpolicy=\"strict-origin-when-cross-origin\" allowfullscreen><\/iframe><\/p>\n<\/p><\/div>\n<p><script async\n                    defer\n                    crossorigin=\"anonymous\"\n                    src=\"https:\/\/connect.facebook.net\/tr_TR\/sdk.js#xfbml=1&#038;version=v3.3\"\n            ><\/script><\/p>\n","protected":false},"excerpt":{"rendered":"<p>H\u00fcr-\u0130\u015f Federasyonu Ba\u015fkan\u0131 Ahmet Serdaro\u011flu BRT\u2019de 18. Saat program\u0131na kat\u0131larak, Asgari \u00dccret masas\u0131nda H\u00fcr-\u0130\u015f Federasyonu olarak tav\u0131rlar\u0131n\u0131n y\u00fczde 11.2\u2019lik hayat pahal\u0131l\u0131\u011f\u0131na \u2018evet\u2019 dememe y\u00f6n\u00fcnde olaca\u011f\u0131n\u0131 a\u00e7\u0131klad\u0131. Serdaro\u011flu, \u201cHerhangi bir rakam \u015fuan s\u00f6yleyeyem ancak h\u00fck\u00fcmetin karar\u0131n\u0131 g\u00f6rd\u00fckten sonra asgari \u00fccret rakam\u0131n\u0131 masada a\u00e7\u0131klayaca\u011f\u0131z. Ald\u0131\u011f\u0131m\u0131z karar da bu y\u00f6ndedir. Ancak \u015funu s\u00f6yleyebilirim, y\u00fczde 11.2\u2019lik hayat pahal\u0131l\u0131\u011f\u0131na H\u00fcr<\/p>\n","protected":false},"author":1,"featured_media":73600,"comment_status":"open","ping_status":"open","sticky":false,"template":"","format":"standard","meta":{"footnotes":""},"categories":[81,101],"tags":[],"class_list":["post-73599","post","type-post","status-publish","format-standard","has-post-thumbnail","hentry","category-kibris","category-manset"],"yoast_head":"<!-- This site is optimized with the Yoast SEO plugin v27.5 - https:\/\/yoast.com\/product\/yoast-seo-wordpress\/ -->\n<title>Serdaro\u011flu:Masada y\u00fczde 11.2\u2019lik hayat pahal\u0131l\u0131\u011f\u0131na \u2018evet\u2019 demeyece\u011fiz -<\/title>\n<meta name=\"robots\" content=\"index, follow, max-snippet:-1, max-image-preview:large, max-video-preview:-1\" \/>\n<link rel=\"canonical\" href=\"https:\/\/kibrisdakik.com\/?p=73599\" \/>\n<meta property=\"og:locale\" content=\"tr_TR\" \/>\n<meta property=\"og:type\" content=\"article\" \/>\n<meta property=\"og:title\" content=\"Serdaro\u011flu:Masada y\u00fczde 11.2\u2019lik hayat pahal\u0131l\u0131\u011f\u0131na \u2018evet\u2019 demeyece\u011fiz -\" \/>\n<meta property=\"og:description\" content=\"H\u00fcr-\u0130\u015f Federasyonu Ba\u015fkan\u0131 Ahmet Serdaro\u011flu BRT\u2019de 18. Saat program\u0131na kat\u0131larak, Asgari \u00dccret masas\u0131nda H\u00fcr-\u0130\u015f Federasyonu olarak tav\u0131rlar\u0131n\u0131n y\u00fczde 11.2\u2019lik hayat pahal\u0131l\u0131\u011f\u0131na \u2018evet\u2019 dememe y\u00f6n\u00fcnde olaca\u011f\u0131n\u0131 a\u00e7\u0131klad\u0131. Serdaro\u011flu, \u201cHerhangi bir rakam \u015fuan s\u00f6yleyeyem ancak h\u00fck\u00fcmetin karar\u0131n\u0131 g\u00f6rd\u00fckten sonra asgari \u00fccret rakam\u0131n\u0131 masada a\u00e7\u0131klayaca\u011f\u0131z. Ald\u0131\u011f\u0131m\u0131z karar da bu y\u00f6ndedir. Ancak \u015funu s\u00f6yleyebilirim, y\u00fczde 11.2\u2019lik hayat pahal\u0131l\u0131\u011f\u0131na H\u00fcr\" \/>\n<meta property=\"og:url\" content=\"https:\/\/kibrisdakik.com\/?p=73599\" \/>\n<meta property=\"article:published_time\" content=\"2025-01-14T20:33:18+00:00\" \/>\n<meta property=\"og:image\" content=\"https:\/\/kibrisdakik.com\/wp-content\/uploads\/2025\/01\/ahmet-serdaroglu-2-4-740x420.jpg\" \/>\n\t<meta property=\"og:image:width\" content=\"880\" \/>\n\t<meta property=\"og:image:height\" content=\"440\" \/>\n\t<meta property=\"og:image:type\" content=\"image\/jpeg\" \/>\n<meta name=\"author\" content=\"admin\" \/>\n<meta name=\"twitter:card\" content=\"summary_large_image\" \/>\n<meta name=\"twitter:label1\" content=\"Yazan:\" \/>\n\t<meta name=\"twitter:data1\" content=\"admin\" \/>\n\t<meta name=\"twitter:label2\" content=\"Tahmini okuma s\u00fcresi\" \/>\n\t<meta name=\"twitter:data2\" content=\"2 dakika\" \/>\n<script type=\"application\/ld+json\" class=\"yoast-schema-graph\">{\"@context\":\"https:\\\/\\\/schema.org\",\"@graph\":[{\"@type\":\"Article\",\"@id\":\"https:\\\/\\\/kibrisdakik.com\\\/?p=73599#article\",\"isPartOf\":{\"@id\":\"https:\\\/\\\/kibrisdakik.com\\\/?p=73599\"},\"author\":{\"name\":\"admin\",\"@id\":\"https:\\\/\\\/kibrisdakik.com\\\/#\\\/schema\\\/person\\\/9cd9d437bbb44f72b73ba127e06d8e79\"},\"headline\":\"Serdaro\u011flu:Masada y\u00fczde 11.2\u2019lik hayat pahal\u0131l\u0131\u011f\u0131na \u2018evet\u2019 demeyece\u011fiz\",\"datePublished\":\"2025-01-14T20:33:18+00:00\",\"mainEntityOfPage\":{\"@id\":\"https:\\\/\\\/kibrisdakik.com\\\/?p=73599\"},\"wordCount\":337,\"commentCount\":0,\"image\":{\"@id\":\"https:\\\/\\\/kibrisdakik.com\\\/?p=73599#primaryimage\"},\"thumbnailUrl\":\"https:\\\/\\\/kibrisdakik.com\\\/wp-content\\\/uploads\\\/2025\\\/01\\\/ahmet-serdaroglu-2-4-740x420.jpg\",\"articleSection\":[\"K\u0131br\u0131s\",\"Man\u015fet\"],\"inLanguage\":\"tr\",\"potentialAction\":[{\"@type\":\"CommentAction\",\"name\":\"Comment\",\"target\":[\"https:\\\/\\\/kibrisdakik.com\\\/?p=73599#respond\"]}]},{\"@type\":\"WebPage\",\"@id\":\"https:\\\/\\\/kibrisdakik.com\\\/?p=73599\",\"url\":\"https:\\\/\\\/kibrisdakik.com\\\/?p=73599\",\"name\":\"Serdaro\u011flu:Masada y\u00fczde 11.2\u2019lik hayat pahal\u0131l\u0131\u011f\u0131na \u2018evet\u2019 demeyece\u011fiz -\",\"isPartOf\":{\"@id\":\"https:\\\/\\\/kibrisdakik.com\\\/#website\"},\"primaryImageOfPage\":{\"@id\":\"https:\\\/\\\/kibrisdakik.com\\\/?p=73599#primaryimage\"},\"image\":{\"@id\":\"https:\\\/\\\/kibrisdakik.com\\\/?p=73599#primaryimage\"},\"thumbnailUrl\":\"https:\\\/\\\/kibrisdakik.com\\\/wp-content\\\/uploads\\\/2025\\\/01\\\/ahmet-serdaroglu-2-4-740x420.jpg\",\"datePublished\":\"2025-01-14T20:33:18+00:00\",\"author\":{\"@id\":\"https:\\\/\\\/kibrisdakik.com\\\/#\\\/schema\\\/person\\\/9cd9d437bbb44f72b73ba127e06d8e79\"},\"breadcrumb\":{\"@id\":\"https:\\\/\\\/kibrisdakik.com\\\/?p=73599#breadcrumb\"},\"inLanguage\":\"tr\",\"potentialAction\":[{\"@type\":\"ReadAction\",\"target\":[\"https:\\\/\\\/kibrisdakik.com\\\/?p=73599\"]}]},{\"@type\":\"ImageObject\",\"inLanguage\":\"tr\",\"@id\":\"https:\\\/\\\/kibrisdakik.com\\\/?p=73599#primaryimage\",\"url\":\"https:\\\/\\\/kibrisdakik.com\\\/wp-content\\\/uploads\\\/2025\\\/01\\\/ahmet-serdaroglu-2-4-740x420.jpg\",\"contentUrl\":\"https:\\\/\\\/kibrisdakik.com\\\/wp-content\\\/uploads\\\/2025\\\/01\\\/ahmet-serdaroglu-2-4-740x420.jpg\",\"width\":880,\"height\":440},{\"@type\":\"BreadcrumbList\",\"@id\":\"https:\\\/\\\/kibrisdakik.com\\\/?p=73599#breadcrumb\",\"itemListElement\":[{\"@type\":\"ListItem\",\"position\":1,\"name\":\"Home\",\"item\":\"https:\\\/\\\/kibrisdakik.com\\\/\"},{\"@type\":\"ListItem\",\"position\":2,\"name\":\"Serdaro\u011flu:Masada y\u00fczde 11.2\u2019lik hayat pahal\u0131l\u0131\u011f\u0131na \u2018evet\u2019 demeyece\u011fiz\"}]},{\"@type\":\"WebSite\",\"@id\":\"https:\\\/\\\/kibrisdakik.com\\\/#website\",\"url\":\"https:\\\/\\\/kibrisdakik.com\\\/\",\"name\":\"\",\"description\":\"Tam vaktinde haber\",\"potentialAction\":[{\"@type\":\"SearchAction\",\"target\":{\"@type\":\"EntryPoint\",\"urlTemplate\":\"https:\\\/\\\/kibrisdakik.com\\\/?s={search_term_string}\"},\"query-input\":{\"@type\":\"PropertyValueSpecification\",\"valueRequired\":true,\"valueName\":\"search_term_string\"}}],\"inLanguage\":\"tr\"},{\"@type\":\"Person\",\"@id\":\"https:\\\/\\\/kibrisdakik.com\\\/#\\\/schema\\\/person\\\/9cd9d437bbb44f72b73ba127e06d8e79\",\"name\":\"admin\",\"image\":{\"@type\":\"ImageObject\",\"inLanguage\":\"tr\",\"@id\":\"https:\\\/\\\/secure.gravatar.com\\\/avatar\\\/ccc17943b9d660506c869530f897617f7cb1c21a4bf30023f252596d83e1f007?s=96&d=mm&r=g\",\"url\":\"https:\\\/\\\/secure.gravatar.com\\\/avatar\\\/ccc17943b9d660506c869530f897617f7cb1c21a4bf30023f252596d83e1f007?s=96&d=mm&r=g\",\"contentUrl\":\"https:\\\/\\\/secure.gravatar.com\\\/avatar\\\/ccc17943b9d660506c869530f897617f7cb1c21a4bf30023f252596d83e1f007?s=96&d=mm&r=g\",\"caption\":\"admin\"},\"sameAs\":[\"https:\\\/\\\/kibrisdakik.com\"],\"url\":\"https:\\\/\\\/kibrisdakik.com\\\/?author=1\"}]}<\/script>\n<!-- \/ Yoast SEO plugin. -->","yoast_head_json":{"title":"Serdaro\u011flu:Masada y\u00fczde 11.2\u2019lik hayat pahal\u0131l\u0131\u011f\u0131na \u2018evet\u2019 demeyece\u011fiz -","robots":{"index":"index","follow":"follow","max-snippet":"max-snippet:-1","max-image-preview":"max-image-preview:large","max-video-preview":"max-video-preview:-1"},"canonical":"https:\/\/kibrisdakik.com\/?p=73599","og_locale":"tr_TR","og_type":"article","og_title":"Serdaro\u011flu:Masada y\u00fczde 11.2\u2019lik hayat pahal\u0131l\u0131\u011f\u0131na \u2018evet\u2019 demeyece\u011fiz -","og_description":"H\u00fcr-\u0130\u015f Federasyonu Ba\u015fkan\u0131 Ahmet Serdaro\u011flu BRT\u2019de 18. Saat program\u0131na kat\u0131larak, Asgari \u00dccret masas\u0131nda H\u00fcr-\u0130\u015f Federasyonu olarak tav\u0131rlar\u0131n\u0131n y\u00fczde 11.2\u2019lik hayat pahal\u0131l\u0131\u011f\u0131na \u2018evet\u2019 dememe y\u00f6n\u00fcnde olaca\u011f\u0131n\u0131 a\u00e7\u0131klad\u0131. Serdaro\u011flu, \u201cHerhangi bir rakam \u015fuan s\u00f6yleyeyem ancak h\u00fck\u00fcmetin karar\u0131n\u0131 g\u00f6rd\u00fckten sonra asgari \u00fccret rakam\u0131n\u0131 masada a\u00e7\u0131klayaca\u011f\u0131z. Ald\u0131\u011f\u0131m\u0131z karar da bu y\u00f6ndedir. Ancak \u015funu s\u00f6yleyebilirim, y\u00fczde 11.2\u2019lik hayat pahal\u0131l\u0131\u011f\u0131na H\u00fcr","og_url":"https:\/\/kibrisdakik.com\/?p=73599","article_published_time":"2025-01-14T20:33:18+00:00","og_image":[{"width":880,"height":440,"url":"https:\/\/kibrisdakik.com\/wp-content\/uploads\/2025\/01\/ahmet-serdaroglu-2-4-740x420.jpg","type":"image\/jpeg"}],"author":"admin","twitter_card":"summary_large_image","twitter_misc":{"Yazan:":"admin","Tahmini okuma s\u00fcresi":"2 dakika"},"schema":{"@context":"https:\/\/schema.org","@graph":[{"@type":"Article","@id":"https:\/\/kibrisdakik.com\/?p=73599#article","isPartOf":{"@id":"https:\/\/kibrisdakik.com\/?p=73599"},"author":{"name":"admin","@id":"https:\/\/kibrisdakik.com\/#\/schema\/person\/9cd9d437bbb44f72b73ba127e06d8e79"},"headline":"Serdaro\u011flu:Masada y\u00fczde 11.2\u2019lik hayat pahal\u0131l\u0131\u011f\u0131na \u2018evet\u2019 demeyece\u011fiz","datePublished":"2025-01-14T20:33:18+00:00","mainEntityOfPage":{"@id":"https:\/\/kibrisdakik.com\/?p=73599"},"wordCount":337,"commentCount":0,"image":{"@id":"https:\/\/kibrisdakik.com\/?p=73599#primaryimage"},"thumbnailUrl":"https:\/\/kibrisdakik.com\/wp-content\/uploads\/2025\/01\/ahmet-serdaroglu-2-4-740x420.jpg","articleSection":["K\u0131br\u0131s","Man\u015fet"],"inLanguage":"tr","potentialAction":[{"@type":"CommentAction","name":"Comment","target":["https:\/\/kibrisdakik.com\/?p=73599#respond"]}]},{"@type":"WebPage","@id":"https:\/\/kibrisdakik.com\/?p=73599","url":"https:\/\/kibrisdakik.com\/?p=73599","name":"Serdaro\u011flu:Masada y\u00fczde 11.2\u2019lik hayat pahal\u0131l\u0131\u011f\u0131na \u2018evet\u2019 demeyece\u011fiz -","isPartOf":{"@id":"https:\/\/kibrisdakik.com\/#website"},"primaryImageOfPage":{"@id":"https:\/\/kibrisdakik.com\/?p=73599#primaryimage"},"image":{"@id":"https:\/\/kibrisdakik.com\/?p=73599#primaryimage"},"thumbnailUrl":"https:\/\/kibrisdakik.com\/wp-content\/uploads\/2025\/01\/ahmet-serdaroglu-2-4-740x420.jpg","datePublished":"2025-01-14T20:33:18+00:00","author":{"@id":"https:\/\/kibrisdakik.com\/#\/schema\/person\/9cd9d437bbb44f72b73ba127e06d8e79"},"breadcrumb":{"@id":"https:\/\/kibrisdakik.com\/?p=73599#breadcrumb"},"inLanguage":"tr","potentialAction":[{"@type":"ReadAction","target":["https:\/\/kibrisdakik.com\/?p=73599"]}]},{"@type":"ImageObject","inLanguage":"tr","@id":"https:\/\/kibrisdakik.com\/?p=73599#primaryimage","url":"https:\/\/kibrisdakik.com\/wp-content\/uploads\/2025\/01\/ahmet-serdaroglu-2-4-740x420.jpg","contentUrl":"https:\/\/kibrisdakik.com\/wp-content\/uploads\/2025\/01\/ahmet-serdaroglu-2-4-740x420.jpg","width":880,"height":440},{"@type":"BreadcrumbList","@id":"https:\/\/kibrisdakik.com\/?p=73599#breadcrumb","itemListElement":[{"@type":"ListItem","position":1,"name":"Home","item":"https:\/\/kibrisdakik.com\/"},{"@type":"ListItem","position":2,"name":"Serdaro\u011flu:Masada y\u00fczde 11.2\u2019lik hayat pahal\u0131l\u0131\u011f\u0131na \u2018evet\u2019 demeyece\u011fiz"}]},{"@type":"WebSite","@id":"https:\/\/kibrisdakik.com\/#website","url":"https:\/\/kibrisdakik.com\/","name":"","description":"Tam vaktinde haber","potentialAction":[{"@type":"SearchAction","target":{"@type":"EntryPoint","urlTemplate":"https:\/\/kibrisdakik.com\/?s={search_term_string}"},"query-input":{"@type":"PropertyValueSpecification","valueRequired":true,"valueName":"search_term_string"}}],"inLanguage":"tr"},{"@type":"Person","@id":"https:\/\/kibrisdakik.com\/#\/schema\/person\/9cd9d437bbb44f72b73ba127e06d8e79","name":"admin","image":{"@type":"ImageObject","inLanguage":"tr","@id":"https:\/\/secure.gravatar.com\/avatar\/ccc17943b9d660506c869530f897617f7cb1c21a4bf30023f252596d83e1f007?s=96&d=mm&r=g","url":"https:\/\/secure.gravatar.com\/avatar\/ccc17943b9d660506c869530f897617f7cb1c21a4bf30023f252596d83e1f007?s=96&d=mm&r=g","contentUrl":"https:\/\/secure.gravatar.com\/avatar\/ccc17943b9d660506c869530f897617f7cb1c21a4bf30023f252596d83e1f007?s=96&d=mm&r=g","caption":"admin"},"sameAs":["https:\/\/kibrisdakik.com"],"url":"https:\/\/kibrisdakik.com\/?author=1"}]}},"_links":{"self":[{"href":"https:\/\/kibrisdakik.com\/index.php?rest_route=\/wp\/v2\/posts\/73599","targetHints":{"allow":["GET"]}}],"collection":[{"href":"https:\/\/kibrisdakik.com\/index.php?rest_route=\/wp\/v2\/posts"}],"about":[{"href":"https:\/\/kibrisdakik.com\/index.php?rest_route=\/wp\/v2\/types\/post"}],"author":[{"embeddable":true,"href":"https:\/\/kibrisdakik.com\/index.php?rest_route=\/wp\/v2\/users\/1"}],"replies":[{"embeddable":true,"href":"https:\/\/kibrisdakik.com\/index.php?rest_route=%2Fwp%2Fv2%2Fcomments&post=73599"}],"version-history":[{"count":0,"href":"https:\/\/kibrisdakik.com\/index.php?rest_route=\/wp\/v2\/posts\/73599\/revisions"}],"wp:featuredmedia":[{"embeddable":true,"href":"https:\/\/kibrisdakik.com\/index.php?rest_route=\/wp\/v2\/media\/73600"}],"wp:attachment":[{"href":"https:\/\/kibrisdakik.com\/index.php?rest_route=%2Fwp%2Fv2%2Fmedia&parent=73599"}],"wp:term":[{"taxonomy":"category","embeddable":true,"href":"https:\/\/kibrisdakik.com\/index.php?rest_route=%2Fwp%2Fv2%2Fcategories&post=73599"},{"taxonomy":"post_tag","embeddable":true,"href":"https:\/\/kibrisdakik.com\/index.php?rest_route=%2Fwp%2Fv2%2Ftags&post=73599"}],"curies":[{"name":"wp","href":"https:\/\/api.w.org\/{rel}","templated":true}]}}