{"id":73623,"date":"2025-01-15T12:11:29","date_gmt":"2025-01-15T09:11:29","guid":{"rendered":"https:\/\/kibrisdakik.com\/index.php\/2025\/01\/15\/el-senden-grev-uyarisi\/"},"modified":"2025-01-15T12:11:29","modified_gmt":"2025-01-15T09:11:29","slug":"el-senden-grev-uyarisi","status":"publish","type":"post","link":"https:\/\/kibrisdakik.com\/?p=73623","title":{"rendered":"El-Sen\u2019den grev uyar\u0131s\u0131"},"content":{"rendered":"<div>\n<div class=\"mariselle-image-container center\">\n                                            <\/div>\n<p>K\u0131br\u0131s T\u00fcrk Elektrik Kurumu \u00c7al\u0131\u015fanlar\u0131 Sendikas\u0131, d\u00fcn K\u0131br\u0131s T\u00fcrk Elektrik Kurumu ile bir araya gelerek, \u00f6nceden ifade edilen taleplerin yerine getirilmemesi ve \u00fczerinde anla\u015fmaya var\u0131lan takvimlendirmeye uyulmamas\u0131 konular\u0131n\u0131 g\u00f6r\u00fc\u015ft\u00fc.<\/p>\n<p>\tSendika ad\u0131na a\u00e7\u0131klama yapan Genel Ba\u015fkan Ahmet Tu\u011fcu, KIB-TEK y\u00f6netimi arac\u0131l\u0131\u011f\u0131yla Ba\u015fbakan \u00dcnal \u00dcstel\u2019den g\u00f6r\u00fc\u015fme talep ettiklerini ve yar\u0131na kadar da s\u00fcre verdiklerini belirtti.<\/p>\n<p>\tTu\u011fcu, sendikan\u0131n g\u00f6r\u00fc\u015fme talebine yan\u0131t verilmemesi halinde Cuma g\u00fcn\u00fcnden itibaren s\u00fcresiz grev dahil t\u00fcm yasal haklar\u0131n kullan\u0131laca\u011f\u0131 uyar\u0131s\u0131nda<br \/>bulundu.<\/p>\n<\/p><\/div>\n<p><script async\n                    defer\n                    crossorigin=\"anonymous\"\n                    src=\"https:\/\/connect.facebook.net\/tr_TR\/sdk.js#xfbml=1&#038;version=v3.3\"\n            ><\/script><\/p>\n","protected":false},"excerpt":{"rendered":"<p>K\u0131br\u0131s T\u00fcrk Elektrik Kurumu \u00c7al\u0131\u015fanlar\u0131 Sendikas\u0131, d\u00fcn K\u0131br\u0131s T\u00fcrk Elektrik Kurumu ile bir araya gelerek, \u00f6nceden ifade edilen taleplerin yerine getirilmemesi ve \u00fczerinde anla\u015fmaya var\u0131lan takvimlendirmeye uyulmamas\u0131 konular\u0131n\u0131 g\u00f6r\u00fc\u015ft\u00fc. Sendika ad\u0131na a\u00e7\u0131klama yapan Genel Ba\u015fkan Ahmet Tu\u011fcu, KIB-TEK y\u00f6netimi arac\u0131l\u0131\u011f\u0131yla Ba\u015fbakan \u00dcnal \u00dcstel\u2019den g\u00f6r\u00fc\u015fme talep ettiklerini ve yar\u0131na kadar da s\u00fcre verdiklerini belirtti. Tu\u011fcu, sendikan\u0131n<\/p>\n","protected":false},"author":1,"featured_media":9874,"comment_status":"open","ping_status":"open","sticky":false,"template":"","format":"standard","meta":{"footnotes":""},"categories":[81,101],"tags":[],"class_list":["post-73623","post","type-post","status-publish","format-standard","has-post-thumbnail","hentry","category-kibris","category-manset"],"yoast_head":"<!-- This site is optimized with the Yoast SEO plugin v27.4 - https:\/\/yoast.com\/product\/yoast-seo-wordpress\/ -->\n<title>El-Sen\u2019den grev uyar\u0131s\u0131 -<\/title>\n<meta name=\"robots\" content=\"index, follow, max-snippet:-1, max-image-preview:large, max-video-preview:-1\" \/>\n<link rel=\"canonical\" href=\"https:\/\/kibrisdakik.com\/?p=73623\" \/>\n<meta property=\"og:locale\" content=\"tr_TR\" \/>\n<meta property=\"og:type\" content=\"article\" \/>\n<meta property=\"og:title\" content=\"El-Sen\u2019den grev uyar\u0131s\u0131 -\" \/>\n<meta property=\"og:description\" content=\"K\u0131br\u0131s T\u00fcrk Elektrik Kurumu \u00c7al\u0131\u015fanlar\u0131 Sendikas\u0131, d\u00fcn K\u0131br\u0131s T\u00fcrk Elektrik Kurumu ile bir araya gelerek, \u00f6nceden ifade edilen taleplerin yerine getirilmemesi ve \u00fczerinde anla\u015fmaya var\u0131lan takvimlendirmeye uyulmamas\u0131 konular\u0131n\u0131 g\u00f6r\u00fc\u015ft\u00fc. Sendika ad\u0131na a\u00e7\u0131klama yapan Genel Ba\u015fkan Ahmet Tu\u011fcu, KIB-TEK y\u00f6netimi arac\u0131l\u0131\u011f\u0131yla Ba\u015fbakan \u00dcnal \u00dcstel\u2019den g\u00f6r\u00fc\u015fme talep ettiklerini ve yar\u0131na kadar da s\u00fcre verdiklerini belirtti. Tu\u011fcu, sendikan\u0131n\" \/>\n<meta property=\"og:url\" content=\"https:\/\/kibrisdakik.com\/?p=73623\" \/>\n<meta property=\"article:published_time\" content=\"2025-01-15T09:11:29+00:00\" \/>\n<meta property=\"og:image\" content=\"https:\/\/kibrisdakik.com\/wp-content\/uploads\/2023\/07\/elsen5.jpg\" \/>\n\t<meta property=\"og:image:width\" content=\"512\" \/>\n\t<meta property=\"og:image:height\" content=\"256\" \/>\n\t<meta property=\"og:image:type\" content=\"image\/jpeg\" \/>\n<meta name=\"author\" content=\"admin\" \/>\n<meta name=\"twitter:card\" content=\"summary_large_image\" \/>\n<meta name=\"twitter:label1\" content=\"Yazan:\" \/>\n\t<meta name=\"twitter:data1\" content=\"admin\" \/>\n\t<meta name=\"twitter:label2\" content=\"Tahmini okuma s\u00fcresi\" \/>\n\t<meta name=\"twitter:data2\" content=\"1 dakika\" \/>\n<script type=\"application\/ld+json\" class=\"yoast-schema-graph\">{\"@context\":\"https:\\\/\\\/schema.org\",\"@graph\":[{\"@type\":\"Article\",\"@id\":\"https:\\\/\\\/kibrisdakik.com\\\/?p=73623#article\",\"isPartOf\":{\"@id\":\"https:\\\/\\\/kibrisdakik.com\\\/?p=73623\"},\"author\":{\"name\":\"admin\",\"@id\":\"https:\\\/\\\/kibrisdakik.com\\\/#\\\/schema\\\/person\\\/9cd9d437bbb44f72b73ba127e06d8e79\"},\"headline\":\"El-Sen\u2019den grev uyar\u0131s\u0131\",\"datePublished\":\"2025-01-15T09:11:29+00:00\",\"mainEntityOfPage\":{\"@id\":\"https:\\\/\\\/kibrisdakik.com\\\/?p=73623\"},\"wordCount\":115,\"commentCount\":0,\"image\":{\"@id\":\"https:\\\/\\\/kibrisdakik.com\\\/?p=73623#primaryimage\"},\"thumbnailUrl\":\"https:\\\/\\\/kibrisdakik.com\\\/wp-content\\\/uploads\\\/2023\\\/07\\\/elsen5.jpg\",\"articleSection\":[\"K\u0131br\u0131s\",\"Man\u015fet\"],\"inLanguage\":\"tr\",\"potentialAction\":[{\"@type\":\"CommentAction\",\"name\":\"Comment\",\"target\":[\"https:\\\/\\\/kibrisdakik.com\\\/?p=73623#respond\"]}]},{\"@type\":\"WebPage\",\"@id\":\"https:\\\/\\\/kibrisdakik.com\\\/?p=73623\",\"url\":\"https:\\\/\\\/kibrisdakik.com\\\/?p=73623\",\"name\":\"El-Sen\u2019den grev uyar\u0131s\u0131 -\",\"isPartOf\":{\"@id\":\"https:\\\/\\\/kibrisdakik.com\\\/#website\"},\"primaryImageOfPage\":{\"@id\":\"https:\\\/\\\/kibrisdakik.com\\\/?p=73623#primaryimage\"},\"image\":{\"@id\":\"https:\\\/\\\/kibrisdakik.com\\\/?p=73623#primaryimage\"},\"thumbnailUrl\":\"https:\\\/\\\/kibrisdakik.com\\\/wp-content\\\/uploads\\\/2023\\\/07\\\/elsen5.jpg\",\"datePublished\":\"2025-01-15T09:11:29+00:00\",\"author\":{\"@id\":\"https:\\\/\\\/kibrisdakik.com\\\/#\\\/schema\\\/person\\\/9cd9d437bbb44f72b73ba127e06d8e79\"},\"breadcrumb\":{\"@id\":\"https:\\\/\\\/kibrisdakik.com\\\/?p=73623#breadcrumb\"},\"inLanguage\":\"tr\",\"potentialAction\":[{\"@type\":\"ReadAction\",\"target\":[\"https:\\\/\\\/kibrisdakik.com\\\/?p=73623\"]}]},{\"@type\":\"ImageObject\",\"inLanguage\":\"tr\",\"@id\":\"https:\\\/\\\/kibrisdakik.com\\\/?p=73623#primaryimage\",\"url\":\"https:\\\/\\\/kibrisdakik.com\\\/wp-content\\\/uploads\\\/2023\\\/07\\\/elsen5.jpg\",\"contentUrl\":\"https:\\\/\\\/kibrisdakik.com\\\/wp-content\\\/uploads\\\/2023\\\/07\\\/elsen5.jpg\",\"width\":512,\"height\":256},{\"@type\":\"BreadcrumbList\",\"@id\":\"https:\\\/\\\/kibrisdakik.com\\\/?p=73623#breadcrumb\",\"itemListElement\":[{\"@type\":\"ListItem\",\"position\":1,\"name\":\"Home\",\"item\":\"https:\\\/\\\/kibrisdakik.com\\\/\"},{\"@type\":\"ListItem\",\"position\":2,\"name\":\"El-Sen\u2019den grev uyar\u0131s\u0131\"}]},{\"@type\":\"WebSite\",\"@id\":\"https:\\\/\\\/kibrisdakik.com\\\/#website\",\"url\":\"https:\\\/\\\/kibrisdakik.com\\\/\",\"name\":\"\",\"description\":\"Tam vaktinde haber\",\"potentialAction\":[{\"@type\":\"SearchAction\",\"target\":{\"@type\":\"EntryPoint\",\"urlTemplate\":\"https:\\\/\\\/kibrisdakik.com\\\/?s={search_term_string}\"},\"query-input\":{\"@type\":\"PropertyValueSpecification\",\"valueRequired\":true,\"valueName\":\"search_term_string\"}}],\"inLanguage\":\"tr\"},{\"@type\":\"Person\",\"@id\":\"https:\\\/\\\/kibrisdakik.com\\\/#\\\/schema\\\/person\\\/9cd9d437bbb44f72b73ba127e06d8e79\",\"name\":\"admin\",\"image\":{\"@type\":\"ImageObject\",\"inLanguage\":\"tr\",\"@id\":\"https:\\\/\\\/secure.gravatar.com\\\/avatar\\\/ccc17943b9d660506c869530f897617f7cb1c21a4bf30023f252596d83e1f007?s=96&d=mm&r=g\",\"url\":\"https:\\\/\\\/secure.gravatar.com\\\/avatar\\\/ccc17943b9d660506c869530f897617f7cb1c21a4bf30023f252596d83e1f007?s=96&d=mm&r=g\",\"contentUrl\":\"https:\\\/\\\/secure.gravatar.com\\\/avatar\\\/ccc17943b9d660506c869530f897617f7cb1c21a4bf30023f252596d83e1f007?s=96&d=mm&r=g\",\"caption\":\"admin\"},\"sameAs\":[\"https:\\\/\\\/kibrisdakik.com\"],\"url\":\"https:\\\/\\\/kibrisdakik.com\\\/?author=1\"}]}<\/script>\n<!-- \/ Yoast SEO plugin. -->","yoast_head_json":{"title":"El-Sen\u2019den grev uyar\u0131s\u0131 -","robots":{"index":"index","follow":"follow","max-snippet":"max-snippet:-1","max-image-preview":"max-image-preview:large","max-video-preview":"max-video-preview:-1"},"canonical":"https:\/\/kibrisdakik.com\/?p=73623","og_locale":"tr_TR","og_type":"article","og_title":"El-Sen\u2019den grev uyar\u0131s\u0131 -","og_description":"K\u0131br\u0131s T\u00fcrk Elektrik Kurumu \u00c7al\u0131\u015fanlar\u0131 Sendikas\u0131, d\u00fcn K\u0131br\u0131s T\u00fcrk Elektrik Kurumu ile bir araya gelerek, \u00f6nceden ifade edilen taleplerin yerine getirilmemesi ve \u00fczerinde anla\u015fmaya var\u0131lan takvimlendirmeye uyulmamas\u0131 konular\u0131n\u0131 g\u00f6r\u00fc\u015ft\u00fc. Sendika ad\u0131na a\u00e7\u0131klama yapan Genel Ba\u015fkan Ahmet Tu\u011fcu, KIB-TEK y\u00f6netimi arac\u0131l\u0131\u011f\u0131yla Ba\u015fbakan \u00dcnal \u00dcstel\u2019den g\u00f6r\u00fc\u015fme talep ettiklerini ve yar\u0131na kadar da s\u00fcre verdiklerini belirtti. Tu\u011fcu, sendikan\u0131n","og_url":"https:\/\/kibrisdakik.com\/?p=73623","article_published_time":"2025-01-15T09:11:29+00:00","og_image":[{"width":512,"height":256,"url":"https:\/\/kibrisdakik.com\/wp-content\/uploads\/2023\/07\/elsen5.jpg","type":"image\/jpeg"}],"author":"admin","twitter_card":"summary_large_image","twitter_misc":{"Yazan:":"admin","Tahmini okuma s\u00fcresi":"1 dakika"},"schema":{"@context":"https:\/\/schema.org","@graph":[{"@type":"Article","@id":"https:\/\/kibrisdakik.com\/?p=73623#article","isPartOf":{"@id":"https:\/\/kibrisdakik.com\/?p=73623"},"author":{"name":"admin","@id":"https:\/\/kibrisdakik.com\/#\/schema\/person\/9cd9d437bbb44f72b73ba127e06d8e79"},"headline":"El-Sen\u2019den grev uyar\u0131s\u0131","datePublished":"2025-01-15T09:11:29+00:00","mainEntityOfPage":{"@id":"https:\/\/kibrisdakik.com\/?p=73623"},"wordCount":115,"commentCount":0,"image":{"@id":"https:\/\/kibrisdakik.com\/?p=73623#primaryimage"},"thumbnailUrl":"https:\/\/kibrisdakik.com\/wp-content\/uploads\/2023\/07\/elsen5.jpg","articleSection":["K\u0131br\u0131s","Man\u015fet"],"inLanguage":"tr","potentialAction":[{"@type":"CommentAction","name":"Comment","target":["https:\/\/kibrisdakik.com\/?p=73623#respond"]}]},{"@type":"WebPage","@id":"https:\/\/kibrisdakik.com\/?p=73623","url":"https:\/\/kibrisdakik.com\/?p=73623","name":"El-Sen\u2019den grev uyar\u0131s\u0131 -","isPartOf":{"@id":"https:\/\/kibrisdakik.com\/#website"},"primaryImageOfPage":{"@id":"https:\/\/kibrisdakik.com\/?p=73623#primaryimage"},"image":{"@id":"https:\/\/kibrisdakik.com\/?p=73623#primaryimage"},"thumbnailUrl":"https:\/\/kibrisdakik.com\/wp-content\/uploads\/2023\/07\/elsen5.jpg","datePublished":"2025-01-15T09:11:29+00:00","author":{"@id":"https:\/\/kibrisdakik.com\/#\/schema\/person\/9cd9d437bbb44f72b73ba127e06d8e79"},"breadcrumb":{"@id":"https:\/\/kibrisdakik.com\/?p=73623#breadcrumb"},"inLanguage":"tr","potentialAction":[{"@type":"ReadAction","target":["https:\/\/kibrisdakik.com\/?p=73623"]}]},{"@type":"ImageObject","inLanguage":"tr","@id":"https:\/\/kibrisdakik.com\/?p=73623#primaryimage","url":"https:\/\/kibrisdakik.com\/wp-content\/uploads\/2023\/07\/elsen5.jpg","contentUrl":"https:\/\/kibrisdakik.com\/wp-content\/uploads\/2023\/07\/elsen5.jpg","width":512,"height":256},{"@type":"BreadcrumbList","@id":"https:\/\/kibrisdakik.com\/?p=73623#breadcrumb","itemListElement":[{"@type":"ListItem","position":1,"name":"Home","item":"https:\/\/kibrisdakik.com\/"},{"@type":"ListItem","position":2,"name":"El-Sen\u2019den grev uyar\u0131s\u0131"}]},{"@type":"WebSite","@id":"https:\/\/kibrisdakik.com\/#website","url":"https:\/\/kibrisdakik.com\/","name":"","description":"Tam vaktinde haber","potentialAction":[{"@type":"SearchAction","target":{"@type":"EntryPoint","urlTemplate":"https:\/\/kibrisdakik.com\/?s={search_term_string}"},"query-input":{"@type":"PropertyValueSpecification","valueRequired":true,"valueName":"search_term_string"}}],"inLanguage":"tr"},{"@type":"Person","@id":"https:\/\/kibrisdakik.com\/#\/schema\/person\/9cd9d437bbb44f72b73ba127e06d8e79","name":"admin","image":{"@type":"ImageObject","inLanguage":"tr","@id":"https:\/\/secure.gravatar.com\/avatar\/ccc17943b9d660506c869530f897617f7cb1c21a4bf30023f252596d83e1f007?s=96&d=mm&r=g","url":"https:\/\/secure.gravatar.com\/avatar\/ccc17943b9d660506c869530f897617f7cb1c21a4bf30023f252596d83e1f007?s=96&d=mm&r=g","contentUrl":"https:\/\/secure.gravatar.com\/avatar\/ccc17943b9d660506c869530f897617f7cb1c21a4bf30023f252596d83e1f007?s=96&d=mm&r=g","caption":"admin"},"sameAs":["https:\/\/kibrisdakik.com"],"url":"https:\/\/kibrisdakik.com\/?author=1"}]}},"_links":{"self":[{"href":"https:\/\/kibrisdakik.com\/index.php?rest_route=\/wp\/v2\/posts\/73623","targetHints":{"allow":["GET"]}}],"collection":[{"href":"https:\/\/kibrisdakik.com\/index.php?rest_route=\/wp\/v2\/posts"}],"about":[{"href":"https:\/\/kibrisdakik.com\/index.php?rest_route=\/wp\/v2\/types\/post"}],"author":[{"embeddable":true,"href":"https:\/\/kibrisdakik.com\/index.php?rest_route=\/wp\/v2\/users\/1"}],"replies":[{"embeddable":true,"href":"https:\/\/kibrisdakik.com\/index.php?rest_route=%2Fwp%2Fv2%2Fcomments&post=73623"}],"version-history":[{"count":0,"href":"https:\/\/kibrisdakik.com\/index.php?rest_route=\/wp\/v2\/posts\/73623\/revisions"}],"wp:featuredmedia":[{"embeddable":true,"href":"https:\/\/kibrisdakik.com\/index.php?rest_route=\/wp\/v2\/media\/9874"}],"wp:attachment":[{"href":"https:\/\/kibrisdakik.com\/index.php?rest_route=%2Fwp%2Fv2%2Fmedia&parent=73623"}],"wp:term":[{"taxonomy":"category","embeddable":true,"href":"https:\/\/kibrisdakik.com\/index.php?rest_route=%2Fwp%2Fv2%2Fcategories&post=73623"},{"taxonomy":"post_tag","embeddable":true,"href":"https:\/\/kibrisdakik.com\/index.php?rest_route=%2Fwp%2Fv2%2Ftags&post=73623"}],"curies":[{"name":"wp","href":"https:\/\/api.w.org\/{rel}","templated":true}]}}