{"id":73635,"date":"2025-01-15T14:46:19","date_gmt":"2025-01-15T11:46:19","guid":{"rendered":"https:\/\/kibrisdakik.com\/index.php\/2025\/01\/15\/gardiyanoglu-turkiye-aile-ve-sosyal-hizmetler-bakani-goktasla-bir-araya-geldi\/"},"modified":"2025-01-15T14:46:19","modified_gmt":"2025-01-15T11:46:19","slug":"gardiyanoglu-turkiye-aile-ve-sosyal-hizmetler-bakani-goktasla-bir-araya-geldi","status":"publish","type":"post","link":"https:\/\/kibrisdakik.com\/?p=73635","title":{"rendered":"Gardiyano\u011flu, T\u00fcrkiye Aile ve Sosyal Hizmetler Bakan\u0131 G\u00f6kta\u015f\u2019la bir araya geldi"},"content":{"rendered":"<div>\n<div class=\"mariselle-image-container center\">\n                                            <\/div>\n<p>\u00c7al\u0131\u015fma ve Sosyal G\u00fcvenlik Bakan\u0131 Sad\u0131k Gardiyano\u011flu, mevkida\u015f\u0131 T\u00fcrkiye Cumhuriyeti Aile ve Sosyal Hizmetler Bakan\u0131 Mahinur \u00d6zdemir G\u00f6kta\u015f\u2019la bir araya geldi.<\/p>\n<p>\u00c7al\u0131\u015fma ve Sosyal G\u00fcvenlik Bakanl\u0131\u011f\u0131nda yer alan g\u00f6r\u00fc\u015fmede iki Bakan\u2019a,  T\u00fcrkiye Cumhuriyeti Lefko\u015fa B\u00fcy\u00fckel\u00e7isi Yasin Ekrem Serim,  \u00c7al\u0131\u015fma ve Sosyal G\u00fcvenlik Bakanl\u0131\u011f\u0131 M\u00fcste\u015far\u0131 Tahir Serhat ve heyetleri e\u015flik etti.<\/p>\n<p>G\u00f6r\u00fc\u015fmede ilk olarak s\u00f6z alan Bakan Gardiyano\u011flu, Bakan G\u00f6kta\u015f ve ekibine \u201cho\u015fgeldiniz\u201d diyerek, g\u00f6reve geldi\u011fi g\u00fcn itibar\u0131yla s\u00fcrekli temas ve i\u015f birli\u011fi i\u00e7erisinde olduklar\u0131na dikkat \u00e7ekti.<\/p>\n<p>Gardiyano\u011flu, T\u00fcrkiye Cumhuriyeti Cumhurba\u015fkan\u0131 Recep Tayyip Erdo\u011fan\u2019\u0131n \u00f6zellikle aile yap\u0131s\u0131 ve sosyal hizmetlere verdi\u011fi \u00f6nemin t\u00fcm d\u00fcnya taraf\u0131ndan bilindi\u011fini ve takdir edildi\u011fini belirterek, Cumhurba\u015fkan\u0131 Erdo\u011fan\u2019\u0131n ve Aile ve Sosyal Hizmetler Bakanl\u0131\u011f\u0131n\u0131n yapt\u0131\u011f\u0131 \u00e7al\u0131\u015fmalar\u0131n\u0131 yak\u0131ndan takip ettiklerini, bu \u00e7al\u0131\u015fmalar\u0131n kendileri i\u00e7in b\u00fcy\u00fck bir rehber oldu\u011funu s\u00f6yledi.<\/p>\n<p>Ba\u015fbakan \u00dcnal \u00dcstel\u2019den ald\u0131\u011f\u0131 talimatlar do\u011frultusunda g\u00f6reve geldi\u011fi g\u00fcnden beri \u00f6zellikle sosyal hizmetlerin dokunulmayan alanlar\u0131nda projelere imza att\u0131klar\u0131n\u0131, rehabilitasyon ve huzurevlerini \u00e7ok h\u0131zl\u0131 olarak ele ald\u0131klar\u0131n\u0131 ifade eden Gardiyano\u011flu, projeleri hakk\u0131nda \u015f\u00f6yle konu\u015ftu:<\/p>\n<p>\u201cY\u0131llar \u00f6nce a\u00e7\u0131lan fakat bir t\u00fcrl\u00fc istenilen seviyeye getirilemeyen G\u00fcne\u015fk\u00f6y 18 Ya\u015f \u00dcst\u00fc Rehabilitasyon Merkezi\u2019ni, Girne Karakum 18 Ya\u015f \u00dcst\u00fc Rehabilitasyon Merkezi\u2019ni tamamlad\u0131k, modernize ettik, g\u00fc\u00e7lendirdik ve yeniden hizmete a\u00e7t\u0131k.  Gazima\u011fusa \u0130rfan Nadir 18 Ya\u015f \u00dcst\u00fc Rehabilitasyon Merkezi\u2019ndeki Down Cafe\u2019miz yak\u0131nda a\u00e7\u0131l\u0131yor. Bug\u00fcn ziyaret etti\u011fimiz Demirhan Engelsiz Ya\u015fam Evi adada tek olan bir tesistir. Oras\u0131 uzun y\u0131llar a\u00e7\u0131lamam\u0131\u015f. Say\u0131n Ba\u015fbakan\u0131m\u0131z\u0131n talimatlar\u0131yla ve ekibimin \u00f6zverili \u00e7al\u0131\u015fmalar\u0131yla oray\u0131 a\u00e7t\u0131k ger\u00e7ek anlamda bir rehabilitasyon hizmeti vermek istiyoruz.\u201d<\/p>\n<p><strong>\u2013 \u201c\u00d6nemli olan tesisleri a\u00e7mak de\u011fil, onlar\u0131 idame etmektir\u201d<\/strong><\/p>\n<p>T\u00fcrkiye\u2019deki tesisleri yerinde ziyaret ederek, oradaki birikim ve tecr\u00fcbelerinden faydaland\u0131klar\u0131n\u0131 ve KKTC\u2019deki tesislere de bunlar\u0131 yans\u0131tt\u0131klar\u0131n\u0131 s\u00f6yleyen Gardiyano\u011flu, tesislerin g\u00fc\u00e7lendirilmesi i\u00e7in de isti\u015farelere devam ettiklerini  kaydetti, desteklerinden dolay\u0131 B\u00fcy\u00fckel\u00e7i Serim\u2019e de te\u015fekk\u00fcrlerini iletti.<\/p>\n<p>G\u00f6reve geldi\u011finde Kalkanl\u0131 Ya\u015fam Evi\u2019ndeki sorunlarla kar\u015f\u0131la\u015ft\u0131\u011f\u0131n\u0131 ancak s\u00fcre\u00e7 i\u00e7erisinde yapt\u0131klar\u0131 \u00e7al\u0131\u015fmalarla tesisin altyap\u0131s\u0131 yenilenerek ve hizmetleri g\u00fc\u00e7lendirilerek be\u015f y\u0131ld\u0131zl\u0131 otel stat\u00fcs\u00fcne getirildi\u011fini kaydeden Gardiyano\u011flu, \u00f6nemli olan\u0131n tesis a\u00e7mak de\u011fil idame etmek oldu\u011funu vurgulad\u0131.<\/p>\n<p>Bakan Gardiyano\u011flu, bunun yan\u0131nda t\u00fcm dairelerin te\u015fkilat yasalar\u0131n\u0131n da tamamland\u0131\u011f\u0131n\u0131 ve Cumhuriyet Meclisi\u2019ne sevk edildi\u011fini duyurarak, art\u0131k dairelerin g\u00fcncel yasalarla y\u00f6netilece\u011fini belirtti, \u201cYa\u015fl\u0131 Bak\u0131mevi ve Rehabilitasyon Merkezi yasalar\u0131n\u0131 g\u00fcncellemek boynumuzun borcuydu.\u201d dedi.<\/p>\n<p>Sosyal Hizmetler d\u0131\u015f\u0131nda \u00c7al\u0131\u015fma Dairesi\u2019nin Bakanl\u0131\u011f\u0131n en yo\u011fun b\u00f6l\u00fcm\u00fc oldu\u011funa i\u015faret eden Gardiyano\u011flu, \u201cBakanl\u0131k olarak do\u011fumdan \u00f6nce ba\u015flayan ve \u00f6l\u00fcmden sonra da devam eden bir yelpazenin i\u00e7erisindeyiz. Bu sorumlulu\u011fun bilincindeyiz.\u201d ifadelerini kulland\u0131.<\/p>\n<p>Sosyal sigortalar sisteminin akt\u00fceryal dengesine y\u00f6nelik \u00e7al\u0131\u015fmalar\u0131 hakk\u0131nda da bilgi veren Gardiyano\u011flu, g\u00f6reve geldiklerinde bu rakam\u0131n 2.61, \u015fimdi ise 3.32 oldu\u011funu kaydetti; ciddi bir y\u00fckseli\u015f oldu\u011funu belirtti.<\/p>\n<p>\u201cBu \u00fclkenin gelece\u011fini, bu \u00fclkenin gen\u00e7lerini g\u00fcvence alt\u0131na almam gerek. Bir bakan olarak, bu \u00fclkenin bir evlad\u0131 olarak ve en \u00f6nemlisi bir baba olarak en b\u00fcy\u00fck g\u00f6revim ve sorumlulu\u011fum bu.\u201d diyen Gardiyano\u011flu, 155 bin aktif sigortal\u0131 ve 45 bin emeklinin sorumlulu\u011fuyla hareket ettiklerini vurgulad\u0131.<\/p>\n<p>Cumhurba\u015fkan\u0131 Erdo\u011fan\u2019\u0131n lansman\u0131n\u0131 yapt\u0131\u011f\u0131 \u201c2025 Aile Y\u0131l\u0131\u201dn\u0131 da yak\u0131ndan takip ettiklerini s\u00f6yleyen Gardiyano\u011flu, bu kapsamda Bakanl\u0131k olarak ilgili \u00e7al\u0131\u015fmalar\u0131 ba\u015flatt\u0131klar\u0131n\u0131 ifade etti.<\/p>\n<p>\u2013 Bakan G\u00f6kta\u015f: \u201cBilgi birikimimizi ve tecr\u00fcbelerimizi payla\u015fmaya, ortak \u00e7al\u0131\u015fmalar yapmaya devam edece\u011fiz\u201d<\/p>\n<p>T\u00fcrkiye Cumhuriyeti Aile ve Sosyal Hizmetler Bakan\u0131 Mahinur \u00d6zdemir G\u00f6kta\u015f ise, davet i\u00e7in te\u015fekk\u00fcr ederek ba\u015flad\u0131\u011f\u0131 konu\u015fmas\u0131nda, bug\u00fcn \u00f6nemli meseleler i\u00e7in KKTC\u2019de olduklar\u0131na i\u015faret etti. G\u00f6kta\u015f, g\u00fcn i\u00e7erisinde \u00e7ocuklar\u0131n g\u00fcvenli ve huzurlu \u015fekilde devlet himayesinde yeti\u015febilece\u011fi \u201cSevgi Evi\u201dnin a\u00e7\u0131l\u0131\u015f\u0131n\u0131 yapacaklar\u0131n\u0131 kaydetti.<\/p>\n<p>G\u00f6kta\u015f, aile odakl\u0131 \u00e7al\u0131\u015fmalar\u0131n zemininin Bakan Gardiyano\u011flu\u2019nun da davetli olarak bulundu\u011fu T\u00fcrk Devletler Te\u015fkilat\u0131 sosyal politikalar toplant\u0131s\u0131nda at\u0131ld\u0131\u011f\u0131n\u0131 hat\u0131rlatarak, \u201cBu vesileyle aile odakl\u0131, kad\u0131n odakl\u0131, engelli odakl\u0131, \u00e7ocuk odakl\u0131 \u00e7al\u0131\u015fmalar\u0131m\u0131za h\u0131z kazand\u0131rd\u0131k.\u201d dedi.<\/p>\n<p>2025 y\u0131l\u0131n\u0131n \u201cAile Y\u0131l\u0131\u201d ilan edildi\u011fini, bu kapsamda aileyi merkez alan bir eylem plan\u0131n\u0131n hayata ge\u00e7irildi\u011fini, gelecek d\u00f6nemde de ailelere y\u00f6nelik kapsaml\u0131 \u00e7al\u0131\u015fmalar\u0131n devam edece\u011fini belirten G\u00f6kta\u015f, \u015f\u00f6yle konu\u015ftu:<br \/>\u201cAilemiz gelece\u011fimiz, ailemiz istikbalimiz. G\u00fcn\u00fcm\u00fczde aile kavram\u0131 \u00e7ok ciddi tehdit, \u00e7ok b\u00fcy\u00fck riskler alt\u0131nda. Bizler de ailelerimizi t\u00fcm bireyleriyle birlikte g\u00fc\u00e7lendirmeye y\u00f6nelik \u00e7al\u0131\u015fmalar\u0131m\u0131za h\u0131z verdik.\u201d<\/p>\n<p>Toplumda deste\u011fe ihtiya\u00e7 duyan t\u00fcm kesimlere ula\u015fmak i\u00e7in \u00e7al\u0131\u015ft\u0131klar\u0131n\u0131 kaydeden G\u00f6kta\u015f,  bu sabah ziyaret ettikleri Engelsiz Ya\u015fam Merkezi\u2019nin destek verdikleri k\u0131ymetli projeler aras\u0131nda oldu\u011funu belirtti; engellilere, ya\u015fl\u0131lara ve \u00e7ocuklara y\u00f6nelik ortak \u00e7al\u0131\u015fmalara i\u015faret etti.<\/p>\n<p>G\u00f6kta\u015f, bilgi birikimlerini ve tecr\u00fcbelerini payla\u015fmaya ve ortak \u00e7al\u0131\u015fmalar yapmaya devam edeceklerini kaydederek, \u00f6zellikle Aile Y\u0131l\u0131 kapsam\u0131nda bu y\u0131l i\u015f birliklerine haz\u0131r olduklar\u0131n\u0131 ifade etti.<\/p>\n<p>Bakan G\u00f6kta\u015f, yapacaklar\u0131 toplant\u0131n\u0131n ve gelecek \u00e7al\u0131\u015fmalar\u0131n\u0131n hay\u0131rlara vesile olmas\u0131n\u0131 diledi.<\/p>\n<\/p><\/div>\n<p><script async\n                    defer\n                    crossorigin=\"anonymous\"\n                    src=\"https:\/\/connect.facebook.net\/tr_TR\/sdk.js#xfbml=1&#038;version=v3.3\"\n            ><\/script><\/p>\n","protected":false},"excerpt":{"rendered":"<p>\u00c7al\u0131\u015fma ve Sosyal G\u00fcvenlik Bakan\u0131 Sad\u0131k Gardiyano\u011flu, mevkida\u015f\u0131 T\u00fcrkiye Cumhuriyeti Aile ve Sosyal Hizmetler Bakan\u0131 Mahinur \u00d6zdemir G\u00f6kta\u015f\u2019la bir araya geldi. \u00c7al\u0131\u015fma ve Sosyal G\u00fcvenlik Bakanl\u0131\u011f\u0131nda yer alan g\u00f6r\u00fc\u015fmede iki Bakan\u2019a, T\u00fcrkiye Cumhuriyeti Lefko\u015fa B\u00fcy\u00fckel\u00e7isi Yasin Ekrem Serim, \u00c7al\u0131\u015fma ve Sosyal G\u00fcvenlik Bakanl\u0131\u011f\u0131 M\u00fcste\u015far\u0131 Tahir Serhat ve heyetleri e\u015flik etti. G\u00f6r\u00fc\u015fmede ilk olarak s\u00f6z alan<\/p>\n","protected":false},"author":1,"featured_media":73636,"comment_status":"open","ping_status":"open","sticky":false,"template":"","format":"standard","meta":{"footnotes":""},"categories":[81,101],"tags":[],"class_list":["post-73635","post","type-post","status-publish","format-standard","has-post-thumbnail","hentry","category-kibris","category-manset"],"yoast_head":"<!-- This site is optimized with the Yoast SEO plugin v27.4 - https:\/\/yoast.com\/product\/yoast-seo-wordpress\/ -->\n<title>Gardiyano\u011flu, T\u00fcrkiye Aile ve Sosyal Hizmetler Bakan\u0131 G\u00f6kta\u015f\u2019la bir araya geldi -<\/title>\n<meta name=\"robots\" content=\"index, follow, max-snippet:-1, max-image-preview:large, max-video-preview:-1\" \/>\n<link rel=\"canonical\" href=\"https:\/\/kibrisdakik.com\/?p=73635\" \/>\n<meta property=\"og:locale\" content=\"tr_TR\" \/>\n<meta property=\"og:type\" content=\"article\" \/>\n<meta property=\"og:title\" content=\"Gardiyano\u011flu, T\u00fcrkiye Aile ve Sosyal Hizmetler Bakan\u0131 G\u00f6kta\u015f\u2019la bir araya geldi -\" \/>\n<meta property=\"og:description\" content=\"\u00c7al\u0131\u015fma ve Sosyal G\u00fcvenlik Bakan\u0131 Sad\u0131k Gardiyano\u011flu, mevkida\u015f\u0131 T\u00fcrkiye Cumhuriyeti Aile ve Sosyal Hizmetler Bakan\u0131 Mahinur \u00d6zdemir G\u00f6kta\u015f\u2019la bir araya geldi. \u00c7al\u0131\u015fma ve Sosyal G\u00fcvenlik Bakanl\u0131\u011f\u0131nda yer alan g\u00f6r\u00fc\u015fmede iki Bakan\u2019a, T\u00fcrkiye Cumhuriyeti Lefko\u015fa B\u00fcy\u00fckel\u00e7isi Yasin Ekrem Serim, \u00c7al\u0131\u015fma ve Sosyal G\u00fcvenlik Bakanl\u0131\u011f\u0131 M\u00fcste\u015far\u0131 Tahir Serhat ve heyetleri e\u015flik etti. G\u00f6r\u00fc\u015fmede ilk olarak s\u00f6z alan\" \/>\n<meta property=\"og:url\" content=\"https:\/\/kibrisdakik.com\/?p=73635\" \/>\n<meta property=\"article:published_time\" content=\"2025-01-15T11:46:19+00:00\" \/>\n<meta property=\"og:image\" content=\"https:\/\/kibrisdakik.com\/wp-content\/uploads\/2025\/01\/3232a-scaled-740x420.jpg\" \/>\n\t<meta property=\"og:image:width\" content=\"2560\" \/>\n\t<meta property=\"og:image:height\" content=\"1707\" \/>\n\t<meta property=\"og:image:type\" content=\"image\/jpeg\" \/>\n<meta name=\"author\" content=\"admin\" \/>\n<meta name=\"twitter:card\" content=\"summary_large_image\" \/>\n<meta name=\"twitter:label1\" content=\"Yazan:\" \/>\n\t<meta name=\"twitter:data1\" content=\"admin\" \/>\n\t<meta name=\"twitter:label2\" content=\"Tahmini okuma s\u00fcresi\" \/>\n\t<meta name=\"twitter:data2\" content=\"5 dakika\" \/>\n<script type=\"application\/ld+json\" class=\"yoast-schema-graph\">{\"@context\":\"https:\\\/\\\/schema.org\",\"@graph\":[{\"@type\":\"Article\",\"@id\":\"https:\\\/\\\/kibrisdakik.com\\\/?p=73635#article\",\"isPartOf\":{\"@id\":\"https:\\\/\\\/kibrisdakik.com\\\/?p=73635\"},\"author\":{\"name\":\"admin\",\"@id\":\"https:\\\/\\\/kibrisdakik.com\\\/#\\\/schema\\\/person\\\/9cd9d437bbb44f72b73ba127e06d8e79\"},\"headline\":\"Gardiyano\u011flu, T\u00fcrkiye Aile ve Sosyal Hizmetler Bakan\u0131 G\u00f6kta\u015f\u2019la bir araya geldi\",\"datePublished\":\"2025-01-15T11:46:19+00:00\",\"mainEntityOfPage\":{\"@id\":\"https:\\\/\\\/kibrisdakik.com\\\/?p=73635\"},\"wordCount\":1015,\"commentCount\":0,\"image\":{\"@id\":\"https:\\\/\\\/kibrisdakik.com\\\/?p=73635#primaryimage\"},\"thumbnailUrl\":\"https:\\\/\\\/kibrisdakik.com\\\/wp-content\\\/uploads\\\/2025\\\/01\\\/3232a-scaled-740x420.jpg\",\"articleSection\":[\"K\u0131br\u0131s\",\"Man\u015fet\"],\"inLanguage\":\"tr\",\"potentialAction\":[{\"@type\":\"CommentAction\",\"name\":\"Comment\",\"target\":[\"https:\\\/\\\/kibrisdakik.com\\\/?p=73635#respond\"]}]},{\"@type\":\"WebPage\",\"@id\":\"https:\\\/\\\/kibrisdakik.com\\\/?p=73635\",\"url\":\"https:\\\/\\\/kibrisdakik.com\\\/?p=73635\",\"name\":\"Gardiyano\u011flu, T\u00fcrkiye Aile ve Sosyal Hizmetler Bakan\u0131 G\u00f6kta\u015f\u2019la bir araya geldi -\",\"isPartOf\":{\"@id\":\"https:\\\/\\\/kibrisdakik.com\\\/#website\"},\"primaryImageOfPage\":{\"@id\":\"https:\\\/\\\/kibrisdakik.com\\\/?p=73635#primaryimage\"},\"image\":{\"@id\":\"https:\\\/\\\/kibrisdakik.com\\\/?p=73635#primaryimage\"},\"thumbnailUrl\":\"https:\\\/\\\/kibrisdakik.com\\\/wp-content\\\/uploads\\\/2025\\\/01\\\/3232a-scaled-740x420.jpg\",\"datePublished\":\"2025-01-15T11:46:19+00:00\",\"author\":{\"@id\":\"https:\\\/\\\/kibrisdakik.com\\\/#\\\/schema\\\/person\\\/9cd9d437bbb44f72b73ba127e06d8e79\"},\"breadcrumb\":{\"@id\":\"https:\\\/\\\/kibrisdakik.com\\\/?p=73635#breadcrumb\"},\"inLanguage\":\"tr\",\"potentialAction\":[{\"@type\":\"ReadAction\",\"target\":[\"https:\\\/\\\/kibrisdakik.com\\\/?p=73635\"]}]},{\"@type\":\"ImageObject\",\"inLanguage\":\"tr\",\"@id\":\"https:\\\/\\\/kibrisdakik.com\\\/?p=73635#primaryimage\",\"url\":\"https:\\\/\\\/kibrisdakik.com\\\/wp-content\\\/uploads\\\/2025\\\/01\\\/3232a-scaled-740x420.jpg\",\"contentUrl\":\"https:\\\/\\\/kibrisdakik.com\\\/wp-content\\\/uploads\\\/2025\\\/01\\\/3232a-scaled-740x420.jpg\",\"width\":2560,\"height\":1707},{\"@type\":\"BreadcrumbList\",\"@id\":\"https:\\\/\\\/kibrisdakik.com\\\/?p=73635#breadcrumb\",\"itemListElement\":[{\"@type\":\"ListItem\",\"position\":1,\"name\":\"Home\",\"item\":\"https:\\\/\\\/kibrisdakik.com\\\/\"},{\"@type\":\"ListItem\",\"position\":2,\"name\":\"Gardiyano\u011flu, T\u00fcrkiye Aile ve Sosyal Hizmetler Bakan\u0131 G\u00f6kta\u015f\u2019la bir araya geldi\"}]},{\"@type\":\"WebSite\",\"@id\":\"https:\\\/\\\/kibrisdakik.com\\\/#website\",\"url\":\"https:\\\/\\\/kibrisdakik.com\\\/\",\"name\":\"\",\"description\":\"Tam vaktinde haber\",\"potentialAction\":[{\"@type\":\"SearchAction\",\"target\":{\"@type\":\"EntryPoint\",\"urlTemplate\":\"https:\\\/\\\/kibrisdakik.com\\\/?s={search_term_string}\"},\"query-input\":{\"@type\":\"PropertyValueSpecification\",\"valueRequired\":true,\"valueName\":\"search_term_string\"}}],\"inLanguage\":\"tr\"},{\"@type\":\"Person\",\"@id\":\"https:\\\/\\\/kibrisdakik.com\\\/#\\\/schema\\\/person\\\/9cd9d437bbb44f72b73ba127e06d8e79\",\"name\":\"admin\",\"image\":{\"@type\":\"ImageObject\",\"inLanguage\":\"tr\",\"@id\":\"https:\\\/\\\/secure.gravatar.com\\\/avatar\\\/ccc17943b9d660506c869530f897617f7cb1c21a4bf30023f252596d83e1f007?s=96&d=mm&r=g\",\"url\":\"https:\\\/\\\/secure.gravatar.com\\\/avatar\\\/ccc17943b9d660506c869530f897617f7cb1c21a4bf30023f252596d83e1f007?s=96&d=mm&r=g\",\"contentUrl\":\"https:\\\/\\\/secure.gravatar.com\\\/avatar\\\/ccc17943b9d660506c869530f897617f7cb1c21a4bf30023f252596d83e1f007?s=96&d=mm&r=g\",\"caption\":\"admin\"},\"sameAs\":[\"https:\\\/\\\/kibrisdakik.com\"],\"url\":\"https:\\\/\\\/kibrisdakik.com\\\/?author=1\"}]}<\/script>\n<!-- \/ Yoast SEO plugin. -->","yoast_head_json":{"title":"Gardiyano\u011flu, T\u00fcrkiye Aile ve Sosyal Hizmetler Bakan\u0131 G\u00f6kta\u015f\u2019la bir araya geldi -","robots":{"index":"index","follow":"follow","max-snippet":"max-snippet:-1","max-image-preview":"max-image-preview:large","max-video-preview":"max-video-preview:-1"},"canonical":"https:\/\/kibrisdakik.com\/?p=73635","og_locale":"tr_TR","og_type":"article","og_title":"Gardiyano\u011flu, T\u00fcrkiye Aile ve Sosyal Hizmetler Bakan\u0131 G\u00f6kta\u015f\u2019la bir araya geldi -","og_description":"\u00c7al\u0131\u015fma ve Sosyal G\u00fcvenlik Bakan\u0131 Sad\u0131k Gardiyano\u011flu, mevkida\u015f\u0131 T\u00fcrkiye Cumhuriyeti Aile ve Sosyal Hizmetler Bakan\u0131 Mahinur \u00d6zdemir G\u00f6kta\u015f\u2019la bir araya geldi. \u00c7al\u0131\u015fma ve Sosyal G\u00fcvenlik Bakanl\u0131\u011f\u0131nda yer alan g\u00f6r\u00fc\u015fmede iki Bakan\u2019a, T\u00fcrkiye Cumhuriyeti Lefko\u015fa B\u00fcy\u00fckel\u00e7isi Yasin Ekrem Serim, \u00c7al\u0131\u015fma ve Sosyal G\u00fcvenlik Bakanl\u0131\u011f\u0131 M\u00fcste\u015far\u0131 Tahir Serhat ve heyetleri e\u015flik etti. G\u00f6r\u00fc\u015fmede ilk olarak s\u00f6z alan","og_url":"https:\/\/kibrisdakik.com\/?p=73635","article_published_time":"2025-01-15T11:46:19+00:00","og_image":[{"width":2560,"height":1707,"url":"https:\/\/kibrisdakik.com\/wp-content\/uploads\/2025\/01\/3232a-scaled-740x420.jpg","type":"image\/jpeg"}],"author":"admin","twitter_card":"summary_large_image","twitter_misc":{"Yazan:":"admin","Tahmini okuma s\u00fcresi":"5 dakika"},"schema":{"@context":"https:\/\/schema.org","@graph":[{"@type":"Article","@id":"https:\/\/kibrisdakik.com\/?p=73635#article","isPartOf":{"@id":"https:\/\/kibrisdakik.com\/?p=73635"},"author":{"name":"admin","@id":"https:\/\/kibrisdakik.com\/#\/schema\/person\/9cd9d437bbb44f72b73ba127e06d8e79"},"headline":"Gardiyano\u011flu, T\u00fcrkiye Aile ve Sosyal Hizmetler Bakan\u0131 G\u00f6kta\u015f\u2019la bir araya geldi","datePublished":"2025-01-15T11:46:19+00:00","mainEntityOfPage":{"@id":"https:\/\/kibrisdakik.com\/?p=73635"},"wordCount":1015,"commentCount":0,"image":{"@id":"https:\/\/kibrisdakik.com\/?p=73635#primaryimage"},"thumbnailUrl":"https:\/\/kibrisdakik.com\/wp-content\/uploads\/2025\/01\/3232a-scaled-740x420.jpg","articleSection":["K\u0131br\u0131s","Man\u015fet"],"inLanguage":"tr","potentialAction":[{"@type":"CommentAction","name":"Comment","target":["https:\/\/kibrisdakik.com\/?p=73635#respond"]}]},{"@type":"WebPage","@id":"https:\/\/kibrisdakik.com\/?p=73635","url":"https:\/\/kibrisdakik.com\/?p=73635","name":"Gardiyano\u011flu, T\u00fcrkiye Aile ve Sosyal Hizmetler Bakan\u0131 G\u00f6kta\u015f\u2019la bir araya geldi -","isPartOf":{"@id":"https:\/\/kibrisdakik.com\/#website"},"primaryImageOfPage":{"@id":"https:\/\/kibrisdakik.com\/?p=73635#primaryimage"},"image":{"@id":"https:\/\/kibrisdakik.com\/?p=73635#primaryimage"},"thumbnailUrl":"https:\/\/kibrisdakik.com\/wp-content\/uploads\/2025\/01\/3232a-scaled-740x420.jpg","datePublished":"2025-01-15T11:46:19+00:00","author":{"@id":"https:\/\/kibrisdakik.com\/#\/schema\/person\/9cd9d437bbb44f72b73ba127e06d8e79"},"breadcrumb":{"@id":"https:\/\/kibrisdakik.com\/?p=73635#breadcrumb"},"inLanguage":"tr","potentialAction":[{"@type":"ReadAction","target":["https:\/\/kibrisdakik.com\/?p=73635"]}]},{"@type":"ImageObject","inLanguage":"tr","@id":"https:\/\/kibrisdakik.com\/?p=73635#primaryimage","url":"https:\/\/kibrisdakik.com\/wp-content\/uploads\/2025\/01\/3232a-scaled-740x420.jpg","contentUrl":"https:\/\/kibrisdakik.com\/wp-content\/uploads\/2025\/01\/3232a-scaled-740x420.jpg","width":2560,"height":1707},{"@type":"BreadcrumbList","@id":"https:\/\/kibrisdakik.com\/?p=73635#breadcrumb","itemListElement":[{"@type":"ListItem","position":1,"name":"Home","item":"https:\/\/kibrisdakik.com\/"},{"@type":"ListItem","position":2,"name":"Gardiyano\u011flu, T\u00fcrkiye Aile ve Sosyal Hizmetler Bakan\u0131 G\u00f6kta\u015f\u2019la bir araya geldi"}]},{"@type":"WebSite","@id":"https:\/\/kibrisdakik.com\/#website","url":"https:\/\/kibrisdakik.com\/","name":"","description":"Tam vaktinde haber","potentialAction":[{"@type":"SearchAction","target":{"@type":"EntryPoint","urlTemplate":"https:\/\/kibrisdakik.com\/?s={search_term_string}"},"query-input":{"@type":"PropertyValueSpecification","valueRequired":true,"valueName":"search_term_string"}}],"inLanguage":"tr"},{"@type":"Person","@id":"https:\/\/kibrisdakik.com\/#\/schema\/person\/9cd9d437bbb44f72b73ba127e06d8e79","name":"admin","image":{"@type":"ImageObject","inLanguage":"tr","@id":"https:\/\/secure.gravatar.com\/avatar\/ccc17943b9d660506c869530f897617f7cb1c21a4bf30023f252596d83e1f007?s=96&d=mm&r=g","url":"https:\/\/secure.gravatar.com\/avatar\/ccc17943b9d660506c869530f897617f7cb1c21a4bf30023f252596d83e1f007?s=96&d=mm&r=g","contentUrl":"https:\/\/secure.gravatar.com\/avatar\/ccc17943b9d660506c869530f897617f7cb1c21a4bf30023f252596d83e1f007?s=96&d=mm&r=g","caption":"admin"},"sameAs":["https:\/\/kibrisdakik.com"],"url":"https:\/\/kibrisdakik.com\/?author=1"}]}},"_links":{"self":[{"href":"https:\/\/kibrisdakik.com\/index.php?rest_route=\/wp\/v2\/posts\/73635","targetHints":{"allow":["GET"]}}],"collection":[{"href":"https:\/\/kibrisdakik.com\/index.php?rest_route=\/wp\/v2\/posts"}],"about":[{"href":"https:\/\/kibrisdakik.com\/index.php?rest_route=\/wp\/v2\/types\/post"}],"author":[{"embeddable":true,"href":"https:\/\/kibrisdakik.com\/index.php?rest_route=\/wp\/v2\/users\/1"}],"replies":[{"embeddable":true,"href":"https:\/\/kibrisdakik.com\/index.php?rest_route=%2Fwp%2Fv2%2Fcomments&post=73635"}],"version-history":[{"count":0,"href":"https:\/\/kibrisdakik.com\/index.php?rest_route=\/wp\/v2\/posts\/73635\/revisions"}],"wp:featuredmedia":[{"embeddable":true,"href":"https:\/\/kibrisdakik.com\/index.php?rest_route=\/wp\/v2\/media\/73636"}],"wp:attachment":[{"href":"https:\/\/kibrisdakik.com\/index.php?rest_route=%2Fwp%2Fv2%2Fmedia&parent=73635"}],"wp:term":[{"taxonomy":"category","embeddable":true,"href":"https:\/\/kibrisdakik.com\/index.php?rest_route=%2Fwp%2Fv2%2Fcategories&post=73635"},{"taxonomy":"post_tag","embeddable":true,"href":"https:\/\/kibrisdakik.com\/index.php?rest_route=%2Fwp%2Fv2%2Ftags&post=73635"}],"curies":[{"name":"wp","href":"https:\/\/api.w.org\/{rel}","templated":true}]}}