{"id":73650,"date":"2025-01-15T17:33:03","date_gmt":"2025-01-15T14:33:03","guid":{"rendered":"https:\/\/kibrisdakik.com\/index.php\/2025\/01\/15\/ozgurluk-mucadelesi-lideri-dr-fazil-kucuk-icin-akmde-anma-programi-duzenlendi\/"},"modified":"2025-01-15T17:33:03","modified_gmt":"2025-01-15T14:33:03","slug":"ozgurluk-mucadelesi-lideri-dr-fazil-kucuk-icin-akmde-anma-programi-duzenlendi","status":"publish","type":"post","link":"https:\/\/kibrisdakik.com\/?p=73650","title":{"rendered":"\u00d6zg\u00fcrl\u00fck m\u00fccadelesi lideri Dr. Faz\u0131l K\u00fc\u00e7\u00fck i\u00e7in AKM\u2019de anma program\u0131 d\u00fczenlendi"},"content":{"rendered":"<div>\n<div class=\"mariselle-image-container center\">\n                                            <\/div>\n<p>K\u0131br\u0131s T\u00fcrk halk\u0131n\u0131n varolu\u015f ve \u00f6zg\u00fcrl\u00fck m\u00fccadelesi lideri Dr. Faz\u0131l K\u00fc\u00e7\u00fck\u2019\u00fcn 41\u2019inci \u00f6l\u00fcm y\u0131l d\u00f6n\u00fcm\u00fc nedeniyle Lefko\u015fa Atat\u00fcrk K\u00fclt\u00fcr Merkezi\u2019nde (AKM) anma program\u0131 d\u00fczenlendi.<\/p>\n<p>Programa Cumhurba\u015fkan\u0131 Ersin Tatar, Ba\u015fbakan \u00dcnal \u00dcstel, K\u0131br\u0131s T\u00fcrk Bar\u0131\u015f Kuvvetleri Komutan\u0131 T\u00fcmgeneral Sebahattin K\u0131l\u0131n\u00e7, G\u00fcvenlik Kuvvetleri Komutan\u0131 T\u00fcmgeneral \u0130lker G\u00f6rg\u00fcl\u00fc, Ba\u015fbakan Yard\u0131mc\u0131s\u0131, Turizm, K\u00fclt\u00fcr, Gen\u00e7lik ve \u00c7evre Bakan\u0131 Fikri Atao\u011flu, D\u0131\u015fi\u015fleri Bakan\u0131 Tahsin Ertu\u011frulo\u011flu, Milli E\u011fitim Bakan\u0131 Naz\u0131m \u00c7avu\u015fo\u011flu, baz\u0131 milletvekilleri, askeri erkan, yetkililer ve K\u00fc\u00e7\u00fck ailesi kat\u0131ld\u0131.<\/p>\n<p>Sayg\u0131 duru\u015fu ve \u0130stiklal Mar\u015f\u0131 ile ba\u015flayan program, Cumhurba\u015fkan\u0131 Ersin Tatar ve Dr. Faz\u0131l K\u00fc\u00e7\u00fck\u2019\u00fcn torunu Selen S\u00fcheyla K\u00fc\u00e7\u00fck\u2019\u00fcn konu\u015fmas\u0131yla devam etti.<\/p>\n<p>Dr. Faz\u0131l K\u00fc\u00e7\u00fck\u2019\u00fcn hayat\u0131ndan kesitler de sunulan programda, Lefko\u015fa Anadolu G\u00fczel Sanatlar Lisesi resim ve m\u00fczik b\u00f6l\u00fcm\u00fc \u00f6\u011frenci ve \u00f6\u011fretmenlerinin performanslar\u0131 yer ald\u0131. \u201cDinle Sevgili\u201d adl\u0131 tango \u015fark\u0131s\u0131 ve \u201cKarad\u0131r Ka\u015flar\u0131n\u201d isimli t\u00fcrk\u00fcn\u00fcn seslendirildi\u011fi programda, Lefko\u015fa Anadolu G\u00fczel Sanatlar Lisesi korosu ve orkestras\u0131 da sahne ald\u0131. Dr. Faz\u0131l K\u00fc\u00e7\u00fck i\u00e7in yap\u0131lan \u201cSen Gittin Ya\u201d ve \u201cA\u011f\u0131t\u201d adl\u0131 eserlerin ilk kez sunuldu\u011fu programda, \u201cK\u00fc\u00e7\u00fck\u2019e A\u011f\u0131t\u201d ve \u201cDoktorum K\u0131br\u0131s\u2019ta Sana A\u00e7ar T\u00fcm \u00c7i\u00e7ekler\u201d adl\u0131 par\u00e7alar da seslendirildi.<\/p>\n<p>Lefko\u015fa Anadolu G\u00fczel Sanatlar Lisesi 11\u2019inci s\u0131n\u0131f resim b\u00f6l\u00fcm\u00fc \u00f6\u011frencilerinin anma program\u0131 boyunca yapt\u0131\u011f\u0131 Dr. Faz\u0131l K\u00fc\u00e7\u00fck tablosu ise program sonunda sergilendi.<\/p>\n<p>Program, an\u0131 foto\u011fraf\u0131 \u00e7ekilmesiyle sona erdi.<\/p>\n<p>-Tatar: \u201cO\u2019nun yakt\u0131\u011f\u0131 me\u015fale ile O\u2019nun yolundan y\u00fcr\u00fcyen K\u0131br\u0131s T\u00fcrk halk\u0131 bug\u00fcnlere kadar gelmi\u015ftir\u201d<\/p>\n<p>Cumhurba\u015fkan\u0131 Ersin Tatar programda yapt\u0131\u011f\u0131 konu\u015fmada, Dr. Faz\u0131l K\u00fc\u00e7\u00fck\u2019\u00fc rahmet minnet, sevgi ve \u00f6zlemle and\u0131.<\/p>\n<p>K\u0131br\u0131s\u2019\u0131n 350 y\u0131l Osman Devleti\u2019nin par\u00e7as\u0131 olmas\u0131n\u0131n ard\u0131ndan Lozan Anla\u015fmas\u0131\u2019ndan sonra \u0130ngiliz y\u00f6netimine b\u0131rak\u0131ld\u0131\u011f\u0131n\u0131 hat\u0131rlatan Cumhurba\u015fkan\u0131 Tatar, Dr. K\u00fc\u00e7\u00fck\u2019\u00fcn Anadolu ve T\u00fcrkiye \u00f6zlemi ve sevgisiyle b\u00fcy\u00fcy\u00fcp, yeti\u015fti\u011fini vurgulad\u0131.<\/p>\n<p>-\u201cHalk\u0131na ilham kayna\u011f\u0131 oldu\u201d<\/p>\n<p>K\u00fc\u00e7\u00fck\u2019\u00fcn doktor olduktan sonra \u0130ngiliz s\u00f6m\u00fcrge y\u00f6netiminin bask\u0131c\u0131 tehdite ve sert yasalar\u0131na ra\u011fmen cesaret g\u00f6stererek, K\u0131br\u0131s T\u00fcrk toplumuna \u00f6nderlik ve liderlik etti\u011finin alt\u0131n\u0131 \u00e7izen Cumhurba\u015fkan\u0131 Tatar, K\u00fc\u00e7\u00fck\u2019\u00fcn o d\u00f6nemin \u015fartlar\u0131nda ada genelinde halk\u0131yla bulu\u015farak, halk\u0131na ilham kayna\u011f\u0131 oldu\u011funu belirtti.<\/p>\n<p>Dr. Faz\u0131l K\u00fc\u00e7\u00fck\u2019\u00fcn, T\u00fcrkiye\u2019yi s\u0131k s\u0131k ziyaret etti\u011fini dile getiren Cumhurba\u015fkan\u0131 Tatar, K\u00fc\u00e7\u00fck\u2019\u00fcn, K\u0131br\u0131s meselesinin, T\u00fcrkiye\u2019de milli bir siyaset haline d\u00f6n\u00fc\u015ft\u00fcr\u00fclmesinde b\u00fcy\u00fck hizmetleri ge\u00e7ti\u011fini kaydetti.<\/p>\n<p>Dr. Faz\u0131l K\u00fc\u00e7\u00fck\u2019\u00fcn, Kurucu Cumhurba\u015fkan\u0131 Rauf Raif Denkta\u015f\u2019\u0131 da milli m\u00fccadeleye davet etti\u011fine i\u015faret eden Cumhurba\u015fkan\u0131 Tatar, 1948 y\u0131l\u0131nda Selimiye Meydan\u0131\u2019nda d\u00fczenlenen mitingde K\u00fc\u00e7\u00fck ve Denkta\u015f\u2019\u0131n birlikte yapt\u0131\u011f\u0131 konu\u015fmada, milli hassasiyetleri en \u00fcst d\u00fczeye \u00e7\u0131kard\u0131klar\u0131n\u0131 s\u00f6yledi.<\/p>\n<p>Dr. K\u00fc\u00e7\u00fck\u2019\u00fcn, K\u0131br\u0131s Kurulu\u015f Anla\u015fmalar\u0131yla K\u0131br\u0131s T\u00fcrk\u00fc\u2019n\u00fc cemaat stat\u00fcs\u00fcnden, K\u0131br\u0131s Cumhuriyeti\u2019nin e\u015fit kurucu orta\u011f\u0131 noktas\u0131na getirdi\u011fine dikkat \u00e7eken Tatar, Dr. Faz\u0131l K\u00fc\u00e7\u00fck\u2019\u00fcn, K\u0131br\u0131s Cumhuriyeti\u2019nin kurulu\u015f anla\u015fmalar\u0131na da imza att\u0131\u011f\u0131n\u0131 kaydetti.<\/p>\n<p>Tatar, T\u00fcrkiye Cumhuriyeti\u2019nin 1960 Kurulu\u015f Anla\u015fmalar\u0131\u2019nda tek tarafl\u0131 m\u00fcdahale hakk\u0131n\u0131 kazanmas\u0131 ve garant\u00f6r \u00fclke olmas\u0131n\u0131n Dr. Faz\u0131l K\u00fc\u00e7\u00fck\u2019\u00fcn liderli\u011finde K\u0131br\u0131s T\u00fcrk\u00fc\u2019n\u00fcn ba\u015far\u0131lar\u0131 oldu\u011funu vurgulad\u0131.<\/p>\n<p>Rum taraf\u0131n\u0131n daha sonra Enosis\u2019i ger\u00e7ekle\u015ftirmek i\u00e7in K\u0131br\u0131s T\u00fcrk halk\u0131na sald\u0131rd\u0131\u011f\u0131n\u0131 dile getiren Tatar, K\u0131br\u0131s T\u00fcrk halk\u0131n\u0131n imha edilerek, adan\u0131n Yunanistan\u2019a ba\u011flanmak istendi\u011fini ifade etti.<\/p>\n<p>Bu zor y\u0131llarda 103 k\u00f6y\u00fcn yak\u0131p, y\u0131k\u0131ld\u0131\u011f\u0131n\u0131, K\u0131br\u0131s T\u00fcrk halk\u0131n\u0131n yar\u0131s\u0131n\u0131n g\u00f6\u00e7men durumuna geldi\u011fini belirten Cumhurba\u015fkan\u0131 Tatar, Dr. Faz\u0131l K\u00fc\u00e7\u00fck\u2019\u00fcn, K\u0131br\u0131sl\u0131 T\u00fcrk g\u00f6\u00e7menlere bug\u00fcn G\u00f6\u00e7menk\u00f6y\u2019deki arazilerini verdi\u011fini dile getirdi.<\/p>\n<p>Dr. K\u00fc\u00e7\u00fck\u2019\u00fcn zor y\u0131llarda halk\u0131n\u0131 hi\u00e7 yaln\u0131z b\u0131rakmad\u0131\u011f\u0131n\u0131 vurgulayan Tatar, K\u00fc\u00e7\u00fck\u2019\u00fcn halk\u0131n\u0131n mukavemet\u00e7i ve direni\u015f ruhunu art\u0131rd\u0131\u011f\u0131n\u0131 kaydetti. 1974 Mutlu Bar\u0131\u015f Harekat\u0131 sonras\u0131nda bug\u00fcn\u00fcn ko\u015fullar\u0131n\u0131n sa\u011fland\u0131\u011f\u0131n\u0131 ve KKTC\u2019nin kuruldu\u011funu ifade eden Tatar, \u015fu anda s\u00fcrd\u00fcrd\u00fckleri iki devletli siyaset, K\u0131br\u0131s T\u00fcrk halk\u0131n\u0131n egemenli\u011fi,  KKTC devleti, anavatan T\u00fcrkiye Cumhuriyeti\u2019nin garant\u00f6rl\u00fc\u011f\u00fc ve T\u00fcrk askerinin adada cayd\u0131r\u0131c\u0131 g\u00fc\u00e7 olarak varl\u0131\u011f\u0131 a\u015famalar\u0131nda Dr. Faz\u0131l K\u00fc\u00e7\u00fck\u2019\u00fcn b\u00fcy\u00fck hizmetleri oldu\u011funu s\u00f6yledi.<\/p>\n<p>\u201cO\u2019nun yakt\u0131\u011f\u0131 me\u015fale ile O\u2019nun yolundan y\u00fcr\u00fcyen K\u0131br\u0131s T\u00fcrk halk\u0131 bug\u00fcnlere kadar gelmi\u015ftir\u201d diyen Cumhurba\u015fkan\u0131 Tatar, Kurucu Cumhurba\u015fkan\u0131 Denkta\u015f ve \u00f6zg\u00fcrl\u00fck m\u00fccadelesi lideri Dr. Faz\u0131l K\u00fc\u00e7\u00fck\u2019\u00fcn \u00e7izdi\u011fi yoldan y\u00fcr\u00fcyeceklerini vurgulad\u0131.<\/p>\n<p>Tatar, toplumsal varl\u0131\u011f\u0131n gelece\u011fe emin ellerde ta\u015f\u0131nmas\u0131n\u0131n Kurucu Cumhurba\u015fkan\u0131 Denkta\u015f ve \u00f6zg\u00fcrl\u00fck m\u00fccadelesi lideri Dr. Faz\u0131l K\u00fc\u00e7\u00fck\u2019e kar\u015f\u0131 sorumluluk oldu\u011funu kaydetti.<\/p>\n<p>\u2013 K\u00fc\u00e7\u00fck: \u201cBana iyi bir liderin g\u00f6z\u00fcn\u00fcn makamda de\u011fil de birlikte, beraberlikte ve halk\u0131 i\u00e7in m\u00fccadelede oldu\u011funu \u00f6\u011fretti\u201d<\/p>\n<p>Dr. Faz\u0131l K\u00fc\u00e7\u00fck\u2019\u00fcn torunu Selen S\u00fcheyla K\u00fc\u00e7\u00fck ise konu\u015fmas\u0131nda, dedesi Dr. Faz\u0131l K\u00fc\u00e7\u00fck\u2019\u00fc, torununun g\u00f6z\u00fcnden anlatt\u0131.<\/p>\n<p>Dr. K\u00fc\u00e7\u00fck\u2019\u00fcn, 1906 y\u0131l\u0131nda Ortak\u00f6y\u2019de \u00e7ift\u00e7ilik ile u\u011fra\u015fan bir aileye do\u011fmas\u0131na ra\u011fmen lise e\u011fitimini \u0130stanbul\u2019da, \u00fcniversite e\u011fitimini de \u0130svi\u00e7re\u2019de tamamlad\u0131\u011f\u0131n\u0131 ifade eden Selen S\u00fcheyla K\u00fc\u00e7\u00fck, \u201cHi\u00e7 bilmedi\u011fi bir \u00fclkeye gidip, t\u0131p gibi zor bir dal\u0131 okuyacak kadar cesur bir insand\u0131\u201d dedi.<\/p>\n<p>Dedesinin konfor alan\u0131nda kalmay\u0131p, imkanlar\u0131 zorlad\u0131\u011f\u0131n\u0131 ve kendisine verilen \u015fans\u0131 en iyi \u015fekilde kulland\u0131\u011f\u0131n\u0131 kaydeden K\u00fc\u00e7\u00fck, \u00e7ok nadir yap\u0131labilecek bir ba\u015far\u0131ya imza att\u0131\u011f\u0131n\u0131 vurgulad\u0131. Selen S\u00fcheyla K\u00fc\u00e7\u00fck, dedesinin kendi \u015fartlar\u0131 ne kadar iyi olursa olsun, hep halk\u0131n\u0131 d\u00fc\u015f\u00fcnd\u00fc\u011f\u00fcn\u00fc s\u00f6yledi. K\u00fc\u00e7\u00fck, \u201cE\u011fitimini tamamlad\u0131ktan sonra 1937 y\u0131l\u0131nda \u0130svi\u00e7re\u2019yi b\u0131rak\u0131p memleketine geri d\u00f6nme karar\u0131 da bunu g\u00f6steriyor\u201d diye konu\u015ftu.<\/p>\n<p>Dedesinin mesle\u011fini halk\u0131na umut olmak i\u00e7in kulland\u0131\u011f\u0131n\u0131 dile getiren Selen S\u00fcheyla K\u00fc\u00e7\u00fck, Dr. Faz\u0131l K\u00fc\u00e7\u00fck\u2019\u00fcn, 1942 y\u0131l\u0131nda kurdu\u011fu Halk\u0131n Sesi Gazetesi ile hi\u00e7 bilmedi\u011fi bir mesle\u011fin i\u00e7ine girdi\u011fini ve t\u00fcm zorluklara g\u00f6\u011f\u00fcs gerdi\u011fini vurgulad\u0131.<\/p>\n<p>Dedesinin \u00f6zg\u00fcrl\u00fck m\u00fccadelesi hakk\u0131nda halk\u0131n\u0131 bilgilendirmek i\u00e7in k\u00f6y k\u00f6y gezdi\u011fini dile getiren Selen S\u00fcheyla K\u00fc\u00e7\u00fck, \u201cKendi \u00e7ocuklar\u0131 yani babam ve halam onu neredeyse hi\u00e7 g\u00f6rmediler. Dedem, kendi ailesini halk\u0131 i\u00e7in ikinci planda b\u0131rakm\u0131\u015ft\u0131. \u00c7\u00fcnk\u00fc kazan\u0131lmas\u0131 gereken bir m\u00fccadele vard\u0131 ve bunu halk\u0131yla birlikte yapacakt\u0131\u201d dedi.<\/p>\n<p>K\u00fc\u00e7\u00fck\u2019\u00fcn, \u201cK\u0131br\u0131s davas\u0131 T\u00fcrkiyesiz halledilemez\u201d dedi\u011fini ve T\u00fcrkiye\u2019de mitingler d\u00fczenledi\u011fini hat\u0131rlatan Selen S\u00fcheyla K\u00fc\u00e7\u00fck, do\u011fru yoldan \u015fa\u015fmamay\u0131 ve kap\u0131lar\u0131 a\u00e7t\u0131rmak i\u00e7in ba\u015fka yollardan gidilmesi gerekti\u011fini dedesinden \u00f6\u011frendi\u011fini belirtti.<\/p>\n<p>Dr. K\u00fc\u00e7\u00fck\u2019\u00fcn, 1963 olaylar\u0131 s\u0131ras\u0131nda kald\u0131\u011f\u0131 Ba\u015fkanl\u0131k Saray\u0131\u2019n\u0131 halka a\u00e7t\u0131\u011f\u0131n\u0131 ifade eden Selen S\u00fcheyla K\u00fc\u00e7\u00fck, \u201cMevkiin ne olursa olsun halk\u0131ndan asla kopmaman gerekti\u011fini ve onlar\u0131n \u00e7\u0131karlar\u0131n\u0131 kendi \u00e7\u0131karlar\u0131n\u0131n \u00f6n\u00fcnde tutman gerekti\u011fini ondan \u00f6\u011frendim\u201d dedi.<\/p>\n<p>K\u0131br\u0131sl\u0131 T\u00fcrk g\u00f6\u00e7menlere ev yap\u0131labilmesi i\u00e7in bug\u00fcn \u201cG\u00f6\u00e7menk\u00f6y\u201d diye an\u0131lan kendi topraklar\u0131n\u0131 verdi\u011fini dile getiren Selen S\u00fcheyla K\u00fc\u00e7\u00fck, \u201cBir liderin halk\u0131ndan almay\u0131p halk\u0131na vermesi gerekti\u011fini ondan \u00f6\u011frendim\u201d diye konu\u015ftu.<\/p>\n<p>Dr. K\u00fc\u00e7\u00fck\u2019\u00fcn ba\u015far\u0131y\u0131 asla kendine mal etmedi\u011fini ve dava arkada\u015flar\u0131na \u00f6nem verdi\u011fini vurgulayan Selen S\u00fcheyla K\u00fc\u00e7\u00fck, \u201cBana iyi bir liderin, makamda de\u011fil de birlik ve beraberlikle, halk\u0131 i\u00e7in m\u00fccadelede g\u00f6z\u00fc oldu\u011funu \u00f6\u011fretti\u201d dedi.<\/p>\n<p>Dr. K\u00fc\u00e7\u00fck\u2019\u00fcn son s\u00f6z\u00fcn\u00fcn, \u201cAllah K\u0131br\u0131s T\u00fcrk\u00fc\u2019n\u00fcn yan\u0131nda olsun, onu korusun\u201d oldu\u011funa dikkat \u00e7eken Selen S\u00fcheyla K\u00fc\u00e7\u00fck, \u015f\u00f6yle konu\u015ftu:<\/p>\n<p>\u201cSon s\u00f6zlerinde bile halk\u0131na adanm\u0131\u015fl\u0131\u011f\u0131n\u0131 ve yine kendini de\u011fil de halk\u0131n\u0131 d\u00fc\u015f\u00fcnd\u00fc\u011f\u00fcn\u00fc g\u00f6stermi\u015ftir. Zamanla birlikte liderlik \u015fartlar\u0131 de\u011fi\u015fse de dedemde olan liderlik \u00f6zelliklerinin, ba\u015fl\u0131ca \u2018merhamet, azim, halk sevgisi, halk adaml\u0131\u011f\u0131, asla pes etmemek ve ben odakl\u0131 olmamak\u2019 t\u00fcm liderlerde bulunmas\u0131 gereken \u00f6zellikler\u2026\u201d<\/p>\n<p>Dedesine ve t\u00fcm dava arkada\u015flar\u0131na, K\u0131br\u0131s T\u00fcrk halk\u0131na bu kadar g\u00fczel bir tarih b\u0131rakt\u0131klar\u0131 i\u00e7in te\u015fekk\u00fcr eden Selen S\u00fcheyla K\u00fc\u00e7\u00fck, \u201cGe\u00e7mi\u015fte ya\u015fanan bu birlik beraberlik ve m\u00fccadeleyi d\u00fc\u015f\u00fcnd\u00fck\u00e7e gelece\u011fe umut ile bakabiliyorum\u201d dedi.<\/p>\n<\/p><\/div>\n<p><script async\n                    defer\n                    crossorigin=\"anonymous\"\n                    src=\"https:\/\/connect.facebook.net\/tr_TR\/sdk.js#xfbml=1&#038;version=v3.3\"\n            ><\/script><\/p>\n","protected":false},"excerpt":{"rendered":"<p>K\u0131br\u0131s T\u00fcrk halk\u0131n\u0131n varolu\u015f ve \u00f6zg\u00fcrl\u00fck m\u00fccadelesi lideri Dr. Faz\u0131l K\u00fc\u00e7\u00fck\u2019\u00fcn 41\u2019inci \u00f6l\u00fcm y\u0131l d\u00f6n\u00fcm\u00fc nedeniyle Lefko\u015fa Atat\u00fcrk K\u00fclt\u00fcr Merkezi\u2019nde (AKM) anma program\u0131 d\u00fczenlendi. Programa Cumhurba\u015fkan\u0131 Ersin Tatar, Ba\u015fbakan \u00dcnal \u00dcstel, K\u0131br\u0131s T\u00fcrk Bar\u0131\u015f Kuvvetleri Komutan\u0131 T\u00fcmgeneral Sebahattin K\u0131l\u0131n\u00e7, G\u00fcvenlik Kuvvetleri Komutan\u0131 T\u00fcmgeneral \u0130lker G\u00f6rg\u00fcl\u00fc, Ba\u015fbakan Yard\u0131mc\u0131s\u0131, Turizm, K\u00fclt\u00fcr, Gen\u00e7lik ve \u00c7evre Bakan\u0131 Fikri Atao\u011flu,<\/p>\n","protected":false},"author":1,"featured_media":73651,"comment_status":"open","ping_status":"open","sticky":false,"template":"","format":"standard","meta":{"footnotes":""},"categories":[81,101],"tags":[],"class_list":["post-73650","post","type-post","status-publish","format-standard","has-post-thumbnail","hentry","category-kibris","category-manset"],"yoast_head":"<!-- This site is optimized with the Yoast SEO plugin v27.4 - https:\/\/yoast.com\/product\/yoast-seo-wordpress\/ -->\n<title>\u00d6zg\u00fcrl\u00fck m\u00fccadelesi lideri Dr. Faz\u0131l K\u00fc\u00e7\u00fck i\u00e7in AKM\u2019de anma program\u0131 d\u00fczenlendi -<\/title>\n<meta name=\"robots\" content=\"index, follow, max-snippet:-1, max-image-preview:large, max-video-preview:-1\" \/>\n<link rel=\"canonical\" href=\"https:\/\/kibrisdakik.com\/?p=73650\" \/>\n<meta property=\"og:locale\" content=\"tr_TR\" \/>\n<meta property=\"og:type\" content=\"article\" \/>\n<meta property=\"og:title\" content=\"\u00d6zg\u00fcrl\u00fck m\u00fccadelesi lideri Dr. Faz\u0131l K\u00fc\u00e7\u00fck i\u00e7in AKM\u2019de anma program\u0131 d\u00fczenlendi -\" \/>\n<meta property=\"og:description\" content=\"K\u0131br\u0131s T\u00fcrk halk\u0131n\u0131n varolu\u015f ve \u00f6zg\u00fcrl\u00fck m\u00fccadelesi lideri Dr. Faz\u0131l K\u00fc\u00e7\u00fck\u2019\u00fcn 41\u2019inci \u00f6l\u00fcm y\u0131l d\u00f6n\u00fcm\u00fc nedeniyle Lefko\u015fa Atat\u00fcrk K\u00fclt\u00fcr Merkezi\u2019nde (AKM) anma program\u0131 d\u00fczenlendi. Programa Cumhurba\u015fkan\u0131 Ersin Tatar, Ba\u015fbakan \u00dcnal \u00dcstel, K\u0131br\u0131s T\u00fcrk Bar\u0131\u015f Kuvvetleri Komutan\u0131 T\u00fcmgeneral Sebahattin K\u0131l\u0131n\u00e7, G\u00fcvenlik Kuvvetleri Komutan\u0131 T\u00fcmgeneral \u0130lker G\u00f6rg\u00fcl\u00fc, Ba\u015fbakan Yard\u0131mc\u0131s\u0131, Turizm, K\u00fclt\u00fcr, Gen\u00e7lik ve \u00c7evre Bakan\u0131 Fikri Atao\u011flu,\" \/>\n<meta property=\"og:url\" content=\"https:\/\/kibrisdakik.com\/?p=73650\" \/>\n<meta property=\"article:published_time\" content=\"2025-01-15T14:33:03+00:00\" \/>\n<meta property=\"og:image\" content=\"https:\/\/kibrisdakik.com\/wp-content\/uploads\/2025\/01\/ASSFLA-740x420.jpeg\" \/>\n\t<meta property=\"og:image:width\" content=\"2024\" \/>\n\t<meta property=\"og:image:height\" content=\"865\" \/>\n\t<meta property=\"og:image:type\" content=\"image\/jpeg\" \/>\n<meta name=\"author\" content=\"admin\" \/>\n<meta name=\"twitter:card\" content=\"summary_large_image\" \/>\n<meta name=\"twitter:label1\" content=\"Yazan:\" \/>\n\t<meta name=\"twitter:data1\" content=\"admin\" \/>\n\t<meta name=\"twitter:label2\" content=\"Tahmini okuma s\u00fcresi\" \/>\n\t<meta name=\"twitter:data2\" content=\"8 dakika\" \/>\n<script type=\"application\/ld+json\" class=\"yoast-schema-graph\">{\"@context\":\"https:\\\/\\\/schema.org\",\"@graph\":[{\"@type\":\"Article\",\"@id\":\"https:\\\/\\\/kibrisdakik.com\\\/?p=73650#article\",\"isPartOf\":{\"@id\":\"https:\\\/\\\/kibrisdakik.com\\\/?p=73650\"},\"author\":{\"name\":\"admin\",\"@id\":\"https:\\\/\\\/kibrisdakik.com\\\/#\\\/schema\\\/person\\\/9cd9d437bbb44f72b73ba127e06d8e79\"},\"headline\":\"\u00d6zg\u00fcrl\u00fck m\u00fccadelesi lideri Dr. Faz\u0131l K\u00fc\u00e7\u00fck i\u00e7in AKM\u2019de anma program\u0131 d\u00fczenlendi\",\"datePublished\":\"2025-01-15T14:33:03+00:00\",\"mainEntityOfPage\":{\"@id\":\"https:\\\/\\\/kibrisdakik.com\\\/?p=73650\"},\"wordCount\":1645,\"commentCount\":0,\"image\":{\"@id\":\"https:\\\/\\\/kibrisdakik.com\\\/?p=73650#primaryimage\"},\"thumbnailUrl\":\"https:\\\/\\\/kibrisdakik.com\\\/wp-content\\\/uploads\\\/2025\\\/01\\\/ASSFLA-740x420.jpeg\",\"articleSection\":[\"K\u0131br\u0131s\",\"Man\u015fet\"],\"inLanguage\":\"tr\",\"potentialAction\":[{\"@type\":\"CommentAction\",\"name\":\"Comment\",\"target\":[\"https:\\\/\\\/kibrisdakik.com\\\/?p=73650#respond\"]}]},{\"@type\":\"WebPage\",\"@id\":\"https:\\\/\\\/kibrisdakik.com\\\/?p=73650\",\"url\":\"https:\\\/\\\/kibrisdakik.com\\\/?p=73650\",\"name\":\"\u00d6zg\u00fcrl\u00fck m\u00fccadelesi lideri Dr. Faz\u0131l K\u00fc\u00e7\u00fck i\u00e7in AKM\u2019de anma program\u0131 d\u00fczenlendi -\",\"isPartOf\":{\"@id\":\"https:\\\/\\\/kibrisdakik.com\\\/#website\"},\"primaryImageOfPage\":{\"@id\":\"https:\\\/\\\/kibrisdakik.com\\\/?p=73650#primaryimage\"},\"image\":{\"@id\":\"https:\\\/\\\/kibrisdakik.com\\\/?p=73650#primaryimage\"},\"thumbnailUrl\":\"https:\\\/\\\/kibrisdakik.com\\\/wp-content\\\/uploads\\\/2025\\\/01\\\/ASSFLA-740x420.jpeg\",\"datePublished\":\"2025-01-15T14:33:03+00:00\",\"author\":{\"@id\":\"https:\\\/\\\/kibrisdakik.com\\\/#\\\/schema\\\/person\\\/9cd9d437bbb44f72b73ba127e06d8e79\"},\"breadcrumb\":{\"@id\":\"https:\\\/\\\/kibrisdakik.com\\\/?p=73650#breadcrumb\"},\"inLanguage\":\"tr\",\"potentialAction\":[{\"@type\":\"ReadAction\",\"target\":[\"https:\\\/\\\/kibrisdakik.com\\\/?p=73650\"]}]},{\"@type\":\"ImageObject\",\"inLanguage\":\"tr\",\"@id\":\"https:\\\/\\\/kibrisdakik.com\\\/?p=73650#primaryimage\",\"url\":\"https:\\\/\\\/kibrisdakik.com\\\/wp-content\\\/uploads\\\/2025\\\/01\\\/ASSFLA-740x420.jpeg\",\"contentUrl\":\"https:\\\/\\\/kibrisdakik.com\\\/wp-content\\\/uploads\\\/2025\\\/01\\\/ASSFLA-740x420.jpeg\",\"width\":2024,\"height\":865},{\"@type\":\"BreadcrumbList\",\"@id\":\"https:\\\/\\\/kibrisdakik.com\\\/?p=73650#breadcrumb\",\"itemListElement\":[{\"@type\":\"ListItem\",\"position\":1,\"name\":\"Home\",\"item\":\"https:\\\/\\\/kibrisdakik.com\\\/\"},{\"@type\":\"ListItem\",\"position\":2,\"name\":\"\u00d6zg\u00fcrl\u00fck m\u00fccadelesi lideri Dr. Faz\u0131l K\u00fc\u00e7\u00fck i\u00e7in AKM\u2019de anma program\u0131 d\u00fczenlendi\"}]},{\"@type\":\"WebSite\",\"@id\":\"https:\\\/\\\/kibrisdakik.com\\\/#website\",\"url\":\"https:\\\/\\\/kibrisdakik.com\\\/\",\"name\":\"\",\"description\":\"Tam vaktinde haber\",\"potentialAction\":[{\"@type\":\"SearchAction\",\"target\":{\"@type\":\"EntryPoint\",\"urlTemplate\":\"https:\\\/\\\/kibrisdakik.com\\\/?s={search_term_string}\"},\"query-input\":{\"@type\":\"PropertyValueSpecification\",\"valueRequired\":true,\"valueName\":\"search_term_string\"}}],\"inLanguage\":\"tr\"},{\"@type\":\"Person\",\"@id\":\"https:\\\/\\\/kibrisdakik.com\\\/#\\\/schema\\\/person\\\/9cd9d437bbb44f72b73ba127e06d8e79\",\"name\":\"admin\",\"image\":{\"@type\":\"ImageObject\",\"inLanguage\":\"tr\",\"@id\":\"https:\\\/\\\/secure.gravatar.com\\\/avatar\\\/ccc17943b9d660506c869530f897617f7cb1c21a4bf30023f252596d83e1f007?s=96&d=mm&r=g\",\"url\":\"https:\\\/\\\/secure.gravatar.com\\\/avatar\\\/ccc17943b9d660506c869530f897617f7cb1c21a4bf30023f252596d83e1f007?s=96&d=mm&r=g\",\"contentUrl\":\"https:\\\/\\\/secure.gravatar.com\\\/avatar\\\/ccc17943b9d660506c869530f897617f7cb1c21a4bf30023f252596d83e1f007?s=96&d=mm&r=g\",\"caption\":\"admin\"},\"sameAs\":[\"https:\\\/\\\/kibrisdakik.com\"],\"url\":\"https:\\\/\\\/kibrisdakik.com\\\/?author=1\"}]}<\/script>\n<!-- \/ Yoast SEO plugin. -->","yoast_head_json":{"title":"\u00d6zg\u00fcrl\u00fck m\u00fccadelesi lideri Dr. Faz\u0131l K\u00fc\u00e7\u00fck i\u00e7in AKM\u2019de anma program\u0131 d\u00fczenlendi -","robots":{"index":"index","follow":"follow","max-snippet":"max-snippet:-1","max-image-preview":"max-image-preview:large","max-video-preview":"max-video-preview:-1"},"canonical":"https:\/\/kibrisdakik.com\/?p=73650","og_locale":"tr_TR","og_type":"article","og_title":"\u00d6zg\u00fcrl\u00fck m\u00fccadelesi lideri Dr. Faz\u0131l K\u00fc\u00e7\u00fck i\u00e7in AKM\u2019de anma program\u0131 d\u00fczenlendi -","og_description":"K\u0131br\u0131s T\u00fcrk halk\u0131n\u0131n varolu\u015f ve \u00f6zg\u00fcrl\u00fck m\u00fccadelesi lideri Dr. Faz\u0131l K\u00fc\u00e7\u00fck\u2019\u00fcn 41\u2019inci \u00f6l\u00fcm y\u0131l d\u00f6n\u00fcm\u00fc nedeniyle Lefko\u015fa Atat\u00fcrk K\u00fclt\u00fcr Merkezi\u2019nde (AKM) anma program\u0131 d\u00fczenlendi. Programa Cumhurba\u015fkan\u0131 Ersin Tatar, Ba\u015fbakan \u00dcnal \u00dcstel, K\u0131br\u0131s T\u00fcrk Bar\u0131\u015f Kuvvetleri Komutan\u0131 T\u00fcmgeneral Sebahattin K\u0131l\u0131n\u00e7, G\u00fcvenlik Kuvvetleri Komutan\u0131 T\u00fcmgeneral \u0130lker G\u00f6rg\u00fcl\u00fc, Ba\u015fbakan Yard\u0131mc\u0131s\u0131, Turizm, K\u00fclt\u00fcr, Gen\u00e7lik ve \u00c7evre Bakan\u0131 Fikri Atao\u011flu,","og_url":"https:\/\/kibrisdakik.com\/?p=73650","article_published_time":"2025-01-15T14:33:03+00:00","og_image":[{"width":2024,"height":865,"url":"https:\/\/kibrisdakik.com\/wp-content\/uploads\/2025\/01\/ASSFLA-740x420.jpeg","type":"image\/jpeg"}],"author":"admin","twitter_card":"summary_large_image","twitter_misc":{"Yazan:":"admin","Tahmini okuma s\u00fcresi":"8 dakika"},"schema":{"@context":"https:\/\/schema.org","@graph":[{"@type":"Article","@id":"https:\/\/kibrisdakik.com\/?p=73650#article","isPartOf":{"@id":"https:\/\/kibrisdakik.com\/?p=73650"},"author":{"name":"admin","@id":"https:\/\/kibrisdakik.com\/#\/schema\/person\/9cd9d437bbb44f72b73ba127e06d8e79"},"headline":"\u00d6zg\u00fcrl\u00fck m\u00fccadelesi lideri Dr. Faz\u0131l K\u00fc\u00e7\u00fck i\u00e7in AKM\u2019de anma program\u0131 d\u00fczenlendi","datePublished":"2025-01-15T14:33:03+00:00","mainEntityOfPage":{"@id":"https:\/\/kibrisdakik.com\/?p=73650"},"wordCount":1645,"commentCount":0,"image":{"@id":"https:\/\/kibrisdakik.com\/?p=73650#primaryimage"},"thumbnailUrl":"https:\/\/kibrisdakik.com\/wp-content\/uploads\/2025\/01\/ASSFLA-740x420.jpeg","articleSection":["K\u0131br\u0131s","Man\u015fet"],"inLanguage":"tr","potentialAction":[{"@type":"CommentAction","name":"Comment","target":["https:\/\/kibrisdakik.com\/?p=73650#respond"]}]},{"@type":"WebPage","@id":"https:\/\/kibrisdakik.com\/?p=73650","url":"https:\/\/kibrisdakik.com\/?p=73650","name":"\u00d6zg\u00fcrl\u00fck m\u00fccadelesi lideri Dr. Faz\u0131l K\u00fc\u00e7\u00fck i\u00e7in AKM\u2019de anma program\u0131 d\u00fczenlendi -","isPartOf":{"@id":"https:\/\/kibrisdakik.com\/#website"},"primaryImageOfPage":{"@id":"https:\/\/kibrisdakik.com\/?p=73650#primaryimage"},"image":{"@id":"https:\/\/kibrisdakik.com\/?p=73650#primaryimage"},"thumbnailUrl":"https:\/\/kibrisdakik.com\/wp-content\/uploads\/2025\/01\/ASSFLA-740x420.jpeg","datePublished":"2025-01-15T14:33:03+00:00","author":{"@id":"https:\/\/kibrisdakik.com\/#\/schema\/person\/9cd9d437bbb44f72b73ba127e06d8e79"},"breadcrumb":{"@id":"https:\/\/kibrisdakik.com\/?p=73650#breadcrumb"},"inLanguage":"tr","potentialAction":[{"@type":"ReadAction","target":["https:\/\/kibrisdakik.com\/?p=73650"]}]},{"@type":"ImageObject","inLanguage":"tr","@id":"https:\/\/kibrisdakik.com\/?p=73650#primaryimage","url":"https:\/\/kibrisdakik.com\/wp-content\/uploads\/2025\/01\/ASSFLA-740x420.jpeg","contentUrl":"https:\/\/kibrisdakik.com\/wp-content\/uploads\/2025\/01\/ASSFLA-740x420.jpeg","width":2024,"height":865},{"@type":"BreadcrumbList","@id":"https:\/\/kibrisdakik.com\/?p=73650#breadcrumb","itemListElement":[{"@type":"ListItem","position":1,"name":"Home","item":"https:\/\/kibrisdakik.com\/"},{"@type":"ListItem","position":2,"name":"\u00d6zg\u00fcrl\u00fck m\u00fccadelesi lideri Dr. Faz\u0131l K\u00fc\u00e7\u00fck i\u00e7in AKM\u2019de anma program\u0131 d\u00fczenlendi"}]},{"@type":"WebSite","@id":"https:\/\/kibrisdakik.com\/#website","url":"https:\/\/kibrisdakik.com\/","name":"","description":"Tam vaktinde haber","potentialAction":[{"@type":"SearchAction","target":{"@type":"EntryPoint","urlTemplate":"https:\/\/kibrisdakik.com\/?s={search_term_string}"},"query-input":{"@type":"PropertyValueSpecification","valueRequired":true,"valueName":"search_term_string"}}],"inLanguage":"tr"},{"@type":"Person","@id":"https:\/\/kibrisdakik.com\/#\/schema\/person\/9cd9d437bbb44f72b73ba127e06d8e79","name":"admin","image":{"@type":"ImageObject","inLanguage":"tr","@id":"https:\/\/secure.gravatar.com\/avatar\/ccc17943b9d660506c869530f897617f7cb1c21a4bf30023f252596d83e1f007?s=96&d=mm&r=g","url":"https:\/\/secure.gravatar.com\/avatar\/ccc17943b9d660506c869530f897617f7cb1c21a4bf30023f252596d83e1f007?s=96&d=mm&r=g","contentUrl":"https:\/\/secure.gravatar.com\/avatar\/ccc17943b9d660506c869530f897617f7cb1c21a4bf30023f252596d83e1f007?s=96&d=mm&r=g","caption":"admin"},"sameAs":["https:\/\/kibrisdakik.com"],"url":"https:\/\/kibrisdakik.com\/?author=1"}]}},"_links":{"self":[{"href":"https:\/\/kibrisdakik.com\/index.php?rest_route=\/wp\/v2\/posts\/73650","targetHints":{"allow":["GET"]}}],"collection":[{"href":"https:\/\/kibrisdakik.com\/index.php?rest_route=\/wp\/v2\/posts"}],"about":[{"href":"https:\/\/kibrisdakik.com\/index.php?rest_route=\/wp\/v2\/types\/post"}],"author":[{"embeddable":true,"href":"https:\/\/kibrisdakik.com\/index.php?rest_route=\/wp\/v2\/users\/1"}],"replies":[{"embeddable":true,"href":"https:\/\/kibrisdakik.com\/index.php?rest_route=%2Fwp%2Fv2%2Fcomments&post=73650"}],"version-history":[{"count":0,"href":"https:\/\/kibrisdakik.com\/index.php?rest_route=\/wp\/v2\/posts\/73650\/revisions"}],"wp:featuredmedia":[{"embeddable":true,"href":"https:\/\/kibrisdakik.com\/index.php?rest_route=\/wp\/v2\/media\/73651"}],"wp:attachment":[{"href":"https:\/\/kibrisdakik.com\/index.php?rest_route=%2Fwp%2Fv2%2Fmedia&parent=73650"}],"wp:term":[{"taxonomy":"category","embeddable":true,"href":"https:\/\/kibrisdakik.com\/index.php?rest_route=%2Fwp%2Fv2%2Fcategories&post=73650"},{"taxonomy":"post_tag","embeddable":true,"href":"https:\/\/kibrisdakik.com\/index.php?rest_route=%2Fwp%2Fv2%2Ftags&post=73650"}],"curies":[{"name":"wp","href":"https:\/\/api.w.org\/{rel}","templated":true}]}}