{"id":73699,"date":"2025-01-16T08:18:19","date_gmt":"2025-01-16T05:18:19","guid":{"rendered":"https:\/\/kibrisdakik.com\/index.php\/2025\/01\/16\/ingilterede-saglik-krizi-hastalar-koridorlarda-tedavi-ediliyor\/"},"modified":"2025-01-16T08:18:19","modified_gmt":"2025-01-16T05:18:19","slug":"ingilterede-saglik-krizi-hastalar-koridorlarda-tedavi-ediliyor","status":"publish","type":"post","link":"https:\/\/kibrisdakik.com\/?p=73699","title":{"rendered":"\u0130ngiltere\u2019de sa\u011fl\u0131k krizi: Hastalar koridorlarda tedavi ediliyor"},"content":{"rendered":"<p><\/p>\n<div>\n<div class=\"mariselle-image-container center\">\n                <img loading=\"lazy\" decoding=\"async\" width=\"1280\" height=\"720\" class=\"lazy-image\" alt=\"\" sizes=\"auto, (max-width: 1280px) 100vw, 1280px\" src=\"https:\/\/brtk.net\/wp-content\/uploads\/2025\/01\/16\/ingiltere-hastane-ambulans-grev-1983289.jpg?ver=de31b00fed0cc8566b90f82eb995b93d\" srcset=\"https:\/\/brtk.net\/wp-content\/uploads\/2025\/01\/16\/ingiltere-hastane-ambulans-grev-1983289.jpg?ver=de31b00fed0cc8566b90f82eb995b93d 1280w, https:\/\/brtk.net\/wp-content\/uploads\/2025\/01\/16\/ingiltere-hastane-ambulans-grev-1983289-300x169.jpg?ver=de31b00fed0cc8566b90f82eb995b93d 300w, https:\/\/brtk.net\/wp-content\/uploads\/2025\/01\/16\/ingiltere-hastane-ambulans-grev-1983289-1024x576.jpg?ver=a64ee4914e29edbce9b158f151c1d24f 1024w, https:\/\/brtk.net\/wp-content\/uploads\/2025\/01\/16\/ingiltere-hastane-ambulans-grev-1983289-768x432.jpg?ver=a64ee4914e29edbce9b158f151c1d24f 768w\"\/>                            <\/div>\n<p>\u0130ngiltere\u2019de sa\u011fl\u0131k sistemi, artan grip vakalar\u0131 nedeniyle yo\u011fun bask\u0131 alt\u0131nda. \u0130ngiltere Sa\u011fl\u0131k Bakan\u0131 Wes Streeting, bu y\u0131l\u0131n ba\u015f\u0131nda sadece bir hafta i\u00e7inde 53 bin Ulusal Sa\u011fl\u0131k Sistemi (NHS) \u00e7al\u0131\u015fan\u0131n\u0131n hastal\u0131k izni ald\u0131\u011f\u0131n\u0131 a\u00e7\u0131klad\u0131. Bakan Streeting, hastalar\u0131n koridorlarda tedavi edilmek zorunda kalmas\u0131n\u0131 \u201ckabul edilemez\u201d olarak nitelendirdi.<\/p>\n<p>Streeting, grip salg\u0131n\u0131n\u0131n etkileri ve personel eksikli\u011fi nedeniyle hastalar\u0131n g\u00fcvenlik ve onurdan yoksun \u015fekilde tedavi edilmek zorunda kald\u0131\u011f\u0131n\u0131 belirtti.<\/p>\n<p>Bakan, bu durumun bir sonucu olarak baz\u0131 hastalar\u0131n saatlerce ambulans beklemek zorunda kald\u0131\u011f\u0131n\u0131 ve ge\u00e7ici alanlarda tedavi edildi\u011fini s\u00f6yledi.<\/p>\n<p>Bakan, koridorlarda tedavi edilen hastalar\u0131n durumunu \u201c14 y\u0131ll\u0131k sa\u011fl\u0131k politikas\u0131 ba\u015far\u0131s\u0131zl\u0131\u011f\u0131n\u0131n ac\u0131mas\u0131z bir sonucu\u201d olarak tan\u0131mlad\u0131 ve bu uygulamay\u0131 \u201ctarihe g\u00f6mmek\u201d istediklerini dile getirdi.<\/p>\n<p>Ancak bu sorunun k\u0131sa vadede \u00e7\u00f6z\u00fclemeyece\u011fini, \u00f6n\u00fcm\u00fczdeki k\u0131\u015f da benzer durumlar\u0131n ya\u015fanabilece\u011fini ifade etti.<\/p>\n<p><strong>Kritik durum ilanlar\u0131<\/strong><br \/>Son haftalarda \u0130ngiltere genelinde bir\u00e7ok hastane, acil servislerdeki bask\u0131 nedeniyle kritik durum ilan etti.<\/p>\n<p>Bu durum, hastanelerin kaynaklar\u0131n\u0131 \u00f6nceliklendirmesine olanak tan\u0131rken, baz\u0131 planl\u0131 ameliyatlar ve randevular ertelendi.<\/p>\n<p>Bakan Streeting, kritik durum ilanlar\u0131n\u0131n \u201csistemin yeniden g\u00fcvenli bir seviyeye getirilmesi i\u00e7in bir odaklanma arac\u0131\u201d olarak kullan\u0131ld\u0131\u011f\u0131n\u0131 belirtti. Ge\u00e7ti\u011fimiz hafta 24 olan aktif kritik durum say\u0131s\u0131n\u0131n bu hafta bire d\u00fc\u015ft\u00fc\u011f\u00fcn\u00fc a\u00e7\u0131klad\u0131.<\/p>\n<p><strong>Grip a\u015f\u0131s\u0131 \u00e7a\u011fr\u0131s\u0131<\/strong><br \/>Bakan, vatanda\u015flar\u0131 grip a\u015f\u0131s\u0131 olmaya davet ederek, bunun i\u00e7in hala zaman oldu\u011funu s\u00f6yledi.<\/p>\n<p>Ancak, eczanelerde grip a\u015f\u0131lar\u0131n\u0131n tedarikinde ya\u015fanan sorunlar\u0131n \u00e7\u00f6z\u00fclmesi gerekti\u011fini vurgulad\u0131. Ayr\u0131ca, NHS personelinin a\u015f\u0131lanma oranlar\u0131n\u0131n \u201cbeklenenden d\u00fc\u015f\u00fck\u201d oldu\u011funu ifade etti.<\/p>\n<p>Streeting, \u201cHastalar\u0131n koridorlarda tedavi edildi\u011fi, g\u00fcvenlikten ve onurdan yoksun bir sa\u011fl\u0131k hizmeti, hi\u00e7bir \u015fekilde kabul edilemez\u201d diyerek, sa\u011fl\u0131k sistemindeki bu durumun d\u00fczeltilmesi i\u00e7in \u00e7al\u0131\u015facaklar\u0131n\u0131 belirtti. Ancak, \u00e7\u00f6z\u00fcm\u00fcn zaman alaca\u011f\u0131n\u0131 ve bunun \u201czehirli bir bask\u0131lar karmas\u0131n\u0131n\u201d sonucu oldu\u011funu s\u00f6yledi.<\/p>\n<p>H\u00fck\u00fcmetin, NHS \u00fczerindeki uzun vadeli hasarlar\u0131 onarmak i\u00e7in yeni reformlarla durumu iyile\u015ftirmeyi hedefledi\u011fi ifade ediliyor.<\/p>\n<\/p><\/div>\n<p><script async\n                    defer\n                    crossorigin=\"anonymous\"\n                    src=\"https:\/\/connect.facebook.net\/tr_TR\/sdk.js#xfbml=1&#038;version=v3.3\"\n            ><\/script><\/p>\n","protected":false},"excerpt":{"rendered":"<p>\u0130ngiltere\u2019de sa\u011fl\u0131k sistemi, artan grip vakalar\u0131 nedeniyle yo\u011fun bask\u0131 alt\u0131nda. \u0130ngiltere Sa\u011fl\u0131k Bakan\u0131 Wes Streeting, bu y\u0131l\u0131n ba\u015f\u0131nda sadece bir hafta i\u00e7inde 53 bin Ulusal Sa\u011fl\u0131k Sistemi (NHS) \u00e7al\u0131\u015fan\u0131n\u0131n hastal\u0131k izni ald\u0131\u011f\u0131n\u0131 a\u00e7\u0131klad\u0131. Bakan Streeting, hastalar\u0131n koridorlarda tedavi edilmek zorunda kalmas\u0131n\u0131 \u201ckabul edilemez\u201d olarak nitelendirdi. Streeting, grip salg\u0131n\u0131n\u0131n etkileri ve personel eksikli\u011fi nedeniyle hastalar\u0131n g\u00fcvenlik<\/p>\n","protected":false},"author":1,"featured_media":73702,"comment_status":"open","ping_status":"open","sticky":false,"template":"","format":"standard","meta":{"footnotes":""},"categories":[1],"tags":[],"class_list":["post-73699","post","type-post","status-publish","format-standard","has-post-thumbnail","hentry","category-gundem"],"yoast_head":"<!-- This site is optimized with the Yoast SEO plugin v27.5 - https:\/\/yoast.com\/product\/yoast-seo-wordpress\/ -->\n<title>\u0130ngiltere\u2019de sa\u011fl\u0131k krizi: Hastalar koridorlarda tedavi ediliyor -<\/title>\n<meta name=\"robots\" content=\"index, follow, max-snippet:-1, max-image-preview:large, max-video-preview:-1\" \/>\n<link rel=\"canonical\" href=\"https:\/\/kibrisdakik.com\/?p=73699\" \/>\n<meta property=\"og:locale\" content=\"tr_TR\" \/>\n<meta property=\"og:type\" content=\"article\" \/>\n<meta property=\"og:title\" content=\"\u0130ngiltere\u2019de sa\u011fl\u0131k krizi: Hastalar koridorlarda tedavi ediliyor -\" \/>\n<meta property=\"og:description\" content=\"\u0130ngiltere\u2019de sa\u011fl\u0131k sistemi, artan grip vakalar\u0131 nedeniyle yo\u011fun bask\u0131 alt\u0131nda. \u0130ngiltere Sa\u011fl\u0131k Bakan\u0131 Wes Streeting, bu y\u0131l\u0131n ba\u015f\u0131nda sadece bir hafta i\u00e7inde 53 bin Ulusal Sa\u011fl\u0131k Sistemi (NHS) \u00e7al\u0131\u015fan\u0131n\u0131n hastal\u0131k izni ald\u0131\u011f\u0131n\u0131 a\u00e7\u0131klad\u0131. Bakan Streeting, hastalar\u0131n koridorlarda tedavi edilmek zorunda kalmas\u0131n\u0131 \u201ckabul edilemez\u201d olarak nitelendirdi. Streeting, grip salg\u0131n\u0131n\u0131n etkileri ve personel eksikli\u011fi nedeniyle hastalar\u0131n g\u00fcvenlik\" \/>\n<meta property=\"og:url\" content=\"https:\/\/kibrisdakik.com\/?p=73699\" \/>\n<meta property=\"article:published_time\" content=\"2025-01-16T05:18:19+00:00\" \/>\n<meta property=\"og:image\" content=\"https:\/\/kibrisdakik.com\/wp-content\/uploads\/2025\/01\/ingiltere-hastane-ambulans-grev-1983289-740x420.jpg\" \/>\n\t<meta property=\"og:image:width\" content=\"1280\" \/>\n\t<meta property=\"og:image:height\" content=\"720\" \/>\n\t<meta property=\"og:image:type\" content=\"image\/jpeg\" \/>\n<meta name=\"author\" content=\"admin\" \/>\n<meta name=\"twitter:card\" content=\"summary_large_image\" \/>\n<meta name=\"twitter:label1\" content=\"Yazan:\" \/>\n\t<meta name=\"twitter:data1\" content=\"admin\" \/>\n\t<meta name=\"twitter:label2\" content=\"Tahmini okuma s\u00fcresi\" \/>\n\t<meta name=\"twitter:data2\" content=\"2 dakika\" \/>\n<script type=\"application\/ld+json\" class=\"yoast-schema-graph\">{\"@context\":\"https:\\\/\\\/schema.org\",\"@graph\":[{\"@type\":\"Article\",\"@id\":\"https:\\\/\\\/kibrisdakik.com\\\/?p=73699#article\",\"isPartOf\":{\"@id\":\"https:\\\/\\\/kibrisdakik.com\\\/?p=73699\"},\"author\":{\"name\":\"admin\",\"@id\":\"https:\\\/\\\/kibrisdakik.com\\\/#\\\/schema\\\/person\\\/9cd9d437bbb44f72b73ba127e06d8e79\"},\"headline\":\"\u0130ngiltere\u2019de sa\u011fl\u0131k krizi: Hastalar koridorlarda tedavi ediliyor\",\"datePublished\":\"2025-01-16T05:18:19+00:00\",\"mainEntityOfPage\":{\"@id\":\"https:\\\/\\\/kibrisdakik.com\\\/?p=73699\"},\"wordCount\":396,\"commentCount\":0,\"image\":{\"@id\":\"https:\\\/\\\/kibrisdakik.com\\\/?p=73699#primaryimage\"},\"thumbnailUrl\":\"https:\\\/\\\/kibrisdakik.com\\\/wp-content\\\/uploads\\\/2025\\\/01\\\/ingiltere-hastane-ambulans-grev-1983289-740x420.jpg\",\"articleSection\":[\"G\u00fcndem\"],\"inLanguage\":\"tr\",\"potentialAction\":[{\"@type\":\"CommentAction\",\"name\":\"Comment\",\"target\":[\"https:\\\/\\\/kibrisdakik.com\\\/?p=73699#respond\"]}]},{\"@type\":\"WebPage\",\"@id\":\"https:\\\/\\\/kibrisdakik.com\\\/?p=73699\",\"url\":\"https:\\\/\\\/kibrisdakik.com\\\/?p=73699\",\"name\":\"\u0130ngiltere\u2019de sa\u011fl\u0131k krizi: Hastalar koridorlarda tedavi ediliyor -\",\"isPartOf\":{\"@id\":\"https:\\\/\\\/kibrisdakik.com\\\/#website\"},\"primaryImageOfPage\":{\"@id\":\"https:\\\/\\\/kibrisdakik.com\\\/?p=73699#primaryimage\"},\"image\":{\"@id\":\"https:\\\/\\\/kibrisdakik.com\\\/?p=73699#primaryimage\"},\"thumbnailUrl\":\"https:\\\/\\\/kibrisdakik.com\\\/wp-content\\\/uploads\\\/2025\\\/01\\\/ingiltere-hastane-ambulans-grev-1983289-740x420.jpg\",\"datePublished\":\"2025-01-16T05:18:19+00:00\",\"author\":{\"@id\":\"https:\\\/\\\/kibrisdakik.com\\\/#\\\/schema\\\/person\\\/9cd9d437bbb44f72b73ba127e06d8e79\"},\"breadcrumb\":{\"@id\":\"https:\\\/\\\/kibrisdakik.com\\\/?p=73699#breadcrumb\"},\"inLanguage\":\"tr\",\"potentialAction\":[{\"@type\":\"ReadAction\",\"target\":[\"https:\\\/\\\/kibrisdakik.com\\\/?p=73699\"]}]},{\"@type\":\"ImageObject\",\"inLanguage\":\"tr\",\"@id\":\"https:\\\/\\\/kibrisdakik.com\\\/?p=73699#primaryimage\",\"url\":\"https:\\\/\\\/kibrisdakik.com\\\/wp-content\\\/uploads\\\/2025\\\/01\\\/ingiltere-hastane-ambulans-grev-1983289-740x420.jpg\",\"contentUrl\":\"https:\\\/\\\/kibrisdakik.com\\\/wp-content\\\/uploads\\\/2025\\\/01\\\/ingiltere-hastane-ambulans-grev-1983289-740x420.jpg\",\"width\":1280,\"height\":720},{\"@type\":\"BreadcrumbList\",\"@id\":\"https:\\\/\\\/kibrisdakik.com\\\/?p=73699#breadcrumb\",\"itemListElement\":[{\"@type\":\"ListItem\",\"position\":1,\"name\":\"Home\",\"item\":\"https:\\\/\\\/kibrisdakik.com\\\/\"},{\"@type\":\"ListItem\",\"position\":2,\"name\":\"\u0130ngiltere\u2019de sa\u011fl\u0131k krizi: Hastalar koridorlarda tedavi ediliyor\"}]},{\"@type\":\"WebSite\",\"@id\":\"https:\\\/\\\/kibrisdakik.com\\\/#website\",\"url\":\"https:\\\/\\\/kibrisdakik.com\\\/\",\"name\":\"\",\"description\":\"Tam vaktinde haber\",\"potentialAction\":[{\"@type\":\"SearchAction\",\"target\":{\"@type\":\"EntryPoint\",\"urlTemplate\":\"https:\\\/\\\/kibrisdakik.com\\\/?s={search_term_string}\"},\"query-input\":{\"@type\":\"PropertyValueSpecification\",\"valueRequired\":true,\"valueName\":\"search_term_string\"}}],\"inLanguage\":\"tr\"},{\"@type\":\"Person\",\"@id\":\"https:\\\/\\\/kibrisdakik.com\\\/#\\\/schema\\\/person\\\/9cd9d437bbb44f72b73ba127e06d8e79\",\"name\":\"admin\",\"image\":{\"@type\":\"ImageObject\",\"inLanguage\":\"tr\",\"@id\":\"https:\\\/\\\/secure.gravatar.com\\\/avatar\\\/ccc17943b9d660506c869530f897617f7cb1c21a4bf30023f252596d83e1f007?s=96&d=mm&r=g\",\"url\":\"https:\\\/\\\/secure.gravatar.com\\\/avatar\\\/ccc17943b9d660506c869530f897617f7cb1c21a4bf30023f252596d83e1f007?s=96&d=mm&r=g\",\"contentUrl\":\"https:\\\/\\\/secure.gravatar.com\\\/avatar\\\/ccc17943b9d660506c869530f897617f7cb1c21a4bf30023f252596d83e1f007?s=96&d=mm&r=g\",\"caption\":\"admin\"},\"sameAs\":[\"https:\\\/\\\/kibrisdakik.com\"],\"url\":\"https:\\\/\\\/kibrisdakik.com\\\/?author=1\"}]}<\/script>\n<!-- \/ Yoast SEO plugin. -->","yoast_head_json":{"title":"\u0130ngiltere\u2019de sa\u011fl\u0131k krizi: Hastalar koridorlarda tedavi ediliyor -","robots":{"index":"index","follow":"follow","max-snippet":"max-snippet:-1","max-image-preview":"max-image-preview:large","max-video-preview":"max-video-preview:-1"},"canonical":"https:\/\/kibrisdakik.com\/?p=73699","og_locale":"tr_TR","og_type":"article","og_title":"\u0130ngiltere\u2019de sa\u011fl\u0131k krizi: Hastalar koridorlarda tedavi ediliyor -","og_description":"\u0130ngiltere\u2019de sa\u011fl\u0131k sistemi, artan grip vakalar\u0131 nedeniyle yo\u011fun bask\u0131 alt\u0131nda. \u0130ngiltere Sa\u011fl\u0131k Bakan\u0131 Wes Streeting, bu y\u0131l\u0131n ba\u015f\u0131nda sadece bir hafta i\u00e7inde 53 bin Ulusal Sa\u011fl\u0131k Sistemi (NHS) \u00e7al\u0131\u015fan\u0131n\u0131n hastal\u0131k izni ald\u0131\u011f\u0131n\u0131 a\u00e7\u0131klad\u0131. Bakan Streeting, hastalar\u0131n koridorlarda tedavi edilmek zorunda kalmas\u0131n\u0131 \u201ckabul edilemez\u201d olarak nitelendirdi. Streeting, grip salg\u0131n\u0131n\u0131n etkileri ve personel eksikli\u011fi nedeniyle hastalar\u0131n g\u00fcvenlik","og_url":"https:\/\/kibrisdakik.com\/?p=73699","article_published_time":"2025-01-16T05:18:19+00:00","og_image":[{"width":1280,"height":720,"url":"https:\/\/kibrisdakik.com\/wp-content\/uploads\/2025\/01\/ingiltere-hastane-ambulans-grev-1983289-740x420.jpg","type":"image\/jpeg"}],"author":"admin","twitter_card":"summary_large_image","twitter_misc":{"Yazan:":"admin","Tahmini okuma s\u00fcresi":"2 dakika"},"schema":{"@context":"https:\/\/schema.org","@graph":[{"@type":"Article","@id":"https:\/\/kibrisdakik.com\/?p=73699#article","isPartOf":{"@id":"https:\/\/kibrisdakik.com\/?p=73699"},"author":{"name":"admin","@id":"https:\/\/kibrisdakik.com\/#\/schema\/person\/9cd9d437bbb44f72b73ba127e06d8e79"},"headline":"\u0130ngiltere\u2019de sa\u011fl\u0131k krizi: Hastalar koridorlarda tedavi ediliyor","datePublished":"2025-01-16T05:18:19+00:00","mainEntityOfPage":{"@id":"https:\/\/kibrisdakik.com\/?p=73699"},"wordCount":396,"commentCount":0,"image":{"@id":"https:\/\/kibrisdakik.com\/?p=73699#primaryimage"},"thumbnailUrl":"https:\/\/kibrisdakik.com\/wp-content\/uploads\/2025\/01\/ingiltere-hastane-ambulans-grev-1983289-740x420.jpg","articleSection":["G\u00fcndem"],"inLanguage":"tr","potentialAction":[{"@type":"CommentAction","name":"Comment","target":["https:\/\/kibrisdakik.com\/?p=73699#respond"]}]},{"@type":"WebPage","@id":"https:\/\/kibrisdakik.com\/?p=73699","url":"https:\/\/kibrisdakik.com\/?p=73699","name":"\u0130ngiltere\u2019de sa\u011fl\u0131k krizi: Hastalar koridorlarda tedavi ediliyor -","isPartOf":{"@id":"https:\/\/kibrisdakik.com\/#website"},"primaryImageOfPage":{"@id":"https:\/\/kibrisdakik.com\/?p=73699#primaryimage"},"image":{"@id":"https:\/\/kibrisdakik.com\/?p=73699#primaryimage"},"thumbnailUrl":"https:\/\/kibrisdakik.com\/wp-content\/uploads\/2025\/01\/ingiltere-hastane-ambulans-grev-1983289-740x420.jpg","datePublished":"2025-01-16T05:18:19+00:00","author":{"@id":"https:\/\/kibrisdakik.com\/#\/schema\/person\/9cd9d437bbb44f72b73ba127e06d8e79"},"breadcrumb":{"@id":"https:\/\/kibrisdakik.com\/?p=73699#breadcrumb"},"inLanguage":"tr","potentialAction":[{"@type":"ReadAction","target":["https:\/\/kibrisdakik.com\/?p=73699"]}]},{"@type":"ImageObject","inLanguage":"tr","@id":"https:\/\/kibrisdakik.com\/?p=73699#primaryimage","url":"https:\/\/kibrisdakik.com\/wp-content\/uploads\/2025\/01\/ingiltere-hastane-ambulans-grev-1983289-740x420.jpg","contentUrl":"https:\/\/kibrisdakik.com\/wp-content\/uploads\/2025\/01\/ingiltere-hastane-ambulans-grev-1983289-740x420.jpg","width":1280,"height":720},{"@type":"BreadcrumbList","@id":"https:\/\/kibrisdakik.com\/?p=73699#breadcrumb","itemListElement":[{"@type":"ListItem","position":1,"name":"Home","item":"https:\/\/kibrisdakik.com\/"},{"@type":"ListItem","position":2,"name":"\u0130ngiltere\u2019de sa\u011fl\u0131k krizi: Hastalar koridorlarda tedavi ediliyor"}]},{"@type":"WebSite","@id":"https:\/\/kibrisdakik.com\/#website","url":"https:\/\/kibrisdakik.com\/","name":"","description":"Tam vaktinde haber","potentialAction":[{"@type":"SearchAction","target":{"@type":"EntryPoint","urlTemplate":"https:\/\/kibrisdakik.com\/?s={search_term_string}"},"query-input":{"@type":"PropertyValueSpecification","valueRequired":true,"valueName":"search_term_string"}}],"inLanguage":"tr"},{"@type":"Person","@id":"https:\/\/kibrisdakik.com\/#\/schema\/person\/9cd9d437bbb44f72b73ba127e06d8e79","name":"admin","image":{"@type":"ImageObject","inLanguage":"tr","@id":"https:\/\/secure.gravatar.com\/avatar\/ccc17943b9d660506c869530f897617f7cb1c21a4bf30023f252596d83e1f007?s=96&d=mm&r=g","url":"https:\/\/secure.gravatar.com\/avatar\/ccc17943b9d660506c869530f897617f7cb1c21a4bf30023f252596d83e1f007?s=96&d=mm&r=g","contentUrl":"https:\/\/secure.gravatar.com\/avatar\/ccc17943b9d660506c869530f897617f7cb1c21a4bf30023f252596d83e1f007?s=96&d=mm&r=g","caption":"admin"},"sameAs":["https:\/\/kibrisdakik.com"],"url":"https:\/\/kibrisdakik.com\/?author=1"}]}},"_links":{"self":[{"href":"https:\/\/kibrisdakik.com\/index.php?rest_route=\/wp\/v2\/posts\/73699","targetHints":{"allow":["GET"]}}],"collection":[{"href":"https:\/\/kibrisdakik.com\/index.php?rest_route=\/wp\/v2\/posts"}],"about":[{"href":"https:\/\/kibrisdakik.com\/index.php?rest_route=\/wp\/v2\/types\/post"}],"author":[{"embeddable":true,"href":"https:\/\/kibrisdakik.com\/index.php?rest_route=\/wp\/v2\/users\/1"}],"replies":[{"embeddable":true,"href":"https:\/\/kibrisdakik.com\/index.php?rest_route=%2Fwp%2Fv2%2Fcomments&post=73699"}],"version-history":[{"count":0,"href":"https:\/\/kibrisdakik.com\/index.php?rest_route=\/wp\/v2\/posts\/73699\/revisions"}],"wp:featuredmedia":[{"embeddable":true,"href":"https:\/\/kibrisdakik.com\/index.php?rest_route=\/wp\/v2\/media\/73702"}],"wp:attachment":[{"href":"https:\/\/kibrisdakik.com\/index.php?rest_route=%2Fwp%2Fv2%2Fmedia&parent=73699"}],"wp:term":[{"taxonomy":"category","embeddable":true,"href":"https:\/\/kibrisdakik.com\/index.php?rest_route=%2Fwp%2Fv2%2Fcategories&post=73699"},{"taxonomy":"post_tag","embeddable":true,"href":"https:\/\/kibrisdakik.com\/index.php?rest_route=%2Fwp%2Fv2%2Ftags&post=73699"}],"curies":[{"name":"wp","href":"https:\/\/api.w.org\/{rel}","templated":true}]}}