{"id":73703,"date":"2025-01-16T12:12:58","date_gmt":"2025-01-16T09:12:58","guid":{"rendered":"https:\/\/kibrisdakik.com\/index.php\/2025\/01\/16\/mutluyakada-is-kazasi-1-kisi-hayatini-kaybetti\/"},"modified":"2025-01-16T12:12:58","modified_gmt":"2025-01-16T09:12:58","slug":"mutluyakada-is-kazasi-1-kisi-hayatini-kaybetti","status":"publish","type":"post","link":"https:\/\/kibrisdakik.com\/?p=73703","title":{"rendered":"Mutluyaka\u2019da i\u015f kazas\u0131: 1 ki\u015fi hayat\u0131n\u0131 kaybetti"},"content":{"rendered":"<div>\n<div class=\"mariselle-image-container center\">\n                                            <\/div>\n<p>Polis Bas\u0131n Subayl\u0131\u011f\u0131\u2019ndan verilen bilgiye g\u00f6re bu sabah saat 09.30 s\u0131ralar\u0131nda, Mutluyaka\u2019da, Mormenek\u015fe\u2019de sakin Tamer ZEDEN (E-62), bir tarla i\u00e7erisinde kullan\u0131m\u0131ndaki trakt\u00f6r\u00fcn arkas\u0131nda tak\u0131l\u0131 bulunan saban\u0131n bak\u0131m\u0131n\u0131 yapmak i\u00e7in, yerde bulundu\u011fu s\u0131rada trakt\u00f6r\u00fc \u00e7al\u0131\u015ft\u0131rmas\u0131 sonucu, trakt\u00f6r\u00fcn ileri hareket etmesi ile arka tekerle\u011finin \u00fczerinden ge\u00e7mesi neticesinde a\u011f\u0131r \u015fekilde yaralanm\u0131\u015ft\u0131r.<\/p>\n<p>Tamer ZEDEN, Gazima\u011fusa Devlet Hastanesine kald\u0131r\u0131ld\u0131\u011f\u0131 s\u0131rada yap\u0131lan t\u00fcm m\u00fcdahalelere ra\u011fmen kurtar\u0131lamayarak ya\u015fam\u0131n\u0131 yitirmi\u015ftir. <\/p>\n<p>Polisin olayla ilgili soru\u015fturmas\u0131 devam etmektedir<\/p>\n<\/p><\/div>\n<p><script async\n                    defer\n                    crossorigin=\"anonymous\"\n                    src=\"https:\/\/connect.facebook.net\/tr_TR\/sdk.js#xfbml=1&#038;version=v3.3\"\n            ><\/script><\/p>\n","protected":false},"excerpt":{"rendered":"<p>Polis Bas\u0131n Subayl\u0131\u011f\u0131\u2019ndan verilen bilgiye g\u00f6re bu sabah saat 09.30 s\u0131ralar\u0131nda, Mutluyaka\u2019da, Mormenek\u015fe\u2019de sakin Tamer ZEDEN (E-62), bir tarla i\u00e7erisinde kullan\u0131m\u0131ndaki trakt\u00f6r\u00fcn arkas\u0131nda tak\u0131l\u0131 bulunan saban\u0131n bak\u0131m\u0131n\u0131 yapmak i\u00e7in, yerde bulundu\u011fu s\u0131rada trakt\u00f6r\u00fc \u00e7al\u0131\u015ft\u0131rmas\u0131 sonucu, trakt\u00f6r\u00fcn ileri hareket etmesi ile arka tekerle\u011finin \u00fczerinden ge\u00e7mesi neticesinde a\u011f\u0131r \u015fekilde yaralanm\u0131\u015ft\u0131r. Tamer ZEDEN, Gazima\u011fusa Devlet Hastanesine kald\u0131r\u0131ld\u0131\u011f\u0131 s\u0131rada<\/p>\n","protected":false},"author":1,"featured_media":71026,"comment_status":"open","ping_status":"open","sticky":false,"template":"","format":"standard","meta":{"footnotes":""},"categories":[81,101],"tags":[],"class_list":["post-73703","post","type-post","status-publish","format-standard","has-post-thumbnail","hentry","category-kibris","category-manset"],"yoast_head":"<!-- This site is optimized with the Yoast SEO plugin v27.4 - https:\/\/yoast.com\/product\/yoast-seo-wordpress\/ -->\n<title>Mutluyaka\u2019da i\u015f kazas\u0131: 1 ki\u015fi hayat\u0131n\u0131 kaybetti -<\/title>\n<meta name=\"robots\" content=\"index, follow, max-snippet:-1, max-image-preview:large, max-video-preview:-1\" \/>\n<link rel=\"canonical\" href=\"https:\/\/kibrisdakik.com\/?p=73703\" \/>\n<meta property=\"og:locale\" content=\"tr_TR\" \/>\n<meta property=\"og:type\" content=\"article\" \/>\n<meta property=\"og:title\" content=\"Mutluyaka\u2019da i\u015f kazas\u0131: 1 ki\u015fi hayat\u0131n\u0131 kaybetti -\" \/>\n<meta property=\"og:description\" content=\"Polis Bas\u0131n Subayl\u0131\u011f\u0131\u2019ndan verilen bilgiye g\u00f6re bu sabah saat 09.30 s\u0131ralar\u0131nda, Mutluyaka\u2019da, Mormenek\u015fe\u2019de sakin Tamer ZEDEN (E-62), bir tarla i\u00e7erisinde kullan\u0131m\u0131ndaki trakt\u00f6r\u00fcn arkas\u0131nda tak\u0131l\u0131 bulunan saban\u0131n bak\u0131m\u0131n\u0131 yapmak i\u00e7in, yerde bulundu\u011fu s\u0131rada trakt\u00f6r\u00fc \u00e7al\u0131\u015ft\u0131rmas\u0131 sonucu, trakt\u00f6r\u00fcn ileri hareket etmesi ile arka tekerle\u011finin \u00fczerinden ge\u00e7mesi neticesinde a\u011f\u0131r \u015fekilde yaralanm\u0131\u015ft\u0131r. Tamer ZEDEN, Gazima\u011fusa Devlet Hastanesine kald\u0131r\u0131ld\u0131\u011f\u0131 s\u0131rada\" \/>\n<meta property=\"og:url\" content=\"https:\/\/kibrisdakik.com\/?p=73703\" \/>\n<meta property=\"article:published_time\" content=\"2025-01-16T09:12:58+00:00\" \/>\n<meta property=\"og:image\" content=\"https:\/\/kibrisdakik.com\/wp-content\/uploads\/2024\/12\/olum324.jpg\" \/>\n\t<meta property=\"og:image:width\" content=\"460\" \/>\n\t<meta property=\"og:image:height\" content=\"276\" \/>\n\t<meta property=\"og:image:type\" content=\"image\/jpeg\" \/>\n<meta name=\"author\" content=\"admin\" \/>\n<meta name=\"twitter:card\" content=\"summary_large_image\" \/>\n<meta name=\"twitter:label1\" content=\"Yazan:\" \/>\n\t<meta name=\"twitter:data1\" content=\"admin\" \/>\n\t<meta name=\"twitter:label2\" content=\"Tahmini okuma s\u00fcresi\" \/>\n\t<meta name=\"twitter:data2\" content=\"1 dakika\" \/>\n<script type=\"application\/ld+json\" class=\"yoast-schema-graph\">{\"@context\":\"https:\\\/\\\/schema.org\",\"@graph\":[{\"@type\":\"Article\",\"@id\":\"https:\\\/\\\/kibrisdakik.com\\\/?p=73703#article\",\"isPartOf\":{\"@id\":\"https:\\\/\\\/kibrisdakik.com\\\/?p=73703\"},\"author\":{\"name\":\"admin\",\"@id\":\"https:\\\/\\\/kibrisdakik.com\\\/#\\\/schema\\\/person\\\/9cd9d437bbb44f72b73ba127e06d8e79\"},\"headline\":\"Mutluyaka\u2019da i\u015f kazas\u0131: 1 ki\u015fi hayat\u0131n\u0131 kaybetti\",\"datePublished\":\"2025-01-16T09:12:58+00:00\",\"mainEntityOfPage\":{\"@id\":\"https:\\\/\\\/kibrisdakik.com\\\/?p=73703\"},\"wordCount\":120,\"commentCount\":0,\"image\":{\"@id\":\"https:\\\/\\\/kibrisdakik.com\\\/?p=73703#primaryimage\"},\"thumbnailUrl\":\"https:\\\/\\\/kibrisdakik.com\\\/wp-content\\\/uploads\\\/2024\\\/12\\\/olum324.jpg\",\"articleSection\":[\"K\u0131br\u0131s\",\"Man\u015fet\"],\"inLanguage\":\"tr\",\"potentialAction\":[{\"@type\":\"CommentAction\",\"name\":\"Comment\",\"target\":[\"https:\\\/\\\/kibrisdakik.com\\\/?p=73703#respond\"]}]},{\"@type\":\"WebPage\",\"@id\":\"https:\\\/\\\/kibrisdakik.com\\\/?p=73703\",\"url\":\"https:\\\/\\\/kibrisdakik.com\\\/?p=73703\",\"name\":\"Mutluyaka\u2019da i\u015f kazas\u0131: 1 ki\u015fi hayat\u0131n\u0131 kaybetti -\",\"isPartOf\":{\"@id\":\"https:\\\/\\\/kibrisdakik.com\\\/#website\"},\"primaryImageOfPage\":{\"@id\":\"https:\\\/\\\/kibrisdakik.com\\\/?p=73703#primaryimage\"},\"image\":{\"@id\":\"https:\\\/\\\/kibrisdakik.com\\\/?p=73703#primaryimage\"},\"thumbnailUrl\":\"https:\\\/\\\/kibrisdakik.com\\\/wp-content\\\/uploads\\\/2024\\\/12\\\/olum324.jpg\",\"datePublished\":\"2025-01-16T09:12:58+00:00\",\"author\":{\"@id\":\"https:\\\/\\\/kibrisdakik.com\\\/#\\\/schema\\\/person\\\/9cd9d437bbb44f72b73ba127e06d8e79\"},\"breadcrumb\":{\"@id\":\"https:\\\/\\\/kibrisdakik.com\\\/?p=73703#breadcrumb\"},\"inLanguage\":\"tr\",\"potentialAction\":[{\"@type\":\"ReadAction\",\"target\":[\"https:\\\/\\\/kibrisdakik.com\\\/?p=73703\"]}]},{\"@type\":\"ImageObject\",\"inLanguage\":\"tr\",\"@id\":\"https:\\\/\\\/kibrisdakik.com\\\/?p=73703#primaryimage\",\"url\":\"https:\\\/\\\/kibrisdakik.com\\\/wp-content\\\/uploads\\\/2024\\\/12\\\/olum324.jpg\",\"contentUrl\":\"https:\\\/\\\/kibrisdakik.com\\\/wp-content\\\/uploads\\\/2024\\\/12\\\/olum324.jpg\",\"width\":460,\"height\":276},{\"@type\":\"BreadcrumbList\",\"@id\":\"https:\\\/\\\/kibrisdakik.com\\\/?p=73703#breadcrumb\",\"itemListElement\":[{\"@type\":\"ListItem\",\"position\":1,\"name\":\"Home\",\"item\":\"https:\\\/\\\/kibrisdakik.com\\\/\"},{\"@type\":\"ListItem\",\"position\":2,\"name\":\"Mutluyaka\u2019da i\u015f kazas\u0131: 1 ki\u015fi hayat\u0131n\u0131 kaybetti\"}]},{\"@type\":\"WebSite\",\"@id\":\"https:\\\/\\\/kibrisdakik.com\\\/#website\",\"url\":\"https:\\\/\\\/kibrisdakik.com\\\/\",\"name\":\"\",\"description\":\"Tam vaktinde haber\",\"potentialAction\":[{\"@type\":\"SearchAction\",\"target\":{\"@type\":\"EntryPoint\",\"urlTemplate\":\"https:\\\/\\\/kibrisdakik.com\\\/?s={search_term_string}\"},\"query-input\":{\"@type\":\"PropertyValueSpecification\",\"valueRequired\":true,\"valueName\":\"search_term_string\"}}],\"inLanguage\":\"tr\"},{\"@type\":\"Person\",\"@id\":\"https:\\\/\\\/kibrisdakik.com\\\/#\\\/schema\\\/person\\\/9cd9d437bbb44f72b73ba127e06d8e79\",\"name\":\"admin\",\"image\":{\"@type\":\"ImageObject\",\"inLanguage\":\"tr\",\"@id\":\"https:\\\/\\\/secure.gravatar.com\\\/avatar\\\/ccc17943b9d660506c869530f897617f7cb1c21a4bf30023f252596d83e1f007?s=96&d=mm&r=g\",\"url\":\"https:\\\/\\\/secure.gravatar.com\\\/avatar\\\/ccc17943b9d660506c869530f897617f7cb1c21a4bf30023f252596d83e1f007?s=96&d=mm&r=g\",\"contentUrl\":\"https:\\\/\\\/secure.gravatar.com\\\/avatar\\\/ccc17943b9d660506c869530f897617f7cb1c21a4bf30023f252596d83e1f007?s=96&d=mm&r=g\",\"caption\":\"admin\"},\"sameAs\":[\"https:\\\/\\\/kibrisdakik.com\"],\"url\":\"https:\\\/\\\/kibrisdakik.com\\\/?author=1\"}]}<\/script>\n<!-- \/ Yoast SEO plugin. -->","yoast_head_json":{"title":"Mutluyaka\u2019da i\u015f kazas\u0131: 1 ki\u015fi hayat\u0131n\u0131 kaybetti -","robots":{"index":"index","follow":"follow","max-snippet":"max-snippet:-1","max-image-preview":"max-image-preview:large","max-video-preview":"max-video-preview:-1"},"canonical":"https:\/\/kibrisdakik.com\/?p=73703","og_locale":"tr_TR","og_type":"article","og_title":"Mutluyaka\u2019da i\u015f kazas\u0131: 1 ki\u015fi hayat\u0131n\u0131 kaybetti -","og_description":"Polis Bas\u0131n Subayl\u0131\u011f\u0131\u2019ndan verilen bilgiye g\u00f6re bu sabah saat 09.30 s\u0131ralar\u0131nda, Mutluyaka\u2019da, Mormenek\u015fe\u2019de sakin Tamer ZEDEN (E-62), bir tarla i\u00e7erisinde kullan\u0131m\u0131ndaki trakt\u00f6r\u00fcn arkas\u0131nda tak\u0131l\u0131 bulunan saban\u0131n bak\u0131m\u0131n\u0131 yapmak i\u00e7in, yerde bulundu\u011fu s\u0131rada trakt\u00f6r\u00fc \u00e7al\u0131\u015ft\u0131rmas\u0131 sonucu, trakt\u00f6r\u00fcn ileri hareket etmesi ile arka tekerle\u011finin \u00fczerinden ge\u00e7mesi neticesinde a\u011f\u0131r \u015fekilde yaralanm\u0131\u015ft\u0131r. Tamer ZEDEN, Gazima\u011fusa Devlet Hastanesine kald\u0131r\u0131ld\u0131\u011f\u0131 s\u0131rada","og_url":"https:\/\/kibrisdakik.com\/?p=73703","article_published_time":"2025-01-16T09:12:58+00:00","og_image":[{"width":460,"height":276,"url":"https:\/\/kibrisdakik.com\/wp-content\/uploads\/2024\/12\/olum324.jpg","type":"image\/jpeg"}],"author":"admin","twitter_card":"summary_large_image","twitter_misc":{"Yazan:":"admin","Tahmini okuma s\u00fcresi":"1 dakika"},"schema":{"@context":"https:\/\/schema.org","@graph":[{"@type":"Article","@id":"https:\/\/kibrisdakik.com\/?p=73703#article","isPartOf":{"@id":"https:\/\/kibrisdakik.com\/?p=73703"},"author":{"name":"admin","@id":"https:\/\/kibrisdakik.com\/#\/schema\/person\/9cd9d437bbb44f72b73ba127e06d8e79"},"headline":"Mutluyaka\u2019da i\u015f kazas\u0131: 1 ki\u015fi hayat\u0131n\u0131 kaybetti","datePublished":"2025-01-16T09:12:58+00:00","mainEntityOfPage":{"@id":"https:\/\/kibrisdakik.com\/?p=73703"},"wordCount":120,"commentCount":0,"image":{"@id":"https:\/\/kibrisdakik.com\/?p=73703#primaryimage"},"thumbnailUrl":"https:\/\/kibrisdakik.com\/wp-content\/uploads\/2024\/12\/olum324.jpg","articleSection":["K\u0131br\u0131s","Man\u015fet"],"inLanguage":"tr","potentialAction":[{"@type":"CommentAction","name":"Comment","target":["https:\/\/kibrisdakik.com\/?p=73703#respond"]}]},{"@type":"WebPage","@id":"https:\/\/kibrisdakik.com\/?p=73703","url":"https:\/\/kibrisdakik.com\/?p=73703","name":"Mutluyaka\u2019da i\u015f kazas\u0131: 1 ki\u015fi hayat\u0131n\u0131 kaybetti -","isPartOf":{"@id":"https:\/\/kibrisdakik.com\/#website"},"primaryImageOfPage":{"@id":"https:\/\/kibrisdakik.com\/?p=73703#primaryimage"},"image":{"@id":"https:\/\/kibrisdakik.com\/?p=73703#primaryimage"},"thumbnailUrl":"https:\/\/kibrisdakik.com\/wp-content\/uploads\/2024\/12\/olum324.jpg","datePublished":"2025-01-16T09:12:58+00:00","author":{"@id":"https:\/\/kibrisdakik.com\/#\/schema\/person\/9cd9d437bbb44f72b73ba127e06d8e79"},"breadcrumb":{"@id":"https:\/\/kibrisdakik.com\/?p=73703#breadcrumb"},"inLanguage":"tr","potentialAction":[{"@type":"ReadAction","target":["https:\/\/kibrisdakik.com\/?p=73703"]}]},{"@type":"ImageObject","inLanguage":"tr","@id":"https:\/\/kibrisdakik.com\/?p=73703#primaryimage","url":"https:\/\/kibrisdakik.com\/wp-content\/uploads\/2024\/12\/olum324.jpg","contentUrl":"https:\/\/kibrisdakik.com\/wp-content\/uploads\/2024\/12\/olum324.jpg","width":460,"height":276},{"@type":"BreadcrumbList","@id":"https:\/\/kibrisdakik.com\/?p=73703#breadcrumb","itemListElement":[{"@type":"ListItem","position":1,"name":"Home","item":"https:\/\/kibrisdakik.com\/"},{"@type":"ListItem","position":2,"name":"Mutluyaka\u2019da i\u015f kazas\u0131: 1 ki\u015fi hayat\u0131n\u0131 kaybetti"}]},{"@type":"WebSite","@id":"https:\/\/kibrisdakik.com\/#website","url":"https:\/\/kibrisdakik.com\/","name":"","description":"Tam vaktinde haber","potentialAction":[{"@type":"SearchAction","target":{"@type":"EntryPoint","urlTemplate":"https:\/\/kibrisdakik.com\/?s={search_term_string}"},"query-input":{"@type":"PropertyValueSpecification","valueRequired":true,"valueName":"search_term_string"}}],"inLanguage":"tr"},{"@type":"Person","@id":"https:\/\/kibrisdakik.com\/#\/schema\/person\/9cd9d437bbb44f72b73ba127e06d8e79","name":"admin","image":{"@type":"ImageObject","inLanguage":"tr","@id":"https:\/\/secure.gravatar.com\/avatar\/ccc17943b9d660506c869530f897617f7cb1c21a4bf30023f252596d83e1f007?s=96&d=mm&r=g","url":"https:\/\/secure.gravatar.com\/avatar\/ccc17943b9d660506c869530f897617f7cb1c21a4bf30023f252596d83e1f007?s=96&d=mm&r=g","contentUrl":"https:\/\/secure.gravatar.com\/avatar\/ccc17943b9d660506c869530f897617f7cb1c21a4bf30023f252596d83e1f007?s=96&d=mm&r=g","caption":"admin"},"sameAs":["https:\/\/kibrisdakik.com"],"url":"https:\/\/kibrisdakik.com\/?author=1"}]}},"_links":{"self":[{"href":"https:\/\/kibrisdakik.com\/index.php?rest_route=\/wp\/v2\/posts\/73703","targetHints":{"allow":["GET"]}}],"collection":[{"href":"https:\/\/kibrisdakik.com\/index.php?rest_route=\/wp\/v2\/posts"}],"about":[{"href":"https:\/\/kibrisdakik.com\/index.php?rest_route=\/wp\/v2\/types\/post"}],"author":[{"embeddable":true,"href":"https:\/\/kibrisdakik.com\/index.php?rest_route=\/wp\/v2\/users\/1"}],"replies":[{"embeddable":true,"href":"https:\/\/kibrisdakik.com\/index.php?rest_route=%2Fwp%2Fv2%2Fcomments&post=73703"}],"version-history":[{"count":0,"href":"https:\/\/kibrisdakik.com\/index.php?rest_route=\/wp\/v2\/posts\/73703\/revisions"}],"wp:featuredmedia":[{"embeddable":true,"href":"https:\/\/kibrisdakik.com\/index.php?rest_route=\/wp\/v2\/media\/71026"}],"wp:attachment":[{"href":"https:\/\/kibrisdakik.com\/index.php?rest_route=%2Fwp%2Fv2%2Fmedia&parent=73703"}],"wp:term":[{"taxonomy":"category","embeddable":true,"href":"https:\/\/kibrisdakik.com\/index.php?rest_route=%2Fwp%2Fv2%2Fcategories&post=73703"},{"taxonomy":"post_tag","embeddable":true,"href":"https:\/\/kibrisdakik.com\/index.php?rest_route=%2Fwp%2Fv2%2Ftags&post=73703"}],"curies":[{"name":"wp","href":"https:\/\/api.w.org\/{rel}","templated":true}]}}