{"id":73790,"date":"2025-01-17T11:59:57","date_gmt":"2025-01-17T08:59:57","guid":{"rendered":"https:\/\/kibrisdakik.com\/index.php\/2025\/01\/17\/hellim-uretimi-icin-damizlik-koyun-projesine-son-muracaat-tarihi-31-ocak\/"},"modified":"2025-01-17T11:59:57","modified_gmt":"2025-01-17T08:59:57","slug":"hellim-uretimi-icin-damizlik-koyun-projesine-son-muracaat-tarihi-31-ocak","status":"publish","type":"post","link":"https:\/\/kibrisdakik.com\/?p=73790","title":{"rendered":"Hellim \u00fcretimi i\u00e7in Dam\u0131zl\u0131k Koyun Projesi\u2019ne son m\u00fcracaat tarihi 31 Ocak"},"content":{"rendered":"<div>\n<div class=\"mariselle-image-container center\">\n                                            <\/div>\n<p>Tar\u0131m ve Do\u011fal Kaynaklar Bakanl\u0131\u011f\u0131, hellim \u00fcretimi i\u00e7in uygun nitelikte s\u00fct \u00fcreten dam\u0131zl\u0131k koyun ve ko\u00e7lar\u0131n \u00fclkeye getirilmesi i\u00e7in son m\u00fcracaat tarihini 31 Ocak olarak a\u00e7\u0131klad\u0131.<\/p>\n<p>Tar\u0131m ve Do\u011fal Kaynaklar Bakanl\u0131\u011f\u0131, dam\u0131zl\u0131k de\u011feri y\u00fcksek ve \u0131slah edici Asaf \u0131rk\u0131 koyun ve ko\u00e7lar\u0131n yurt d\u0131\u015f\u0131ndan teminini hedefleyen projeden faydalanmak isteyenlerin yerine getirmesi gereken ko\u015fullar\u0131 da bildirdi.<\/p>\n<p>Proje, Tar\u0131m ve Do\u011fal Kaynaklar Bakanl\u0131\u011f\u0131, Hayvanc\u0131l\u0131k Kooperatifi ve Merkez Bankas\u0131 aras\u0131nda imzalanacak protokollerle, hellim \u00fcretimi i\u00e7in gerekli olan s\u00fct miktar\u0131n\u0131 art\u0131rmak ve s\u00fct kalitesini iyile\u015ftirmek amac\u0131yla hayata ge\u00e7iriliyor. Projeyle  yerel koyun s\u00fcr\u00fclerinin genetik kapasitesi geli\u015ftirilerek s\u00fct verimi ve kalitesinde s\u00fcreklilik de hedefleniyor.<\/p>\n<p>Bakanl\u0131k\u2019tan yap\u0131lan a\u00e7\u0131klamaya g\u00f6re, 2024 y\u0131l\u0131nda \u00fclkede k\u00fc\u00e7\u00fckba\u015f hayvan say\u0131s\u0131nda y\u00fczde 10 oran\u0131nda bir art\u0131\u015f ya\u015fanmas\u0131na ra\u011fmen, bu art\u0131\u015f daha \u00e7ok et verimi \u00fczerinde ger\u00e7ekle\u015fmedi ve ithalat ihtiyac\u0131 do\u011fdu. Bu \u00e7er\u00e7evede, hellim \u00fcretimi i\u00e7in uygun nitelikte s\u00fct \u00fcreten dam\u0131zl\u0131k koyunlar\u0131n \u00fclkeye getirilmesiyle hem \u00fcretimin s\u00fcreklili\u011fi sa\u011flanacak hem de yerel s\u00fcr\u00fclerin genetik kapasitesi \u00fczerine olumlu etkiler yarat\u0131lacak.<\/p>\n<p>Proje kapsam\u0131nda ithal edilecek dam\u0131zl\u0131k koyun ve ko\u00e7lar i\u00e7in \u00fcreticilere faiz destekli kredi imkan\u0131 sunulacak. Bu krediden yararlanmak isteyen \u00f6zel ve t\u00fczel ki\u015filerin yerine getirmesi gereken ko\u015fullar \u015fu \u015fekilde belirlendi:<\/p>\n<p>\u201cKKTC vatanda\u015f\u0131 olmak.<\/p>\n<p>Veteriner Dairesi Hayvan Kay\u0131t Sistemi\u2019ne kay\u0131tl\u0131 bir k\u00fc\u00e7\u00fckba\u015f hayvan i\u015fletmesi\/bar\u0131na\u011f\u0131na sahip olmak.<\/p>\n<p>Bar\u0131na\u011f\u0131n m\u00fclkiyet durumunu belgelendirmek.<\/p>\n<p>Belediye veya Kaymakaml\u0131k \u2019tan uygunluk izni al\u0131nmas\u0131.<\/p>\n<p>En az 50 ana\u00e7 k\u00fc\u00e7\u00fckba\u015f hayvana sahip olmak.<\/p>\n<p>Hayvan Yeti\u015ftiricileri ve \u00dcreticileri Birli\u011fi\u2019ne kay\u0131tl\u0131 olmak.<\/p>\n<p>Sigorta ve vergi borcunun bulunmamas\u0131.<\/p>\n<p>Bar\u0131na\u011f\u0131n hayvan refah\u0131 ve sa\u011f\u0131m ko\u015fullar\u0131na uygun olmas\u0131.<\/p>\n<p>S\u00fct End\u00fcstrisi Kurumu\u2019na s\u00fct veriyor olmak (avantaj sa\u011flayacakt\u0131r).<\/p>\n<p>18-40 ya\u015f aral\u0131\u011f\u0131nda olmak (avantaj sa\u011flayacakt\u0131r).\u201d<\/p>\n<p>Her ba\u015fvuru sahibi minimum 20 maksimum 300 ba\u015f ithal hayvan alabilecek. Ba\u015fvuru yapmak isteyen \u00fcreticiler, gerekli formlar\u0131 Tar\u0131m ve Do\u011fal Kaynaklar Bakanl\u0131\u011f\u0131\u2019n\u0131n resm\u00ee internet sitesinden (http:\/\/tarim.gov.ct.tr\/), Hayvanc\u0131l\u0131k Dairesi M\u00fcd\u00fcrl\u00fc\u011f\u00fc resmi internet sitesinden (http:\/\/hayvancilik.gov.ct.tr\/) ya da Hayvanc\u0131l\u0131k Dairesi merkez ve kaza \u015fubelerinden temin edebilecek.<\/p>\n<p>Ba\u015fvurular, Hayvanc\u0131l\u0131k Dairesi\u2019ne \u015fahsen yap\u0131lacak. Son m\u00fcracaat 31 Ocak 2025 mesai bitimine kadar yap\u0131labilecek ve Komisyon taraf\u0131ndan de\u011ferlendirilip uygun bulunan ba\u015fvuru sahipleri projeden yararlanabilecek.<\/p>\n<p>\u00dcreticilerin finansman ihtiyac\u0131 i\u00e7in gerekli krediler ise faiz destekli olacak ve ilgili bankan\u0131n belirledi\u011fi belgeler \u00e7er\u00e7evesinde sa\u011flanacak.<\/p>\n<\/p><\/div>\n<p><script async\n                    defer\n                    crossorigin=\"anonymous\"\n                    src=\"https:\/\/connect.facebook.net\/tr_TR\/sdk.js#xfbml=1&#038;version=v3.3\"\n            ><\/script><\/p>\n","protected":false},"excerpt":{"rendered":"<p>Tar\u0131m ve Do\u011fal Kaynaklar Bakanl\u0131\u011f\u0131, hellim \u00fcretimi i\u00e7in uygun nitelikte s\u00fct \u00fcreten dam\u0131zl\u0131k koyun ve ko\u00e7lar\u0131n \u00fclkeye getirilmesi i\u00e7in son m\u00fcracaat tarihini 31 Ocak olarak a\u00e7\u0131klad\u0131. Tar\u0131m ve Do\u011fal Kaynaklar Bakanl\u0131\u011f\u0131, dam\u0131zl\u0131k de\u011feri y\u00fcksek ve \u0131slah edici Asaf \u0131rk\u0131 koyun ve ko\u00e7lar\u0131n yurt d\u0131\u015f\u0131ndan teminini hedefleyen projeden faydalanmak isteyenlerin yerine getirmesi gereken ko\u015fullar\u0131 da bildirdi.<\/p>\n","protected":false},"author":1,"featured_media":71279,"comment_status":"open","ping_status":"open","sticky":false,"template":"","format":"standard","meta":{"footnotes":""},"categories":[81,101],"tags":[],"class_list":["post-73790","post","type-post","status-publish","format-standard","has-post-thumbnail","hentry","category-kibris","category-manset"],"yoast_head":"<!-- This site is optimized with the Yoast SEO plugin v27.5 - https:\/\/yoast.com\/product\/yoast-seo-wordpress\/ -->\n<title>Hellim \u00fcretimi i\u00e7in Dam\u0131zl\u0131k Koyun Projesi\u2019ne son m\u00fcracaat tarihi 31 Ocak -<\/title>\n<meta name=\"robots\" content=\"index, follow, max-snippet:-1, max-image-preview:large, max-video-preview:-1\" \/>\n<link rel=\"canonical\" href=\"https:\/\/kibrisdakik.com\/?p=73790\" \/>\n<meta property=\"og:locale\" content=\"tr_TR\" \/>\n<meta property=\"og:type\" content=\"article\" \/>\n<meta property=\"og:title\" content=\"Hellim \u00fcretimi i\u00e7in Dam\u0131zl\u0131k Koyun Projesi\u2019ne son m\u00fcracaat tarihi 31 Ocak -\" \/>\n<meta property=\"og:description\" content=\"Tar\u0131m ve Do\u011fal Kaynaklar Bakanl\u0131\u011f\u0131, hellim \u00fcretimi i\u00e7in uygun nitelikte s\u00fct \u00fcreten dam\u0131zl\u0131k koyun ve ko\u00e7lar\u0131n \u00fclkeye getirilmesi i\u00e7in son m\u00fcracaat tarihini 31 Ocak olarak a\u00e7\u0131klad\u0131. Tar\u0131m ve Do\u011fal Kaynaklar Bakanl\u0131\u011f\u0131, dam\u0131zl\u0131k de\u011feri y\u00fcksek ve \u0131slah edici Asaf \u0131rk\u0131 koyun ve ko\u00e7lar\u0131n yurt d\u0131\u015f\u0131ndan teminini hedefleyen projeden faydalanmak isteyenlerin yerine getirmesi gereken ko\u015fullar\u0131 da bildirdi.\" \/>\n<meta property=\"og:url\" content=\"https:\/\/kibrisdakik.com\/?p=73790\" \/>\n<meta property=\"article:published_time\" content=\"2025-01-17T08:59:57+00:00\" \/>\n<meta property=\"og:image\" content=\"https:\/\/kibrisdakik.com\/wp-content\/uploads\/2024\/12\/hellim2.jpg\" \/>\n\t<meta property=\"og:image:width\" content=\"601\" \/>\n\t<meta property=\"og:image:height\" content=\"403\" \/>\n\t<meta property=\"og:image:type\" content=\"image\/jpeg\" \/>\n<meta name=\"author\" content=\"admin\" \/>\n<meta name=\"twitter:card\" content=\"summary_large_image\" \/>\n<meta name=\"twitter:label1\" content=\"Yazan:\" \/>\n\t<meta name=\"twitter:data1\" content=\"admin\" \/>\n\t<meta name=\"twitter:label2\" content=\"Tahmini okuma s\u00fcresi\" \/>\n\t<meta name=\"twitter:data2\" content=\"2 dakika\" \/>\n<script type=\"application\/ld+json\" class=\"yoast-schema-graph\">{\"@context\":\"https:\\\/\\\/schema.org\",\"@graph\":[{\"@type\":\"Article\",\"@id\":\"https:\\\/\\\/kibrisdakik.com\\\/?p=73790#article\",\"isPartOf\":{\"@id\":\"https:\\\/\\\/kibrisdakik.com\\\/?p=73790\"},\"author\":{\"name\":\"admin\",\"@id\":\"https:\\\/\\\/kibrisdakik.com\\\/#\\\/schema\\\/person\\\/9cd9d437bbb44f72b73ba127e06d8e79\"},\"headline\":\"Hellim \u00fcretimi i\u00e7in Dam\u0131zl\u0131k Koyun Projesi\u2019ne son m\u00fcracaat tarihi 31 Ocak\",\"datePublished\":\"2025-01-17T08:59:57+00:00\",\"mainEntityOfPage\":{\"@id\":\"https:\\\/\\\/kibrisdakik.com\\\/?p=73790\"},\"wordCount\":487,\"commentCount\":0,\"image\":{\"@id\":\"https:\\\/\\\/kibrisdakik.com\\\/?p=73790#primaryimage\"},\"thumbnailUrl\":\"https:\\\/\\\/kibrisdakik.com\\\/wp-content\\\/uploads\\\/2024\\\/12\\\/hellim2.jpg\",\"articleSection\":[\"K\u0131br\u0131s\",\"Man\u015fet\"],\"inLanguage\":\"tr\",\"potentialAction\":[{\"@type\":\"CommentAction\",\"name\":\"Comment\",\"target\":[\"https:\\\/\\\/kibrisdakik.com\\\/?p=73790#respond\"]}]},{\"@type\":\"WebPage\",\"@id\":\"https:\\\/\\\/kibrisdakik.com\\\/?p=73790\",\"url\":\"https:\\\/\\\/kibrisdakik.com\\\/?p=73790\",\"name\":\"Hellim \u00fcretimi i\u00e7in Dam\u0131zl\u0131k Koyun Projesi\u2019ne son m\u00fcracaat tarihi 31 Ocak -\",\"isPartOf\":{\"@id\":\"https:\\\/\\\/kibrisdakik.com\\\/#website\"},\"primaryImageOfPage\":{\"@id\":\"https:\\\/\\\/kibrisdakik.com\\\/?p=73790#primaryimage\"},\"image\":{\"@id\":\"https:\\\/\\\/kibrisdakik.com\\\/?p=73790#primaryimage\"},\"thumbnailUrl\":\"https:\\\/\\\/kibrisdakik.com\\\/wp-content\\\/uploads\\\/2024\\\/12\\\/hellim2.jpg\",\"datePublished\":\"2025-01-17T08:59:57+00:00\",\"author\":{\"@id\":\"https:\\\/\\\/kibrisdakik.com\\\/#\\\/schema\\\/person\\\/9cd9d437bbb44f72b73ba127e06d8e79\"},\"breadcrumb\":{\"@id\":\"https:\\\/\\\/kibrisdakik.com\\\/?p=73790#breadcrumb\"},\"inLanguage\":\"tr\",\"potentialAction\":[{\"@type\":\"ReadAction\",\"target\":[\"https:\\\/\\\/kibrisdakik.com\\\/?p=73790\"]}]},{\"@type\":\"ImageObject\",\"inLanguage\":\"tr\",\"@id\":\"https:\\\/\\\/kibrisdakik.com\\\/?p=73790#primaryimage\",\"url\":\"https:\\\/\\\/kibrisdakik.com\\\/wp-content\\\/uploads\\\/2024\\\/12\\\/hellim2.jpg\",\"contentUrl\":\"https:\\\/\\\/kibrisdakik.com\\\/wp-content\\\/uploads\\\/2024\\\/12\\\/hellim2.jpg\",\"width\":601,\"height\":403},{\"@type\":\"BreadcrumbList\",\"@id\":\"https:\\\/\\\/kibrisdakik.com\\\/?p=73790#breadcrumb\",\"itemListElement\":[{\"@type\":\"ListItem\",\"position\":1,\"name\":\"Home\",\"item\":\"https:\\\/\\\/kibrisdakik.com\\\/\"},{\"@type\":\"ListItem\",\"position\":2,\"name\":\"Hellim \u00fcretimi i\u00e7in Dam\u0131zl\u0131k Koyun Projesi\u2019ne son m\u00fcracaat tarihi 31 Ocak\"}]},{\"@type\":\"WebSite\",\"@id\":\"https:\\\/\\\/kibrisdakik.com\\\/#website\",\"url\":\"https:\\\/\\\/kibrisdakik.com\\\/\",\"name\":\"\",\"description\":\"Tam vaktinde haber\",\"potentialAction\":[{\"@type\":\"SearchAction\",\"target\":{\"@type\":\"EntryPoint\",\"urlTemplate\":\"https:\\\/\\\/kibrisdakik.com\\\/?s={search_term_string}\"},\"query-input\":{\"@type\":\"PropertyValueSpecification\",\"valueRequired\":true,\"valueName\":\"search_term_string\"}}],\"inLanguage\":\"tr\"},{\"@type\":\"Person\",\"@id\":\"https:\\\/\\\/kibrisdakik.com\\\/#\\\/schema\\\/person\\\/9cd9d437bbb44f72b73ba127e06d8e79\",\"name\":\"admin\",\"image\":{\"@type\":\"ImageObject\",\"inLanguage\":\"tr\",\"@id\":\"https:\\\/\\\/secure.gravatar.com\\\/avatar\\\/ccc17943b9d660506c869530f897617f7cb1c21a4bf30023f252596d83e1f007?s=96&d=mm&r=g\",\"url\":\"https:\\\/\\\/secure.gravatar.com\\\/avatar\\\/ccc17943b9d660506c869530f897617f7cb1c21a4bf30023f252596d83e1f007?s=96&d=mm&r=g\",\"contentUrl\":\"https:\\\/\\\/secure.gravatar.com\\\/avatar\\\/ccc17943b9d660506c869530f897617f7cb1c21a4bf30023f252596d83e1f007?s=96&d=mm&r=g\",\"caption\":\"admin\"},\"sameAs\":[\"https:\\\/\\\/kibrisdakik.com\"],\"url\":\"https:\\\/\\\/kibrisdakik.com\\\/?author=1\"}]}<\/script>\n<!-- \/ Yoast SEO plugin. -->","yoast_head_json":{"title":"Hellim \u00fcretimi i\u00e7in Dam\u0131zl\u0131k Koyun Projesi\u2019ne son m\u00fcracaat tarihi 31 Ocak -","robots":{"index":"index","follow":"follow","max-snippet":"max-snippet:-1","max-image-preview":"max-image-preview:large","max-video-preview":"max-video-preview:-1"},"canonical":"https:\/\/kibrisdakik.com\/?p=73790","og_locale":"tr_TR","og_type":"article","og_title":"Hellim \u00fcretimi i\u00e7in Dam\u0131zl\u0131k Koyun Projesi\u2019ne son m\u00fcracaat tarihi 31 Ocak -","og_description":"Tar\u0131m ve Do\u011fal Kaynaklar Bakanl\u0131\u011f\u0131, hellim \u00fcretimi i\u00e7in uygun nitelikte s\u00fct \u00fcreten dam\u0131zl\u0131k koyun ve ko\u00e7lar\u0131n \u00fclkeye getirilmesi i\u00e7in son m\u00fcracaat tarihini 31 Ocak olarak a\u00e7\u0131klad\u0131. Tar\u0131m ve Do\u011fal Kaynaklar Bakanl\u0131\u011f\u0131, dam\u0131zl\u0131k de\u011feri y\u00fcksek ve \u0131slah edici Asaf \u0131rk\u0131 koyun ve ko\u00e7lar\u0131n yurt d\u0131\u015f\u0131ndan teminini hedefleyen projeden faydalanmak isteyenlerin yerine getirmesi gereken ko\u015fullar\u0131 da bildirdi.","og_url":"https:\/\/kibrisdakik.com\/?p=73790","article_published_time":"2025-01-17T08:59:57+00:00","og_image":[{"width":601,"height":403,"url":"https:\/\/kibrisdakik.com\/wp-content\/uploads\/2024\/12\/hellim2.jpg","type":"image\/jpeg"}],"author":"admin","twitter_card":"summary_large_image","twitter_misc":{"Yazan:":"admin","Tahmini okuma s\u00fcresi":"2 dakika"},"schema":{"@context":"https:\/\/schema.org","@graph":[{"@type":"Article","@id":"https:\/\/kibrisdakik.com\/?p=73790#article","isPartOf":{"@id":"https:\/\/kibrisdakik.com\/?p=73790"},"author":{"name":"admin","@id":"https:\/\/kibrisdakik.com\/#\/schema\/person\/9cd9d437bbb44f72b73ba127e06d8e79"},"headline":"Hellim \u00fcretimi i\u00e7in Dam\u0131zl\u0131k Koyun Projesi\u2019ne son m\u00fcracaat tarihi 31 Ocak","datePublished":"2025-01-17T08:59:57+00:00","mainEntityOfPage":{"@id":"https:\/\/kibrisdakik.com\/?p=73790"},"wordCount":487,"commentCount":0,"image":{"@id":"https:\/\/kibrisdakik.com\/?p=73790#primaryimage"},"thumbnailUrl":"https:\/\/kibrisdakik.com\/wp-content\/uploads\/2024\/12\/hellim2.jpg","articleSection":["K\u0131br\u0131s","Man\u015fet"],"inLanguage":"tr","potentialAction":[{"@type":"CommentAction","name":"Comment","target":["https:\/\/kibrisdakik.com\/?p=73790#respond"]}]},{"@type":"WebPage","@id":"https:\/\/kibrisdakik.com\/?p=73790","url":"https:\/\/kibrisdakik.com\/?p=73790","name":"Hellim \u00fcretimi i\u00e7in Dam\u0131zl\u0131k Koyun Projesi\u2019ne son m\u00fcracaat tarihi 31 Ocak -","isPartOf":{"@id":"https:\/\/kibrisdakik.com\/#website"},"primaryImageOfPage":{"@id":"https:\/\/kibrisdakik.com\/?p=73790#primaryimage"},"image":{"@id":"https:\/\/kibrisdakik.com\/?p=73790#primaryimage"},"thumbnailUrl":"https:\/\/kibrisdakik.com\/wp-content\/uploads\/2024\/12\/hellim2.jpg","datePublished":"2025-01-17T08:59:57+00:00","author":{"@id":"https:\/\/kibrisdakik.com\/#\/schema\/person\/9cd9d437bbb44f72b73ba127e06d8e79"},"breadcrumb":{"@id":"https:\/\/kibrisdakik.com\/?p=73790#breadcrumb"},"inLanguage":"tr","potentialAction":[{"@type":"ReadAction","target":["https:\/\/kibrisdakik.com\/?p=73790"]}]},{"@type":"ImageObject","inLanguage":"tr","@id":"https:\/\/kibrisdakik.com\/?p=73790#primaryimage","url":"https:\/\/kibrisdakik.com\/wp-content\/uploads\/2024\/12\/hellim2.jpg","contentUrl":"https:\/\/kibrisdakik.com\/wp-content\/uploads\/2024\/12\/hellim2.jpg","width":601,"height":403},{"@type":"BreadcrumbList","@id":"https:\/\/kibrisdakik.com\/?p=73790#breadcrumb","itemListElement":[{"@type":"ListItem","position":1,"name":"Home","item":"https:\/\/kibrisdakik.com\/"},{"@type":"ListItem","position":2,"name":"Hellim \u00fcretimi i\u00e7in Dam\u0131zl\u0131k Koyun Projesi\u2019ne son m\u00fcracaat tarihi 31 Ocak"}]},{"@type":"WebSite","@id":"https:\/\/kibrisdakik.com\/#website","url":"https:\/\/kibrisdakik.com\/","name":"","description":"Tam vaktinde haber","potentialAction":[{"@type":"SearchAction","target":{"@type":"EntryPoint","urlTemplate":"https:\/\/kibrisdakik.com\/?s={search_term_string}"},"query-input":{"@type":"PropertyValueSpecification","valueRequired":true,"valueName":"search_term_string"}}],"inLanguage":"tr"},{"@type":"Person","@id":"https:\/\/kibrisdakik.com\/#\/schema\/person\/9cd9d437bbb44f72b73ba127e06d8e79","name":"admin","image":{"@type":"ImageObject","inLanguage":"tr","@id":"https:\/\/secure.gravatar.com\/avatar\/ccc17943b9d660506c869530f897617f7cb1c21a4bf30023f252596d83e1f007?s=96&d=mm&r=g","url":"https:\/\/secure.gravatar.com\/avatar\/ccc17943b9d660506c869530f897617f7cb1c21a4bf30023f252596d83e1f007?s=96&d=mm&r=g","contentUrl":"https:\/\/secure.gravatar.com\/avatar\/ccc17943b9d660506c869530f897617f7cb1c21a4bf30023f252596d83e1f007?s=96&d=mm&r=g","caption":"admin"},"sameAs":["https:\/\/kibrisdakik.com"],"url":"https:\/\/kibrisdakik.com\/?author=1"}]}},"_links":{"self":[{"href":"https:\/\/kibrisdakik.com\/index.php?rest_route=\/wp\/v2\/posts\/73790","targetHints":{"allow":["GET"]}}],"collection":[{"href":"https:\/\/kibrisdakik.com\/index.php?rest_route=\/wp\/v2\/posts"}],"about":[{"href":"https:\/\/kibrisdakik.com\/index.php?rest_route=\/wp\/v2\/types\/post"}],"author":[{"embeddable":true,"href":"https:\/\/kibrisdakik.com\/index.php?rest_route=\/wp\/v2\/users\/1"}],"replies":[{"embeddable":true,"href":"https:\/\/kibrisdakik.com\/index.php?rest_route=%2Fwp%2Fv2%2Fcomments&post=73790"}],"version-history":[{"count":0,"href":"https:\/\/kibrisdakik.com\/index.php?rest_route=\/wp\/v2\/posts\/73790\/revisions"}],"wp:featuredmedia":[{"embeddable":true,"href":"https:\/\/kibrisdakik.com\/index.php?rest_route=\/wp\/v2\/media\/71279"}],"wp:attachment":[{"href":"https:\/\/kibrisdakik.com\/index.php?rest_route=%2Fwp%2Fv2%2Fmedia&parent=73790"}],"wp:term":[{"taxonomy":"category","embeddable":true,"href":"https:\/\/kibrisdakik.com\/index.php?rest_route=%2Fwp%2Fv2%2Fcategories&post=73790"},{"taxonomy":"post_tag","embeddable":true,"href":"https:\/\/kibrisdakik.com\/index.php?rest_route=%2Fwp%2Fv2%2Ftags&post=73790"}],"curies":[{"name":"wp","href":"https:\/\/api.w.org\/{rel}","templated":true}]}}