{"id":73791,"date":"2025-01-17T12:03:04","date_gmt":"2025-01-17T09:03:04","guid":{"rendered":"https:\/\/kibrisdakik.com\/index.php\/2025\/01\/17\/ozersaycozum-icin-cozumden-once-isbirligi-sureci-onemlidir\/"},"modified":"2025-01-17T12:03:04","modified_gmt":"2025-01-17T09:03:04","slug":"ozersaycozum-icin-cozumden-once-isbirligi-sureci-onemlidir","status":"publish","type":"post","link":"https:\/\/kibrisdakik.com\/?p=73791","title":{"rendered":"\u00d6zersay:\u00c7\u00f6z\u00fcm i\u00e7in \u00e7\u00f6z\u00fcmden \u00f6nce i\u015fbirli\u011fi s\u00fcreci \u00f6nemlidir"},"content":{"rendered":"<div>\n<div class=\"mariselle-image-container center\">\n                                            <\/div>\n<p>Halk\u0131n Partisi Genel Ba\u015fkan\u0131 Kudret \u00d6zersay, K\u0131br\u0131s ve Do\u011fu Akdeniz b\u00f6lgesine y\u00f6nelik kapsaml\u0131 \u00e7\u00f6z\u00fcm aray\u0131\u015flar\u0131n\u0131n yan\u0131 s\u0131ra \u201c\u00e7\u00f6z\u00fcm i\u00e7in, \u00e7\u00f6z\u00fcmden \u00f6nce i\u015fbirli\u011fi s\u00fcrecinin \u00f6nemli\u201d oldu\u011funa vurgu yapt\u0131.<\/p>\n<p>\u00d6zersay yaz\u0131l\u0131 a\u00e7\u0131klamas\u0131nda, y\u0131llard\u0131r dile getirdikleri bu yakla\u015f\u0131m\u0131n son d\u00f6nemde Orta Do\u011fu\u2019da ya\u015fanan geli\u015fmeler ile de do\u011fruland\u0131\u011f\u0131n\u0131 ifade ederek, \u00e7\u00f6z\u00fcmden \u00f6nce taraflar\u0131n tan\u0131ma, tan\u0131mama ve egemenlik konular\u0131n\u0131 tam olarak \u00e7\u00f6z\u00fcmlemeden de i\u015fbirli\u011fi yapabilece\u011fi alanlar olu\u015fturmas\u0131n\u0131 hedefledi\u011fini vurgulad\u0131.<\/p>\n<p>\u00d6zersay, T\u00fcrkiye ile Yunanistan aras\u0131ndaki i\u015fbirli\u011fi ad\u0131mlar\u0131 ve Orta Do\u011fu\u2019da \u201c\u0130brahim Anla\u015fmalar\u0131\u201d kapsam\u0131nda normalle\u015fme s\u00fcrecinin, b\u00f6lgesel sorunlar\u0131n \u00e7\u00f6z\u00fcm\u00fc i\u00e7in \u00f6nemli \u00f6rnekler sundu\u011funu belirtti. \u00d6zersay, bu anlay\u0131\u015fla Do\u011fu Akdeniz\u2019de ve K\u0131br\u0131s\u2019ta i\u015fbirli\u011finin art\u0131r\u0131lmas\u0131n\u0131n m\u00fcmk\u00fcn oldu\u011funu kaydetti.<\/p>\n<p>\u00d6zersay, Trump d\u00f6neminde ba\u015flayan ve \u00fclkeler aras\u0131nda egemenlik sorunlar\u0131na ra\u011fmen ili\u015fkilerin normalle\u015fmesini hedefleyen \u0130brahim Anla\u015fmalar\u0131na at\u0131fta bulunarak, bu modelin K\u0131br\u0131s ve Do\u011fu Akdeniz\u2019de uygulanabilir oldu\u011funu ifade etti.<\/p>\n<p>Son d\u00f6nemde Orta Do\u011fu\u2019da sa\u011flanan ate\u015fkesin ard\u0131ndan Trump\u2019\u0131n bu anla\u015fmalar\u0131n geni\u015fletilmesine vurgu yapmas\u0131n\u0131 \u00f6nemli bir geli\u015fme olarak nitelendiren \u00d6zersay, bunun kendi \u00f6ng\u00f6r\u00fclerinin ne kadar ger\u00e7ek\u00e7i oldu\u011funu g\u00f6sterdi\u011fini belirtti.<\/p>\n<p>\u00d6zersay, b\u00f6lgedeki geli\u015fmelerin do\u011fru okunmas\u0131 ve buna uygun yarat\u0131c\u0131 fikirler \u00fcretilmesi durumunda K\u0131br\u0131s ve Do\u011fu Akdeniz\u2019de olumlu ilerlemeler sa\u011flanabilece\u011fini vurgulad\u0131.<\/p>\n<p>\u00d6zersay a\u00e7\u0131klamas\u0131nda, i\u015fbirli\u011finin \u00e7\u00f6z\u00fcm\u00fcn \u00f6n\u00fcn\u00fc a\u00e7abilece\u011fine dikkat \u00e7ekerek, \u201cK\u00fcresel ve b\u00f6lgesel d\u00fczeydeki geli\u015fmeleri do\u011fru okuyabilirsek, co\u011frafyam\u0131z daha iyi bir noktaya gelebilir. Egemenlik sorunlar\u0131 devam etse bile i\u015fbirli\u011fi mekanizmalar\u0131 kurulabilir\u201d ifadelerini kulland\u0131.<\/p>\n<\/p><\/div>\n<p><script async\n                    defer\n                    crossorigin=\"anonymous\"\n                    src=\"https:\/\/connect.facebook.net\/tr_TR\/sdk.js#xfbml=1&#038;version=v3.3\"\n            ><\/script><\/p>\n","protected":false},"excerpt":{"rendered":"<p>Halk\u0131n Partisi Genel Ba\u015fkan\u0131 Kudret \u00d6zersay, K\u0131br\u0131s ve Do\u011fu Akdeniz b\u00f6lgesine y\u00f6nelik kapsaml\u0131 \u00e7\u00f6z\u00fcm aray\u0131\u015flar\u0131n\u0131n yan\u0131 s\u0131ra \u201c\u00e7\u00f6z\u00fcm i\u00e7in, \u00e7\u00f6z\u00fcmden \u00f6nce i\u015fbirli\u011fi s\u00fcrecinin \u00f6nemli\u201d oldu\u011funa vurgu yapt\u0131. \u00d6zersay yaz\u0131l\u0131 a\u00e7\u0131klamas\u0131nda, y\u0131llard\u0131r dile getirdikleri bu yakla\u015f\u0131m\u0131n son d\u00f6nemde Orta Do\u011fu\u2019da ya\u015fanan geli\u015fmeler ile de do\u011fruland\u0131\u011f\u0131n\u0131 ifade ederek, \u00e7\u00f6z\u00fcmden \u00f6nce taraflar\u0131n tan\u0131ma, tan\u0131mama ve egemenlik konular\u0131n\u0131 tam<\/p>\n","protected":false},"author":1,"featured_media":13143,"comment_status":"open","ping_status":"open","sticky":false,"template":"","format":"standard","meta":{"footnotes":""},"categories":[81,101],"tags":[],"class_list":["post-73791","post","type-post","status-publish","format-standard","has-post-thumbnail","hentry","category-kibris","category-manset"],"yoast_head":"<!-- This site is optimized with the Yoast SEO plugin v27.5 - https:\/\/yoast.com\/product\/yoast-seo-wordpress\/ -->\n<title>\u00d6zersay:\u00c7\u00f6z\u00fcm i\u00e7in \u00e7\u00f6z\u00fcmden \u00f6nce i\u015fbirli\u011fi s\u00fcreci \u00f6nemlidir -<\/title>\n<meta name=\"robots\" content=\"index, follow, max-snippet:-1, max-image-preview:large, max-video-preview:-1\" \/>\n<link rel=\"canonical\" href=\"https:\/\/kibrisdakik.com\/?p=73791\" \/>\n<meta property=\"og:locale\" content=\"tr_TR\" \/>\n<meta property=\"og:type\" content=\"article\" \/>\n<meta property=\"og:title\" content=\"\u00d6zersay:\u00c7\u00f6z\u00fcm i\u00e7in \u00e7\u00f6z\u00fcmden \u00f6nce i\u015fbirli\u011fi s\u00fcreci \u00f6nemlidir -\" \/>\n<meta property=\"og:description\" content=\"Halk\u0131n Partisi Genel Ba\u015fkan\u0131 Kudret \u00d6zersay, K\u0131br\u0131s ve Do\u011fu Akdeniz b\u00f6lgesine y\u00f6nelik kapsaml\u0131 \u00e7\u00f6z\u00fcm aray\u0131\u015flar\u0131n\u0131n yan\u0131 s\u0131ra \u201c\u00e7\u00f6z\u00fcm i\u00e7in, \u00e7\u00f6z\u00fcmden \u00f6nce i\u015fbirli\u011fi s\u00fcrecinin \u00f6nemli\u201d oldu\u011funa vurgu yapt\u0131. \u00d6zersay yaz\u0131l\u0131 a\u00e7\u0131klamas\u0131nda, y\u0131llard\u0131r dile getirdikleri bu yakla\u015f\u0131m\u0131n son d\u00f6nemde Orta Do\u011fu\u2019da ya\u015fanan geli\u015fmeler ile de do\u011fruland\u0131\u011f\u0131n\u0131 ifade ederek, \u00e7\u00f6z\u00fcmden \u00f6nce taraflar\u0131n tan\u0131ma, tan\u0131mama ve egemenlik konular\u0131n\u0131 tam\" \/>\n<meta property=\"og:url\" content=\"https:\/\/kibrisdakik.com\/?p=73791\" \/>\n<meta property=\"article:published_time\" content=\"2025-01-17T09:03:04+00:00\" \/>\n<meta property=\"og:image\" content=\"https:\/\/kibrisdakik.com\/wp-content\/uploads\/2023\/09\/kudret-ozersay5-740x420.jpg\" \/>\n\t<meta property=\"og:image:width\" content=\"1654\" \/>\n\t<meta property=\"og:image:height\" content=\"1076\" \/>\n\t<meta property=\"og:image:type\" content=\"image\/jpeg\" \/>\n<meta name=\"author\" content=\"admin\" \/>\n<meta name=\"twitter:card\" content=\"summary_large_image\" \/>\n<meta name=\"twitter:label1\" content=\"Yazan:\" \/>\n\t<meta name=\"twitter:data1\" content=\"admin\" \/>\n\t<meta name=\"twitter:label2\" content=\"Tahmini okuma s\u00fcresi\" \/>\n\t<meta name=\"twitter:data2\" content=\"2 dakika\" \/>\n<script type=\"application\/ld+json\" class=\"yoast-schema-graph\">{\"@context\":\"https:\\\/\\\/schema.org\",\"@graph\":[{\"@type\":\"Article\",\"@id\":\"https:\\\/\\\/kibrisdakik.com\\\/?p=73791#article\",\"isPartOf\":{\"@id\":\"https:\\\/\\\/kibrisdakik.com\\\/?p=73791\"},\"author\":{\"name\":\"admin\",\"@id\":\"https:\\\/\\\/kibrisdakik.com\\\/#\\\/schema\\\/person\\\/9cd9d437bbb44f72b73ba127e06d8e79\"},\"headline\":\"\u00d6zersay:\u00c7\u00f6z\u00fcm i\u00e7in \u00e7\u00f6z\u00fcmden \u00f6nce i\u015fbirli\u011fi s\u00fcreci \u00f6nemlidir\",\"datePublished\":\"2025-01-17T09:03:04+00:00\",\"mainEntityOfPage\":{\"@id\":\"https:\\\/\\\/kibrisdakik.com\\\/?p=73791\"},\"wordCount\":357,\"commentCount\":0,\"image\":{\"@id\":\"https:\\\/\\\/kibrisdakik.com\\\/?p=73791#primaryimage\"},\"thumbnailUrl\":\"https:\\\/\\\/kibrisdakik.com\\\/wp-content\\\/uploads\\\/2023\\\/09\\\/kudret-ozersay5-740x420.jpg\",\"articleSection\":[\"K\u0131br\u0131s\",\"Man\u015fet\"],\"inLanguage\":\"tr\",\"potentialAction\":[{\"@type\":\"CommentAction\",\"name\":\"Comment\",\"target\":[\"https:\\\/\\\/kibrisdakik.com\\\/?p=73791#respond\"]}]},{\"@type\":\"WebPage\",\"@id\":\"https:\\\/\\\/kibrisdakik.com\\\/?p=73791\",\"url\":\"https:\\\/\\\/kibrisdakik.com\\\/?p=73791\",\"name\":\"\u00d6zersay:\u00c7\u00f6z\u00fcm i\u00e7in \u00e7\u00f6z\u00fcmden \u00f6nce i\u015fbirli\u011fi s\u00fcreci \u00f6nemlidir -\",\"isPartOf\":{\"@id\":\"https:\\\/\\\/kibrisdakik.com\\\/#website\"},\"primaryImageOfPage\":{\"@id\":\"https:\\\/\\\/kibrisdakik.com\\\/?p=73791#primaryimage\"},\"image\":{\"@id\":\"https:\\\/\\\/kibrisdakik.com\\\/?p=73791#primaryimage\"},\"thumbnailUrl\":\"https:\\\/\\\/kibrisdakik.com\\\/wp-content\\\/uploads\\\/2023\\\/09\\\/kudret-ozersay5-740x420.jpg\",\"datePublished\":\"2025-01-17T09:03:04+00:00\",\"author\":{\"@id\":\"https:\\\/\\\/kibrisdakik.com\\\/#\\\/schema\\\/person\\\/9cd9d437bbb44f72b73ba127e06d8e79\"},\"breadcrumb\":{\"@id\":\"https:\\\/\\\/kibrisdakik.com\\\/?p=73791#breadcrumb\"},\"inLanguage\":\"tr\",\"potentialAction\":[{\"@type\":\"ReadAction\",\"target\":[\"https:\\\/\\\/kibrisdakik.com\\\/?p=73791\"]}]},{\"@type\":\"ImageObject\",\"inLanguage\":\"tr\",\"@id\":\"https:\\\/\\\/kibrisdakik.com\\\/?p=73791#primaryimage\",\"url\":\"https:\\\/\\\/kibrisdakik.com\\\/wp-content\\\/uploads\\\/2023\\\/09\\\/kudret-ozersay5-740x420.jpg\",\"contentUrl\":\"https:\\\/\\\/kibrisdakik.com\\\/wp-content\\\/uploads\\\/2023\\\/09\\\/kudret-ozersay5-740x420.jpg\",\"width\":1654,\"height\":1076},{\"@type\":\"BreadcrumbList\",\"@id\":\"https:\\\/\\\/kibrisdakik.com\\\/?p=73791#breadcrumb\",\"itemListElement\":[{\"@type\":\"ListItem\",\"position\":1,\"name\":\"Home\",\"item\":\"https:\\\/\\\/kibrisdakik.com\\\/\"},{\"@type\":\"ListItem\",\"position\":2,\"name\":\"\u00d6zersay:\u00c7\u00f6z\u00fcm i\u00e7in \u00e7\u00f6z\u00fcmden \u00f6nce i\u015fbirli\u011fi s\u00fcreci \u00f6nemlidir\"}]},{\"@type\":\"WebSite\",\"@id\":\"https:\\\/\\\/kibrisdakik.com\\\/#website\",\"url\":\"https:\\\/\\\/kibrisdakik.com\\\/\",\"name\":\"\",\"description\":\"Tam vaktinde haber\",\"potentialAction\":[{\"@type\":\"SearchAction\",\"target\":{\"@type\":\"EntryPoint\",\"urlTemplate\":\"https:\\\/\\\/kibrisdakik.com\\\/?s={search_term_string}\"},\"query-input\":{\"@type\":\"PropertyValueSpecification\",\"valueRequired\":true,\"valueName\":\"search_term_string\"}}],\"inLanguage\":\"tr\"},{\"@type\":\"Person\",\"@id\":\"https:\\\/\\\/kibrisdakik.com\\\/#\\\/schema\\\/person\\\/9cd9d437bbb44f72b73ba127e06d8e79\",\"name\":\"admin\",\"image\":{\"@type\":\"ImageObject\",\"inLanguage\":\"tr\",\"@id\":\"https:\\\/\\\/secure.gravatar.com\\\/avatar\\\/ccc17943b9d660506c869530f897617f7cb1c21a4bf30023f252596d83e1f007?s=96&d=mm&r=g\",\"url\":\"https:\\\/\\\/secure.gravatar.com\\\/avatar\\\/ccc17943b9d660506c869530f897617f7cb1c21a4bf30023f252596d83e1f007?s=96&d=mm&r=g\",\"contentUrl\":\"https:\\\/\\\/secure.gravatar.com\\\/avatar\\\/ccc17943b9d660506c869530f897617f7cb1c21a4bf30023f252596d83e1f007?s=96&d=mm&r=g\",\"caption\":\"admin\"},\"sameAs\":[\"https:\\\/\\\/kibrisdakik.com\"],\"url\":\"https:\\\/\\\/kibrisdakik.com\\\/?author=1\"}]}<\/script>\n<!-- \/ Yoast SEO plugin. -->","yoast_head_json":{"title":"\u00d6zersay:\u00c7\u00f6z\u00fcm i\u00e7in \u00e7\u00f6z\u00fcmden \u00f6nce i\u015fbirli\u011fi s\u00fcreci \u00f6nemlidir -","robots":{"index":"index","follow":"follow","max-snippet":"max-snippet:-1","max-image-preview":"max-image-preview:large","max-video-preview":"max-video-preview:-1"},"canonical":"https:\/\/kibrisdakik.com\/?p=73791","og_locale":"tr_TR","og_type":"article","og_title":"\u00d6zersay:\u00c7\u00f6z\u00fcm i\u00e7in \u00e7\u00f6z\u00fcmden \u00f6nce i\u015fbirli\u011fi s\u00fcreci \u00f6nemlidir -","og_description":"Halk\u0131n Partisi Genel Ba\u015fkan\u0131 Kudret \u00d6zersay, K\u0131br\u0131s ve Do\u011fu Akdeniz b\u00f6lgesine y\u00f6nelik kapsaml\u0131 \u00e7\u00f6z\u00fcm aray\u0131\u015flar\u0131n\u0131n yan\u0131 s\u0131ra \u201c\u00e7\u00f6z\u00fcm i\u00e7in, \u00e7\u00f6z\u00fcmden \u00f6nce i\u015fbirli\u011fi s\u00fcrecinin \u00f6nemli\u201d oldu\u011funa vurgu yapt\u0131. \u00d6zersay yaz\u0131l\u0131 a\u00e7\u0131klamas\u0131nda, y\u0131llard\u0131r dile getirdikleri bu yakla\u015f\u0131m\u0131n son d\u00f6nemde Orta Do\u011fu\u2019da ya\u015fanan geli\u015fmeler ile de do\u011fruland\u0131\u011f\u0131n\u0131 ifade ederek, \u00e7\u00f6z\u00fcmden \u00f6nce taraflar\u0131n tan\u0131ma, tan\u0131mama ve egemenlik konular\u0131n\u0131 tam","og_url":"https:\/\/kibrisdakik.com\/?p=73791","article_published_time":"2025-01-17T09:03:04+00:00","og_image":[{"width":1654,"height":1076,"url":"https:\/\/kibrisdakik.com\/wp-content\/uploads\/2023\/09\/kudret-ozersay5-740x420.jpg","type":"image\/jpeg"}],"author":"admin","twitter_card":"summary_large_image","twitter_misc":{"Yazan:":"admin","Tahmini okuma s\u00fcresi":"2 dakika"},"schema":{"@context":"https:\/\/schema.org","@graph":[{"@type":"Article","@id":"https:\/\/kibrisdakik.com\/?p=73791#article","isPartOf":{"@id":"https:\/\/kibrisdakik.com\/?p=73791"},"author":{"name":"admin","@id":"https:\/\/kibrisdakik.com\/#\/schema\/person\/9cd9d437bbb44f72b73ba127e06d8e79"},"headline":"\u00d6zersay:\u00c7\u00f6z\u00fcm i\u00e7in \u00e7\u00f6z\u00fcmden \u00f6nce i\u015fbirli\u011fi s\u00fcreci \u00f6nemlidir","datePublished":"2025-01-17T09:03:04+00:00","mainEntityOfPage":{"@id":"https:\/\/kibrisdakik.com\/?p=73791"},"wordCount":357,"commentCount":0,"image":{"@id":"https:\/\/kibrisdakik.com\/?p=73791#primaryimage"},"thumbnailUrl":"https:\/\/kibrisdakik.com\/wp-content\/uploads\/2023\/09\/kudret-ozersay5-740x420.jpg","articleSection":["K\u0131br\u0131s","Man\u015fet"],"inLanguage":"tr","potentialAction":[{"@type":"CommentAction","name":"Comment","target":["https:\/\/kibrisdakik.com\/?p=73791#respond"]}]},{"@type":"WebPage","@id":"https:\/\/kibrisdakik.com\/?p=73791","url":"https:\/\/kibrisdakik.com\/?p=73791","name":"\u00d6zersay:\u00c7\u00f6z\u00fcm i\u00e7in \u00e7\u00f6z\u00fcmden \u00f6nce i\u015fbirli\u011fi s\u00fcreci \u00f6nemlidir -","isPartOf":{"@id":"https:\/\/kibrisdakik.com\/#website"},"primaryImageOfPage":{"@id":"https:\/\/kibrisdakik.com\/?p=73791#primaryimage"},"image":{"@id":"https:\/\/kibrisdakik.com\/?p=73791#primaryimage"},"thumbnailUrl":"https:\/\/kibrisdakik.com\/wp-content\/uploads\/2023\/09\/kudret-ozersay5-740x420.jpg","datePublished":"2025-01-17T09:03:04+00:00","author":{"@id":"https:\/\/kibrisdakik.com\/#\/schema\/person\/9cd9d437bbb44f72b73ba127e06d8e79"},"breadcrumb":{"@id":"https:\/\/kibrisdakik.com\/?p=73791#breadcrumb"},"inLanguage":"tr","potentialAction":[{"@type":"ReadAction","target":["https:\/\/kibrisdakik.com\/?p=73791"]}]},{"@type":"ImageObject","inLanguage":"tr","@id":"https:\/\/kibrisdakik.com\/?p=73791#primaryimage","url":"https:\/\/kibrisdakik.com\/wp-content\/uploads\/2023\/09\/kudret-ozersay5-740x420.jpg","contentUrl":"https:\/\/kibrisdakik.com\/wp-content\/uploads\/2023\/09\/kudret-ozersay5-740x420.jpg","width":1654,"height":1076},{"@type":"BreadcrumbList","@id":"https:\/\/kibrisdakik.com\/?p=73791#breadcrumb","itemListElement":[{"@type":"ListItem","position":1,"name":"Home","item":"https:\/\/kibrisdakik.com\/"},{"@type":"ListItem","position":2,"name":"\u00d6zersay:\u00c7\u00f6z\u00fcm i\u00e7in \u00e7\u00f6z\u00fcmden \u00f6nce i\u015fbirli\u011fi s\u00fcreci \u00f6nemlidir"}]},{"@type":"WebSite","@id":"https:\/\/kibrisdakik.com\/#website","url":"https:\/\/kibrisdakik.com\/","name":"","description":"Tam vaktinde haber","potentialAction":[{"@type":"SearchAction","target":{"@type":"EntryPoint","urlTemplate":"https:\/\/kibrisdakik.com\/?s={search_term_string}"},"query-input":{"@type":"PropertyValueSpecification","valueRequired":true,"valueName":"search_term_string"}}],"inLanguage":"tr"},{"@type":"Person","@id":"https:\/\/kibrisdakik.com\/#\/schema\/person\/9cd9d437bbb44f72b73ba127e06d8e79","name":"admin","image":{"@type":"ImageObject","inLanguage":"tr","@id":"https:\/\/secure.gravatar.com\/avatar\/ccc17943b9d660506c869530f897617f7cb1c21a4bf30023f252596d83e1f007?s=96&d=mm&r=g","url":"https:\/\/secure.gravatar.com\/avatar\/ccc17943b9d660506c869530f897617f7cb1c21a4bf30023f252596d83e1f007?s=96&d=mm&r=g","contentUrl":"https:\/\/secure.gravatar.com\/avatar\/ccc17943b9d660506c869530f897617f7cb1c21a4bf30023f252596d83e1f007?s=96&d=mm&r=g","caption":"admin"},"sameAs":["https:\/\/kibrisdakik.com"],"url":"https:\/\/kibrisdakik.com\/?author=1"}]}},"_links":{"self":[{"href":"https:\/\/kibrisdakik.com\/index.php?rest_route=\/wp\/v2\/posts\/73791","targetHints":{"allow":["GET"]}}],"collection":[{"href":"https:\/\/kibrisdakik.com\/index.php?rest_route=\/wp\/v2\/posts"}],"about":[{"href":"https:\/\/kibrisdakik.com\/index.php?rest_route=\/wp\/v2\/types\/post"}],"author":[{"embeddable":true,"href":"https:\/\/kibrisdakik.com\/index.php?rest_route=\/wp\/v2\/users\/1"}],"replies":[{"embeddable":true,"href":"https:\/\/kibrisdakik.com\/index.php?rest_route=%2Fwp%2Fv2%2Fcomments&post=73791"}],"version-history":[{"count":0,"href":"https:\/\/kibrisdakik.com\/index.php?rest_route=\/wp\/v2\/posts\/73791\/revisions"}],"wp:featuredmedia":[{"embeddable":true,"href":"https:\/\/kibrisdakik.com\/index.php?rest_route=\/wp\/v2\/media\/13143"}],"wp:attachment":[{"href":"https:\/\/kibrisdakik.com\/index.php?rest_route=%2Fwp%2Fv2%2Fmedia&parent=73791"}],"wp:term":[{"taxonomy":"category","embeddable":true,"href":"https:\/\/kibrisdakik.com\/index.php?rest_route=%2Fwp%2Fv2%2Fcategories&post=73791"},{"taxonomy":"post_tag","embeddable":true,"href":"https:\/\/kibrisdakik.com\/index.php?rest_route=%2Fwp%2Fv2%2Ftags&post=73791"}],"curies":[{"name":"wp","href":"https:\/\/api.w.org\/{rel}","templated":true}]}}