{"id":73825,"date":"2025-01-17T18:34:05","date_gmt":"2025-01-17T15:34:05","guid":{"rendered":"https:\/\/kibrisdakik.com\/index.php\/2025\/01\/17\/asgari-ucret-saptama-komisyonu-toplandi-3\/"},"modified":"2025-01-17T18:34:05","modified_gmt":"2025-01-17T15:34:05","slug":"asgari-ucret-saptama-komisyonu-toplandi-3","status":"publish","type":"post","link":"https:\/\/kibrisdakik.com\/?p=73825","title":{"rendered":"Asgari \u00dccret Saptama Komisyonu topland\u0131"},"content":{"rendered":"<div>\n<p>Asgari \u00dccret Saptama Komisyonu, 2025 y\u0131l\u0131n\u0131n ilk asgari \u00fccretini belirlemek \u00fczere bug\u00fcn saat 16.00\u2019da topland\u0131.<\/p>\n<p>Toplant\u0131ya h\u00fck\u00fcmeti temsilen, Asgari \u00dccret Saptama Komisyonu Ba\u015fkanl\u0131\u011f\u0131\u2019na atanan \u00c7al\u0131\u015fma ve Sosyal G\u00fcvenlik Bakanl\u0131\u011f\u0131 M\u00fcste\u015far\u0131 Tahir Serhat, i\u015f\u00e7i taraf\u0131n\u0131 temsilen H\u00fcr \u0130\u015f\u00e7i Sendikalar\u0131 Federasyonu (H\u00fcr-\u0130\u015f) Ba\u015fkan\u0131 Ahmet Serdaro\u011flu, i\u015fveren taraf\u0131n\u0131 temsilen K\u0131br\u0131s T\u00fcrk \u0130\u015fverenler Sendikas\u0131 temsilcisi Cengiz Alp, b\u00fcrokratlar ve sendika temsilcileri kat\u0131ld\u0131.<\/p>\n<p>Asgari \u00dccret Saptama Komisyonu Ba\u015fkan\u0131 Tahir Serhat, ama\u00e7lar\u0131n\u0131n enflasyon ortam\u0131nda i\u015f\u00e7i ve i\u015fvereni zora sokmadan t\u00fcm kesimler i\u00e7in en do\u011fru rakam\u0131 belirlemek oldu\u011funu s\u00f6yledi.<\/p>\n<p>Serhat, ekonomik s\u0131k\u0131nt\u0131lar nedeniyle istenen sonucun al\u0131nmad\u0131\u011f\u0131n\u0131 s\u00f6yleyerek, \u201cAncak bu sefer daha d\u00fc\u015f\u00fck bir hayat pahal\u0131l\u0131\u011f\u0131 oran\u0131 ile masaya oturduk\u201d dedi.<\/p>\n<p>H\u00fcr \u0130\u015f\u00e7i Sendikalar\u0131 Federasyonu (H\u00fcr-\u0130\u015f) Ba\u015fkan\u0131 Ahmet Serdaro\u011flu, Tahir Serhat\u2019a g\u00f6revinde ba\u015far\u0131 dileyerek, emek\u00e7ileri sevindirici bir uzla\u015f\u0131 yaratmas\u0131 temennisinde bulundu.<\/p>\n<p>Hayat pahal\u0131l\u0131\u011f\u0131 oranlar\u0131na de\u011finen Serdaro\u011flu, asgari \u00fccret rakamlar\u0131na yans\u0131mas\u0131 nedeniyle kas\u0131m ve aral\u0131k aylar\u0131nda \u201cbilin\u00e7li olarak hayat pahal\u0131l\u0131\u011f\u0131 oranlar\u0131n\u0131n d\u00fc\u015f\u00fck g\u00f6sterildi\u011fini\u201d savundu.<\/p>\n<p>Serdaro\u011flu, hayat pahal\u0131l\u0131\u011f\u0131 oranlar\u0131yla ilgili ana muhalefet partisini de g\u00f6reve davet etti.<\/p>\n<p>Hayat pahal\u0131l\u0131\u011f\u0131ndan \u00f6nce a\u00e7l\u0131k s\u0131n\u0131r\u0131 rakamlar\u0131n\u0131n a\u00e7\u0131klanmas\u0131 gerekti\u011fini dile getiren Serdaro\u011flu, verilerin itibars\u0131zla\u015ft\u0131r\u0131ld\u0131\u011f\u0131n\u0131 savundu.<\/p>\n<p>Asgari \u00fccretin artmas\u0131yla i\u015fyerlerinin kapand\u0131\u011f\u0131na ili\u015fkin a\u00e7\u0131klamalar\u0131n alg\u0131 yaratma amac\u0131 ta\u015f\u0131d\u0131\u011f\u0131n\u0131 ileri s\u00fcren Serdaro\u011flu, yetkililerin a\u00e7\u0131klamalar\u0131n\u0131n i\u015f yeri say\u0131s\u0131nda art\u0131\u015f ya\u015fand\u0131\u011f\u0131 y\u00f6n\u00fcnde oldu\u011funu belirtti.<\/p>\n<p>H\u00fck\u00fcmetin zamlar\u0131 denetlemedi\u011fini, seyr\u00fcsefere, g\u0131daya, di\u011fer mal ve hizmetlere zam geldi\u011fini s\u00f6yleyen Serdaro\u011flu, \u201c\u0130\u015fyerlerini bat\u0131racak olan h\u00fck\u00fcmetin yanl\u0131\u015f politikalar\u0131d\u0131r\u201d dedi.<\/p>\n<p>Yoksulluk s\u0131n\u0131r\u0131n\u0131 71 bin 600 TL olarak belirlediklerini, bir ailenin ge\u00e7inebilmesi i\u00e7in bu rakama ihtiya\u00e7 duydu\u011funu s\u00f6yleyen Serdaro\u011flu, h\u00fck\u00fcmetin bu rakam\u0131 belirleyerek a\u00e7\u0131klamas\u0131n\u0131 talep etti.<\/p>\n<div class=\"mariselle-image-container center\">\n                                            <\/div>\n<p>\nK\u0131br\u0131s T\u00fcrk \u0130\u015fverenler Sendikas\u0131 temsilcisi Cengiz Alp de enflasyon rakamlar\u0131n\u0131 kar\u015f\u0131la\u015ft\u0131rarak, T\u00fcrkiye\u2019nin y\u00fczde 45-50 oran\u0131nda yani d\u00fcnya ortalamas\u0131n\u0131n 10 kat\u0131 bir enflasyonla m\u00fccadele etti\u011fini s\u00f6yleyerek, \u201c\u0130\u015fimiz hi\u00e7 kolay de\u011fil\u201d dedi.<\/p>\n<p>T\u00fcrkiye\u2019nin enflasyon rakamlar\u0131n\u0131n  tek haneli rakamlara gerilemesi temennisinde bulunan Alp, \u201cKa\u00e7\u0131n\u0131lmaz bir \u015fekilde bu enflasyon oranlar\u0131n\u0131n alt\u0131nda eziliyoruz\u201d dedi.<\/p>\n<p>Alp, toplumun y\u00fczde 80-85\u2019ini ilgilendiren bir g\u00f6rev ifa edeceklerini s\u00f6yleyerek, t\u00fcm kesimler i\u00e7in en iyisini yapmaya \u00e7al\u0131\u015facaklar\u0131n\u0131 belirtti.<\/p>\n<p>Asgari \u00fccret son olarak 1 Eyl\u00fcl 2024\u2019te br\u00fct 40 bin 436 TL, net 35 bin 180 TL olarak belirlenmi\u015fti.<\/p>\n<div class=\"mariselle-image-container center\">\n                <img loading=\"lazy\" decoding=\"async\" width=\"2048\" height=\"1366\" class=\"lazy-image\" alt=\"\" sizes=\"auto, (max-width: 2048px) 100vw, 2048px\" src=\"https:\/\/brtk.net\/wp-content\/uploads\/2025\/01\/17\/opa.jpg?ver=f07922bc1950f68f5f3a1705331c9952\" srcset=\"https:\/\/brtk.net\/wp-content\/uploads\/2025\/01\/17\/opa.jpg?ver=f07922bc1950f68f5f3a1705331c9952 2048w, https:\/\/brtk.net\/wp-content\/uploads\/2025\/01\/17\/opa-300x200.jpg?ver=f07922bc1950f68f5f3a1705331c9952 300w, https:\/\/brtk.net\/wp-content\/uploads\/2025\/01\/17\/opa-1024x683.jpg?ver=1e7bfd12a6db39eab7492ebfa476fae6 1024w, https:\/\/brtk.net\/wp-content\/uploads\/2025\/01\/17\/opa-768x512.jpg?ver=1e7bfd12a6db39eab7492ebfa476fae6 768w, https:\/\/brtk.net\/wp-content\/uploads\/2025\/01\/17\/opa-1536x1025.jpg?ver=10f00ba5ade3cfc9f6e88bc3ecd63305 1536w\"\/>                            <\/div>\n<\/p><\/div>\n<p><script async\n                    defer\n                    crossorigin=\"anonymous\"\n                    src=\"https:\/\/connect.facebook.net\/tr_TR\/sdk.js#xfbml=1&#038;version=v3.3\"\n            ><\/script><\/p>\n","protected":false},"excerpt":{"rendered":"<p>Asgari \u00dccret Saptama Komisyonu, 2025 y\u0131l\u0131n\u0131n ilk asgari \u00fccretini belirlemek \u00fczere bug\u00fcn saat 16.00\u2019da topland\u0131. Toplant\u0131ya h\u00fck\u00fcmeti temsilen, Asgari \u00dccret Saptama Komisyonu Ba\u015fkanl\u0131\u011f\u0131\u2019na atanan \u00c7al\u0131\u015fma ve Sosyal G\u00fcvenlik Bakanl\u0131\u011f\u0131 M\u00fcste\u015far\u0131 Tahir Serhat, i\u015f\u00e7i taraf\u0131n\u0131 temsilen H\u00fcr \u0130\u015f\u00e7i Sendikalar\u0131 Federasyonu (H\u00fcr-\u0130\u015f) Ba\u015fkan\u0131 Ahmet Serdaro\u011flu, i\u015fveren taraf\u0131n\u0131 temsilen K\u0131br\u0131s T\u00fcrk \u0130\u015fverenler Sendikas\u0131 temsilcisi Cengiz Alp, b\u00fcrokratlar ve<\/p>\n","protected":false},"author":1,"featured_media":73826,"comment_status":"open","ping_status":"open","sticky":false,"template":"","format":"standard","meta":{"footnotes":""},"categories":[81,101],"tags":[],"class_list":["post-73825","post","type-post","status-publish","format-standard","has-post-thumbnail","hentry","category-kibris","category-manset"],"yoast_head":"<!-- This site is optimized with the Yoast SEO plugin v27.5 - https:\/\/yoast.com\/product\/yoast-seo-wordpress\/ -->\n<title>Asgari \u00dccret Saptama Komisyonu topland\u0131 -<\/title>\n<meta name=\"robots\" content=\"index, follow, max-snippet:-1, max-image-preview:large, max-video-preview:-1\" \/>\n<link rel=\"canonical\" href=\"https:\/\/kibrisdakik.com\/?p=73825\" \/>\n<meta property=\"og:locale\" content=\"tr_TR\" \/>\n<meta property=\"og:type\" content=\"article\" \/>\n<meta property=\"og:title\" content=\"Asgari \u00dccret Saptama Komisyonu topland\u0131 -\" \/>\n<meta property=\"og:description\" content=\"Asgari \u00dccret Saptama Komisyonu, 2025 y\u0131l\u0131n\u0131n ilk asgari \u00fccretini belirlemek \u00fczere bug\u00fcn saat 16.00\u2019da topland\u0131. Toplant\u0131ya h\u00fck\u00fcmeti temsilen, Asgari \u00dccret Saptama Komisyonu Ba\u015fkanl\u0131\u011f\u0131\u2019na atanan \u00c7al\u0131\u015fma ve Sosyal G\u00fcvenlik Bakanl\u0131\u011f\u0131 M\u00fcste\u015far\u0131 Tahir Serhat, i\u015f\u00e7i taraf\u0131n\u0131 temsilen H\u00fcr \u0130\u015f\u00e7i Sendikalar\u0131 Federasyonu (H\u00fcr-\u0130\u015f) Ba\u015fkan\u0131 Ahmet Serdaro\u011flu, i\u015fveren taraf\u0131n\u0131 temsilen K\u0131br\u0131s T\u00fcrk \u0130\u015fverenler Sendikas\u0131 temsilcisi Cengiz Alp, b\u00fcrokratlar ve\" \/>\n<meta property=\"og:url\" content=\"https:\/\/kibrisdakik.com\/?p=73825\" \/>\n<meta property=\"article:published_time\" content=\"2025-01-17T15:34:05+00:00\" \/>\n<meta property=\"og:image\" content=\"https:\/\/kibrisdakik.com\/wp-content\/uploads\/2025\/01\/opa-740x420.jpg\" \/>\n\t<meta property=\"og:image:width\" content=\"2048\" \/>\n\t<meta property=\"og:image:height\" content=\"1366\" \/>\n\t<meta property=\"og:image:type\" content=\"image\/jpeg\" \/>\n<meta name=\"author\" content=\"admin\" \/>\n<meta name=\"twitter:card\" content=\"summary_large_image\" \/>\n<meta name=\"twitter:label1\" content=\"Yazan:\" \/>\n\t<meta name=\"twitter:data1\" content=\"admin\" \/>\n\t<meta name=\"twitter:label2\" content=\"Tahmini okuma s\u00fcresi\" \/>\n\t<meta name=\"twitter:data2\" content=\"2 dakika\" \/>\n<script type=\"application\/ld+json\" class=\"yoast-schema-graph\">{\"@context\":\"https:\\\/\\\/schema.org\",\"@graph\":[{\"@type\":\"Article\",\"@id\":\"https:\\\/\\\/kibrisdakik.com\\\/?p=73825#article\",\"isPartOf\":{\"@id\":\"https:\\\/\\\/kibrisdakik.com\\\/?p=73825\"},\"author\":{\"name\":\"admin\",\"@id\":\"https:\\\/\\\/kibrisdakik.com\\\/#\\\/schema\\\/person\\\/9cd9d437bbb44f72b73ba127e06d8e79\"},\"headline\":\"Asgari \u00dccret Saptama Komisyonu topland\u0131\",\"datePublished\":\"2025-01-17T15:34:05+00:00\",\"mainEntityOfPage\":{\"@id\":\"https:\\\/\\\/kibrisdakik.com\\\/?p=73825\"},\"wordCount\":495,\"commentCount\":0,\"image\":{\"@id\":\"https:\\\/\\\/kibrisdakik.com\\\/?p=73825#primaryimage\"},\"thumbnailUrl\":\"https:\\\/\\\/kibrisdakik.com\\\/wp-content\\\/uploads\\\/2025\\\/01\\\/opa-740x420.jpg\",\"articleSection\":[\"K\u0131br\u0131s\",\"Man\u015fet\"],\"inLanguage\":\"tr\",\"potentialAction\":[{\"@type\":\"CommentAction\",\"name\":\"Comment\",\"target\":[\"https:\\\/\\\/kibrisdakik.com\\\/?p=73825#respond\"]}]},{\"@type\":\"WebPage\",\"@id\":\"https:\\\/\\\/kibrisdakik.com\\\/?p=73825\",\"url\":\"https:\\\/\\\/kibrisdakik.com\\\/?p=73825\",\"name\":\"Asgari \u00dccret Saptama Komisyonu topland\u0131 -\",\"isPartOf\":{\"@id\":\"https:\\\/\\\/kibrisdakik.com\\\/#website\"},\"primaryImageOfPage\":{\"@id\":\"https:\\\/\\\/kibrisdakik.com\\\/?p=73825#primaryimage\"},\"image\":{\"@id\":\"https:\\\/\\\/kibrisdakik.com\\\/?p=73825#primaryimage\"},\"thumbnailUrl\":\"https:\\\/\\\/kibrisdakik.com\\\/wp-content\\\/uploads\\\/2025\\\/01\\\/opa-740x420.jpg\",\"datePublished\":\"2025-01-17T15:34:05+00:00\",\"author\":{\"@id\":\"https:\\\/\\\/kibrisdakik.com\\\/#\\\/schema\\\/person\\\/9cd9d437bbb44f72b73ba127e06d8e79\"},\"breadcrumb\":{\"@id\":\"https:\\\/\\\/kibrisdakik.com\\\/?p=73825#breadcrumb\"},\"inLanguage\":\"tr\",\"potentialAction\":[{\"@type\":\"ReadAction\",\"target\":[\"https:\\\/\\\/kibrisdakik.com\\\/?p=73825\"]}]},{\"@type\":\"ImageObject\",\"inLanguage\":\"tr\",\"@id\":\"https:\\\/\\\/kibrisdakik.com\\\/?p=73825#primaryimage\",\"url\":\"https:\\\/\\\/kibrisdakik.com\\\/wp-content\\\/uploads\\\/2025\\\/01\\\/opa-740x420.jpg\",\"contentUrl\":\"https:\\\/\\\/kibrisdakik.com\\\/wp-content\\\/uploads\\\/2025\\\/01\\\/opa-740x420.jpg\",\"width\":2048,\"height\":1366},{\"@type\":\"BreadcrumbList\",\"@id\":\"https:\\\/\\\/kibrisdakik.com\\\/?p=73825#breadcrumb\",\"itemListElement\":[{\"@type\":\"ListItem\",\"position\":1,\"name\":\"Home\",\"item\":\"https:\\\/\\\/kibrisdakik.com\\\/\"},{\"@type\":\"ListItem\",\"position\":2,\"name\":\"Asgari \u00dccret Saptama Komisyonu topland\u0131\"}]},{\"@type\":\"WebSite\",\"@id\":\"https:\\\/\\\/kibrisdakik.com\\\/#website\",\"url\":\"https:\\\/\\\/kibrisdakik.com\\\/\",\"name\":\"\",\"description\":\"Tam vaktinde haber\",\"potentialAction\":[{\"@type\":\"SearchAction\",\"target\":{\"@type\":\"EntryPoint\",\"urlTemplate\":\"https:\\\/\\\/kibrisdakik.com\\\/?s={search_term_string}\"},\"query-input\":{\"@type\":\"PropertyValueSpecification\",\"valueRequired\":true,\"valueName\":\"search_term_string\"}}],\"inLanguage\":\"tr\"},{\"@type\":\"Person\",\"@id\":\"https:\\\/\\\/kibrisdakik.com\\\/#\\\/schema\\\/person\\\/9cd9d437bbb44f72b73ba127e06d8e79\",\"name\":\"admin\",\"image\":{\"@type\":\"ImageObject\",\"inLanguage\":\"tr\",\"@id\":\"https:\\\/\\\/secure.gravatar.com\\\/avatar\\\/ccc17943b9d660506c869530f897617f7cb1c21a4bf30023f252596d83e1f007?s=96&d=mm&r=g\",\"url\":\"https:\\\/\\\/secure.gravatar.com\\\/avatar\\\/ccc17943b9d660506c869530f897617f7cb1c21a4bf30023f252596d83e1f007?s=96&d=mm&r=g\",\"contentUrl\":\"https:\\\/\\\/secure.gravatar.com\\\/avatar\\\/ccc17943b9d660506c869530f897617f7cb1c21a4bf30023f252596d83e1f007?s=96&d=mm&r=g\",\"caption\":\"admin\"},\"sameAs\":[\"https:\\\/\\\/kibrisdakik.com\"],\"url\":\"https:\\\/\\\/kibrisdakik.com\\\/?author=1\"}]}<\/script>\n<!-- \/ Yoast SEO plugin. -->","yoast_head_json":{"title":"Asgari \u00dccret Saptama Komisyonu topland\u0131 -","robots":{"index":"index","follow":"follow","max-snippet":"max-snippet:-1","max-image-preview":"max-image-preview:large","max-video-preview":"max-video-preview:-1"},"canonical":"https:\/\/kibrisdakik.com\/?p=73825","og_locale":"tr_TR","og_type":"article","og_title":"Asgari \u00dccret Saptama Komisyonu topland\u0131 -","og_description":"Asgari \u00dccret Saptama Komisyonu, 2025 y\u0131l\u0131n\u0131n ilk asgari \u00fccretini belirlemek \u00fczere bug\u00fcn saat 16.00\u2019da topland\u0131. Toplant\u0131ya h\u00fck\u00fcmeti temsilen, Asgari \u00dccret Saptama Komisyonu Ba\u015fkanl\u0131\u011f\u0131\u2019na atanan \u00c7al\u0131\u015fma ve Sosyal G\u00fcvenlik Bakanl\u0131\u011f\u0131 M\u00fcste\u015far\u0131 Tahir Serhat, i\u015f\u00e7i taraf\u0131n\u0131 temsilen H\u00fcr \u0130\u015f\u00e7i Sendikalar\u0131 Federasyonu (H\u00fcr-\u0130\u015f) Ba\u015fkan\u0131 Ahmet Serdaro\u011flu, i\u015fveren taraf\u0131n\u0131 temsilen K\u0131br\u0131s T\u00fcrk \u0130\u015fverenler Sendikas\u0131 temsilcisi Cengiz Alp, b\u00fcrokratlar ve","og_url":"https:\/\/kibrisdakik.com\/?p=73825","article_published_time":"2025-01-17T15:34:05+00:00","og_image":[{"width":2048,"height":1366,"url":"https:\/\/kibrisdakik.com\/wp-content\/uploads\/2025\/01\/opa-740x420.jpg","type":"image\/jpeg"}],"author":"admin","twitter_card":"summary_large_image","twitter_misc":{"Yazan:":"admin","Tahmini okuma s\u00fcresi":"2 dakika"},"schema":{"@context":"https:\/\/schema.org","@graph":[{"@type":"Article","@id":"https:\/\/kibrisdakik.com\/?p=73825#article","isPartOf":{"@id":"https:\/\/kibrisdakik.com\/?p=73825"},"author":{"name":"admin","@id":"https:\/\/kibrisdakik.com\/#\/schema\/person\/9cd9d437bbb44f72b73ba127e06d8e79"},"headline":"Asgari \u00dccret Saptama Komisyonu topland\u0131","datePublished":"2025-01-17T15:34:05+00:00","mainEntityOfPage":{"@id":"https:\/\/kibrisdakik.com\/?p=73825"},"wordCount":495,"commentCount":0,"image":{"@id":"https:\/\/kibrisdakik.com\/?p=73825#primaryimage"},"thumbnailUrl":"https:\/\/kibrisdakik.com\/wp-content\/uploads\/2025\/01\/opa-740x420.jpg","articleSection":["K\u0131br\u0131s","Man\u015fet"],"inLanguage":"tr","potentialAction":[{"@type":"CommentAction","name":"Comment","target":["https:\/\/kibrisdakik.com\/?p=73825#respond"]}]},{"@type":"WebPage","@id":"https:\/\/kibrisdakik.com\/?p=73825","url":"https:\/\/kibrisdakik.com\/?p=73825","name":"Asgari \u00dccret Saptama Komisyonu topland\u0131 -","isPartOf":{"@id":"https:\/\/kibrisdakik.com\/#website"},"primaryImageOfPage":{"@id":"https:\/\/kibrisdakik.com\/?p=73825#primaryimage"},"image":{"@id":"https:\/\/kibrisdakik.com\/?p=73825#primaryimage"},"thumbnailUrl":"https:\/\/kibrisdakik.com\/wp-content\/uploads\/2025\/01\/opa-740x420.jpg","datePublished":"2025-01-17T15:34:05+00:00","author":{"@id":"https:\/\/kibrisdakik.com\/#\/schema\/person\/9cd9d437bbb44f72b73ba127e06d8e79"},"breadcrumb":{"@id":"https:\/\/kibrisdakik.com\/?p=73825#breadcrumb"},"inLanguage":"tr","potentialAction":[{"@type":"ReadAction","target":["https:\/\/kibrisdakik.com\/?p=73825"]}]},{"@type":"ImageObject","inLanguage":"tr","@id":"https:\/\/kibrisdakik.com\/?p=73825#primaryimage","url":"https:\/\/kibrisdakik.com\/wp-content\/uploads\/2025\/01\/opa-740x420.jpg","contentUrl":"https:\/\/kibrisdakik.com\/wp-content\/uploads\/2025\/01\/opa-740x420.jpg","width":2048,"height":1366},{"@type":"BreadcrumbList","@id":"https:\/\/kibrisdakik.com\/?p=73825#breadcrumb","itemListElement":[{"@type":"ListItem","position":1,"name":"Home","item":"https:\/\/kibrisdakik.com\/"},{"@type":"ListItem","position":2,"name":"Asgari \u00dccret Saptama Komisyonu topland\u0131"}]},{"@type":"WebSite","@id":"https:\/\/kibrisdakik.com\/#website","url":"https:\/\/kibrisdakik.com\/","name":"","description":"Tam vaktinde haber","potentialAction":[{"@type":"SearchAction","target":{"@type":"EntryPoint","urlTemplate":"https:\/\/kibrisdakik.com\/?s={search_term_string}"},"query-input":{"@type":"PropertyValueSpecification","valueRequired":true,"valueName":"search_term_string"}}],"inLanguage":"tr"},{"@type":"Person","@id":"https:\/\/kibrisdakik.com\/#\/schema\/person\/9cd9d437bbb44f72b73ba127e06d8e79","name":"admin","image":{"@type":"ImageObject","inLanguage":"tr","@id":"https:\/\/secure.gravatar.com\/avatar\/ccc17943b9d660506c869530f897617f7cb1c21a4bf30023f252596d83e1f007?s=96&d=mm&r=g","url":"https:\/\/secure.gravatar.com\/avatar\/ccc17943b9d660506c869530f897617f7cb1c21a4bf30023f252596d83e1f007?s=96&d=mm&r=g","contentUrl":"https:\/\/secure.gravatar.com\/avatar\/ccc17943b9d660506c869530f897617f7cb1c21a4bf30023f252596d83e1f007?s=96&d=mm&r=g","caption":"admin"},"sameAs":["https:\/\/kibrisdakik.com"],"url":"https:\/\/kibrisdakik.com\/?author=1"}]}},"_links":{"self":[{"href":"https:\/\/kibrisdakik.com\/index.php?rest_route=\/wp\/v2\/posts\/73825","targetHints":{"allow":["GET"]}}],"collection":[{"href":"https:\/\/kibrisdakik.com\/index.php?rest_route=\/wp\/v2\/posts"}],"about":[{"href":"https:\/\/kibrisdakik.com\/index.php?rest_route=\/wp\/v2\/types\/post"}],"author":[{"embeddable":true,"href":"https:\/\/kibrisdakik.com\/index.php?rest_route=\/wp\/v2\/users\/1"}],"replies":[{"embeddable":true,"href":"https:\/\/kibrisdakik.com\/index.php?rest_route=%2Fwp%2Fv2%2Fcomments&post=73825"}],"version-history":[{"count":0,"href":"https:\/\/kibrisdakik.com\/index.php?rest_route=\/wp\/v2\/posts\/73825\/revisions"}],"wp:featuredmedia":[{"embeddable":true,"href":"https:\/\/kibrisdakik.com\/index.php?rest_route=\/wp\/v2\/media\/73826"}],"wp:attachment":[{"href":"https:\/\/kibrisdakik.com\/index.php?rest_route=%2Fwp%2Fv2%2Fmedia&parent=73825"}],"wp:term":[{"taxonomy":"category","embeddable":true,"href":"https:\/\/kibrisdakik.com\/index.php?rest_route=%2Fwp%2Fv2%2Fcategories&post=73825"},{"taxonomy":"post_tag","embeddable":true,"href":"https:\/\/kibrisdakik.com\/index.php?rest_route=%2Fwp%2Fv2%2Ftags&post=73825"}],"curies":[{"name":"wp","href":"https:\/\/api.w.org\/{rel}","templated":true}]}}