{"id":73841,"date":"2025-01-18T11:34:43","date_gmt":"2025-01-18T08:34:43","guid":{"rendered":"https:\/\/kibrisdakik.com\/index.php\/2025\/01\/18\/polisiye-olaylarsattigi-aracin-yasini-dusuren-galerici-tutuklandi\/"},"modified":"2025-01-18T11:34:43","modified_gmt":"2025-01-18T08:34:43","slug":"polisiye-olaylarsattigi-aracin-yasini-dusuren-galerici-tutuklandi","status":"publish","type":"post","link":"https:\/\/kibrisdakik.com\/?p=73841","title":{"rendered":"Polisiye olaylar:Satt\u0131\u011f\u0131 arac\u0131n ya\u015f\u0131n\u0131 d\u00fc\u015f\u00fcren galerici tutukland\u0131"},"content":{"rendered":"<p><\/p>\n<div>\n<div class=\"mariselle-image-container none\">\n                <img loading=\"lazy\" decoding=\"async\" width=\"930\" height=\"410\" class=\"lazy-image\" alt=\"\" sizes=\"auto, (max-width: 930px) 100vw, 930px\" src=\"https:\/\/brtk.net\/wp-content\/uploads\/2025\/01\/03\/1735915552817polis-3118.jpg?ver=3782f7b41837e85730d849ce086b68de\" srcset=\"https:\/\/brtk.net\/wp-content\/uploads\/2025\/01\/03\/1735915552817polis-3118.jpg?ver=3782f7b41837e85730d849ce086b68de 930w, https:\/\/brtk.net\/wp-content\/uploads\/2025\/01\/03\/1735915552817polis-3118-300x132.jpg?ver=da4aa2243bd1e46a0a67a16d463a22e2 300w, https:\/\/brtk.net\/wp-content\/uploads\/2025\/01\/03\/1735915552817polis-3118-768x339.jpg?ver=da4aa2243bd1e46a0a67a16d463a22e2 768w\"\/>                            <\/div>\n<p>\u00a0Lefko\u015fa\u2019daki bir oto galeri sahibi, 2009 model bir arac\u0131 2013 model olarak g\u00f6stererek satt\u0131ktan sonra olay\u0131n anla\u015f\u0131lmas\u0131 \u00fczerine \u201cevrak sahteleme, tedav\u00fcle s\u00fcrme ve doland\u0131r\u0131c\u0131l\u0131k\u201d su\u00e7lamas\u0131yla tutukland\u0131.<\/p>\n<p>Polis bas\u0131n b\u00fcltenine g\u00f6re olay ge\u00e7en y\u0131l Haziran ay\u0131nda meydana geldi.<\/p>\n<p>Lefko\u015fa\u2019da faaliyet g\u00f6steren bir oto galeride sat\u0131\u015fa sunulan 2009 model salon arac\u0131 sat\u0131n almak isteyen m\u00fc\u015fteriye, galeri sahibi O.A. taraf\u0131ndan arac\u0131n 2013 model oldu\u011fu s\u00f6ylendi. Doland\u0131rmak kast\u0131yla yalan beyanda bulunarak arac\u0131 8 bin 500 sterline satan ve trafik sigorta poli\u00e7esine de arac\u0131n model y\u0131l\u0131na 2013 yazan O.A. olay polisin bilgisine gelmesi \u00fczerine y\u00fcr\u00fct\u00fclen ileri soru\u015fturmada, zanl\u0131 g\u00f6r\u00fclerek tutukland\u0131.<\/p>\n<p>-Gazima\u011fusa\u2019da uyu\u015fturucudan bir tutuklu<\/p>\n<p>Gazima\u011fusa\u2019da d\u00fcn 15.00 s\u0131ralar\u0131nda Polis Narkotik ve Ka\u00e7ak\u00e7\u0131l\u0131\u011f\u0131 \u00d6nleme M\u00fcd\u00fcrl\u00fc\u011f\u00fc ekipleri taraf\u0131ndan, \u015f\u00fcpheli g\u00f6r\u00fclen \u00d6.\u00c7.\u2019nin (E-25) kullan\u0131m\u0131ndaki ara\u00e7ta arama yap\u0131ld\u0131. Aramada zanl\u0131n\u0131n tasarrufunda yakla\u015f\u0131k 12 gram a\u011f\u0131rl\u0131\u011f\u0131nda Hint keneviri t\u00fcr\u00fc uyu\u015fturucu oldu\u011funa inan\u0131lan madde bulunarak emare al\u0131nd\u0131 ve \u00d6.\u00c7. de tutukland\u0131.<\/p>\n<p>-Ava kapal\u0131 g\u00fcnde ara\u00e7ta av t\u00fcfe\u011fi ve ithali yasak fi\u015fek ele ge\u00e7irildi<\/p>\n<p>Ava kapal\u0131 bir g\u00fcn olan d\u00fcn, \u0130skele Polis M\u00fcd\u00fcrl\u00fc\u011f\u00fc ekipleri asayi\u015f ve trafik denetimleri s\u0131ras\u0131nda Ziyamet-Gelincik yol kav\u015fa\u011f\u0131nda, bir ara\u00e7ta kay\u0131tl\u0131 k\u0131l\u0131flar\u0131 i\u00e7inde \u00fc\u00e7 av t\u00fcfe\u011fi ile \u00fclkeye ithali yasak G\u00fcney K\u0131br\u0131s men\u015feili 1034 canl\u0131 fi\u015fek ele ge\u00e7irildi, iki ki\u015fi tutukland\u0131.<\/p>\n<p>Polis b\u00fcltenindeki bilgilere g\u00f6re saat 23.00 s\u0131ralar\u0131nda yap\u0131lan denetimde, polisin kontrol maksatl\u0131 durdurdu\u011fu K.M.\u2019nin (E-24) kullan\u0131m\u0131ndaki ve Y.M.\u2019nin (E-45) yolcu olarak bulundu\u011fu ara\u00e7ta adlar\u0131na kay\u0131tl\u0131 k\u0131l\u0131flar\u0131 i\u00e7erisinde \u00fc\u00e7 av t\u00fcfe\u011fi ile \u00fclkeye ithali yasak olan G\u00fcney K\u0131br\u0131s men\u015feili toplam 1034 canl\u0131 av t\u00fcfe\u011fi fi\u015fe\u011fi tespit edildi.<\/p>\n<p>Av t\u00fcfekleriyle fi\u015fekler emare al\u0131n\u0131rken, iki ki\u015fi tutukland\u0131.<\/p>\n<p>-\u0130kamet izinsiz be\u015f ki\u015fiye tutuklama<\/p>\n<p>Polisin d\u00fcn \u00fclke genelindeki denetimlerinde, 5 ki\u015finin daha yasal stat\u00fcs\u00fc olmadan, ikamet izinsiz olarak \u00fclkede bulundu\u011fu saptand\u0131.<\/p>\n<p>S\u00f6z konusu ki\u015filer tutuklanarak aleyhlerinde yasal i\u015flem ba\u015flat\u0131ld\u0131.<\/p>\n<\/p><\/div>\n<p><script async\n                    defer\n                    crossorigin=\"anonymous\"\n                    src=\"https:\/\/connect.facebook.net\/tr_TR\/sdk.js#xfbml=1&#038;version=v3.3\"\n            ><\/script><\/p>\n","protected":false},"excerpt":{"rendered":"<p>\u00a0Lefko\u015fa\u2019daki bir oto galeri sahibi, 2009 model bir arac\u0131 2013 model olarak g\u00f6stererek satt\u0131ktan sonra olay\u0131n anla\u015f\u0131lmas\u0131 \u00fczerine \u201cevrak sahteleme, tedav\u00fcle s\u00fcrme ve doland\u0131r\u0131c\u0131l\u0131k\u201d su\u00e7lamas\u0131yla tutukland\u0131. Polis bas\u0131n b\u00fcltenine g\u00f6re olay ge\u00e7en y\u0131l Haziran ay\u0131nda meydana geldi. Lefko\u015fa\u2019da faaliyet g\u00f6steren bir oto galeride sat\u0131\u015fa sunulan 2009 model salon arac\u0131 sat\u0131n almak isteyen m\u00fc\u015fteriye, galeri sahibi<\/p>\n","protected":false},"author":1,"featured_media":72912,"comment_status":"open","ping_status":"open","sticky":false,"template":"","format":"standard","meta":{"footnotes":""},"categories":[1,101],"tags":[],"class_list":["post-73841","post","type-post","status-publish","format-standard","has-post-thumbnail","hentry","category-gundem","category-manset"],"yoast_head":"<!-- This site is optimized with the Yoast SEO plugin v27.5 - https:\/\/yoast.com\/product\/yoast-seo-wordpress\/ -->\n<title>Polisiye olaylar:Satt\u0131\u011f\u0131 arac\u0131n ya\u015f\u0131n\u0131 d\u00fc\u015f\u00fcren galerici tutukland\u0131 -<\/title>\n<meta name=\"robots\" content=\"index, follow, max-snippet:-1, max-image-preview:large, max-video-preview:-1\" \/>\n<link rel=\"canonical\" href=\"https:\/\/kibrisdakik.com\/?p=73841\" \/>\n<meta property=\"og:locale\" content=\"tr_TR\" \/>\n<meta property=\"og:type\" content=\"article\" \/>\n<meta property=\"og:title\" content=\"Polisiye olaylar:Satt\u0131\u011f\u0131 arac\u0131n ya\u015f\u0131n\u0131 d\u00fc\u015f\u00fcren galerici tutukland\u0131 -\" \/>\n<meta property=\"og:description\" content=\"\u00a0Lefko\u015fa\u2019daki bir oto galeri sahibi, 2009 model bir arac\u0131 2013 model olarak g\u00f6stererek satt\u0131ktan sonra olay\u0131n anla\u015f\u0131lmas\u0131 \u00fczerine \u201cevrak sahteleme, tedav\u00fcle s\u00fcrme ve doland\u0131r\u0131c\u0131l\u0131k\u201d su\u00e7lamas\u0131yla tutukland\u0131. Polis bas\u0131n b\u00fcltenine g\u00f6re olay ge\u00e7en y\u0131l Haziran ay\u0131nda meydana geldi. Lefko\u015fa\u2019da faaliyet g\u00f6steren bir oto galeride sat\u0131\u015fa sunulan 2009 model salon arac\u0131 sat\u0131n almak isteyen m\u00fc\u015fteriye, galeri sahibi\" \/>\n<meta property=\"og:url\" content=\"https:\/\/kibrisdakik.com\/?p=73841\" \/>\n<meta property=\"article:published_time\" content=\"2025-01-18T08:34:43+00:00\" \/>\n<meta property=\"og:image\" content=\"https:\/\/kibrisdakik.com\/wp-content\/uploads\/2025\/01\/1735915552817polis-3118-740x410.jpg\" \/>\n\t<meta property=\"og:image:width\" content=\"930\" \/>\n\t<meta property=\"og:image:height\" content=\"410\" \/>\n\t<meta property=\"og:image:type\" content=\"image\/jpeg\" \/>\n<meta name=\"author\" content=\"admin\" \/>\n<meta name=\"twitter:card\" content=\"summary_large_image\" \/>\n<meta name=\"twitter:label1\" content=\"Yazan:\" \/>\n\t<meta name=\"twitter:data1\" content=\"admin\" \/>\n\t<meta name=\"twitter:label2\" content=\"Tahmini okuma s\u00fcresi\" \/>\n\t<meta name=\"twitter:data2\" content=\"2 dakika\" \/>\n<script type=\"application\/ld+json\" class=\"yoast-schema-graph\">{\"@context\":\"https:\\\/\\\/schema.org\",\"@graph\":[{\"@type\":\"Article\",\"@id\":\"https:\\\/\\\/kibrisdakik.com\\\/?p=73841#article\",\"isPartOf\":{\"@id\":\"https:\\\/\\\/kibrisdakik.com\\\/?p=73841\"},\"author\":{\"name\":\"admin\",\"@id\":\"https:\\\/\\\/kibrisdakik.com\\\/#\\\/schema\\\/person\\\/9cd9d437bbb44f72b73ba127e06d8e79\"},\"headline\":\"Polisiye olaylar:Satt\u0131\u011f\u0131 arac\u0131n ya\u015f\u0131n\u0131 d\u00fc\u015f\u00fcren galerici tutukland\u0131\",\"datePublished\":\"2025-01-18T08:34:43+00:00\",\"mainEntityOfPage\":{\"@id\":\"https:\\\/\\\/kibrisdakik.com\\\/?p=73841\"},\"wordCount\":418,\"commentCount\":0,\"image\":{\"@id\":\"https:\\\/\\\/kibrisdakik.com\\\/?p=73841#primaryimage\"},\"thumbnailUrl\":\"https:\\\/\\\/kibrisdakik.com\\\/wp-content\\\/uploads\\\/2025\\\/01\\\/1735915552817polis-3118-740x410.jpg\",\"articleSection\":[\"G\u00fcndem\",\"Man\u015fet\"],\"inLanguage\":\"tr\",\"potentialAction\":[{\"@type\":\"CommentAction\",\"name\":\"Comment\",\"target\":[\"https:\\\/\\\/kibrisdakik.com\\\/?p=73841#respond\"]}]},{\"@type\":\"WebPage\",\"@id\":\"https:\\\/\\\/kibrisdakik.com\\\/?p=73841\",\"url\":\"https:\\\/\\\/kibrisdakik.com\\\/?p=73841\",\"name\":\"Polisiye olaylar:Satt\u0131\u011f\u0131 arac\u0131n ya\u015f\u0131n\u0131 d\u00fc\u015f\u00fcren galerici tutukland\u0131 -\",\"isPartOf\":{\"@id\":\"https:\\\/\\\/kibrisdakik.com\\\/#website\"},\"primaryImageOfPage\":{\"@id\":\"https:\\\/\\\/kibrisdakik.com\\\/?p=73841#primaryimage\"},\"image\":{\"@id\":\"https:\\\/\\\/kibrisdakik.com\\\/?p=73841#primaryimage\"},\"thumbnailUrl\":\"https:\\\/\\\/kibrisdakik.com\\\/wp-content\\\/uploads\\\/2025\\\/01\\\/1735915552817polis-3118-740x410.jpg\",\"datePublished\":\"2025-01-18T08:34:43+00:00\",\"author\":{\"@id\":\"https:\\\/\\\/kibrisdakik.com\\\/#\\\/schema\\\/person\\\/9cd9d437bbb44f72b73ba127e06d8e79\"},\"breadcrumb\":{\"@id\":\"https:\\\/\\\/kibrisdakik.com\\\/?p=73841#breadcrumb\"},\"inLanguage\":\"tr\",\"potentialAction\":[{\"@type\":\"ReadAction\",\"target\":[\"https:\\\/\\\/kibrisdakik.com\\\/?p=73841\"]}]},{\"@type\":\"ImageObject\",\"inLanguage\":\"tr\",\"@id\":\"https:\\\/\\\/kibrisdakik.com\\\/?p=73841#primaryimage\",\"url\":\"https:\\\/\\\/kibrisdakik.com\\\/wp-content\\\/uploads\\\/2025\\\/01\\\/1735915552817polis-3118-740x410.jpg\",\"contentUrl\":\"https:\\\/\\\/kibrisdakik.com\\\/wp-content\\\/uploads\\\/2025\\\/01\\\/1735915552817polis-3118-740x410.jpg\",\"width\":930,\"height\":410},{\"@type\":\"BreadcrumbList\",\"@id\":\"https:\\\/\\\/kibrisdakik.com\\\/?p=73841#breadcrumb\",\"itemListElement\":[{\"@type\":\"ListItem\",\"position\":1,\"name\":\"Home\",\"item\":\"https:\\\/\\\/kibrisdakik.com\\\/\"},{\"@type\":\"ListItem\",\"position\":2,\"name\":\"Polisiye olaylar:Satt\u0131\u011f\u0131 arac\u0131n ya\u015f\u0131n\u0131 d\u00fc\u015f\u00fcren galerici tutukland\u0131\"}]},{\"@type\":\"WebSite\",\"@id\":\"https:\\\/\\\/kibrisdakik.com\\\/#website\",\"url\":\"https:\\\/\\\/kibrisdakik.com\\\/\",\"name\":\"\",\"description\":\"Tam vaktinde haber\",\"potentialAction\":[{\"@type\":\"SearchAction\",\"target\":{\"@type\":\"EntryPoint\",\"urlTemplate\":\"https:\\\/\\\/kibrisdakik.com\\\/?s={search_term_string}\"},\"query-input\":{\"@type\":\"PropertyValueSpecification\",\"valueRequired\":true,\"valueName\":\"search_term_string\"}}],\"inLanguage\":\"tr\"},{\"@type\":\"Person\",\"@id\":\"https:\\\/\\\/kibrisdakik.com\\\/#\\\/schema\\\/person\\\/9cd9d437bbb44f72b73ba127e06d8e79\",\"name\":\"admin\",\"image\":{\"@type\":\"ImageObject\",\"inLanguage\":\"tr\",\"@id\":\"https:\\\/\\\/secure.gravatar.com\\\/avatar\\\/ccc17943b9d660506c869530f897617f7cb1c21a4bf30023f252596d83e1f007?s=96&d=mm&r=g\",\"url\":\"https:\\\/\\\/secure.gravatar.com\\\/avatar\\\/ccc17943b9d660506c869530f897617f7cb1c21a4bf30023f252596d83e1f007?s=96&d=mm&r=g\",\"contentUrl\":\"https:\\\/\\\/secure.gravatar.com\\\/avatar\\\/ccc17943b9d660506c869530f897617f7cb1c21a4bf30023f252596d83e1f007?s=96&d=mm&r=g\",\"caption\":\"admin\"},\"sameAs\":[\"https:\\\/\\\/kibrisdakik.com\"],\"url\":\"https:\\\/\\\/kibrisdakik.com\\\/?author=1\"}]}<\/script>\n<!-- \/ Yoast SEO plugin. -->","yoast_head_json":{"title":"Polisiye olaylar:Satt\u0131\u011f\u0131 arac\u0131n ya\u015f\u0131n\u0131 d\u00fc\u015f\u00fcren galerici tutukland\u0131 -","robots":{"index":"index","follow":"follow","max-snippet":"max-snippet:-1","max-image-preview":"max-image-preview:large","max-video-preview":"max-video-preview:-1"},"canonical":"https:\/\/kibrisdakik.com\/?p=73841","og_locale":"tr_TR","og_type":"article","og_title":"Polisiye olaylar:Satt\u0131\u011f\u0131 arac\u0131n ya\u015f\u0131n\u0131 d\u00fc\u015f\u00fcren galerici tutukland\u0131 -","og_description":"\u00a0Lefko\u015fa\u2019daki bir oto galeri sahibi, 2009 model bir arac\u0131 2013 model olarak g\u00f6stererek satt\u0131ktan sonra olay\u0131n anla\u015f\u0131lmas\u0131 \u00fczerine \u201cevrak sahteleme, tedav\u00fcle s\u00fcrme ve doland\u0131r\u0131c\u0131l\u0131k\u201d su\u00e7lamas\u0131yla tutukland\u0131. Polis bas\u0131n b\u00fcltenine g\u00f6re olay ge\u00e7en y\u0131l Haziran ay\u0131nda meydana geldi. Lefko\u015fa\u2019da faaliyet g\u00f6steren bir oto galeride sat\u0131\u015fa sunulan 2009 model salon arac\u0131 sat\u0131n almak isteyen m\u00fc\u015fteriye, galeri sahibi","og_url":"https:\/\/kibrisdakik.com\/?p=73841","article_published_time":"2025-01-18T08:34:43+00:00","og_image":[{"width":930,"height":410,"url":"https:\/\/kibrisdakik.com\/wp-content\/uploads\/2025\/01\/1735915552817polis-3118-740x410.jpg","type":"image\/jpeg"}],"author":"admin","twitter_card":"summary_large_image","twitter_misc":{"Yazan:":"admin","Tahmini okuma s\u00fcresi":"2 dakika"},"schema":{"@context":"https:\/\/schema.org","@graph":[{"@type":"Article","@id":"https:\/\/kibrisdakik.com\/?p=73841#article","isPartOf":{"@id":"https:\/\/kibrisdakik.com\/?p=73841"},"author":{"name":"admin","@id":"https:\/\/kibrisdakik.com\/#\/schema\/person\/9cd9d437bbb44f72b73ba127e06d8e79"},"headline":"Polisiye olaylar:Satt\u0131\u011f\u0131 arac\u0131n ya\u015f\u0131n\u0131 d\u00fc\u015f\u00fcren galerici tutukland\u0131","datePublished":"2025-01-18T08:34:43+00:00","mainEntityOfPage":{"@id":"https:\/\/kibrisdakik.com\/?p=73841"},"wordCount":418,"commentCount":0,"image":{"@id":"https:\/\/kibrisdakik.com\/?p=73841#primaryimage"},"thumbnailUrl":"https:\/\/kibrisdakik.com\/wp-content\/uploads\/2025\/01\/1735915552817polis-3118-740x410.jpg","articleSection":["G\u00fcndem","Man\u015fet"],"inLanguage":"tr","potentialAction":[{"@type":"CommentAction","name":"Comment","target":["https:\/\/kibrisdakik.com\/?p=73841#respond"]}]},{"@type":"WebPage","@id":"https:\/\/kibrisdakik.com\/?p=73841","url":"https:\/\/kibrisdakik.com\/?p=73841","name":"Polisiye olaylar:Satt\u0131\u011f\u0131 arac\u0131n ya\u015f\u0131n\u0131 d\u00fc\u015f\u00fcren galerici tutukland\u0131 -","isPartOf":{"@id":"https:\/\/kibrisdakik.com\/#website"},"primaryImageOfPage":{"@id":"https:\/\/kibrisdakik.com\/?p=73841#primaryimage"},"image":{"@id":"https:\/\/kibrisdakik.com\/?p=73841#primaryimage"},"thumbnailUrl":"https:\/\/kibrisdakik.com\/wp-content\/uploads\/2025\/01\/1735915552817polis-3118-740x410.jpg","datePublished":"2025-01-18T08:34:43+00:00","author":{"@id":"https:\/\/kibrisdakik.com\/#\/schema\/person\/9cd9d437bbb44f72b73ba127e06d8e79"},"breadcrumb":{"@id":"https:\/\/kibrisdakik.com\/?p=73841#breadcrumb"},"inLanguage":"tr","potentialAction":[{"@type":"ReadAction","target":["https:\/\/kibrisdakik.com\/?p=73841"]}]},{"@type":"ImageObject","inLanguage":"tr","@id":"https:\/\/kibrisdakik.com\/?p=73841#primaryimage","url":"https:\/\/kibrisdakik.com\/wp-content\/uploads\/2025\/01\/1735915552817polis-3118-740x410.jpg","contentUrl":"https:\/\/kibrisdakik.com\/wp-content\/uploads\/2025\/01\/1735915552817polis-3118-740x410.jpg","width":930,"height":410},{"@type":"BreadcrumbList","@id":"https:\/\/kibrisdakik.com\/?p=73841#breadcrumb","itemListElement":[{"@type":"ListItem","position":1,"name":"Home","item":"https:\/\/kibrisdakik.com\/"},{"@type":"ListItem","position":2,"name":"Polisiye olaylar:Satt\u0131\u011f\u0131 arac\u0131n ya\u015f\u0131n\u0131 d\u00fc\u015f\u00fcren galerici tutukland\u0131"}]},{"@type":"WebSite","@id":"https:\/\/kibrisdakik.com\/#website","url":"https:\/\/kibrisdakik.com\/","name":"","description":"Tam vaktinde haber","potentialAction":[{"@type":"SearchAction","target":{"@type":"EntryPoint","urlTemplate":"https:\/\/kibrisdakik.com\/?s={search_term_string}"},"query-input":{"@type":"PropertyValueSpecification","valueRequired":true,"valueName":"search_term_string"}}],"inLanguage":"tr"},{"@type":"Person","@id":"https:\/\/kibrisdakik.com\/#\/schema\/person\/9cd9d437bbb44f72b73ba127e06d8e79","name":"admin","image":{"@type":"ImageObject","inLanguage":"tr","@id":"https:\/\/secure.gravatar.com\/avatar\/ccc17943b9d660506c869530f897617f7cb1c21a4bf30023f252596d83e1f007?s=96&d=mm&r=g","url":"https:\/\/secure.gravatar.com\/avatar\/ccc17943b9d660506c869530f897617f7cb1c21a4bf30023f252596d83e1f007?s=96&d=mm&r=g","contentUrl":"https:\/\/secure.gravatar.com\/avatar\/ccc17943b9d660506c869530f897617f7cb1c21a4bf30023f252596d83e1f007?s=96&d=mm&r=g","caption":"admin"},"sameAs":["https:\/\/kibrisdakik.com"],"url":"https:\/\/kibrisdakik.com\/?author=1"}]}},"_links":{"self":[{"href":"https:\/\/kibrisdakik.com\/index.php?rest_route=\/wp\/v2\/posts\/73841","targetHints":{"allow":["GET"]}}],"collection":[{"href":"https:\/\/kibrisdakik.com\/index.php?rest_route=\/wp\/v2\/posts"}],"about":[{"href":"https:\/\/kibrisdakik.com\/index.php?rest_route=\/wp\/v2\/types\/post"}],"author":[{"embeddable":true,"href":"https:\/\/kibrisdakik.com\/index.php?rest_route=\/wp\/v2\/users\/1"}],"replies":[{"embeddable":true,"href":"https:\/\/kibrisdakik.com\/index.php?rest_route=%2Fwp%2Fv2%2Fcomments&post=73841"}],"version-history":[{"count":0,"href":"https:\/\/kibrisdakik.com\/index.php?rest_route=\/wp\/v2\/posts\/73841\/revisions"}],"wp:featuredmedia":[{"embeddable":true,"href":"https:\/\/kibrisdakik.com\/index.php?rest_route=\/wp\/v2\/media\/72912"}],"wp:attachment":[{"href":"https:\/\/kibrisdakik.com\/index.php?rest_route=%2Fwp%2Fv2%2Fmedia&parent=73841"}],"wp:term":[{"taxonomy":"category","embeddable":true,"href":"https:\/\/kibrisdakik.com\/index.php?rest_route=%2Fwp%2Fv2%2Fcategories&post=73841"},{"taxonomy":"post_tag","embeddable":true,"href":"https:\/\/kibrisdakik.com\/index.php?rest_route=%2Fwp%2Fv2%2Ftags&post=73841"}],"curies":[{"name":"wp","href":"https:\/\/api.w.org\/{rel}","templated":true}]}}