{"id":73871,"date":"2025-01-18T18:04:31","date_gmt":"2025-01-18T15:04:31","guid":{"rendered":"https:\/\/kibrisdakik.com\/index.php\/2025\/01\/18\/ispanyada-kayak-merkezinde-telesiyej-kazasinda-en-az-30-kisi-yaralandi\/"},"modified":"2025-01-18T18:04:31","modified_gmt":"2025-01-18T15:04:31","slug":"ispanyada-kayak-merkezinde-telesiyej-kazasinda-en-az-30-kisi-yaralandi","status":"publish","type":"post","link":"https:\/\/kibrisdakik.com\/?p=73871","title":{"rendered":"\u0130spanya\u2019da kayak merkezinde telesiyej kazas\u0131nda en az 30 ki\u015fi yaraland\u0131"},"content":{"rendered":"<p><\/p>\n<div>\n<div class=\"mariselle-image-container center\">\n                <img loading=\"lazy\" decoding=\"async\" width=\"1366\" height=\"910\" class=\"lazy-image\" alt=\"\" sizes=\"auto, (max-width: 1366px) 100vw, 1366px\" src=\"https:\/\/brtk.net\/wp-content\/uploads\/2025\/01\/18\/1737210187382cfdde7aa-5749-4650-9b55-277df5213df1.jpeg?ver=f967dca2bed902718356934a8fed36a0\" srcset=\"https:\/\/brtk.net\/wp-content\/uploads\/2025\/01\/18\/1737210187382cfdde7aa-5749-4650-9b55-277df5213df1.jpeg?ver=f967dca2bed902718356934a8fed36a0 1366w, https:\/\/brtk.net\/wp-content\/uploads\/2025\/01\/18\/1737210187382cfdde7aa-5749-4650-9b55-277df5213df1-300x200.jpeg?ver=13aae1287d38c2c2dc39bc0c74bf4595 300w, https:\/\/brtk.net\/wp-content\/uploads\/2025\/01\/18\/1737210187382cfdde7aa-5749-4650-9b55-277df5213df1-1024x682.jpeg?ver=fbc600e7f2a7341e24e2749b7eb2f0b0 1024w, https:\/\/brtk.net\/wp-content\/uploads\/2025\/01\/18\/1737210187382cfdde7aa-5749-4650-9b55-277df5213df1-768x512.jpeg?ver=fbc600e7f2a7341e24e2749b7eb2f0b0 768w\"\/>                            <\/div>\n<p>\u0130spanya\u2019n\u0131n kuzeyindeki Huesca kentine ba\u011fl\u0131 Astun Kayak Merkezi\u2019nde meydana gelen telesiyej kazas\u0131nda 9\u2019u a\u011f\u0131r en az 30 ki\u015finin yaraland\u0131\u011f\u0131 bildirildi.<\/p>\n<p>Aragon \u00f6zerk y\u00f6netim h\u00fck\u00fcmeti Acil Durumlar Genel M\u00fcd\u00fcr\u00fc Miguel Angel Clavero, \u0130spanyol bas\u0131n\u0131na yapt\u0131\u011f\u0131 a\u00e7\u0131klamada, Astun Kayak Merkezi\u2019ndeki telesiyej hatt\u0131nda geri d\u00f6n\u00fc\u015f makaras\u0131nda olu\u015fan ar\u0131zadan dolay\u0131 kablolar\u0131ndan birinin koptu\u011funu ve telesiyejlerden baz\u0131lar\u0131n\u0131n d\u00fc\u015ft\u00fc\u011f\u00fcn\u00fc duyurdu.<\/p>\n<p>Yetkililer, kazada en az 30 ki\u015finin yaraland\u0131\u011f\u0131n\u0131, helikopter ve ambulanslarla \u00e7evredeki hastanelere nakledilen yaral\u0131lardan 9\u2019unun durumunun a\u011f\u0131r oldu\u011funu belirtti.<\/p>\n<p>Kazan\u0131n ard\u0131ndan kayak merkezi ge\u00e7ici olarak kapat\u0131ld\u0131.<\/p>\n<p>Ba\u015fbakan Pedro Sanchez X hesab\u0131ndan yapt\u0131\u011f\u0131 payla\u015f\u0131mda, \u201cAstun istasyonundaki kaza haberi hepimizi derinden etkiledi. Aragon \u00f6zerk y\u00f6netim h\u00fck\u00fcmeti ba\u015fkan\u0131 Jorge Azcon ile konu\u015ftum ve h\u00fck\u00fcmetimiz ad\u0131na yaral\u0131lara yard\u0131m i\u00e7in t\u00fcm deste\u011fimizi verdi\u011fimizi ilettim. T\u00fcm sevgimiz yaral\u0131lar ve aileleri ile birlikte.\u201d ifadelerini kulland\u0131.<\/p>\n<\/p><\/div>\n<p><script async\n                    defer\n                    crossorigin=\"anonymous\"\n                    src=\"https:\/\/connect.facebook.net\/tr_TR\/sdk.js#xfbml=1&#038;version=v3.3\"\n            ><\/script><\/p>\n","protected":false},"excerpt":{"rendered":"<p>\u0130spanya\u2019n\u0131n kuzeyindeki Huesca kentine ba\u011fl\u0131 Astun Kayak Merkezi\u2019nde meydana gelen telesiyej kazas\u0131nda 9\u2019u a\u011f\u0131r en az 30 ki\u015finin yaraland\u0131\u011f\u0131 bildirildi. Aragon \u00f6zerk y\u00f6netim h\u00fck\u00fcmeti Acil Durumlar Genel M\u00fcd\u00fcr\u00fc Miguel Angel Clavero, \u0130spanyol bas\u0131n\u0131na yapt\u0131\u011f\u0131 a\u00e7\u0131klamada, Astun Kayak Merkezi\u2019ndeki telesiyej hatt\u0131nda geri d\u00f6n\u00fc\u015f makaras\u0131nda olu\u015fan ar\u0131zadan dolay\u0131 kablolar\u0131ndan birinin koptu\u011funu ve telesiyejlerden baz\u0131lar\u0131n\u0131n d\u00fc\u015ft\u00fc\u011f\u00fcn\u00fc duyurdu. Yetkililer,<\/p>\n","protected":false},"author":1,"featured_media":73872,"comment_status":"open","ping_status":"open","sticky":false,"template":"","format":"standard","meta":{"footnotes":""},"categories":[1],"tags":[],"class_list":["post-73871","post","type-post","status-publish","format-standard","has-post-thumbnail","hentry","category-gundem"],"yoast_head":"<!-- This site is optimized with the Yoast SEO plugin v27.4 - https:\/\/yoast.com\/product\/yoast-seo-wordpress\/ -->\n<title>\u0130spanya\u2019da kayak merkezinde telesiyej kazas\u0131nda en az 30 ki\u015fi yaraland\u0131 -<\/title>\n<meta name=\"robots\" content=\"index, follow, max-snippet:-1, max-image-preview:large, max-video-preview:-1\" \/>\n<link rel=\"canonical\" href=\"https:\/\/kibrisdakik.com\/?p=73871\" \/>\n<meta property=\"og:locale\" content=\"tr_TR\" \/>\n<meta property=\"og:type\" content=\"article\" \/>\n<meta property=\"og:title\" content=\"\u0130spanya\u2019da kayak merkezinde telesiyej kazas\u0131nda en az 30 ki\u015fi yaraland\u0131 -\" \/>\n<meta property=\"og:description\" content=\"\u0130spanya\u2019n\u0131n kuzeyindeki Huesca kentine ba\u011fl\u0131 Astun Kayak Merkezi\u2019nde meydana gelen telesiyej kazas\u0131nda 9\u2019u a\u011f\u0131r en az 30 ki\u015finin yaraland\u0131\u011f\u0131 bildirildi. Aragon \u00f6zerk y\u00f6netim h\u00fck\u00fcmeti Acil Durumlar Genel M\u00fcd\u00fcr\u00fc Miguel Angel Clavero, \u0130spanyol bas\u0131n\u0131na yapt\u0131\u011f\u0131 a\u00e7\u0131klamada, Astun Kayak Merkezi\u2019ndeki telesiyej hatt\u0131nda geri d\u00f6n\u00fc\u015f makaras\u0131nda olu\u015fan ar\u0131zadan dolay\u0131 kablolar\u0131ndan birinin koptu\u011funu ve telesiyejlerden baz\u0131lar\u0131n\u0131n d\u00fc\u015ft\u00fc\u011f\u00fcn\u00fc duyurdu. Yetkililer,\" \/>\n<meta property=\"og:url\" content=\"https:\/\/kibrisdakik.com\/?p=73871\" \/>\n<meta property=\"article:published_time\" content=\"2025-01-18T15:04:31+00:00\" \/>\n<meta property=\"og:image\" content=\"https:\/\/kibrisdakik.com\/wp-content\/uploads\/2025\/01\/1737210187382cfdde7aa-5749-4650-9b55-277df5213df1-740x420.jpeg\" \/>\n\t<meta property=\"og:image:width\" content=\"1366\" \/>\n\t<meta property=\"og:image:height\" content=\"910\" \/>\n\t<meta property=\"og:image:type\" content=\"image\/jpeg\" \/>\n<meta name=\"author\" content=\"admin\" \/>\n<meta name=\"twitter:card\" content=\"summary_large_image\" \/>\n<meta name=\"twitter:label1\" content=\"Yazan:\" \/>\n\t<meta name=\"twitter:data1\" content=\"admin\" \/>\n\t<meta name=\"twitter:label2\" content=\"Tahmini okuma s\u00fcresi\" \/>\n\t<meta name=\"twitter:data2\" content=\"1 dakika\" \/>\n<script type=\"application\/ld+json\" class=\"yoast-schema-graph\">{\"@context\":\"https:\\\/\\\/schema.org\",\"@graph\":[{\"@type\":\"Article\",\"@id\":\"https:\\\/\\\/kibrisdakik.com\\\/?p=73871#article\",\"isPartOf\":{\"@id\":\"https:\\\/\\\/kibrisdakik.com\\\/?p=73871\"},\"author\":{\"name\":\"admin\",\"@id\":\"https:\\\/\\\/kibrisdakik.com\\\/#\\\/schema\\\/person\\\/9cd9d437bbb44f72b73ba127e06d8e79\"},\"headline\":\"\u0130spanya\u2019da kayak merkezinde telesiyej kazas\u0131nda en az 30 ki\u015fi yaraland\u0131\",\"datePublished\":\"2025-01-18T15:04:31+00:00\",\"mainEntityOfPage\":{\"@id\":\"https:\\\/\\\/kibrisdakik.com\\\/?p=73871\"},\"wordCount\":188,\"commentCount\":0,\"image\":{\"@id\":\"https:\\\/\\\/kibrisdakik.com\\\/?p=73871#primaryimage\"},\"thumbnailUrl\":\"https:\\\/\\\/kibrisdakik.com\\\/wp-content\\\/uploads\\\/2025\\\/01\\\/1737210187382cfdde7aa-5749-4650-9b55-277df5213df1-740x420.jpeg\",\"articleSection\":[\"G\u00fcndem\"],\"inLanguage\":\"tr\",\"potentialAction\":[{\"@type\":\"CommentAction\",\"name\":\"Comment\",\"target\":[\"https:\\\/\\\/kibrisdakik.com\\\/?p=73871#respond\"]}]},{\"@type\":\"WebPage\",\"@id\":\"https:\\\/\\\/kibrisdakik.com\\\/?p=73871\",\"url\":\"https:\\\/\\\/kibrisdakik.com\\\/?p=73871\",\"name\":\"\u0130spanya\u2019da kayak merkezinde telesiyej kazas\u0131nda en az 30 ki\u015fi yaraland\u0131 -\",\"isPartOf\":{\"@id\":\"https:\\\/\\\/kibrisdakik.com\\\/#website\"},\"primaryImageOfPage\":{\"@id\":\"https:\\\/\\\/kibrisdakik.com\\\/?p=73871#primaryimage\"},\"image\":{\"@id\":\"https:\\\/\\\/kibrisdakik.com\\\/?p=73871#primaryimage\"},\"thumbnailUrl\":\"https:\\\/\\\/kibrisdakik.com\\\/wp-content\\\/uploads\\\/2025\\\/01\\\/1737210187382cfdde7aa-5749-4650-9b55-277df5213df1-740x420.jpeg\",\"datePublished\":\"2025-01-18T15:04:31+00:00\",\"author\":{\"@id\":\"https:\\\/\\\/kibrisdakik.com\\\/#\\\/schema\\\/person\\\/9cd9d437bbb44f72b73ba127e06d8e79\"},\"breadcrumb\":{\"@id\":\"https:\\\/\\\/kibrisdakik.com\\\/?p=73871#breadcrumb\"},\"inLanguage\":\"tr\",\"potentialAction\":[{\"@type\":\"ReadAction\",\"target\":[\"https:\\\/\\\/kibrisdakik.com\\\/?p=73871\"]}]},{\"@type\":\"ImageObject\",\"inLanguage\":\"tr\",\"@id\":\"https:\\\/\\\/kibrisdakik.com\\\/?p=73871#primaryimage\",\"url\":\"https:\\\/\\\/kibrisdakik.com\\\/wp-content\\\/uploads\\\/2025\\\/01\\\/1737210187382cfdde7aa-5749-4650-9b55-277df5213df1-740x420.jpeg\",\"contentUrl\":\"https:\\\/\\\/kibrisdakik.com\\\/wp-content\\\/uploads\\\/2025\\\/01\\\/1737210187382cfdde7aa-5749-4650-9b55-277df5213df1-740x420.jpeg\",\"width\":1366,\"height\":910},{\"@type\":\"BreadcrumbList\",\"@id\":\"https:\\\/\\\/kibrisdakik.com\\\/?p=73871#breadcrumb\",\"itemListElement\":[{\"@type\":\"ListItem\",\"position\":1,\"name\":\"Home\",\"item\":\"https:\\\/\\\/kibrisdakik.com\\\/\"},{\"@type\":\"ListItem\",\"position\":2,\"name\":\"\u0130spanya\u2019da kayak merkezinde telesiyej kazas\u0131nda en az 30 ki\u015fi yaraland\u0131\"}]},{\"@type\":\"WebSite\",\"@id\":\"https:\\\/\\\/kibrisdakik.com\\\/#website\",\"url\":\"https:\\\/\\\/kibrisdakik.com\\\/\",\"name\":\"\",\"description\":\"Tam vaktinde haber\",\"potentialAction\":[{\"@type\":\"SearchAction\",\"target\":{\"@type\":\"EntryPoint\",\"urlTemplate\":\"https:\\\/\\\/kibrisdakik.com\\\/?s={search_term_string}\"},\"query-input\":{\"@type\":\"PropertyValueSpecification\",\"valueRequired\":true,\"valueName\":\"search_term_string\"}}],\"inLanguage\":\"tr\"},{\"@type\":\"Person\",\"@id\":\"https:\\\/\\\/kibrisdakik.com\\\/#\\\/schema\\\/person\\\/9cd9d437bbb44f72b73ba127e06d8e79\",\"name\":\"admin\",\"image\":{\"@type\":\"ImageObject\",\"inLanguage\":\"tr\",\"@id\":\"https:\\\/\\\/secure.gravatar.com\\\/avatar\\\/ccc17943b9d660506c869530f897617f7cb1c21a4bf30023f252596d83e1f007?s=96&d=mm&r=g\",\"url\":\"https:\\\/\\\/secure.gravatar.com\\\/avatar\\\/ccc17943b9d660506c869530f897617f7cb1c21a4bf30023f252596d83e1f007?s=96&d=mm&r=g\",\"contentUrl\":\"https:\\\/\\\/secure.gravatar.com\\\/avatar\\\/ccc17943b9d660506c869530f897617f7cb1c21a4bf30023f252596d83e1f007?s=96&d=mm&r=g\",\"caption\":\"admin\"},\"sameAs\":[\"https:\\\/\\\/kibrisdakik.com\"],\"url\":\"https:\\\/\\\/kibrisdakik.com\\\/?author=1\"}]}<\/script>\n<!-- \/ Yoast SEO plugin. -->","yoast_head_json":{"title":"\u0130spanya\u2019da kayak merkezinde telesiyej kazas\u0131nda en az 30 ki\u015fi yaraland\u0131 -","robots":{"index":"index","follow":"follow","max-snippet":"max-snippet:-1","max-image-preview":"max-image-preview:large","max-video-preview":"max-video-preview:-1"},"canonical":"https:\/\/kibrisdakik.com\/?p=73871","og_locale":"tr_TR","og_type":"article","og_title":"\u0130spanya\u2019da kayak merkezinde telesiyej kazas\u0131nda en az 30 ki\u015fi yaraland\u0131 -","og_description":"\u0130spanya\u2019n\u0131n kuzeyindeki Huesca kentine ba\u011fl\u0131 Astun Kayak Merkezi\u2019nde meydana gelen telesiyej kazas\u0131nda 9\u2019u a\u011f\u0131r en az 30 ki\u015finin yaraland\u0131\u011f\u0131 bildirildi. Aragon \u00f6zerk y\u00f6netim h\u00fck\u00fcmeti Acil Durumlar Genel M\u00fcd\u00fcr\u00fc Miguel Angel Clavero, \u0130spanyol bas\u0131n\u0131na yapt\u0131\u011f\u0131 a\u00e7\u0131klamada, Astun Kayak Merkezi\u2019ndeki telesiyej hatt\u0131nda geri d\u00f6n\u00fc\u015f makaras\u0131nda olu\u015fan ar\u0131zadan dolay\u0131 kablolar\u0131ndan birinin koptu\u011funu ve telesiyejlerden baz\u0131lar\u0131n\u0131n d\u00fc\u015ft\u00fc\u011f\u00fcn\u00fc duyurdu. Yetkililer,","og_url":"https:\/\/kibrisdakik.com\/?p=73871","article_published_time":"2025-01-18T15:04:31+00:00","og_image":[{"width":1366,"height":910,"url":"https:\/\/kibrisdakik.com\/wp-content\/uploads\/2025\/01\/1737210187382cfdde7aa-5749-4650-9b55-277df5213df1-740x420.jpeg","type":"image\/jpeg"}],"author":"admin","twitter_card":"summary_large_image","twitter_misc":{"Yazan:":"admin","Tahmini okuma s\u00fcresi":"1 dakika"},"schema":{"@context":"https:\/\/schema.org","@graph":[{"@type":"Article","@id":"https:\/\/kibrisdakik.com\/?p=73871#article","isPartOf":{"@id":"https:\/\/kibrisdakik.com\/?p=73871"},"author":{"name":"admin","@id":"https:\/\/kibrisdakik.com\/#\/schema\/person\/9cd9d437bbb44f72b73ba127e06d8e79"},"headline":"\u0130spanya\u2019da kayak merkezinde telesiyej kazas\u0131nda en az 30 ki\u015fi yaraland\u0131","datePublished":"2025-01-18T15:04:31+00:00","mainEntityOfPage":{"@id":"https:\/\/kibrisdakik.com\/?p=73871"},"wordCount":188,"commentCount":0,"image":{"@id":"https:\/\/kibrisdakik.com\/?p=73871#primaryimage"},"thumbnailUrl":"https:\/\/kibrisdakik.com\/wp-content\/uploads\/2025\/01\/1737210187382cfdde7aa-5749-4650-9b55-277df5213df1-740x420.jpeg","articleSection":["G\u00fcndem"],"inLanguage":"tr","potentialAction":[{"@type":"CommentAction","name":"Comment","target":["https:\/\/kibrisdakik.com\/?p=73871#respond"]}]},{"@type":"WebPage","@id":"https:\/\/kibrisdakik.com\/?p=73871","url":"https:\/\/kibrisdakik.com\/?p=73871","name":"\u0130spanya\u2019da kayak merkezinde telesiyej kazas\u0131nda en az 30 ki\u015fi yaraland\u0131 -","isPartOf":{"@id":"https:\/\/kibrisdakik.com\/#website"},"primaryImageOfPage":{"@id":"https:\/\/kibrisdakik.com\/?p=73871#primaryimage"},"image":{"@id":"https:\/\/kibrisdakik.com\/?p=73871#primaryimage"},"thumbnailUrl":"https:\/\/kibrisdakik.com\/wp-content\/uploads\/2025\/01\/1737210187382cfdde7aa-5749-4650-9b55-277df5213df1-740x420.jpeg","datePublished":"2025-01-18T15:04:31+00:00","author":{"@id":"https:\/\/kibrisdakik.com\/#\/schema\/person\/9cd9d437bbb44f72b73ba127e06d8e79"},"breadcrumb":{"@id":"https:\/\/kibrisdakik.com\/?p=73871#breadcrumb"},"inLanguage":"tr","potentialAction":[{"@type":"ReadAction","target":["https:\/\/kibrisdakik.com\/?p=73871"]}]},{"@type":"ImageObject","inLanguage":"tr","@id":"https:\/\/kibrisdakik.com\/?p=73871#primaryimage","url":"https:\/\/kibrisdakik.com\/wp-content\/uploads\/2025\/01\/1737210187382cfdde7aa-5749-4650-9b55-277df5213df1-740x420.jpeg","contentUrl":"https:\/\/kibrisdakik.com\/wp-content\/uploads\/2025\/01\/1737210187382cfdde7aa-5749-4650-9b55-277df5213df1-740x420.jpeg","width":1366,"height":910},{"@type":"BreadcrumbList","@id":"https:\/\/kibrisdakik.com\/?p=73871#breadcrumb","itemListElement":[{"@type":"ListItem","position":1,"name":"Home","item":"https:\/\/kibrisdakik.com\/"},{"@type":"ListItem","position":2,"name":"\u0130spanya\u2019da kayak merkezinde telesiyej kazas\u0131nda en az 30 ki\u015fi yaraland\u0131"}]},{"@type":"WebSite","@id":"https:\/\/kibrisdakik.com\/#website","url":"https:\/\/kibrisdakik.com\/","name":"","description":"Tam vaktinde haber","potentialAction":[{"@type":"SearchAction","target":{"@type":"EntryPoint","urlTemplate":"https:\/\/kibrisdakik.com\/?s={search_term_string}"},"query-input":{"@type":"PropertyValueSpecification","valueRequired":true,"valueName":"search_term_string"}}],"inLanguage":"tr"},{"@type":"Person","@id":"https:\/\/kibrisdakik.com\/#\/schema\/person\/9cd9d437bbb44f72b73ba127e06d8e79","name":"admin","image":{"@type":"ImageObject","inLanguage":"tr","@id":"https:\/\/secure.gravatar.com\/avatar\/ccc17943b9d660506c869530f897617f7cb1c21a4bf30023f252596d83e1f007?s=96&d=mm&r=g","url":"https:\/\/secure.gravatar.com\/avatar\/ccc17943b9d660506c869530f897617f7cb1c21a4bf30023f252596d83e1f007?s=96&d=mm&r=g","contentUrl":"https:\/\/secure.gravatar.com\/avatar\/ccc17943b9d660506c869530f897617f7cb1c21a4bf30023f252596d83e1f007?s=96&d=mm&r=g","caption":"admin"},"sameAs":["https:\/\/kibrisdakik.com"],"url":"https:\/\/kibrisdakik.com\/?author=1"}]}},"_links":{"self":[{"href":"https:\/\/kibrisdakik.com\/index.php?rest_route=\/wp\/v2\/posts\/73871","targetHints":{"allow":["GET"]}}],"collection":[{"href":"https:\/\/kibrisdakik.com\/index.php?rest_route=\/wp\/v2\/posts"}],"about":[{"href":"https:\/\/kibrisdakik.com\/index.php?rest_route=\/wp\/v2\/types\/post"}],"author":[{"embeddable":true,"href":"https:\/\/kibrisdakik.com\/index.php?rest_route=\/wp\/v2\/users\/1"}],"replies":[{"embeddable":true,"href":"https:\/\/kibrisdakik.com\/index.php?rest_route=%2Fwp%2Fv2%2Fcomments&post=73871"}],"version-history":[{"count":0,"href":"https:\/\/kibrisdakik.com\/index.php?rest_route=\/wp\/v2\/posts\/73871\/revisions"}],"wp:featuredmedia":[{"embeddable":true,"href":"https:\/\/kibrisdakik.com\/index.php?rest_route=\/wp\/v2\/media\/73872"}],"wp:attachment":[{"href":"https:\/\/kibrisdakik.com\/index.php?rest_route=%2Fwp%2Fv2%2Fmedia&parent=73871"}],"wp:term":[{"taxonomy":"category","embeddable":true,"href":"https:\/\/kibrisdakik.com\/index.php?rest_route=%2Fwp%2Fv2%2Fcategories&post=73871"},{"taxonomy":"post_tag","embeddable":true,"href":"https:\/\/kibrisdakik.com\/index.php?rest_route=%2Fwp%2Fv2%2Ftags&post=73871"}],"curies":[{"name":"wp","href":"https:\/\/api.w.org\/{rel}","templated":true}]}}