{"id":73897,"date":"2025-01-19T19:29:14","date_gmt":"2025-01-19T16:29:14","guid":{"rendered":"https:\/\/kibrisdakik.com\/index.php\/2025\/01\/19\/tatar-ve-hristodulidis-yarin-stewartin-ara-bolgedeki-ikametgahinda-bir-araya-gelecek\/"},"modified":"2025-01-19T19:29:14","modified_gmt":"2025-01-19T16:29:14","slug":"tatar-ve-hristodulidis-yarin-stewartin-ara-bolgedeki-ikametgahinda-bir-araya-gelecek","status":"publish","type":"post","link":"https:\/\/kibrisdakik.com\/?p=73897","title":{"rendered":"Tatar ve Hristodulidis yar\u0131n Stewart\u2019\u0131n ara b\u00f6lgedeki ikametgah\u0131nda bir araya gelecek"},"content":{"rendered":"<div>\n<div class=\"mariselle-image-container center\">\n                                            <\/div>\n<p>Cumhurba\u015fkan\u0131 Ersin Tatar, Rum Lider Nikos Hristodulidis ile yar\u0131n bir araya gelecek. <\/p>\n<p>G\u00f6r\u00fc\u015fme saat 10.30\u2019da Birle\u015fmi\u015f Milletler (BM) Genel Sekreteri\u2019nin K\u0131br\u0131s \u00d6zel Temsilcisi ve K\u0131br\u0131s\u2019taki Birle\u015fmi\u015f Milletler Bar\u0131\u015f G\u00fcc\u00fc (UNFICYP) Misyon \u015eefi Colin Stewart\u2019\u0131n ara b\u00f6lgede bulunan ikametgah\u0131nda ger\u00e7ekle\u015fecek.<\/p>\n<p>G\u00f6r\u00fc\u015fmede, iki lider yeni ge\u00e7i\u015f kap\u0131lar\u0131n\u0131n a\u00e7\u0131labilmesine y\u00f6nelik isti\u015farelerde bulunacak.<\/p>\n<p>Cumhurba\u015fkan\u0131 Tatar daha \u00f6nce, Metehan\u2019da ya\u015fanan s\u0131k\u0131\u015f\u0131kl\u0131\u011f\u0131 da giderecek Lefko\u015fa\u2019da ikinci bir ara\u00e7l\u0131 ge\u00e7i\u015f kap\u0131s\u0131n\u0131n a\u00e7\u0131lmas\u0131n\u0131n \u015fart oldu\u011funu s\u00f6yleyerek, Haspolat kap\u0131s\u0131n\u0131n a\u00e7\u0131lmas\u0131n\u0131 \u00f6nermi\u015fti. Haspolat kap\u0131s\u0131n\u0131n a\u00e7\u0131lmas\u0131yla ara\u00e7l\u0131 ge\u00e7i\u015flerde rahatlama sa\u011flanmas\u0131, ayn\u0131 zamanda iki taraf aras\u0131nda ye\u015fil hat t\u00fcz\u00fc\u011f\u00fc kapsam\u0131nda ger\u00e7ekle\u015ftirilen ticaretin hacminin artt\u0131r\u0131lmas\u0131 hedefleniyor.<\/p>\n<p>Tatar, T\u00fcrkiye D\u0131\u015fi\u015fleri Bakan\u0131 Hakan Fidan\u2019la yapt\u0131klar\u0131 ortak bas\u0131n toplant\u0131s\u0131nda Rum lidere bu konuda yeniden \u00e7a\u011fr\u0131da bulunmu\u015f, Haspolat kap\u0131s\u0131na bir kar\u015f\u0131l\u0131k istiyorsa bir an \u00f6nce bir ge\u00e7i\u015f kap\u0131s\u0131 \u00f6nerisi yapmas\u0131n\u0131 istemi\u015fti. Rum taraf\u0131 ise Haspolat kap\u0131s\u0131na kar\u015f\u0131l\u0131k, ba\u015fka bir ge\u00e7i\u015f kap\u0131s\u0131 de\u011fil yatay ve g\u00fcneyden g\u00fcneye olacak \u015fekilde transit ge\u00e7i\u015fler talep ediyor.<\/p>\n<\/p><\/div>\n<p><script async\n                    defer\n                    crossorigin=\"anonymous\"\n                    src=\"https:\/\/connect.facebook.net\/tr_TR\/sdk.js#xfbml=1&#038;version=v3.3\"\n            ><\/script><\/p>\n","protected":false},"excerpt":{"rendered":"<p>Cumhurba\u015fkan\u0131 Ersin Tatar, Rum Lider Nikos Hristodulidis ile yar\u0131n bir araya gelecek. G\u00f6r\u00fc\u015fme saat 10.30\u2019da Birle\u015fmi\u015f Milletler (BM) Genel Sekreteri\u2019nin K\u0131br\u0131s \u00d6zel Temsilcisi ve K\u0131br\u0131s\u2019taki Birle\u015fmi\u015f Milletler Bar\u0131\u015f G\u00fcc\u00fc (UNFICYP) Misyon \u015eefi Colin Stewart\u2019\u0131n ara b\u00f6lgede bulunan ikametgah\u0131nda ger\u00e7ekle\u015fecek. G\u00f6r\u00fc\u015fmede, iki lider yeni ge\u00e7i\u015f kap\u0131lar\u0131n\u0131n a\u00e7\u0131labilmesine y\u00f6nelik isti\u015farelerde bulunacak. Cumhurba\u015fkan\u0131 Tatar daha \u00f6nce, Metehan\u2019da ya\u015fanan<\/p>\n","protected":false},"author":1,"featured_media":73898,"comment_status":"open","ping_status":"open","sticky":false,"template":"","format":"standard","meta":{"footnotes":""},"categories":[81,101],"tags":[],"class_list":["post-73897","post","type-post","status-publish","format-standard","has-post-thumbnail","hentry","category-kibris","category-manset"],"yoast_head":"<!-- This site is optimized with the Yoast SEO plugin v27.5 - https:\/\/yoast.com\/product\/yoast-seo-wordpress\/ -->\n<title>Tatar ve Hristodulidis yar\u0131n Stewart\u2019\u0131n ara b\u00f6lgedeki ikametgah\u0131nda bir araya gelecek -<\/title>\n<meta name=\"robots\" content=\"index, follow, max-snippet:-1, max-image-preview:large, max-video-preview:-1\" \/>\n<link rel=\"canonical\" href=\"https:\/\/kibrisdakik.com\/?p=73897\" \/>\n<meta property=\"og:locale\" content=\"tr_TR\" \/>\n<meta property=\"og:type\" content=\"article\" \/>\n<meta property=\"og:title\" content=\"Tatar ve Hristodulidis yar\u0131n Stewart\u2019\u0131n ara b\u00f6lgedeki ikametgah\u0131nda bir araya gelecek -\" \/>\n<meta property=\"og:description\" content=\"Cumhurba\u015fkan\u0131 Ersin Tatar, Rum Lider Nikos Hristodulidis ile yar\u0131n bir araya gelecek. G\u00f6r\u00fc\u015fme saat 10.30\u2019da Birle\u015fmi\u015f Milletler (BM) Genel Sekreteri\u2019nin K\u0131br\u0131s \u00d6zel Temsilcisi ve K\u0131br\u0131s\u2019taki Birle\u015fmi\u015f Milletler Bar\u0131\u015f G\u00fcc\u00fc (UNFICYP) Misyon \u015eefi Colin Stewart\u2019\u0131n ara b\u00f6lgede bulunan ikametgah\u0131nda ger\u00e7ekle\u015fecek. G\u00f6r\u00fc\u015fmede, iki lider yeni ge\u00e7i\u015f kap\u0131lar\u0131n\u0131n a\u00e7\u0131labilmesine y\u00f6nelik isti\u015farelerde bulunacak. Cumhurba\u015fkan\u0131 Tatar daha \u00f6nce, Metehan\u2019da ya\u015fanan\" \/>\n<meta property=\"og:url\" content=\"https:\/\/kibrisdakik.com\/?p=73897\" \/>\n<meta property=\"article:published_time\" content=\"2025-01-19T16:29:14+00:00\" \/>\n<meta property=\"og:image\" content=\"https:\/\/kibrisdakik.com\/wp-content\/uploads\/2025\/01\/17372867577111736492714217tatar-hristo-740x420.jpg\" \/>\n\t<meta property=\"og:image:width\" content=\"1600\" \/>\n\t<meta property=\"og:image:height\" content=\"1066\" \/>\n\t<meta property=\"og:image:type\" content=\"image\/jpeg\" \/>\n<meta name=\"author\" content=\"admin\" \/>\n<meta name=\"twitter:card\" content=\"summary_large_image\" \/>\n<meta name=\"twitter:label1\" content=\"Yazan:\" \/>\n\t<meta name=\"twitter:data1\" content=\"admin\" \/>\n\t<meta name=\"twitter:label2\" content=\"Tahmini okuma s\u00fcresi\" \/>\n\t<meta name=\"twitter:data2\" content=\"1 dakika\" \/>\n<script type=\"application\/ld+json\" class=\"yoast-schema-graph\">{\"@context\":\"https:\\\/\\\/schema.org\",\"@graph\":[{\"@type\":\"Article\",\"@id\":\"https:\\\/\\\/kibrisdakik.com\\\/?p=73897#article\",\"isPartOf\":{\"@id\":\"https:\\\/\\\/kibrisdakik.com\\\/?p=73897\"},\"author\":{\"name\":\"admin\",\"@id\":\"https:\\\/\\\/kibrisdakik.com\\\/#\\\/schema\\\/person\\\/9cd9d437bbb44f72b73ba127e06d8e79\"},\"headline\":\"Tatar ve Hristodulidis yar\u0131n Stewart\u2019\u0131n ara b\u00f6lgedeki ikametgah\u0131nda bir araya gelecek\",\"datePublished\":\"2025-01-19T16:29:14+00:00\",\"mainEntityOfPage\":{\"@id\":\"https:\\\/\\\/kibrisdakik.com\\\/?p=73897\"},\"wordCount\":257,\"commentCount\":0,\"image\":{\"@id\":\"https:\\\/\\\/kibrisdakik.com\\\/?p=73897#primaryimage\"},\"thumbnailUrl\":\"https:\\\/\\\/kibrisdakik.com\\\/wp-content\\\/uploads\\\/2025\\\/01\\\/17372867577111736492714217tatar-hristo-740x420.jpg\",\"articleSection\":[\"K\u0131br\u0131s\",\"Man\u015fet\"],\"inLanguage\":\"tr\",\"potentialAction\":[{\"@type\":\"CommentAction\",\"name\":\"Comment\",\"target\":[\"https:\\\/\\\/kibrisdakik.com\\\/?p=73897#respond\"]}]},{\"@type\":\"WebPage\",\"@id\":\"https:\\\/\\\/kibrisdakik.com\\\/?p=73897\",\"url\":\"https:\\\/\\\/kibrisdakik.com\\\/?p=73897\",\"name\":\"Tatar ve Hristodulidis yar\u0131n Stewart\u2019\u0131n ara b\u00f6lgedeki ikametgah\u0131nda bir araya gelecek -\",\"isPartOf\":{\"@id\":\"https:\\\/\\\/kibrisdakik.com\\\/#website\"},\"primaryImageOfPage\":{\"@id\":\"https:\\\/\\\/kibrisdakik.com\\\/?p=73897#primaryimage\"},\"image\":{\"@id\":\"https:\\\/\\\/kibrisdakik.com\\\/?p=73897#primaryimage\"},\"thumbnailUrl\":\"https:\\\/\\\/kibrisdakik.com\\\/wp-content\\\/uploads\\\/2025\\\/01\\\/17372867577111736492714217tatar-hristo-740x420.jpg\",\"datePublished\":\"2025-01-19T16:29:14+00:00\",\"author\":{\"@id\":\"https:\\\/\\\/kibrisdakik.com\\\/#\\\/schema\\\/person\\\/9cd9d437bbb44f72b73ba127e06d8e79\"},\"breadcrumb\":{\"@id\":\"https:\\\/\\\/kibrisdakik.com\\\/?p=73897#breadcrumb\"},\"inLanguage\":\"tr\",\"potentialAction\":[{\"@type\":\"ReadAction\",\"target\":[\"https:\\\/\\\/kibrisdakik.com\\\/?p=73897\"]}]},{\"@type\":\"ImageObject\",\"inLanguage\":\"tr\",\"@id\":\"https:\\\/\\\/kibrisdakik.com\\\/?p=73897#primaryimage\",\"url\":\"https:\\\/\\\/kibrisdakik.com\\\/wp-content\\\/uploads\\\/2025\\\/01\\\/17372867577111736492714217tatar-hristo-740x420.jpg\",\"contentUrl\":\"https:\\\/\\\/kibrisdakik.com\\\/wp-content\\\/uploads\\\/2025\\\/01\\\/17372867577111736492714217tatar-hristo-740x420.jpg\",\"width\":1600,\"height\":1066},{\"@type\":\"BreadcrumbList\",\"@id\":\"https:\\\/\\\/kibrisdakik.com\\\/?p=73897#breadcrumb\",\"itemListElement\":[{\"@type\":\"ListItem\",\"position\":1,\"name\":\"Home\",\"item\":\"https:\\\/\\\/kibrisdakik.com\\\/\"},{\"@type\":\"ListItem\",\"position\":2,\"name\":\"Tatar ve Hristodulidis yar\u0131n Stewart\u2019\u0131n ara b\u00f6lgedeki ikametgah\u0131nda bir araya gelecek\"}]},{\"@type\":\"WebSite\",\"@id\":\"https:\\\/\\\/kibrisdakik.com\\\/#website\",\"url\":\"https:\\\/\\\/kibrisdakik.com\\\/\",\"name\":\"\",\"description\":\"Tam vaktinde haber\",\"potentialAction\":[{\"@type\":\"SearchAction\",\"target\":{\"@type\":\"EntryPoint\",\"urlTemplate\":\"https:\\\/\\\/kibrisdakik.com\\\/?s={search_term_string}\"},\"query-input\":{\"@type\":\"PropertyValueSpecification\",\"valueRequired\":true,\"valueName\":\"search_term_string\"}}],\"inLanguage\":\"tr\"},{\"@type\":\"Person\",\"@id\":\"https:\\\/\\\/kibrisdakik.com\\\/#\\\/schema\\\/person\\\/9cd9d437bbb44f72b73ba127e06d8e79\",\"name\":\"admin\",\"image\":{\"@type\":\"ImageObject\",\"inLanguage\":\"tr\",\"@id\":\"https:\\\/\\\/secure.gravatar.com\\\/avatar\\\/ccc17943b9d660506c869530f897617f7cb1c21a4bf30023f252596d83e1f007?s=96&d=mm&r=g\",\"url\":\"https:\\\/\\\/secure.gravatar.com\\\/avatar\\\/ccc17943b9d660506c869530f897617f7cb1c21a4bf30023f252596d83e1f007?s=96&d=mm&r=g\",\"contentUrl\":\"https:\\\/\\\/secure.gravatar.com\\\/avatar\\\/ccc17943b9d660506c869530f897617f7cb1c21a4bf30023f252596d83e1f007?s=96&d=mm&r=g\",\"caption\":\"admin\"},\"sameAs\":[\"https:\\\/\\\/kibrisdakik.com\"],\"url\":\"https:\\\/\\\/kibrisdakik.com\\\/?author=1\"}]}<\/script>\n<!-- \/ Yoast SEO plugin. -->","yoast_head_json":{"title":"Tatar ve Hristodulidis yar\u0131n Stewart\u2019\u0131n ara b\u00f6lgedeki ikametgah\u0131nda bir araya gelecek -","robots":{"index":"index","follow":"follow","max-snippet":"max-snippet:-1","max-image-preview":"max-image-preview:large","max-video-preview":"max-video-preview:-1"},"canonical":"https:\/\/kibrisdakik.com\/?p=73897","og_locale":"tr_TR","og_type":"article","og_title":"Tatar ve Hristodulidis yar\u0131n Stewart\u2019\u0131n ara b\u00f6lgedeki ikametgah\u0131nda bir araya gelecek -","og_description":"Cumhurba\u015fkan\u0131 Ersin Tatar, Rum Lider Nikos Hristodulidis ile yar\u0131n bir araya gelecek. G\u00f6r\u00fc\u015fme saat 10.30\u2019da Birle\u015fmi\u015f Milletler (BM) Genel Sekreteri\u2019nin K\u0131br\u0131s \u00d6zel Temsilcisi ve K\u0131br\u0131s\u2019taki Birle\u015fmi\u015f Milletler Bar\u0131\u015f G\u00fcc\u00fc (UNFICYP) Misyon \u015eefi Colin Stewart\u2019\u0131n ara b\u00f6lgede bulunan ikametgah\u0131nda ger\u00e7ekle\u015fecek. G\u00f6r\u00fc\u015fmede, iki lider yeni ge\u00e7i\u015f kap\u0131lar\u0131n\u0131n a\u00e7\u0131labilmesine y\u00f6nelik isti\u015farelerde bulunacak. Cumhurba\u015fkan\u0131 Tatar daha \u00f6nce, Metehan\u2019da ya\u015fanan","og_url":"https:\/\/kibrisdakik.com\/?p=73897","article_published_time":"2025-01-19T16:29:14+00:00","og_image":[{"width":1600,"height":1066,"url":"https:\/\/kibrisdakik.com\/wp-content\/uploads\/2025\/01\/17372867577111736492714217tatar-hristo-740x420.jpg","type":"image\/jpeg"}],"author":"admin","twitter_card":"summary_large_image","twitter_misc":{"Yazan:":"admin","Tahmini okuma s\u00fcresi":"1 dakika"},"schema":{"@context":"https:\/\/schema.org","@graph":[{"@type":"Article","@id":"https:\/\/kibrisdakik.com\/?p=73897#article","isPartOf":{"@id":"https:\/\/kibrisdakik.com\/?p=73897"},"author":{"name":"admin","@id":"https:\/\/kibrisdakik.com\/#\/schema\/person\/9cd9d437bbb44f72b73ba127e06d8e79"},"headline":"Tatar ve Hristodulidis yar\u0131n Stewart\u2019\u0131n ara b\u00f6lgedeki ikametgah\u0131nda bir araya gelecek","datePublished":"2025-01-19T16:29:14+00:00","mainEntityOfPage":{"@id":"https:\/\/kibrisdakik.com\/?p=73897"},"wordCount":257,"commentCount":0,"image":{"@id":"https:\/\/kibrisdakik.com\/?p=73897#primaryimage"},"thumbnailUrl":"https:\/\/kibrisdakik.com\/wp-content\/uploads\/2025\/01\/17372867577111736492714217tatar-hristo-740x420.jpg","articleSection":["K\u0131br\u0131s","Man\u015fet"],"inLanguage":"tr","potentialAction":[{"@type":"CommentAction","name":"Comment","target":["https:\/\/kibrisdakik.com\/?p=73897#respond"]}]},{"@type":"WebPage","@id":"https:\/\/kibrisdakik.com\/?p=73897","url":"https:\/\/kibrisdakik.com\/?p=73897","name":"Tatar ve Hristodulidis yar\u0131n Stewart\u2019\u0131n ara b\u00f6lgedeki ikametgah\u0131nda bir araya gelecek -","isPartOf":{"@id":"https:\/\/kibrisdakik.com\/#website"},"primaryImageOfPage":{"@id":"https:\/\/kibrisdakik.com\/?p=73897#primaryimage"},"image":{"@id":"https:\/\/kibrisdakik.com\/?p=73897#primaryimage"},"thumbnailUrl":"https:\/\/kibrisdakik.com\/wp-content\/uploads\/2025\/01\/17372867577111736492714217tatar-hristo-740x420.jpg","datePublished":"2025-01-19T16:29:14+00:00","author":{"@id":"https:\/\/kibrisdakik.com\/#\/schema\/person\/9cd9d437bbb44f72b73ba127e06d8e79"},"breadcrumb":{"@id":"https:\/\/kibrisdakik.com\/?p=73897#breadcrumb"},"inLanguage":"tr","potentialAction":[{"@type":"ReadAction","target":["https:\/\/kibrisdakik.com\/?p=73897"]}]},{"@type":"ImageObject","inLanguage":"tr","@id":"https:\/\/kibrisdakik.com\/?p=73897#primaryimage","url":"https:\/\/kibrisdakik.com\/wp-content\/uploads\/2025\/01\/17372867577111736492714217tatar-hristo-740x420.jpg","contentUrl":"https:\/\/kibrisdakik.com\/wp-content\/uploads\/2025\/01\/17372867577111736492714217tatar-hristo-740x420.jpg","width":1600,"height":1066},{"@type":"BreadcrumbList","@id":"https:\/\/kibrisdakik.com\/?p=73897#breadcrumb","itemListElement":[{"@type":"ListItem","position":1,"name":"Home","item":"https:\/\/kibrisdakik.com\/"},{"@type":"ListItem","position":2,"name":"Tatar ve Hristodulidis yar\u0131n Stewart\u2019\u0131n ara b\u00f6lgedeki ikametgah\u0131nda bir araya gelecek"}]},{"@type":"WebSite","@id":"https:\/\/kibrisdakik.com\/#website","url":"https:\/\/kibrisdakik.com\/","name":"","description":"Tam vaktinde haber","potentialAction":[{"@type":"SearchAction","target":{"@type":"EntryPoint","urlTemplate":"https:\/\/kibrisdakik.com\/?s={search_term_string}"},"query-input":{"@type":"PropertyValueSpecification","valueRequired":true,"valueName":"search_term_string"}}],"inLanguage":"tr"},{"@type":"Person","@id":"https:\/\/kibrisdakik.com\/#\/schema\/person\/9cd9d437bbb44f72b73ba127e06d8e79","name":"admin","image":{"@type":"ImageObject","inLanguage":"tr","@id":"https:\/\/secure.gravatar.com\/avatar\/ccc17943b9d660506c869530f897617f7cb1c21a4bf30023f252596d83e1f007?s=96&d=mm&r=g","url":"https:\/\/secure.gravatar.com\/avatar\/ccc17943b9d660506c869530f897617f7cb1c21a4bf30023f252596d83e1f007?s=96&d=mm&r=g","contentUrl":"https:\/\/secure.gravatar.com\/avatar\/ccc17943b9d660506c869530f897617f7cb1c21a4bf30023f252596d83e1f007?s=96&d=mm&r=g","caption":"admin"},"sameAs":["https:\/\/kibrisdakik.com"],"url":"https:\/\/kibrisdakik.com\/?author=1"}]}},"_links":{"self":[{"href":"https:\/\/kibrisdakik.com\/index.php?rest_route=\/wp\/v2\/posts\/73897","targetHints":{"allow":["GET"]}}],"collection":[{"href":"https:\/\/kibrisdakik.com\/index.php?rest_route=\/wp\/v2\/posts"}],"about":[{"href":"https:\/\/kibrisdakik.com\/index.php?rest_route=\/wp\/v2\/types\/post"}],"author":[{"embeddable":true,"href":"https:\/\/kibrisdakik.com\/index.php?rest_route=\/wp\/v2\/users\/1"}],"replies":[{"embeddable":true,"href":"https:\/\/kibrisdakik.com\/index.php?rest_route=%2Fwp%2Fv2%2Fcomments&post=73897"}],"version-history":[{"count":0,"href":"https:\/\/kibrisdakik.com\/index.php?rest_route=\/wp\/v2\/posts\/73897\/revisions"}],"wp:featuredmedia":[{"embeddable":true,"href":"https:\/\/kibrisdakik.com\/index.php?rest_route=\/wp\/v2\/media\/73898"}],"wp:attachment":[{"href":"https:\/\/kibrisdakik.com\/index.php?rest_route=%2Fwp%2Fv2%2Fmedia&parent=73897"}],"wp:term":[{"taxonomy":"category","embeddable":true,"href":"https:\/\/kibrisdakik.com\/index.php?rest_route=%2Fwp%2Fv2%2Fcategories&post=73897"},{"taxonomy":"post_tag","embeddable":true,"href":"https:\/\/kibrisdakik.com\/index.php?rest_route=%2Fwp%2Fv2%2Ftags&post=73897"}],"curies":[{"name":"wp","href":"https:\/\/api.w.org\/{rel}","templated":true}]}}